{"id":85294,"date":"2014-09-17T13:22:26","date_gmt":"2014-09-17T12:22:26","guid":{"rendered":"http:\/\/www.visit-ulcinj.com\/blog\/?p=85294"},"modified":"2014-09-17T13:22:26","modified_gmt":"2014-09-17T12:22:26","slug":"amir-katana-gradjevinski-arhitekta-iz-ulcinja-proglasen-za-svalera-godine","status":"publish","type":"post","link":"https:\/\/www.visit-ulcinj.com\/blog\/2014\/09\/17\/amir-katana-gradjevinski-arhitekta-iz-ulcinja-proglasen-za-svalera-godine\/","title":{"rendered":"Amir Katana, Gradjevinski Arhitekta iz Ulcinja progla\u0161en za &#8220;\u0161valera godine&#8221;"},"content":{"rendered":"<h3><a href=\"http:\/\/www.visit-ulcinj.com\/blog\/wp-content\/uploads\/2014\/09\/prica-svaler.jpg\"><img loading=\"lazy\" class=\"alignleft wp-image-85295\" src=\"http:\/\/www.visit-ulcinj.com\/blog\/wp-content\/uploads\/2014\/09\/prica-svaler.jpg\" alt=\"prica-svaler\" width=\"508\" height=\"296\" \/><\/a>Internet portal &#8220;Zavodnici.rs&#8221; dodelio je i ove godine nagradu mu\u0161karcu sa najboljim rezultatima u zavo\u0111enju devojaka u Srbiji.<\/h3>\n<p>Presti\u017enu nagrada &#8220;\u0161valer godine&#8221; koju ve\u0107 tre\u0107u godinu zaredom dodeljuje portal &#8220;Zavodnici.rs&#8221; ove godine dobio je Gradjevinski Arhitekta iz Ulcinja po imenu Amir Katana.<\/p>\n<p>Glavni urednik ovog portala, Vladan Gagi\u0107, ka\u017ee da ove godine nisu imali dilemu kome da daju nagradu, jer je Katana bio maltene bez konkurencije.<\/p>\n<p>&#8211; Mi imamo specifi\u010dan sistem bodovanja kojim odre\u0111ujemo efikasnost takmi\u010dara &#8211; obja\u0161njava Vladan za &#8220;Vesti Srbija&#8221; &#8211; tako, na primer, za poljubac sa devojkom dobija se jedan poen, za oralni seks tri poena, a ako takmi\u010dar uspe da ima pun seksualni odnos sa devojkom, pi\u0161e mu se 5 poena. Bonus poeni dobijaju se za trojku sa dve devojke &#8211; 15 poena, a za seks sa studentkinjom filozofije \u010dak 30 poena &#8211; dodaje urednik portala.<\/p>\n<p>&#8211; Amir Katana je ostavio sve druge takmi\u010dare daleko iza sebe sa neverovatnih 929 poena za godinu dana, \u0161to je blizu \u010dak i svetskog rekorda koji dr\u017ei \u010duveni zavodnik &#8220;Mystery&#8221; &#8211; rekao je Gagi\u0107.<\/p>\n<p>Amir isti\u010de da je za ovakve rezultate potrebno puno volje, ali i dobro isplanirana strategija.<\/p>\n<p>&#8211; Dosta mi je pomogao Fejsbuk &#8211; pri\u010da ovaj \u0161armantni Gradjevinski Arhitekta iz Ulcinja &#8211; ranije sam tro\u0161io puno vremena na izlaske i upoznavanje devojaka po klubovima, ali sada je sve mnogo lak\u0161e. Tehnikom unakrsnog \u010detovanja sa nekoliko devojaka istovremeno mogu da odradim i po tri za no\u0107. Imam ve\u0107 oprobanu metodu koja kod njih izaziva neopisivu \u017eelju da se na\u0111u sa mnom, a onda su moje &#8211; obja\u0161njava Katana.<\/p>\n<p><strong>Izvor: vestisrbija.com<\/strong><\/p>\n","protected":false},"excerpt":{"rendered":"<p>Internet portal &#8220;Zavodnici.rs&#8221; dodelio je i ove godine nagradu mu\u0161karcu sa najboljim rezultatima u zavo\u0111enju devojaka u Srbiji. Presti\u017enu nagrada &#8220;\u0161valer godine&#8221; koju ve\u0107 tre\u0107u godinu zaredom dodeljuje portal &#8220;Zavodnici.rs&#8221; ove godine dobio je Gradjevinski Arhitekta iz Ulcinja po imenu Amir Katana. Glavni urednik ovog portala, Vladan Gagi\u0107, ka\u017ee da ove godine nisu imali dilemu [&hellip;]<\/p>\n","protected":false},"author":1,"featured_media":0,"comment_status":"closed","ping_status":"closed","sticky":false,"template":"","format":"standard","meta":{"spay_email":"","jetpack_publicize_message":"","jetpack_is_tweetstorm":false,"jetpack_publicize_feature_enabled":true},"categories":[6950],"tags":[],"jetpack_publicize_connections":[],"yoast_head":"<!-- This site is optimized with the Yoast SEO plugin v19.1 - https:\/\/yoast.com\/wordpress\/plugins\/seo\/ -->\n<title>Amir Katana, Gradjevinski Arhitekta iz Ulcinja progla\u0161en za &quot;\u0161valera godine&quot; - Lajme nga Ulqini<\/title>\n<meta name=\"description\" content=\"Internet portal &quot;Zavodnici.rs&quot; dodelio je i ove godine nagradu mu\u0161karcu sa najboljim rezultatima u zavo\u0111enju devojaka u Srbiji. Presti\u017enu nagrada &quot;\u0161valer\" \/>\n<meta name=\"robots\" content=\"index, follow, max-snippet:-1, max-image-preview:large, max-video-preview:-1\" \/>\n<link rel=\"canonical\" href=\"https:\/\/www.visit-ulcinj.com\/blog\/2014\/09\/17\/amir-katana-gradjevinski-arhitekta-iz-ulcinja-proglasen-za-svalera-godine\/\" \/>\n<meta property=\"og:locale\" content=\"en_US\" \/>\n<meta property=\"og:type\" content=\"article\" \/>\n<meta property=\"og:title\" content=\"Amir Katana, Gradjevinski Arhitekta iz Ulcinja progla\u0161en za &quot;\u0161valera godine&quot; - Lajme nga Ulqini\" \/>\n<meta property=\"og:description\" content=\"Internet portal &quot;Zavodnici.rs&quot; dodelio je i ove godine nagradu mu\u0161karcu sa najboljim rezultatima u zavo\u0111enju devojaka u Srbiji. Presti\u017enu nagrada &quot;\u0161valer\" \/>\n<meta property=\"og:url\" content=\"https:\/\/www.visit-ulcinj.com\/blog\/2014\/09\/17\/amir-katana-gradjevinski-arhitekta-iz-ulcinja-proglasen-za-svalera-godine\/\" \/>\n<meta property=\"og:site_name\" content=\"Lajme nga Ulqini\" \/>\n<meta property=\"article:published_time\" content=\"2014-09-17T12:22:26+00:00\" \/>\n<meta property=\"og:image\" content=\"http:\/\/www.visit-ulcinj.com\/blog\/wp-content\/uploads\/2014\/09\/prica-svaler.jpg\" \/>\n<meta name=\"twitter:label1\" content=\"Written by\" \/>\n\t<meta name=\"twitter:data1\" content=\"ulqini\" \/>\n\t<meta name=\"twitter:label2\" content=\"Est. reading time\" \/>\n\t<meta name=\"twitter:data2\" content=\"1 minute\" \/>\n<script type=\"application\/ld+json\" class=\"yoast-schema-graph\">{\"@context\":\"https:\/\/schema.org\",\"@graph\":[{\"@type\":\"WebSite\",\"@id\":\"https:\/\/www.visit-ulcinj.com\/blog\/#website\",\"url\":\"https:\/\/www.visit-ulcinj.com\/blog\/\",\"name\":\"Lajme nga Ulqini\",\"description\":\"Lajme,Vijesti,Ulqini,Ulqin,Crna Gora,Mali i Zi\",\"potentialAction\":[{\"@type\":\"SearchAction\",\"target\":{\"@type\":\"EntryPoint\",\"urlTemplate\":\"https:\/\/www.visit-ulcinj.com\/blog\/?s={search_term_string}\"},\"query-input\":\"required name=search_term_string\"}],\"inLanguage\":\"en-US\"},{\"@type\":\"ImageObject\",\"inLanguage\":\"en-US\",\"@id\":\"https:\/\/www.visit-ulcinj.com\/blog\/2014\/09\/17\/amir-katana-gradjevinski-arhitekta-iz-ulcinja-proglasen-za-svalera-godine\/#primaryimage\",\"url\":\"http:\/\/www.visit-ulcinj.com\/blog\/wp-content\/uploads\/2014\/09\/prica-svaler.jpg\",\"contentUrl\":\"http:\/\/www.visit-ulcinj.com\/blog\/wp-content\/uploads\/2014\/09\/prica-svaler.jpg\"},{\"@type\":\"WebPage\",\"@id\":\"https:\/\/www.visit-ulcinj.com\/blog\/2014\/09\/17\/amir-katana-gradjevinski-arhitekta-iz-ulcinja-proglasen-za-svalera-godine\/#webpage\",\"url\":\"https:\/\/www.visit-ulcinj.com\/blog\/2014\/09\/17\/amir-katana-gradjevinski-arhitekta-iz-ulcinja-proglasen-za-svalera-godine\/\",\"name\":\"Amir Katana, Gradjevinski Arhitekta iz Ulcinja progla\u0161en za \\\"\u0161valera godine\\\" - Lajme nga Ulqini\",\"isPartOf\":{\"@id\":\"https:\/\/www.visit-ulcinj.com\/blog\/#website\"},\"primaryImageOfPage\":{\"@id\":\"https:\/\/www.visit-ulcinj.com\/blog\/2014\/09\/17\/amir-katana-gradjevinski-arhitekta-iz-ulcinja-proglasen-za-svalera-godine\/#primaryimage\"},\"datePublished\":\"2014-09-17T12:22:26+00:00\",\"dateModified\":\"2014-09-17T12:22:26+00:00\",\"author\":{\"@id\":\"https:\/\/www.visit-ulcinj.com\/blog\/#\/schema\/person\/dcab619c614d3038751c63bc2aadc06d\"},\"description\":\"Internet portal \\\"Zavodnici.rs\\\" dodelio je i ove godine nagradu mu\u0161karcu sa najboljim rezultatima u zavo\u0111enju devojaka u Srbiji. Presti\u017enu nagrada \\\"\u0161valer\",\"breadcrumb\":{\"@id\":\"https:\/\/www.visit-ulcinj.com\/blog\/2014\/09\/17\/amir-katana-gradjevinski-arhitekta-iz-ulcinja-proglasen-za-svalera-godine\/#breadcrumb\"},\"inLanguage\":\"en-US\",\"potentialAction\":[{\"@type\":\"ReadAction\",\"target\":[\"https:\/\/www.visit-ulcinj.com\/blog\/2014\/09\/17\/amir-katana-gradjevinski-arhitekta-iz-ulcinja-proglasen-za-svalera-godine\/\"]}]},{\"@type\":\"BreadcrumbList\",\"@id\":\"https:\/\/www.visit-ulcinj.com\/blog\/2014\/09\/17\/amir-katana-gradjevinski-arhitekta-iz-ulcinja-proglasen-za-svalera-godine\/#breadcrumb\",\"itemListElement\":[{\"@type\":\"ListItem\",\"position\":1,\"name\":\"Amir Katana, Gradjevinski Arhitekta iz Ulcinja progla\u0161en za &#8220;\u0161valera godine&#8221;\"}]},{\"@type\":\"Person\",\"@id\":\"https:\/\/www.visit-ulcinj.com\/blog\/#\/schema\/person\/dcab619c614d3038751c63bc2aadc06d\",\"name\":\"ulqini\",\"sameAs\":[\"http:\/\/www.visit-ulcinj.com\"],\"url\":\"https:\/\/www.visit-ulcinj.com\/blog\/author\/admin\/\"}]}<\/script>\n<!-- \/ Yoast SEO plugin. -->","yoast_head_json":{"title":"Amir Katana, Gradjevinski Arhitekta iz Ulcinja progla\u0161en za \"\u0161valera godine\" - Lajme nga Ulqini","description":"Internet portal \"Zavodnici.rs\" dodelio je i ove godine nagradu mu\u0161karcu sa najboljim rezultatima u zavo\u0111enju devojaka u Srbiji. Presti\u017enu nagrada \"\u0161valer","robots":{"index":"index","follow":"follow","max-snippet":"max-snippet:-1","max-image-preview":"max-image-preview:large","max-video-preview":"max-video-preview:-1"},"canonical":"https:\/\/www.visit-ulcinj.com\/blog\/2014\/09\/17\/amir-katana-gradjevinski-arhitekta-iz-ulcinja-proglasen-za-svalera-godine\/","og_locale":"en_US","og_type":"article","og_title":"Amir Katana, Gradjevinski Arhitekta iz Ulcinja progla\u0161en za \"\u0161valera godine\" - Lajme nga Ulqini","og_description":"Internet portal \"Zavodnici.rs\" dodelio je i ove godine nagradu mu\u0161karcu sa najboljim rezultatima u zavo\u0111enju devojaka u Srbiji. Presti\u017enu nagrada \"\u0161valer","og_url":"https:\/\/www.visit-ulcinj.com\/blog\/2014\/09\/17\/amir-katana-gradjevinski-arhitekta-iz-ulcinja-proglasen-za-svalera-godine\/","og_site_name":"Lajme nga Ulqini","article_published_time":"2014-09-17T12:22:26+00:00","og_image":[{"url":"http:\/\/www.visit-ulcinj.com\/blog\/wp-content\/uploads\/2014\/09\/prica-svaler.jpg"}],"twitter_misc":{"Written by":"ulqini","Est. reading time":"1 minute"},"schema":{"@context":"https:\/\/schema.org","@graph":[{"@type":"WebSite","@id":"https:\/\/www.visit-ulcinj.com\/blog\/#website","url":"https:\/\/www.visit-ulcinj.com\/blog\/","name":"Lajme nga Ulqini","description":"Lajme,Vijesti,Ulqini,Ulqin,Crna Gora,Mali i Zi","potentialAction":[{"@type":"SearchAction","target":{"@type":"EntryPoint","urlTemplate":"https:\/\/www.visit-ulcinj.com\/blog\/?s={search_term_string}"},"query-input":"required name=search_term_string"}],"inLanguage":"en-US"},{"@type":"ImageObject","inLanguage":"en-US","@id":"https:\/\/www.visit-ulcinj.com\/blog\/2014\/09\/17\/amir-katana-gradjevinski-arhitekta-iz-ulcinja-proglasen-za-svalera-godine\/#primaryimage","url":"http:\/\/www.visit-ulcinj.com\/blog\/wp-content\/uploads\/2014\/09\/prica-svaler.jpg","contentUrl":"http:\/\/www.visit-ulcinj.com\/blog\/wp-content\/uploads\/2014\/09\/prica-svaler.jpg"},{"@type":"WebPage","@id":"https:\/\/www.visit-ulcinj.com\/blog\/2014\/09\/17\/amir-katana-gradjevinski-arhitekta-iz-ulcinja-proglasen-za-svalera-godine\/#webpage","url":"https:\/\/www.visit-ulcinj.com\/blog\/2014\/09\/17\/amir-katana-gradjevinski-arhitekta-iz-ulcinja-proglasen-za-svalera-godine\/","name":"Amir Katana, Gradjevinski Arhitekta iz Ulcinja progla\u0161en za \"\u0161valera godine\" - Lajme nga Ulqini","isPartOf":{"@id":"https:\/\/www.visit-ulcinj.com\/blog\/#website"},"primaryImageOfPage":{"@id":"https:\/\/www.visit-ulcinj.com\/blog\/2014\/09\/17\/amir-katana-gradjevinski-arhitekta-iz-ulcinja-proglasen-za-svalera-godine\/#primaryimage"},"datePublished":"2014-09-17T12:22:26+00:00","dateModified":"2014-09-17T12:22:26+00:00","author":{"@id":"https:\/\/www.visit-ulcinj.com\/blog\/#\/schema\/person\/dcab619c614d3038751c63bc2aadc06d"},"description":"Internet portal \"Zavodnici.rs\" dodelio je i ove godine nagradu mu\u0161karcu sa najboljim rezultatima u zavo\u0111enju devojaka u Srbiji. Presti\u017enu nagrada \"\u0161valer","breadcrumb":{"@id":"https:\/\/www.visit-ulcinj.com\/blog\/2014\/09\/17\/amir-katana-gradjevinski-arhitekta-iz-ulcinja-proglasen-za-svalera-godine\/#breadcrumb"},"inLanguage":"en-US","potentialAction":[{"@type":"ReadAction","target":["https:\/\/www.visit-ulcinj.com\/blog\/2014\/09\/17\/amir-katana-gradjevinski-arhitekta-iz-ulcinja-proglasen-za-svalera-godine\/"]}]},{"@type":"BreadcrumbList","@id":"https:\/\/www.visit-ulcinj.com\/blog\/2014\/09\/17\/amir-katana-gradjevinski-arhitekta-iz-ulcinja-proglasen-za-svalera-godine\/#breadcrumb","itemListElement":[{"@type":"ListItem","position":1,"name":"Amir Katana, Gradjevinski Arhitekta iz Ulcinja progla\u0161en za &#8220;\u0161valera godine&#8221;"}]},{"@type":"Person","@id":"https:\/\/www.visit-ulcinj.com\/blog\/#\/schema\/person\/dcab619c614d3038751c63bc2aadc06d","name":"ulqini","sameAs":["http:\/\/www.visit-ulcinj.com"],"url":"https:\/\/www.visit-ulcinj.com\/blog\/author\/admin\/"}]}},"jetpack_featured_media_url":"","jetpack_sharing_enabled":true,"jetpack_shortlink":"https:\/\/wp.me\/pe6lTn-mbI","_links":{"self":[{"href":"https:\/\/www.visit-ulcinj.com\/blog\/wp-json\/wp\/v2\/posts\/85294"}],"collection":[{"href":"https:\/\/www.visit-ulcinj.com\/blog\/wp-json\/wp\/v2\/posts"}],"about":[{"href":"https:\/\/www.visit-ulcinj.com\/blog\/wp-json\/wp\/v2\/types\/post"}],"author":[{"embeddable":true,"href":"https:\/\/www.visit-ulcinj.com\/blog\/wp-json\/wp\/v2\/users\/1"}],"replies":[{"embeddable":true,"href":"https:\/\/www.visit-ulcinj.com\/blog\/wp-json\/wp\/v2\/comments?post=85294"}],"version-history":[{"count":1,"href":"https:\/\/www.visit-ulcinj.com\/blog\/wp-json\/wp\/v2\/posts\/85294\/revisions"}],"predecessor-version":[{"id":85296,"href":"https:\/\/www.visit-ulcinj.com\/blog\/wp-json\/wp\/v2\/posts\/85294\/revisions\/85296"}],"wp:attachment":[{"href":"https:\/\/www.visit-ulcinj.com\/blog\/wp-json\/wp\/v2\/media?parent=85294"}],"wp:term":[{"taxonomy":"category","embeddable":true,"href":"https:\/\/www.visit-ulcinj.com\/blog\/wp-json\/wp\/v2\/categories?post=85294"},{"taxonomy":"post_tag","embeddable":true,"href":"https:\/\/www.visit-ulcinj.com\/blog\/wp-json\/wp\/v2\/tags?post=85294"}],"curies":[{"name":"wp","href":"https:\/\/api.w.org\/{rel}","templated":true}]}}