{"id":85306,"date":"2014-09-18T15:38:34","date_gmt":"2014-09-18T14:38:34","guid":{"rendered":"http:\/\/www.visit-ulcinj.com\/blog\/?p=85306"},"modified":"2014-09-18T15:38:34","modified_gmt":"2014-09-18T14:38:34","slug":"dr-luke-gjokaj-njeri-integritet-moral-e-profesional","status":"publish","type":"post","link":"https:\/\/www.visit-ulcinj.com\/blog\/2014\/09\/18\/dr-luke-gjokaj-njeri-integritet-moral-e-profesional\/","title":{"rendered":"Dr.Luk\u00eb Gjokaj: Njeri    me integritet moral e profesional"},"content":{"rendered":"<p><strong><a href=\"http:\/\/www.visit-ulcinj.com\/blog\/wp-content\/uploads\/2014\/09\/Luk\u00eb-Gjokaj.jpg\"><img loading=\"lazy\" class=\"alignleft wp-image-85307\" src=\"http:\/\/www.visit-ulcinj.com\/blog\/wp-content\/uploads\/2014\/09\/Luk\u00eb-Gjokaj.jpg\" alt=\"Luk\u00eb Gjokaj\" width=\"300\" height=\"201\" \/><\/a>Homazh p\u00ebr dr.Luk\u00eb Gjokaj<\/strong><\/p>\n<p><strong>Gjek\u00eb Gjonaj<\/strong><\/p>\n<p>Doktor Luka, \u00a0bashk\u00ebvendasi dhe miku im i shtrenjt\u00eb, u nda pak dit\u00eb m\u00eb par\u00eb nga jeta n\u00eb Tuz. Iku n\u00eb amshim. K\u00ebshtu ndodhi. Papritur dhe pabesuesh\u00ebm.Kur mora lajmin e vdekjes s\u00eb mjekut t\u00eb dalluar, nuk e besova. Sepse nj\u00eb nat\u00eb para se dr.Luka ra n\u00eb gjendje kome, afro nj\u00eb gjysm\u00eb ore biseduam n\u00ebp\u00ebrmes telefonit\u00a0\u00a0 p\u00ebr shum\u00eb\u00e7ka si shok\u00eb t\u00eb sinqert\u00eb t\u00eb kahersh\u00ebm. Ashtu si\u00e7 flasin miqt\u00eb e shtrenjt\u00eb n\u00eb mes veti, si v\u00ebllez\u00ebr t\u00eb dashur t\u00eb nj\u00eb gjaku.\u00a0\u00a0 K\u00ebsaj here e thirra un\u00eb doktorin, tani t\u00eb ndjer\u00eb, edhe pse m\u00eb shpesh ai m\u00eb merrte mua n\u00eb telefon se sa un\u00eb at\u00eb.\u00a0\u00a0 Me k\u00ebt\u00eb rast e ftova t\u00eb kalojm\u00eb nj\u00eb dit\u00eb bashk\u00eb n\u00eb fshatin C\u00ebrkvina, jo larg Kollashinit, ku isha n\u00eb pushime verore me familje. I thash\u00eb eja t\u00eb shijojm\u00eb s\u00eb bashku arom\u00ebn e pyjeve dhe bim\u00ebve shum\u00ebvje\u00e7are n\u00eb Parkun Nacional \u201c Biogradska Gora\u201d. T\u00eb k\u00ebnaqemi n\u00eb flladin e\u00a0\u00a0 pishnajave . T\u00eb shuajm\u00eb etjen me ujin e fresk\u00ebt e t\u00eb kthjell\u00ebt t\u00eb bjeshk\u00ebve t\u00eb larta. T\u00eb ngopim barkun me kos e ka\u00e7imak\u00eb, si dikur na i p\u00ebrgatisnin n\u00ebnat tona, drit\u00eb pa\u00e7in, n\u00eb vendlindjen ton\u00eb t\u00eb p\u00ebrbashk\u00ebt &#8211; Triesh. \u201c Me gjith\u00eb qejf\u201d\u201d, m\u00eb tha doktori, duke m\u00eb njoftuar se at\u00eb dit\u00eb \u00ebsht\u00eb i ftuar n\u00eb nj\u00eb ceremoni festimi t\u00eb p\u00ebrbashk\u00ebt t\u00eb fisit Gjokaj, nga i cili nuk mund t\u00eb mungonte. Pas mbarimit t\u00eb bised\u00ebs telefonike mbeta me shpres\u00eb se do t\u00eb shihemi s\u00eb shpejti. N\u00ebse jo n\u00eb Kollashin, at\u00ebhere gj\u00ebth\u00ebsesi n\u00eb Tuz, n\u00eb kthim. U mashtrova. D\u00ebshira ime dhe e tij, nuk u realizua. N\u00eb vend t\u00eb vizit\u00ebs s\u00eb tij, un\u00eb heshtur, i pik\u00eblluar e i p\u00ebrlotur si shum\u00eb qytetar\u00eb t\u00eb tjer\u00eb t\u00eb Mal\u00ebsis\u00eb dhe m\u00eb gjer\u00eb, dit\u00ebn e ngush\u00ebllimit u p\u00ebrkula me pietet para arkivolit me kufom\u00ebn e\u00a0\u00a0 tij, para altarit n\u00eb Kish\u00ebn e Sh\u2019na Ndout n\u00eb Tuz, duke i dh\u00ebn\u00eb lamtumir\u00ebn e fundit k\u00ebtij njeriu e humanisti t\u00eb madh q\u00eb aq shum\u00eb m\u00eb deshti mua dhe familjen me zem\u00ebr, \u00e7ilt\u00ebr, pa hile e interes, dhe aq shum\u00eb e deshta dhe e desht\u00ebm sinqerisht.<\/p>\n<p>&nbsp;<\/p>\n<p><strong> Mjek i jasht\u00ebzakonsh\u00ebm <\/strong><\/p>\n<p><strong>\u00a0<\/strong><\/p>\n<p>Derisa i shkruaj k\u00ebto pak rreshta n\u00eb shenj\u00eb kujtimi e nderimi p\u00ebr k\u00ebt\u00eb mjek t\u00eb jasht\u00ebzakonsh\u00ebm ndjej dhembje nj\u00eb shpirt. Ndjehem i shqet\u00ebsuar. Besa edhe i trishtuar. Nuk p\u00ebrmbahem s\u00eb qari. Lot\u00ebt p\u00ebr nj\u00eb \u00e7ast m\u00eb nd\u00ebrprejn\u00eb shkrimin. Natyrsh\u00ebm, sigurisht. Sepse humb\u00ebm nj\u00eb burr\u00eb t\u00eb mir\u00eb. Nj\u00eb njeri t\u00eb madh. Nj\u00eb mjek model. Nj\u00eb shok e mik t\u00eb \u00e7muar.Nj\u00eb mal\u00ebsor t\u00eb ndersh\u00ebm. Nj\u00eb shqiptar t\u00eb v\u00ebrtet\u00eb e t\u00eb devotsh\u00ebm . Nj\u00eb humanist t\u00eb pashoq. Nj\u00eb iluminist. Nj\u00eb njeri t\u00eb pap\u00ebrtuar. Nj\u00eb pun\u00ebtor pa orar. Kurdoher\u00eb n\u00eb sh\u00ebrbim t\u00eb pacient\u00ebve pa dallim p\u00ebrkat\u00ebsie komb\u00ebtare a fetare , kudo ka punuar n\u00eb Kosov\u00eb e Mal t\u00eb Zi, Amerik\u00eb apo vende tjera t\u00eb cilat i ka vizituar, ashtu si\u00e7 ishte betuar n\u00eb fillimet e pun\u00ebs s\u00eb vet si mjek. \u00a0Me pun\u00ebn e tij humane b\u00ebri em\u00ebr si mjek i famsh\u00ebm, i cili sh\u00ebrbimet e veta mjek\u00ebsore m\u00eb shum\u00eb i b\u00ebnte falas. Nami i mir\u00eb i kaloi kufijt e Mal\u00ebsis\u00eb . U shtri n\u00eb rrafshin mbar\u00eb shqiptar\u00eb, dhe jo vet\u00ebm.\u00a0\u00a0 Mjeku Luk\u00eb Gjokaj ishte simbol i nj\u00eb profesionalizmi t\u00eb rrall\u00eb p\u00ebr realitetet e shoq\u00ebris\u00eb son\u00eb t\u00eb tridhjet\u00eb viteve t\u00eb fundit, ku p\u00ebr fat t\u00eb keq shum\u00eb vlera morale njer\u00ebzore jan\u00eb shnd\u00ebrruar n\u00eb kund\u00ebrvlera. Edhe n\u00eb nj\u00eb periudh\u00eb si kjo e tranzicionit arriti jo vet\u00ebm t\u00eb kultivoj por edhe t\u00eb ruaj autoritetin e duhur profesional dhe intelektual, duke q\u00ebndruar mbi k\u00ebt\u00eb koh\u00eb t\u00eb v\u00ebshtir\u00eb e stresuese p\u00ebr mendjen dhe shpirtin e njeriut. I till\u00eb ishte edhe jasht\u00eb profesionit, n\u00eb t\u00eb gjitha fushat e tjera t\u00eb jet\u00ebs n\u00eb t\u00eb cilat ai me pun\u00ebn e vet shum\u00ebvje\u00e7are ka dh\u00ebn\u00eb kontributin e tij t\u00eb \u00e7muar. Nga mjeku i jasht\u00ebzakonsh\u00ebm Luk\u00eb Gjokaj Mal\u00ebsia n\u00eb ve\u00e7anti dhe shoq\u00ebria shqiptare n\u00eb p\u00ebrgjith\u00ebsi, n\u00eb koh\u00ebn e nj\u00eb krize vlerash, trash\u00ebgoi objektivitetin dhe profesionalitetin, humanizmin dhe bamir\u00ebsin\u00eb, virtyte k\u00ebto t\u00eb q\u00ebndrueshme \u00a0t\u00eb civilizimit bot\u00ebror.<\/p>\n<p><strong>\u00a0<\/strong><\/p>\n<p><strong>Figur\u00eb kryesisht me tipare t\u00eb Mal\u00ebsis\u00eb <\/strong><\/p>\n<p>&nbsp;<\/p>\n<p>Cilido q\u00eb e ka njohur nga af\u00ebr dr.Luk\u00ebn besoj pajtohet me vler\u00ebsimin se ai ka qen\u00eb njeri kryesisht me tipare t\u00eb mal\u00ebsor\u00ebve, n\u00eb kuptimin m\u00eb t\u00eb mir\u00eb t\u00eb fjal\u00ebs. Un\u00eb tek kjo figur\u00eb shum\u00ebdimensionale kam v\u00ebn\u00eb re se ishte i brumosur me vlera t\u00eb larta njer\u00ebzore. N\u00eb gjykimin tim ishte njeri me integritet t\u00eb lart\u00eb moral. I hapur e i drejtp\u00ebrddrejt\u00eb. I v\u00ebmendsh\u00ebm p\u00ebr t\u00eb d\u00ebgjuar, por i gatsh\u00ebm p\u00ebr t\u00eb kund\u00ebrshtuar. I prirur nga mendimi ndryshe. Njeri i urt\u00eb. I ditur. Shum\u00eb i zgjuar. Spontan. I matur.I heshtur. Serioz. Shum\u00eb i qet\u00eb, nj\u00eb m\u00ebsim q\u00eb ma dha edhe mua. \u00a0I dashur. I ndersh\u00ebm. I ndjesh\u00ebm. I fjal\u00ebs. Besnik. Bamir\u00ebs. Mik\u00ebprit\u00ebs. Fjal\u00ebmb\u00ebl e fjal\u00ebpak. Fliste qet\u00eb, but\u00ebsisht me z\u00eb t\u00eb ul\u00ebt. Si natyr\u00eb njer\u00ebzore ishte mjaft romantik. E mbante dhe e kujdeste shum\u00eb veten nga pamja. Gjithmon\u00eb vishej me shum\u00eb shije, deri n\u00eb momentin e fundit t\u00eb jet\u00ebs s\u00eb tij. Me k\u00ebto dhe karakteristika t\u00eb tjera radhitej n\u00eb mesin e njer\u00ebzve fisnik e t\u00eb kulturuar.<\/p>\n<p><strong>\u00a0<\/strong><\/p>\n<p><strong>Humbje e madhe <\/strong><\/p>\n<p><strong>\u00a0<\/strong><\/p>\n<p>Mjek\u00ebsia shqiptare humbi nj\u00eb mjek t\u00eb p\u00ebrsosur, nj\u00eb humanist p\u00ebr mua t\u00eb rrall\u00eb, t\u00eb lidhur ngusht\u00eb\u00a0\u00a0 me sh\u00ebndetin dhe jet\u00ebn e shum\u00eb bashk\u00ebnjer\u00ebzve t\u00eb tij, kur ata i k\u00ebrkuan ndihm\u00ebn e tij.<\/p>\n<p>Vdekja e rr\u00ebmbeu para kohe n\u00eb mosh\u00ebn 64 vje\u00e7are bashk\u00ebpun\u00ebtorin tim , t\u00eb paharruarin dr. Luk\u00eb Gjokaj. U nda prej t\u00eb gjall\u00ebve kur kishte ende p\u00ebr t\u2019i dh\u00ebn\u00eb mjek\u00ebsis\u00eb, bashk\u00ebnjer\u00ebzve ( pacient\u00ebve) t\u00eb tij. Ikja e tij n\u00eb amshim padyshim \u00ebsht\u00eb humbje e madhe jo vet\u00ebm p\u00ebr Mal\u00ebsi. Por nuk mund t\u00eb l\u00ebj\u00eb nj\u00eb vend bosh p\u00ebr sa koh\u00eb fryma e tij \u00ebsht\u00eb shnd\u00ebrruar prej koh\u00ebsh n\u00eb nj\u00eb konstante humaniste dhe intelektuale.<\/p>\n<p>E kam ende t\u00eb fresk\u00ebt n\u00eb kujtes\u00ebn time th\u00ebnien e tij para shum\u00eb vitesh n\u00eb ambulanc\u00ebn e tij n\u00eb Tuz. \u201c Gjek\u00eb, t\u00eb b\u00ebhesh mjek \u00ebsht\u00eb e leht\u00eb , por t\u00eb jesh mjek \u00ebsht\u00eb e v\u00ebshtir\u00eb\u201d. Kjo sentenc\u00eb e ka udh\u00ebhequr n\u00eb t\u00eb gjith\u00eb jet\u00ebn e tij profesionale. Mal\u00ebsia, i ka borxh shum\u00eb k\u00ebtij biri t\u00eb saj, i cili p\u00ebrve\u00e7se mjekonte jet\u00eb njer\u00ebzish, shp\u00ebtonte bashk\u00eb me t\u00eb edhe dinjitetin e tyre.<\/p>\n","protected":false},"excerpt":{"rendered":"<p>Homazh p\u00ebr dr.Luk\u00eb Gjokaj Gjek\u00eb Gjonaj Doktor Luka, \u00a0bashk\u00ebvendasi dhe miku im i shtrenjt\u00eb, u nda pak dit\u00eb m\u00eb par\u00eb nga jeta n\u00eb Tuz. Iku n\u00eb amshim. K\u00ebshtu ndodhi. Papritur dhe pabesuesh\u00ebm.Kur mora lajmin e vdekjes s\u00eb mjekut t\u00eb dalluar, nuk e besova. Sepse nj\u00eb nat\u00eb para se dr.Luka ra n\u00eb gjendje kome, afro nj\u00eb [&hellip;]<\/p>\n","protected":false},"author":1,"featured_media":0,"comment_status":"closed","ping_status":"closed","sticky":false,"template":"","format":"standard","meta":{"spay_email":"","jetpack_publicize_message":"","jetpack_is_tweetstorm":false,"jetpack_publicize_feature_enabled":true},"categories":[11],"tags":[],"jetpack_publicize_connections":[],"yoast_head":"<!-- This site is optimized with the Yoast SEO plugin v19.1 - https:\/\/yoast.com\/wordpress\/plugins\/seo\/ -->\n<title>Dr.Luk\u00eb Gjokaj: Njeri  me integritet moral e profesional - Lajme nga Ulqini<\/title>\n<meta name=\"description\" content=\"Homazh p\u00ebr dr.Luk\u00eb Gjokaj Gjek\u00eb Gjonaj Doktor Luka, \u00a0bashk\u00ebvendasi dhe miku im i shtrenjt\u00eb, u nda pak dit\u00eb m\u00eb par\u00eb nga jeta n\u00eb Tuz. Iku n\u00eb amshim. K\u00ebshtu\" \/>\n<meta name=\"robots\" content=\"index, follow, max-snippet:-1, max-image-preview:large, max-video-preview:-1\" \/>\n<link rel=\"canonical\" href=\"https:\/\/www.visit-ulcinj.com\/blog\/2014\/09\/18\/dr-luke-gjokaj-njeri-integritet-moral-e-profesional\/\" \/>\n<meta property=\"og:locale\" content=\"en_US\" \/>\n<meta property=\"og:type\" content=\"article\" \/>\n<meta property=\"og:title\" content=\"Dr.Luk\u00eb Gjokaj: Njeri  me integritet moral e profesional - Lajme nga Ulqini\" \/>\n<meta property=\"og:description\" content=\"Homazh p\u00ebr dr.Luk\u00eb Gjokaj Gjek\u00eb Gjonaj Doktor Luka, \u00a0bashk\u00ebvendasi dhe miku im i shtrenjt\u00eb, u nda pak dit\u00eb m\u00eb par\u00eb nga jeta n\u00eb Tuz. Iku n\u00eb amshim. K\u00ebshtu\" \/>\n<meta property=\"og:url\" content=\"https:\/\/www.visit-ulcinj.com\/blog\/2014\/09\/18\/dr-luke-gjokaj-njeri-integritet-moral-e-profesional\/\" \/>\n<meta property=\"og:site_name\" content=\"Lajme nga Ulqini\" \/>\n<meta property=\"article:published_time\" content=\"2014-09-18T14:38:34+00:00\" \/>\n<meta name=\"twitter:label1\" content=\"Written by\" \/>\n\t<meta name=\"twitter:data1\" content=\"ulqini\" \/>\n\t<meta name=\"twitter:label2\" content=\"Est. reading time\" \/>\n\t<meta name=\"twitter:data2\" content=\"6 minutes\" \/>\n<script type=\"application\/ld+json\" class=\"yoast-schema-graph\">{\"@context\":\"https:\/\/schema.org\",\"@graph\":[{\"@type\":\"WebSite\",\"@id\":\"https:\/\/www.visit-ulcinj.com\/blog\/#website\",\"url\":\"https:\/\/www.visit-ulcinj.com\/blog\/\",\"name\":\"Lajme nga Ulqini\",\"description\":\"Lajme,Vijesti,Ulqini,Ulqin,Crna Gora,Mali i Zi\",\"potentialAction\":[{\"@type\":\"SearchAction\",\"target\":{\"@type\":\"EntryPoint\",\"urlTemplate\":\"https:\/\/www.visit-ulcinj.com\/blog\/?s={search_term_string}\"},\"query-input\":\"required name=search_term_string\"}],\"inLanguage\":\"en-US\"},{\"@type\":\"WebPage\",\"@id\":\"https:\/\/www.visit-ulcinj.com\/blog\/2014\/09\/18\/dr-luke-gjokaj-njeri-integritet-moral-e-profesional\/#webpage\",\"url\":\"https:\/\/www.visit-ulcinj.com\/blog\/2014\/09\/18\/dr-luke-gjokaj-njeri-integritet-moral-e-profesional\/\",\"name\":\"Dr.Luk\u00eb Gjokaj: Njeri me integritet moral e profesional - Lajme nga Ulqini\",\"isPartOf\":{\"@id\":\"https:\/\/www.visit-ulcinj.com\/blog\/#website\"},\"datePublished\":\"2014-09-18T14:38:34+00:00\",\"dateModified\":\"2014-09-18T14:38:34+00:00\",\"author\":{\"@id\":\"https:\/\/www.visit-ulcinj.com\/blog\/#\/schema\/person\/dcab619c614d3038751c63bc2aadc06d\"},\"description\":\"Homazh p\u00ebr dr.Luk\u00eb Gjokaj Gjek\u00eb Gjonaj Doktor Luka, \u00a0bashk\u00ebvendasi dhe miku im i shtrenjt\u00eb, u nda pak dit\u00eb m\u00eb par\u00eb nga jeta n\u00eb Tuz. Iku n\u00eb amshim. K\u00ebshtu\",\"breadcrumb\":{\"@id\":\"https:\/\/www.visit-ulcinj.com\/blog\/2014\/09\/18\/dr-luke-gjokaj-njeri-integritet-moral-e-profesional\/#breadcrumb\"},\"inLanguage\":\"en-US\",\"potentialAction\":[{\"@type\":\"ReadAction\",\"target\":[\"https:\/\/www.visit-ulcinj.com\/blog\/2014\/09\/18\/dr-luke-gjokaj-njeri-integritet-moral-e-profesional\/\"]}]},{\"@type\":\"BreadcrumbList\",\"@id\":\"https:\/\/www.visit-ulcinj.com\/blog\/2014\/09\/18\/dr-luke-gjokaj-njeri-integritet-moral-e-profesional\/#breadcrumb\",\"itemListElement\":[{\"@type\":\"ListItem\",\"position\":1,\"name\":\"Dr.Luk\u00eb Gjokaj: Njeri me integritet moral e profesional\"}]},{\"@type\":\"Person\",\"@id\":\"https:\/\/www.visit-ulcinj.com\/blog\/#\/schema\/person\/dcab619c614d3038751c63bc2aadc06d\",\"name\":\"ulqini\",\"sameAs\":[\"http:\/\/www.visit-ulcinj.com\"],\"url\":\"https:\/\/www.visit-ulcinj.com\/blog\/author\/admin\/\"}]}<\/script>\n<!-- \/ Yoast SEO plugin. -->","yoast_head_json":{"title":"Dr.Luk\u00eb Gjokaj: Njeri  me integritet moral e profesional - Lajme nga Ulqini","description":"Homazh p\u00ebr dr.Luk\u00eb Gjokaj Gjek\u00eb Gjonaj Doktor Luka, \u00a0bashk\u00ebvendasi dhe miku im i shtrenjt\u00eb, u nda pak dit\u00eb m\u00eb par\u00eb nga jeta n\u00eb Tuz. Iku n\u00eb amshim. K\u00ebshtu","robots":{"index":"index","follow":"follow","max-snippet":"max-snippet:-1","max-image-preview":"max-image-preview:large","max-video-preview":"max-video-preview:-1"},"canonical":"https:\/\/www.visit-ulcinj.com\/blog\/2014\/09\/18\/dr-luke-gjokaj-njeri-integritet-moral-e-profesional\/","og_locale":"en_US","og_type":"article","og_title":"Dr.Luk\u00eb Gjokaj: Njeri  me integritet moral e profesional - Lajme nga Ulqini","og_description":"Homazh p\u00ebr dr.Luk\u00eb Gjokaj Gjek\u00eb Gjonaj Doktor Luka, \u00a0bashk\u00ebvendasi dhe miku im i shtrenjt\u00eb, u nda pak dit\u00eb m\u00eb par\u00eb nga jeta n\u00eb Tuz. Iku n\u00eb amshim. K\u00ebshtu","og_url":"https:\/\/www.visit-ulcinj.com\/blog\/2014\/09\/18\/dr-luke-gjokaj-njeri-integritet-moral-e-profesional\/","og_site_name":"Lajme nga Ulqini","article_published_time":"2014-09-18T14:38:34+00:00","twitter_misc":{"Written by":"ulqini","Est. reading time":"6 minutes"},"schema":{"@context":"https:\/\/schema.org","@graph":[{"@type":"WebSite","@id":"https:\/\/www.visit-ulcinj.com\/blog\/#website","url":"https:\/\/www.visit-ulcinj.com\/blog\/","name":"Lajme nga Ulqini","description":"Lajme,Vijesti,Ulqini,Ulqin,Crna Gora,Mali i Zi","potentialAction":[{"@type":"SearchAction","target":{"@type":"EntryPoint","urlTemplate":"https:\/\/www.visit-ulcinj.com\/blog\/?s={search_term_string}"},"query-input":"required name=search_term_string"}],"inLanguage":"en-US"},{"@type":"WebPage","@id":"https:\/\/www.visit-ulcinj.com\/blog\/2014\/09\/18\/dr-luke-gjokaj-njeri-integritet-moral-e-profesional\/#webpage","url":"https:\/\/www.visit-ulcinj.com\/blog\/2014\/09\/18\/dr-luke-gjokaj-njeri-integritet-moral-e-profesional\/","name":"Dr.Luk\u00eb Gjokaj: Njeri me integritet moral e profesional - Lajme nga Ulqini","isPartOf":{"@id":"https:\/\/www.visit-ulcinj.com\/blog\/#website"},"datePublished":"2014-09-18T14:38:34+00:00","dateModified":"2014-09-18T14:38:34+00:00","author":{"@id":"https:\/\/www.visit-ulcinj.com\/blog\/#\/schema\/person\/dcab619c614d3038751c63bc2aadc06d"},"description":"Homazh p\u00ebr dr.Luk\u00eb Gjokaj Gjek\u00eb Gjonaj Doktor Luka, \u00a0bashk\u00ebvendasi dhe miku im i shtrenjt\u00eb, u nda pak dit\u00eb m\u00eb par\u00eb nga jeta n\u00eb Tuz. Iku n\u00eb amshim. K\u00ebshtu","breadcrumb":{"@id":"https:\/\/www.visit-ulcinj.com\/blog\/2014\/09\/18\/dr-luke-gjokaj-njeri-integritet-moral-e-profesional\/#breadcrumb"},"inLanguage":"en-US","potentialAction":[{"@type":"ReadAction","target":["https:\/\/www.visit-ulcinj.com\/blog\/2014\/09\/18\/dr-luke-gjokaj-njeri-integritet-moral-e-profesional\/"]}]},{"@type":"BreadcrumbList","@id":"https:\/\/www.visit-ulcinj.com\/blog\/2014\/09\/18\/dr-luke-gjokaj-njeri-integritet-moral-e-profesional\/#breadcrumb","itemListElement":[{"@type":"ListItem","position":1,"name":"Dr.Luk\u00eb Gjokaj: Njeri me integritet moral e profesional"}]},{"@type":"Person","@id":"https:\/\/www.visit-ulcinj.com\/blog\/#\/schema\/person\/dcab619c614d3038751c63bc2aadc06d","name":"ulqini","sameAs":["http:\/\/www.visit-ulcinj.com"],"url":"https:\/\/www.visit-ulcinj.com\/blog\/author\/admin\/"}]}},"jetpack_featured_media_url":"","jetpack_sharing_enabled":true,"jetpack_shortlink":"https:\/\/wp.me\/pe6lTn-mbU","_links":{"self":[{"href":"https:\/\/www.visit-ulcinj.com\/blog\/wp-json\/wp\/v2\/posts\/85306"}],"collection":[{"href":"https:\/\/www.visit-ulcinj.com\/blog\/wp-json\/wp\/v2\/posts"}],"about":[{"href":"https:\/\/www.visit-ulcinj.com\/blog\/wp-json\/wp\/v2\/types\/post"}],"author":[{"embeddable":true,"href":"https:\/\/www.visit-ulcinj.com\/blog\/wp-json\/wp\/v2\/users\/1"}],"replies":[{"embeddable":true,"href":"https:\/\/www.visit-ulcinj.com\/blog\/wp-json\/wp\/v2\/comments?post=85306"}],"version-history":[{"count":1,"href":"https:\/\/www.visit-ulcinj.com\/blog\/wp-json\/wp\/v2\/posts\/85306\/revisions"}],"predecessor-version":[{"id":85308,"href":"https:\/\/www.visit-ulcinj.com\/blog\/wp-json\/wp\/v2\/posts\/85306\/revisions\/85308"}],"wp:attachment":[{"href":"https:\/\/www.visit-ulcinj.com\/blog\/wp-json\/wp\/v2\/media?parent=85306"}],"wp:term":[{"taxonomy":"category","embeddable":true,"href":"https:\/\/www.visit-ulcinj.com\/blog\/wp-json\/wp\/v2\/categories?post=85306"},{"taxonomy":"post_tag","embeddable":true,"href":"https:\/\/www.visit-ulcinj.com\/blog\/wp-json\/wp\/v2\/tags?post=85306"}],"curies":[{"name":"wp","href":"https:\/\/api.w.org\/{rel}","templated":true}]}}