{"id":85309,"date":"2014-09-18T15:45:35","date_gmt":"2014-09-18T14:45:35","guid":{"rendered":"http:\/\/www.visit-ulcinj.com\/blog\/?p=85309"},"modified":"2014-09-18T20:52:53","modified_gmt":"2014-09-18T19:52:53","slug":"forca-programet-mesimore-nuk-kane-pergatitur-shqiptaret","status":"publish","type":"post","link":"https:\/\/www.visit-ulcinj.com\/blog\/2014\/09\/18\/forca-programet-mesimore-nuk-kane-pergatitur-shqiptaret\/","title":{"rendered":"Forca: Programet m\u00ebsimore nuk i kan\u00eb p\u00ebrgatitur shqiptar\u00ebt &#8211; Video"},"content":{"rendered":"<p style=\"text-align: left;\"><a href=\"http:\/\/www.visit-ulcinj.com\/blog\/wp-content\/uploads\/2012\/09\/Forca-reagira-na-zlonamjerne-izjave-datim-od-strane-sindikata-Otranta.jpg\"><img loading=\"lazy\" class=\"alignleft wp-image-63728\" src=\"http:\/\/www.visit-ulcinj.com\/blog\/wp-content\/uploads\/2012\/09\/Forca-reagira-na-zlonamjerne-izjave-datim-od-strane-sindikata-Otranta.jpg\" alt=\"Forca reagira  na zlonamjerne izjave datim od strane sindikata Otranta\" width=\"508\" height=\"188\" srcset=\"https:\/\/www.visit-ulcinj.com\/blog\/wp-content\/uploads\/2012\/09\/Forca-reagira-na-zlonamjerne-izjave-datim-od-strane-sindikata-Otranta.jpg 851w, https:\/\/www.visit-ulcinj.com\/blog\/wp-content\/uploads\/2012\/09\/Forca-reagira-na-zlonamjerne-izjave-datim-od-strane-sindikata-Otranta-300x111.jpg 300w\" sizes=\"(max-width: 508px) 100vw, 508px\" \/><\/a><\/p>\n<p style=\"text-align: center;\"><strong>Kumtes\u00eb p\u00ebr media<\/strong><\/p>\n<p><strong>\u00a0<\/strong><\/p>\n<p><em>Ulqin, 18.09.2014<\/em><\/p>\n<p><em>Me rastin e deklarat\u00ebs s\u00eb p\u00ebrfaq\u00ebsuesit nga Enti i shkollave Radoje Novoviq, se Programet m\u00ebsimore i kan\u00eb p\u00ebrgatitur p\u00ebrfaq\u00ebsuesit e shqiptar\u00ebve dh\u00ebn\u00eb p\u00ebr Portalin Analitika, sh\u00ebrbimi p\u00ebr informim i FORC\u00cbS p\u00ebr opinon jep k\u00ebt\u00eb kumtes:<\/em><\/p>\n<p><strong>\u00a0<\/strong><\/p>\n<p>N\u00eb kumtes\u00ebn p\u00ebr opinion t\u00eb FORC\u00cbS, kemi trajtuar programet m\u00ebsimore dhe tekstet shkollore t\u00eb cilat i shfryt\u00ebzojn\u00eb nx\u00ebn\u00ebsit shqiptar\u00eb n\u00eb shkollat me m\u00ebsim n\u00eb gjuh\u00ebn shqipe n\u00eb Mal t\u00eb Zi. Jemi d\u00ebshmitar\u00eb se si viteve t\u00eb kaluara shkollore edhe n\u00eb ket\u00eb vit, nx\u00ebn\u00ebsit n\u00eb shkollat me m\u00ebsim n\u00eb gjuh\u00ebn shqipe p\u00ebrdorin programe dhe tekste shkollore t\u00eb imponuara, q\u00eb nuk iu p\u00ebrshtaten identitetit ton\u00eb nacional.<\/p>\n<p>Por, p\u00ebrfaq\u00ebsuesi i Entit t\u00eb shkollave nuk \u00ebsht\u00eb n\u00eb gjendje t\u00eb kuptoj\u00eb, se problemi q\u00ebndron n\u00eb at\u00eb se nx\u00ebn\u00ebsit shqiptar\u00eb p\u00ebrdorin tekste t\u00eb p\u00ebrkthyera nga gjuha serbe apo malazeze n\u00eb gjuh\u00ebn shqipe. P\u00ebrjashtim b\u00ebn vet\u00ebm teksti nga gjuha amtare shqipe. K\u00ebto tekste jan\u00eb hartuar sipas programit q\u00eb \u00ebsht\u00eb miratuar nga K\u00ebshilli nacional i arsimit. Duke marr\u00eb parasysh se n\u00eb at\u00eb K\u00ebshill nuk \u00ebsht\u00eb an\u00ebtar asnj\u00eb shqiptar, i cili do t\u00eb p\u00ebrfaq\u00ebsonte shqiptar\u00ebt dhe jepte kontribut p\u00ebr k\u00ebt\u00eb \u00e7\u00ebshtje, del qart\u00eb se shqiptar\u00ebt nuk i kan\u00eb punuar k\u00ebto programe m\u00ebsimore. Si d\u00ebshmi praktike jan\u00eb autor\u00ebt e teksteve t\u00eb cil\u00ebt jan\u00eb t\u00eb gjith\u00eb malazez apo serb, nd\u00ebrsa shqiptar nuk \u00ebsht\u00eb asnj\u00eb p\u00ebrve\u00e7 atyre n\u00eb tekstet nga gjuha amtare shqipe.<\/p>\n<p>P\u00ebr arsy t\u00eb tyre fakteve p\u00ebrfaq\u00ebsuesi i Entit t\u00eb shkollave, n\u00ebse ka guxim qytetar duhet t\u00eb k\u00ebrkoj falje, sepse ka dezinformuar opinionin.<\/p>\n<p>N\u00eb lidhje me k\u00ebt\u00eb \u00e7\u00ebshtje K\u00ebshilli Komb\u00ebtar i Shqiptar\u00ebve n\u00eb Ulqin me 14.6.2014, ka organizuar nj\u00eb takim ku \u00ebsht\u00eb trajtuar pozita e arsimit n\u00eb gjuh\u00ebn shqipe n\u00eb Mal t\u00eb Zi. Me kumtesat dhe diskutimet t\u00eb gjith\u00eb t\u00eb pranishmit kan\u00eb qen\u00eb unik se programi m\u00ebsimor dhe tekstet shkollore n\u00eb m\u00ebsimin n\u00eb gjuh\u00ebn shqipe nuk i p\u00ebrshtaten identitetit nacional t\u00eb shqiptar\u00ebve. Madje tekstet nga l\u00ebnda e historis\u00eb dhe e kultur\u00ebs muzikore jasn\u00eb shum\u00eb t\u00eb d\u00ebmsh\u00ebm dhe si t\u00eb till\u00eb jan\u00eb kund\u00ebr identitetit nacional t\u00eb nx\u00ebn\u00ebsve. K\u00ebto tekste jan\u00eb t\u00eb p\u00ebrkthyera fjal\u00eb p\u00ebr fjal\u00eb, pa p\u00ebrshtatje p\u00ebr shqiptar\u00ebt, t\u00eb cil\u00ebt kan\u00eb historin\u00eb, kultur\u00ebn dhe tradit\u00ebn e tyre. Nga kjo del se shqiptar\u00ebve p\u00ebrmes tyre teksteve iu \u00ebsht\u00eb imponuar q\u00eb m\u00eb tep\u00ebr t\u00eb m\u00ebsojn\u00eb p\u00ebr te tjer\u00ebt e m\u00eb s\u00eb paku p\u00ebr popullin e vet.<\/p>\n<p>Nga nj\u00eb situat\u00eb e till\u00eb \u00ebsht\u00eb e logjikshme q\u00eb t\u00eb p\u00ebrdoren tekstet nga l\u00ebnd\u00ebt e identitetit nacional q\u00eb jan\u00eb botuar n\u00eb Prishtin\u00eb, p\u00ebr shkoll\u00ebn fillore dhe t\u00eb mesme.<\/p>\n<p>N\u00eb lidhje m\u00eb ket\u00eb \u00e7\u00ebshtje p\u00ebrgjegj\u00ebsia bie mbi Ministrin\u00eb e arsimit, e cila arsimin n\u00eb gjuh\u00ebn shqipe duhet ta trajtoj\u00eb n\u00eb m\u00ebnyr\u00eb t\u00eb ve\u00e7ant\u00eb sikurse n\u00eb vendet demokratike multinacionale nd\u00ebrsa model mund t\u00eb jen\u00eb Zvicra apo Belgjika.<\/p>\n<p>Arsimi n\u00eb gjuh\u00ebn shqipe nuk \u00ebsht\u00eb \u00e7\u00ebshtje personale apo partiake, por \u00ebsht\u00eb \u00e7\u00ebshtje e identitetit t\u00eb nj\u00eb populli q\u00eb duhet t\u00eb jet\u00eb i nj\u00ebjt\u00eb p\u00ebr t\u00eb gjith\u00eb qytetar\u00ebt e nj\u00eb shteti pa paragjykime dhe unitariz\u00ebm, q\u00eb p\u00ebr fat t\u00eb keq \u00ebsht\u00eb i pranish\u00ebm n\u00eb Mal t\u00eb Zi edhe n\u00eb pluraliz\u00ebm.<\/p>\n<p>&nbsp;<\/p>\n<p>Sh\u00ebrbimi p\u00ebr informim<br \/>\n<!--YouTube Error: bad URL entered--><\/p>\n","protected":false},"excerpt":{"rendered":"<p>Kumtes\u00eb p\u00ebr media \u00a0 Ulqin, 18.09.2014 Me rastin e deklarat\u00ebs s\u00eb p\u00ebrfaq\u00ebsuesit nga Enti i shkollave Radoje Novoviq, se Programet m\u00ebsimore i kan\u00eb p\u00ebrgatitur p\u00ebrfaq\u00ebsuesit e shqiptar\u00ebve dh\u00ebn\u00eb p\u00ebr Portalin Analitika, sh\u00ebrbimi p\u00ebr informim i FORC\u00cbS p\u00ebr opinon jep k\u00ebt\u00eb kumtes: \u00a0 N\u00eb kumtes\u00ebn p\u00ebr opinion t\u00eb FORC\u00cbS, kemi trajtuar programet m\u00ebsimore dhe tekstet shkollore [&hellip;]<\/p>\n","protected":false},"author":1,"featured_media":0,"comment_status":"closed","ping_status":"closed","sticky":false,"template":"","format":"standard","meta":{"spay_email":"","jetpack_publicize_message":"","jetpack_is_tweetstorm":false,"jetpack_publicize_feature_enabled":true},"categories":[4],"tags":[],"jetpack_publicize_connections":[],"yoast_head":"<!-- This site is optimized with the Yoast SEO plugin v19.1 - https:\/\/yoast.com\/wordpress\/plugins\/seo\/ -->\n<title>Forca: Programet m\u00ebsimore nuk i kan\u00eb p\u00ebrgatitur shqiptar\u00ebt - Video - Lajme nga Ulqini<\/title>\n<meta name=\"description\" content=\"Kumtes\u00eb p\u00ebr media \u00a0 Ulqin, 18.09.2014 Me rastin e deklarat\u00ebs s\u00eb p\u00ebrfaq\u00ebsuesit nga Enti i shkollave Radoje Novoviq, se Programet m\u00ebsimore i kan\u00eb p\u00ebrgatitur\" \/>\n<meta name=\"robots\" content=\"index, follow, max-snippet:-1, max-image-preview:large, max-video-preview:-1\" \/>\n<link rel=\"canonical\" href=\"https:\/\/www.visit-ulcinj.com\/blog\/2014\/09\/18\/forca-programet-mesimore-nuk-kane-pergatitur-shqiptaret\/\" \/>\n<meta property=\"og:locale\" content=\"en_US\" \/>\n<meta property=\"og:type\" content=\"article\" \/>\n<meta property=\"og:title\" content=\"Forca: Programet m\u00ebsimore nuk i kan\u00eb p\u00ebrgatitur shqiptar\u00ebt - Video - Lajme nga Ulqini\" \/>\n<meta property=\"og:description\" content=\"Kumtes\u00eb p\u00ebr media \u00a0 Ulqin, 18.09.2014 Me rastin e deklarat\u00ebs s\u00eb p\u00ebrfaq\u00ebsuesit nga Enti i shkollave Radoje Novoviq, se Programet m\u00ebsimore i kan\u00eb p\u00ebrgatitur\" \/>\n<meta property=\"og:url\" content=\"https:\/\/www.visit-ulcinj.com\/blog\/2014\/09\/18\/forca-programet-mesimore-nuk-kane-pergatitur-shqiptaret\/\" \/>\n<meta property=\"og:site_name\" content=\"Lajme nga Ulqini\" \/>\n<meta property=\"article:published_time\" content=\"2014-09-18T14:45:35+00:00\" \/>\n<meta property=\"article:modified_time\" content=\"2014-09-18T19:52:53+00:00\" \/>\n<meta property=\"og:image\" content=\"http:\/\/www.visit-ulcinj.com\/blog\/wp-content\/uploads\/2012\/09\/Forca-reagira-na-zlonamjerne-izjave-datim-od-strane-sindikata-Otranta.jpg\" \/>\n<meta name=\"twitter:label1\" content=\"Written by\" \/>\n\t<meta name=\"twitter:data1\" content=\"ulqini\" \/>\n\t<meta name=\"twitter:label2\" content=\"Est. reading time\" \/>\n\t<meta name=\"twitter:data2\" content=\"3 minutes\" \/>\n<script type=\"application\/ld+json\" class=\"yoast-schema-graph\">{\"@context\":\"https:\/\/schema.org\",\"@graph\":[{\"@type\":\"WebSite\",\"@id\":\"https:\/\/www.visit-ulcinj.com\/blog\/#website\",\"url\":\"https:\/\/www.visit-ulcinj.com\/blog\/\",\"name\":\"Lajme nga Ulqini\",\"description\":\"Lajme,Vijesti,Ulqini,Ulqin,Crna Gora,Mali i Zi\",\"potentialAction\":[{\"@type\":\"SearchAction\",\"target\":{\"@type\":\"EntryPoint\",\"urlTemplate\":\"https:\/\/www.visit-ulcinj.com\/blog\/?s={search_term_string}\"},\"query-input\":\"required name=search_term_string\"}],\"inLanguage\":\"en-US\"},{\"@type\":\"ImageObject\",\"inLanguage\":\"en-US\",\"@id\":\"https:\/\/www.visit-ulcinj.com\/blog\/2014\/09\/18\/forca-programet-mesimore-nuk-kane-pergatitur-shqiptaret\/#primaryimage\",\"url\":\"https:\/\/www.visit-ulcinj.com\/blog\/wp-content\/uploads\/2012\/09\/Forca-reagira-na-zlonamjerne-izjave-datim-od-strane-sindikata-Otranta.jpg\",\"contentUrl\":\"https:\/\/www.visit-ulcinj.com\/blog\/wp-content\/uploads\/2012\/09\/Forca-reagira-na-zlonamjerne-izjave-datim-od-strane-sindikata-Otranta.jpg\",\"width\":\"851\",\"height\":\"315\"},{\"@type\":\"WebPage\",\"@id\":\"https:\/\/www.visit-ulcinj.com\/blog\/2014\/09\/18\/forca-programet-mesimore-nuk-kane-pergatitur-shqiptaret\/#webpage\",\"url\":\"https:\/\/www.visit-ulcinj.com\/blog\/2014\/09\/18\/forca-programet-mesimore-nuk-kane-pergatitur-shqiptaret\/\",\"name\":\"Forca: Programet m\u00ebsimore nuk i kan\u00eb p\u00ebrgatitur shqiptar\u00ebt - Video - Lajme nga Ulqini\",\"isPartOf\":{\"@id\":\"https:\/\/www.visit-ulcinj.com\/blog\/#website\"},\"primaryImageOfPage\":{\"@id\":\"https:\/\/www.visit-ulcinj.com\/blog\/2014\/09\/18\/forca-programet-mesimore-nuk-kane-pergatitur-shqiptaret\/#primaryimage\"},\"datePublished\":\"2014-09-18T14:45:35+00:00\",\"dateModified\":\"2014-09-18T19:52:53+00:00\",\"author\":{\"@id\":\"https:\/\/www.visit-ulcinj.com\/blog\/#\/schema\/person\/dcab619c614d3038751c63bc2aadc06d\"},\"description\":\"Kumtes\u00eb p\u00ebr media \u00a0 Ulqin, 18.09.2014 Me rastin e deklarat\u00ebs s\u00eb p\u00ebrfaq\u00ebsuesit nga Enti i shkollave Radoje Novoviq, se Programet m\u00ebsimore i kan\u00eb p\u00ebrgatitur\",\"breadcrumb\":{\"@id\":\"https:\/\/www.visit-ulcinj.com\/blog\/2014\/09\/18\/forca-programet-mesimore-nuk-kane-pergatitur-shqiptaret\/#breadcrumb\"},\"inLanguage\":\"en-US\",\"potentialAction\":[{\"@type\":\"ReadAction\",\"target\":[\"https:\/\/www.visit-ulcinj.com\/blog\/2014\/09\/18\/forca-programet-mesimore-nuk-kane-pergatitur-shqiptaret\/\"]}]},{\"@type\":\"BreadcrumbList\",\"@id\":\"https:\/\/www.visit-ulcinj.com\/blog\/2014\/09\/18\/forca-programet-mesimore-nuk-kane-pergatitur-shqiptaret\/#breadcrumb\",\"itemListElement\":[{\"@type\":\"ListItem\",\"position\":1,\"name\":\"Forca: Programet m\u00ebsimore nuk i kan\u00eb p\u00ebrgatitur shqiptar\u00ebt &#8211; Video\"}]},{\"@type\":\"Person\",\"@id\":\"https:\/\/www.visit-ulcinj.com\/blog\/#\/schema\/person\/dcab619c614d3038751c63bc2aadc06d\",\"name\":\"ulqini\",\"sameAs\":[\"http:\/\/www.visit-ulcinj.com\"],\"url\":\"https:\/\/www.visit-ulcinj.com\/blog\/author\/admin\/\"}]}<\/script>\n<!-- \/ Yoast SEO plugin. -->","yoast_head_json":{"title":"Forca: Programet m\u00ebsimore nuk i kan\u00eb p\u00ebrgatitur shqiptar\u00ebt - Video - Lajme nga Ulqini","description":"Kumtes\u00eb p\u00ebr media \u00a0 Ulqin, 18.09.2014 Me rastin e deklarat\u00ebs s\u00eb p\u00ebrfaq\u00ebsuesit nga Enti i shkollave Radoje Novoviq, se Programet m\u00ebsimore i kan\u00eb p\u00ebrgatitur","robots":{"index":"index","follow":"follow","max-snippet":"max-snippet:-1","max-image-preview":"max-image-preview:large","max-video-preview":"max-video-preview:-1"},"canonical":"https:\/\/www.visit-ulcinj.com\/blog\/2014\/09\/18\/forca-programet-mesimore-nuk-kane-pergatitur-shqiptaret\/","og_locale":"en_US","og_type":"article","og_title":"Forca: Programet m\u00ebsimore nuk i kan\u00eb p\u00ebrgatitur shqiptar\u00ebt - Video - Lajme nga Ulqini","og_description":"Kumtes\u00eb p\u00ebr media \u00a0 Ulqin, 18.09.2014 Me rastin e deklarat\u00ebs s\u00eb p\u00ebrfaq\u00ebsuesit nga Enti i shkollave Radoje Novoviq, se Programet m\u00ebsimore i kan\u00eb p\u00ebrgatitur","og_url":"https:\/\/www.visit-ulcinj.com\/blog\/2014\/09\/18\/forca-programet-mesimore-nuk-kane-pergatitur-shqiptaret\/","og_site_name":"Lajme nga Ulqini","article_published_time":"2014-09-18T14:45:35+00:00","article_modified_time":"2014-09-18T19:52:53+00:00","og_image":[{"url":"http:\/\/www.visit-ulcinj.com\/blog\/wp-content\/uploads\/2012\/09\/Forca-reagira-na-zlonamjerne-izjave-datim-od-strane-sindikata-Otranta.jpg"}],"twitter_misc":{"Written by":"ulqini","Est. reading time":"3 minutes"},"schema":{"@context":"https:\/\/schema.org","@graph":[{"@type":"WebSite","@id":"https:\/\/www.visit-ulcinj.com\/blog\/#website","url":"https:\/\/www.visit-ulcinj.com\/blog\/","name":"Lajme nga Ulqini","description":"Lajme,Vijesti,Ulqini,Ulqin,Crna Gora,Mali i Zi","potentialAction":[{"@type":"SearchAction","target":{"@type":"EntryPoint","urlTemplate":"https:\/\/www.visit-ulcinj.com\/blog\/?s={search_term_string}"},"query-input":"required name=search_term_string"}],"inLanguage":"en-US"},{"@type":"ImageObject","inLanguage":"en-US","@id":"https:\/\/www.visit-ulcinj.com\/blog\/2014\/09\/18\/forca-programet-mesimore-nuk-kane-pergatitur-shqiptaret\/#primaryimage","url":"https:\/\/www.visit-ulcinj.com\/blog\/wp-content\/uploads\/2012\/09\/Forca-reagira-na-zlonamjerne-izjave-datim-od-strane-sindikata-Otranta.jpg","contentUrl":"https:\/\/www.visit-ulcinj.com\/blog\/wp-content\/uploads\/2012\/09\/Forca-reagira-na-zlonamjerne-izjave-datim-od-strane-sindikata-Otranta.jpg","width":"851","height":"315"},{"@type":"WebPage","@id":"https:\/\/www.visit-ulcinj.com\/blog\/2014\/09\/18\/forca-programet-mesimore-nuk-kane-pergatitur-shqiptaret\/#webpage","url":"https:\/\/www.visit-ulcinj.com\/blog\/2014\/09\/18\/forca-programet-mesimore-nuk-kane-pergatitur-shqiptaret\/","name":"Forca: Programet m\u00ebsimore nuk i kan\u00eb p\u00ebrgatitur shqiptar\u00ebt - Video - Lajme nga Ulqini","isPartOf":{"@id":"https:\/\/www.visit-ulcinj.com\/blog\/#website"},"primaryImageOfPage":{"@id":"https:\/\/www.visit-ulcinj.com\/blog\/2014\/09\/18\/forca-programet-mesimore-nuk-kane-pergatitur-shqiptaret\/#primaryimage"},"datePublished":"2014-09-18T14:45:35+00:00","dateModified":"2014-09-18T19:52:53+00:00","author":{"@id":"https:\/\/www.visit-ulcinj.com\/blog\/#\/schema\/person\/dcab619c614d3038751c63bc2aadc06d"},"description":"Kumtes\u00eb p\u00ebr media \u00a0 Ulqin, 18.09.2014 Me rastin e deklarat\u00ebs s\u00eb p\u00ebrfaq\u00ebsuesit nga Enti i shkollave Radoje Novoviq, se Programet m\u00ebsimore i kan\u00eb p\u00ebrgatitur","breadcrumb":{"@id":"https:\/\/www.visit-ulcinj.com\/blog\/2014\/09\/18\/forca-programet-mesimore-nuk-kane-pergatitur-shqiptaret\/#breadcrumb"},"inLanguage":"en-US","potentialAction":[{"@type":"ReadAction","target":["https:\/\/www.visit-ulcinj.com\/blog\/2014\/09\/18\/forca-programet-mesimore-nuk-kane-pergatitur-shqiptaret\/"]}]},{"@type":"BreadcrumbList","@id":"https:\/\/www.visit-ulcinj.com\/blog\/2014\/09\/18\/forca-programet-mesimore-nuk-kane-pergatitur-shqiptaret\/#breadcrumb","itemListElement":[{"@type":"ListItem","position":1,"name":"Forca: Programet m\u00ebsimore nuk i kan\u00eb p\u00ebrgatitur shqiptar\u00ebt &#8211; Video"}]},{"@type":"Person","@id":"https:\/\/www.visit-ulcinj.com\/blog\/#\/schema\/person\/dcab619c614d3038751c63bc2aadc06d","name":"ulqini","sameAs":["http:\/\/www.visit-ulcinj.com"],"url":"https:\/\/www.visit-ulcinj.com\/blog\/author\/admin\/"}]}},"jetpack_featured_media_url":"","jetpack_sharing_enabled":true,"jetpack_shortlink":"https:\/\/wp.me\/pe6lTn-mbX","_links":{"self":[{"href":"https:\/\/www.visit-ulcinj.com\/blog\/wp-json\/wp\/v2\/posts\/85309"}],"collection":[{"href":"https:\/\/www.visit-ulcinj.com\/blog\/wp-json\/wp\/v2\/posts"}],"about":[{"href":"https:\/\/www.visit-ulcinj.com\/blog\/wp-json\/wp\/v2\/types\/post"}],"author":[{"embeddable":true,"href":"https:\/\/www.visit-ulcinj.com\/blog\/wp-json\/wp\/v2\/users\/1"}],"replies":[{"embeddable":true,"href":"https:\/\/www.visit-ulcinj.com\/blog\/wp-json\/wp\/v2\/comments?post=85309"}],"version-history":[{"count":2,"href":"https:\/\/www.visit-ulcinj.com\/blog\/wp-json\/wp\/v2\/posts\/85309\/revisions"}],"predecessor-version":[{"id":85328,"href":"https:\/\/www.visit-ulcinj.com\/blog\/wp-json\/wp\/v2\/posts\/85309\/revisions\/85328"}],"wp:attachment":[{"href":"https:\/\/www.visit-ulcinj.com\/blog\/wp-json\/wp\/v2\/media?parent=85309"}],"wp:term":[{"taxonomy":"category","embeddable":true,"href":"https:\/\/www.visit-ulcinj.com\/blog\/wp-json\/wp\/v2\/categories?post=85309"},{"taxonomy":"post_tag","embeddable":true,"href":"https:\/\/www.visit-ulcinj.com\/blog\/wp-json\/wp\/v2\/tags?post=85309"}],"curies":[{"name":"wp","href":"https:\/\/api.w.org\/{rel}","templated":true}]}}