{"id":85311,"date":"2014-09-18T16:02:45","date_gmt":"2014-09-18T15:02:45","guid":{"rendered":"http:\/\/www.visit-ulcinj.com\/blog\/?p=85311"},"modified":"2014-09-19T15:55:58","modified_gmt":"2014-09-19T14:55:58","slug":"gjeka-mban-premtimet-e-veta-per-transportin-e-nxenesve","status":"publish","type":"post","link":"https:\/\/www.visit-ulcinj.com\/blog\/2014\/09\/18\/gjeka-mban-premtimet-e-veta-per-transportin-e-nxenesve\/","title":{"rendered":"Gjeka mban premtimet e veta p\u00ebr transportin e nx\u00ebn\u00ebsve"},"content":{"rendered":"<p><a href=\"http:\/\/www.visit-ulcinj.com\/blog\/wp-content\/uploads\/2014\/02\/Fatmir-Gjeka-Kryetar.jpg\"><img loading=\"lazy\" class=\"alignleft wp-image-79436\" src=\"http:\/\/www.visit-ulcinj.com\/blog\/wp-content\/uploads\/2014\/02\/Fatmir-Gjeka-Kryetar.jpg\" alt=\"Fatmir-Gjeka-Kryetar\" width=\"508\" height=\"293\" srcset=\"https:\/\/www.visit-ulcinj.com\/blog\/wp-content\/uploads\/2014\/02\/Fatmir-Gjeka-Kryetar.jpg 892w, https:\/\/www.visit-ulcinj.com\/blog\/wp-content\/uploads\/2014\/02\/Fatmir-Gjeka-Kryetar-300x172.jpg 300w\" sizes=\"(max-width: 508px) 100vw, 508px\" \/><\/a>Kryetari i Komunes se Ulqinit Fatmir Gjeka\u00a0\u00a0 zhvilloi\u00a0 takimin e rralles\u00a0 me transportuesit e nxenesve\u00a0 te shkollave\u00a0 fillore ne territorin e Komunes se Ulqinit. Bisedimet zhvillohen\u00a0 ne\u00a0 gjetjen\u00a0 e\u00a0 nje mareveshtjeje\u00a0 per transportin falas\u00a0\u00a0 te femijeve fillorist.<\/p>\n<p>Edhepese\u00a0 i tere\u00a0 projekti\u00a0\u00a0 ka nje kosta\u00a0\u00a0 te larte, Kryetari Gjeka nuk heq\u00a0 dore\u00a0 nga nje premtim i tij dhene qytetareve. Sipas te gjitha\u00a0 gjasave\u00a0 femijet e shkollave fillore\u00a0 do te fillojne te transportohen ne shkolla &#8211; falas\u00a0 nga muaji tetor, nderkohe qe do te\u00a0 vazhdojne bisedimet qe\u00a0 kete ta perfitojne edhe nxenesit e shkollave\u00a0 te mesme.<\/p>\n<p>Kryetari Gjeka , shpreh\u00a0 konsiderate edhe\u00a0 per\u00a0 pronaret e\u00a0 automjeteve\u00a0 e\u00a0 nese\u00a0 kjo arrihet,\u00a0 sigurtisht qe do te\u00a0 jete e mireseardhur per\u00a0 buzhetet e kryefamiljareve. Neser, Kryetari Gjeka do te kete\u00a0 nje takim pune me Drejtoret e shkollave te Ulqinit.<\/p>\n<p>Kabineti i kryetarit t\u00eb Ulqinit<\/p>\n","protected":false},"excerpt":{"rendered":"<p>Kryetari i Komunes se Ulqinit Fatmir Gjeka\u00a0\u00a0 zhvilloi\u00a0 takimin e rralles\u00a0 me transportuesit e nxenesve\u00a0 te shkollave\u00a0 fillore ne territorin e Komunes se Ulqinit. Bisedimet zhvillohen\u00a0 ne\u00a0 gjetjen\u00a0 e\u00a0 nje mareveshtjeje\u00a0 per transportin falas\u00a0\u00a0 te femijeve fillorist. Edhepese\u00a0 i tere\u00a0 projekti\u00a0\u00a0 ka nje kosta\u00a0\u00a0 te larte, Kryetari Gjeka nuk heq\u00a0 dore\u00a0 nga nje premtim i [&hellip;]<\/p>\n","protected":false},"author":1,"featured_media":0,"comment_status":"closed","ping_status":"closed","sticky":false,"template":"","format":"standard","meta":{"spay_email":"","jetpack_publicize_message":"","jetpack_is_tweetstorm":false,"jetpack_publicize_feature_enabled":true},"categories":[1,14],"tags":[],"jetpack_publicize_connections":[],"yoast_head":"<!-- This site is optimized with the Yoast SEO plugin v19.1 - https:\/\/yoast.com\/wordpress\/plugins\/seo\/ -->\n<title>Gjeka mban premtimet e veta p\u00ebr transportin e nx\u00ebn\u00ebsve - Lajme nga Ulqini<\/title>\n<meta name=\"description\" content=\"Kryetari i Komunes se Ulqinit Fatmir Gjeka\u00a0\u00a0 zhvilloi\u00a0 takimin e rralles\u00a0 me transportuesit e nxenesve\u00a0 te shkollave\u00a0 fillore ne territorin e Komunes se\" \/>\n<meta name=\"robots\" content=\"index, follow, max-snippet:-1, max-image-preview:large, max-video-preview:-1\" \/>\n<link rel=\"canonical\" href=\"https:\/\/www.visit-ulcinj.com\/blog\/2014\/09\/18\/gjeka-mban-premtimet-e-veta-per-transportin-e-nxenesve\/\" \/>\n<meta property=\"og:locale\" content=\"en_US\" \/>\n<meta property=\"og:type\" content=\"article\" \/>\n<meta property=\"og:title\" content=\"Gjeka mban premtimet e veta p\u00ebr transportin e nx\u00ebn\u00ebsve - Lajme nga Ulqini\" \/>\n<meta property=\"og:description\" content=\"Kryetari i Komunes se Ulqinit Fatmir Gjeka\u00a0\u00a0 zhvilloi\u00a0 takimin e rralles\u00a0 me transportuesit e nxenesve\u00a0 te shkollave\u00a0 fillore ne territorin e Komunes se\" \/>\n<meta property=\"og:url\" content=\"https:\/\/www.visit-ulcinj.com\/blog\/2014\/09\/18\/gjeka-mban-premtimet-e-veta-per-transportin-e-nxenesve\/\" \/>\n<meta property=\"og:site_name\" content=\"Lajme nga Ulqini\" \/>\n<meta property=\"article:published_time\" content=\"2014-09-18T15:02:45+00:00\" \/>\n<meta property=\"article:modified_time\" content=\"2014-09-19T14:55:58+00:00\" \/>\n<meta property=\"og:image\" content=\"http:\/\/www.visit-ulcinj.com\/blog\/wp-content\/uploads\/2014\/02\/Fatmir-Gjeka-Kryetar.jpg\" \/>\n<meta name=\"twitter:label1\" content=\"Written by\" \/>\n\t<meta name=\"twitter:data1\" content=\"ulqini\" \/>\n\t<meta name=\"twitter:label2\" content=\"Est. reading time\" \/>\n\t<meta name=\"twitter:data2\" content=\"1 minute\" \/>\n<script type=\"application\/ld+json\" class=\"yoast-schema-graph\">{\"@context\":\"https:\/\/schema.org\",\"@graph\":[{\"@type\":\"WebSite\",\"@id\":\"https:\/\/www.visit-ulcinj.com\/blog\/#website\",\"url\":\"https:\/\/www.visit-ulcinj.com\/blog\/\",\"name\":\"Lajme nga Ulqini\",\"description\":\"Lajme,Vijesti,Ulqini,Ulqin,Crna Gora,Mali i Zi\",\"potentialAction\":[{\"@type\":\"SearchAction\",\"target\":{\"@type\":\"EntryPoint\",\"urlTemplate\":\"https:\/\/www.visit-ulcinj.com\/blog\/?s={search_term_string}\"},\"query-input\":\"required name=search_term_string\"}],\"inLanguage\":\"en-US\"},{\"@type\":\"ImageObject\",\"inLanguage\":\"en-US\",\"@id\":\"https:\/\/www.visit-ulcinj.com\/blog\/2014\/09\/18\/gjeka-mban-premtimet-e-veta-per-transportin-e-nxenesve\/#primaryimage\",\"url\":\"https:\/\/www.visit-ulcinj.com\/blog\/wp-content\/uploads\/2014\/02\/Fatmir-Gjeka-Kryetar.jpg\",\"contentUrl\":\"https:\/\/www.visit-ulcinj.com\/blog\/wp-content\/uploads\/2014\/02\/Fatmir-Gjeka-Kryetar.jpg\",\"width\":892,\"height\":514},{\"@type\":\"WebPage\",\"@id\":\"https:\/\/www.visit-ulcinj.com\/blog\/2014\/09\/18\/gjeka-mban-premtimet-e-veta-per-transportin-e-nxenesve\/#webpage\",\"url\":\"https:\/\/www.visit-ulcinj.com\/blog\/2014\/09\/18\/gjeka-mban-premtimet-e-veta-per-transportin-e-nxenesve\/\",\"name\":\"Gjeka mban premtimet e veta p\u00ebr transportin e nx\u00ebn\u00ebsve - Lajme nga Ulqini\",\"isPartOf\":{\"@id\":\"https:\/\/www.visit-ulcinj.com\/blog\/#website\"},\"primaryImageOfPage\":{\"@id\":\"https:\/\/www.visit-ulcinj.com\/blog\/2014\/09\/18\/gjeka-mban-premtimet-e-veta-per-transportin-e-nxenesve\/#primaryimage\"},\"datePublished\":\"2014-09-18T15:02:45+00:00\",\"dateModified\":\"2014-09-19T14:55:58+00:00\",\"author\":{\"@id\":\"https:\/\/www.visit-ulcinj.com\/blog\/#\/schema\/person\/dcab619c614d3038751c63bc2aadc06d\"},\"description\":\"Kryetari i Komunes se Ulqinit Fatmir Gjeka\u00a0\u00a0 zhvilloi\u00a0 takimin e rralles\u00a0 me transportuesit e nxenesve\u00a0 te shkollave\u00a0 fillore ne territorin e Komunes se\",\"breadcrumb\":{\"@id\":\"https:\/\/www.visit-ulcinj.com\/blog\/2014\/09\/18\/gjeka-mban-premtimet-e-veta-per-transportin-e-nxenesve\/#breadcrumb\"},\"inLanguage\":\"en-US\",\"potentialAction\":[{\"@type\":\"ReadAction\",\"target\":[\"https:\/\/www.visit-ulcinj.com\/blog\/2014\/09\/18\/gjeka-mban-premtimet-e-veta-per-transportin-e-nxenesve\/\"]}]},{\"@type\":\"BreadcrumbList\",\"@id\":\"https:\/\/www.visit-ulcinj.com\/blog\/2014\/09\/18\/gjeka-mban-premtimet-e-veta-per-transportin-e-nxenesve\/#breadcrumb\",\"itemListElement\":[{\"@type\":\"ListItem\",\"position\":1,\"name\":\"Gjeka mban premtimet e veta p\u00ebr transportin e nx\u00ebn\u00ebsve\"}]},{\"@type\":\"Person\",\"@id\":\"https:\/\/www.visit-ulcinj.com\/blog\/#\/schema\/person\/dcab619c614d3038751c63bc2aadc06d\",\"name\":\"ulqini\",\"sameAs\":[\"http:\/\/www.visit-ulcinj.com\"],\"url\":\"https:\/\/www.visit-ulcinj.com\/blog\/author\/admin\/\"}]}<\/script>\n<!-- \/ Yoast SEO plugin. -->","yoast_head_json":{"title":"Gjeka mban premtimet e veta p\u00ebr transportin e nx\u00ebn\u00ebsve - Lajme nga Ulqini","description":"Kryetari i Komunes se Ulqinit Fatmir Gjeka\u00a0\u00a0 zhvilloi\u00a0 takimin e rralles\u00a0 me transportuesit e nxenesve\u00a0 te shkollave\u00a0 fillore ne territorin e Komunes se","robots":{"index":"index","follow":"follow","max-snippet":"max-snippet:-1","max-image-preview":"max-image-preview:large","max-video-preview":"max-video-preview:-1"},"canonical":"https:\/\/www.visit-ulcinj.com\/blog\/2014\/09\/18\/gjeka-mban-premtimet-e-veta-per-transportin-e-nxenesve\/","og_locale":"en_US","og_type":"article","og_title":"Gjeka mban premtimet e veta p\u00ebr transportin e nx\u00ebn\u00ebsve - Lajme nga Ulqini","og_description":"Kryetari i Komunes se Ulqinit Fatmir Gjeka\u00a0\u00a0 zhvilloi\u00a0 takimin e rralles\u00a0 me transportuesit e nxenesve\u00a0 te shkollave\u00a0 fillore ne territorin e Komunes se","og_url":"https:\/\/www.visit-ulcinj.com\/blog\/2014\/09\/18\/gjeka-mban-premtimet-e-veta-per-transportin-e-nxenesve\/","og_site_name":"Lajme nga Ulqini","article_published_time":"2014-09-18T15:02:45+00:00","article_modified_time":"2014-09-19T14:55:58+00:00","og_image":[{"url":"http:\/\/www.visit-ulcinj.com\/blog\/wp-content\/uploads\/2014\/02\/Fatmir-Gjeka-Kryetar.jpg"}],"twitter_misc":{"Written by":"ulqini","Est. reading time":"1 minute"},"schema":{"@context":"https:\/\/schema.org","@graph":[{"@type":"WebSite","@id":"https:\/\/www.visit-ulcinj.com\/blog\/#website","url":"https:\/\/www.visit-ulcinj.com\/blog\/","name":"Lajme nga Ulqini","description":"Lajme,Vijesti,Ulqini,Ulqin,Crna Gora,Mali i Zi","potentialAction":[{"@type":"SearchAction","target":{"@type":"EntryPoint","urlTemplate":"https:\/\/www.visit-ulcinj.com\/blog\/?s={search_term_string}"},"query-input":"required name=search_term_string"}],"inLanguage":"en-US"},{"@type":"ImageObject","inLanguage":"en-US","@id":"https:\/\/www.visit-ulcinj.com\/blog\/2014\/09\/18\/gjeka-mban-premtimet-e-veta-per-transportin-e-nxenesve\/#primaryimage","url":"https:\/\/www.visit-ulcinj.com\/blog\/wp-content\/uploads\/2014\/02\/Fatmir-Gjeka-Kryetar.jpg","contentUrl":"https:\/\/www.visit-ulcinj.com\/blog\/wp-content\/uploads\/2014\/02\/Fatmir-Gjeka-Kryetar.jpg","width":892,"height":514},{"@type":"WebPage","@id":"https:\/\/www.visit-ulcinj.com\/blog\/2014\/09\/18\/gjeka-mban-premtimet-e-veta-per-transportin-e-nxenesve\/#webpage","url":"https:\/\/www.visit-ulcinj.com\/blog\/2014\/09\/18\/gjeka-mban-premtimet-e-veta-per-transportin-e-nxenesve\/","name":"Gjeka mban premtimet e veta p\u00ebr transportin e nx\u00ebn\u00ebsve - Lajme nga Ulqini","isPartOf":{"@id":"https:\/\/www.visit-ulcinj.com\/blog\/#website"},"primaryImageOfPage":{"@id":"https:\/\/www.visit-ulcinj.com\/blog\/2014\/09\/18\/gjeka-mban-premtimet-e-veta-per-transportin-e-nxenesve\/#primaryimage"},"datePublished":"2014-09-18T15:02:45+00:00","dateModified":"2014-09-19T14:55:58+00:00","author":{"@id":"https:\/\/www.visit-ulcinj.com\/blog\/#\/schema\/person\/dcab619c614d3038751c63bc2aadc06d"},"description":"Kryetari i Komunes se Ulqinit Fatmir Gjeka\u00a0\u00a0 zhvilloi\u00a0 takimin e rralles\u00a0 me transportuesit e nxenesve\u00a0 te shkollave\u00a0 fillore ne territorin e Komunes se","breadcrumb":{"@id":"https:\/\/www.visit-ulcinj.com\/blog\/2014\/09\/18\/gjeka-mban-premtimet-e-veta-per-transportin-e-nxenesve\/#breadcrumb"},"inLanguage":"en-US","potentialAction":[{"@type":"ReadAction","target":["https:\/\/www.visit-ulcinj.com\/blog\/2014\/09\/18\/gjeka-mban-premtimet-e-veta-per-transportin-e-nxenesve\/"]}]},{"@type":"BreadcrumbList","@id":"https:\/\/www.visit-ulcinj.com\/blog\/2014\/09\/18\/gjeka-mban-premtimet-e-veta-per-transportin-e-nxenesve\/#breadcrumb","itemListElement":[{"@type":"ListItem","position":1,"name":"Gjeka mban premtimet e veta p\u00ebr transportin e nx\u00ebn\u00ebsve"}]},{"@type":"Person","@id":"https:\/\/www.visit-ulcinj.com\/blog\/#\/schema\/person\/dcab619c614d3038751c63bc2aadc06d","name":"ulqini","sameAs":["http:\/\/www.visit-ulcinj.com"],"url":"https:\/\/www.visit-ulcinj.com\/blog\/author\/admin\/"}]}},"jetpack_featured_media_url":"","jetpack_sharing_enabled":true,"jetpack_shortlink":"https:\/\/wp.me\/pe6lTn-mbZ","_links":{"self":[{"href":"https:\/\/www.visit-ulcinj.com\/blog\/wp-json\/wp\/v2\/posts\/85311"}],"collection":[{"href":"https:\/\/www.visit-ulcinj.com\/blog\/wp-json\/wp\/v2\/posts"}],"about":[{"href":"https:\/\/www.visit-ulcinj.com\/blog\/wp-json\/wp\/v2\/types\/post"}],"author":[{"embeddable":true,"href":"https:\/\/www.visit-ulcinj.com\/blog\/wp-json\/wp\/v2\/users\/1"}],"replies":[{"embeddable":true,"href":"https:\/\/www.visit-ulcinj.com\/blog\/wp-json\/wp\/v2\/comments?post=85311"}],"version-history":[{"count":1,"href":"https:\/\/www.visit-ulcinj.com\/blog\/wp-json\/wp\/v2\/posts\/85311\/revisions"}],"predecessor-version":[{"id":85312,"href":"https:\/\/www.visit-ulcinj.com\/blog\/wp-json\/wp\/v2\/posts\/85311\/revisions\/85312"}],"wp:attachment":[{"href":"https:\/\/www.visit-ulcinj.com\/blog\/wp-json\/wp\/v2\/media?parent=85311"}],"wp:term":[{"taxonomy":"category","embeddable":true,"href":"https:\/\/www.visit-ulcinj.com\/blog\/wp-json\/wp\/v2\/categories?post=85311"},{"taxonomy":"post_tag","embeddable":true,"href":"https:\/\/www.visit-ulcinj.com\/blog\/wp-json\/wp\/v2\/tags?post=85311"}],"curies":[{"name":"wp","href":"https:\/\/api.w.org\/{rel}","templated":true}]}}