{"id":85321,"date":"2014-09-18T16:36:56","date_gmt":"2014-09-18T15:36:56","guid":{"rendered":"http:\/\/www.visit-ulcinj.com\/blog\/?p=85321"},"modified":"2014-09-18T16:36:56","modified_gmt":"2014-09-18T15:36:56","slug":"horizonti-ri-konkurs-fortografise-dhe-punimeve-figurative-ne-ulqin","status":"publish","type":"post","link":"https:\/\/www.visit-ulcinj.com\/blog\/2014\/09\/18\/horizonti-ri-konkurs-fortografise-dhe-punimeve-figurative-ne-ulqin\/","title":{"rendered":"Horizonti i ri: Konkurs i fortografis\u00eb dhe i punimeve figurative n\u00eb Ulqin"},"content":{"rendered":"<p><a href=\"http:\/\/www.visit-ulcinj.com\/blog\/wp-content\/uploads\/2014\/09\/Horizonti-i-ri-Konkurs-i-fortografis\u00eb-Ulqin.jpg\"><img loading=\"lazy\" class=\"alignleft wp-image-85322 size-medium\" src=\"http:\/\/www.visit-ulcinj.com\/blog\/wp-content\/uploads\/2014\/09\/Horizonti-i-ri-Konkurs-i-fortografis\u00eb-Ulqin-300x300.jpg\" alt=\"Horizonti i ri-Konkurs i fortografis\u00eb-Ulqin\" width=\"300\" height=\"300\" srcset=\"https:\/\/www.visit-ulcinj.com\/blog\/wp-content\/uploads\/2014\/09\/Horizonti-i-ri-Konkurs-i-fortografis\u00eb-Ulqin-300x300.jpg 300w, https:\/\/www.visit-ulcinj.com\/blog\/wp-content\/uploads\/2014\/09\/Horizonti-i-ri-Konkurs-i-fortografis\u00eb-Ulqin-150x150.jpg 150w, https:\/\/www.visit-ulcinj.com\/blog\/wp-content\/uploads\/2014\/09\/Horizonti-i-ri-Konkurs-i-fortografis\u00eb-Ulqin.jpg 600w\" sizes=\"(max-width: 300px) 100vw, 300px\" \/><\/a>Me q\u00ebllim t\u00eb grumbullimit sa m\u00eb efektiv t\u00eb mendimeve dhe sugjerimeve t\u00eb t\u00eb rinjve, p\u00ebr m\u00ebnyr\u00ebn e zhvillimit t\u00eb politikave rinore n\u00eb komun\u00ebn ton\u00eb, OJQ \u201cHORIZONTI I RI\u201d hap\u00eb konkurs p\u00ebr fotografi dhe punime figurative me tem\u00ebn <strong>\u201cULQINI &#8211; QYTET P\u00cbR T\u00cb RINJ\u201d<\/strong>.<\/p>\n<p>Q\u00ebllimi i konkursit \u00ebsht\u00eb q\u00eb t\u00eb rinjt\u00eb n\u00eb m\u00ebnyre kreative, p\u00ebrmes fotografis\u00eb dhe punimeve figurative, t\u00eb paraqesin problemet dhe nevojat e t\u00eb rinjve n\u00eb Ulqin, n\u00eb kuad\u00ebr t\u00eb k\u00ebtyre fushave: <strong><em>Arsimimi, Pun\u00ebsimi,\u00a0<\/em><\/strong><strong><em>Sh\u00ebndeti, Pjes\u00ebmarrja e t\u00eb rinjve n\u00eb shoq\u00ebri, T\u00eb drejtat e njeriut, Koha e lir\u00eb, Kultura, Familja, Informimi dhe mobiliteti (l\u00ebvizshm\u00ebria).<\/em><\/strong><\/p>\n<p>&nbsp;<\/p>\n<p>T\u00eb drejt\u00eb pjes\u00ebmarrjeje n\u00eb konkurs me nga nj\u00eb (1) fotografi ose punim figurativ, kan\u00eb t\u00eb gjith\u00eb t\u00eb rinjt\u00eb e mosh\u00ebs 15 \u2013 29 vje\u00e7.<\/p>\n<p>T\u00eb gjitha punimet q\u00eb jan\u00eb n\u00eb p\u00ebrputhje me tem\u00ebn, do t\u00eb shfaqen n\u00eb ekspozit\u00ebn q\u00eb do t\u00eb organizohet n\u00eb Qendr\u00ebn Kulturore t\u00eb Ulqinit.<\/p>\n<p>P\u00ebr pjes\u00ebmarr\u00ebsit m\u00eb t\u00eb suksessh\u00ebm t\u00eb konkursit do t\u00eb sigurohen tre shp\u00ebrblime, t\u00eb cil\u00ebt i ndan\u00eb Komuna e Ulqinit.<\/p>\n<p>&nbsp;<\/p>\n<p>Fotografit\u00eb duhet t\u00eb jen\u00eb n\u00eb formatin <strong>JPG<\/strong>, t\u00eb nj\u00eb cil\u00ebsie t\u00eb k\u00ebnaqshme.<\/p>\n<p>Nd\u00ebrsa n\u00eb krijimin e punimeve figurative, pjes\u00ebmarr\u00ebsit jan\u00eb t\u00eb lir\u00eb t\u00eb zgjedhin tekniken e pun\u00ebs, t\u00eb cil\u00ebt do ta p\u00ebrdorin n\u00eb formatin e bllokut num\u00ebr 5.<\/p>\n<p>&nbsp;<\/p>\n<p>Adresa e e-mail-it p\u00ebr d\u00ebrgimin e fotografive \u00ebsht\u00eb:\u00a0<strong>newhorizonngo@outlook.com<\/strong><\/p>\n<p><strong>\u00a0<\/strong>Titulli i e-mail-it (subject): <strong>P\u00ebr konkursin ULQINI &#8211; QYTET P\u00cbR T\u00cb RINJ<\/strong><\/p>\n<p>P\u00ebrmbajtja e e-mail-it: Emri dhe mbiemri si dhe telefonit kontaktues i autorit.<\/p>\n<p>&nbsp;<\/p>\n<p>Nd\u00ebrsa punimet figurative duhet t\u00eb dor\u00ebzohen personalisht n\u00eb zyr\u00ebn e Horizontit t\u00eb Ri (n\u00eb lagjen Kodra p\u00ebrball\u00eb Lali Comerc)<\/p>\n<p>Afati i dor\u00ebzimit t\u00eb punimeve: <strong>12 tetor 2014<\/strong><\/p>\n<p>&nbsp;<\/p>\n<p><span class=\"fbUnderline\"><strong>V\u00ebrejtje:<\/strong><\/span><\/p>\n<ul>\n<li><em>N\u00eb p\u00ebrzgjedhje mund t\u00eb hyjn\u00eb vet\u00ebm punimet t\u00eb cil\u00ebt deri tani nuk jan\u00eb publikuar<\/em><\/li>\n<li><em>Autor\u00ebt garantojn\u00eb q\u00eb asnj\u00eb nga elementet e punimeve t\u00eb tyre nuk \u00ebsht\u00eb kopje e ndonj\u00eb punimi tjet\u00ebr autorial<\/em><\/li>\n<li><em>Me pjes\u00ebmarrjen n\u00eb Konkurs, autor\u00ebt pranojn\u00eb q\u00eb \u201cHorizonti i Ri\u201d ruan t\u00eb drejt\u00ebn e p\u00ebrdorimit t\u00eb punimeve p\u00ebr q\u00ebllime informuese dhe edukative ose p\u00ebr q\u00ebllime sensibilizimi, n\u00eb aktivitetet e projektit<\/em><\/li>\n<\/ul>\n","protected":false},"excerpt":{"rendered":"<p>Me q\u00ebllim t\u00eb grumbullimit sa m\u00eb efektiv t\u00eb mendimeve dhe sugjerimeve t\u00eb t\u00eb rinjve, p\u00ebr m\u00ebnyr\u00ebn e zhvillimit t\u00eb politikave rinore n\u00eb komun\u00ebn ton\u00eb, OJQ \u201cHORIZONTI I RI\u201d hap\u00eb konkurs p\u00ebr fotografi dhe punime figurative me tem\u00ebn \u201cULQINI &#8211; QYTET P\u00cbR T\u00cb RINJ\u201d. Q\u00ebllimi i konkursit \u00ebsht\u00eb q\u00eb t\u00eb rinjt\u00eb n\u00eb m\u00ebnyre kreative, p\u00ebrmes fotografis\u00eb [&hellip;]<\/p>\n","protected":false},"author":1,"featured_media":0,"comment_status":"closed","ping_status":"closed","sticky":false,"template":"","format":"standard","meta":{"spay_email":"","jetpack_publicize_message":"","jetpack_is_tweetstorm":false,"jetpack_publicize_feature_enabled":true},"categories":[13],"tags":[],"jetpack_publicize_connections":[],"yoast_head":"<!-- This site is optimized with the Yoast SEO plugin v19.1 - https:\/\/yoast.com\/wordpress\/plugins\/seo\/ -->\n<title>Horizonti i ri: Konkurs i fortografis\u00eb dhe i punimeve figurative n\u00eb Ulqin - Lajme nga Ulqini<\/title>\n<meta name=\"description\" content=\"Me q\u00ebllim t\u00eb grumbullimit sa m\u00eb efektiv t\u00eb mendimeve dhe sugjerimeve t\u00eb t\u00eb rinjve, p\u00ebr m\u00ebnyr\u00ebn e zhvillimit t\u00eb politikave rinore n\u00eb komun\u00ebn ton\u00eb, OJQ\" \/>\n<meta name=\"robots\" content=\"index, follow, max-snippet:-1, max-image-preview:large, max-video-preview:-1\" \/>\n<link rel=\"canonical\" href=\"https:\/\/www.visit-ulcinj.com\/blog\/2014\/09\/18\/horizonti-ri-konkurs-fortografise-dhe-punimeve-figurative-ne-ulqin\/\" \/>\n<meta property=\"og:locale\" content=\"en_US\" \/>\n<meta property=\"og:type\" content=\"article\" \/>\n<meta property=\"og:title\" content=\"Horizonti i ri: Konkurs i fortografis\u00eb dhe i punimeve figurative n\u00eb Ulqin - Lajme nga Ulqini\" \/>\n<meta property=\"og:description\" content=\"Me q\u00ebllim t\u00eb grumbullimit sa m\u00eb efektiv t\u00eb mendimeve dhe sugjerimeve t\u00eb t\u00eb rinjve, p\u00ebr m\u00ebnyr\u00ebn e zhvillimit t\u00eb politikave rinore n\u00eb komun\u00ebn ton\u00eb, OJQ\" \/>\n<meta property=\"og:url\" content=\"https:\/\/www.visit-ulcinj.com\/blog\/2014\/09\/18\/horizonti-ri-konkurs-fortografise-dhe-punimeve-figurative-ne-ulqin\/\" \/>\n<meta property=\"og:site_name\" content=\"Lajme nga Ulqini\" \/>\n<meta property=\"article:published_time\" content=\"2014-09-18T15:36:56+00:00\" \/>\n<meta name=\"twitter:label1\" content=\"Written by\" \/>\n\t<meta name=\"twitter:data1\" content=\"ulqini\" \/>\n\t<meta name=\"twitter:label2\" content=\"Est. reading time\" \/>\n\t<meta name=\"twitter:data2\" content=\"2 minutes\" \/>\n<script type=\"application\/ld+json\" class=\"yoast-schema-graph\">{\"@context\":\"https:\/\/schema.org\",\"@graph\":[{\"@type\":\"WebSite\",\"@id\":\"https:\/\/www.visit-ulcinj.com\/blog\/#website\",\"url\":\"https:\/\/www.visit-ulcinj.com\/blog\/\",\"name\":\"Lajme nga Ulqini\",\"description\":\"Lajme,Vijesti,Ulqini,Ulqin,Crna Gora,Mali i Zi\",\"potentialAction\":[{\"@type\":\"SearchAction\",\"target\":{\"@type\":\"EntryPoint\",\"urlTemplate\":\"https:\/\/www.visit-ulcinj.com\/blog\/?s={search_term_string}\"},\"query-input\":\"required name=search_term_string\"}],\"inLanguage\":\"en-US\"},{\"@type\":\"WebPage\",\"@id\":\"https:\/\/www.visit-ulcinj.com\/blog\/2014\/09\/18\/horizonti-ri-konkurs-fortografise-dhe-punimeve-figurative-ne-ulqin\/#webpage\",\"url\":\"https:\/\/www.visit-ulcinj.com\/blog\/2014\/09\/18\/horizonti-ri-konkurs-fortografise-dhe-punimeve-figurative-ne-ulqin\/\",\"name\":\"Horizonti i ri: Konkurs i fortografis\u00eb dhe i punimeve figurative n\u00eb Ulqin - Lajme nga Ulqini\",\"isPartOf\":{\"@id\":\"https:\/\/www.visit-ulcinj.com\/blog\/#website\"},\"datePublished\":\"2014-09-18T15:36:56+00:00\",\"dateModified\":\"2014-09-18T15:36:56+00:00\",\"author\":{\"@id\":\"https:\/\/www.visit-ulcinj.com\/blog\/#\/schema\/person\/dcab619c614d3038751c63bc2aadc06d\"},\"description\":\"Me q\u00ebllim t\u00eb grumbullimit sa m\u00eb efektiv t\u00eb mendimeve dhe sugjerimeve t\u00eb t\u00eb rinjve, p\u00ebr m\u00ebnyr\u00ebn e zhvillimit t\u00eb politikave rinore n\u00eb komun\u00ebn ton\u00eb, OJQ\",\"breadcrumb\":{\"@id\":\"https:\/\/www.visit-ulcinj.com\/blog\/2014\/09\/18\/horizonti-ri-konkurs-fortografise-dhe-punimeve-figurative-ne-ulqin\/#breadcrumb\"},\"inLanguage\":\"en-US\",\"potentialAction\":[{\"@type\":\"ReadAction\",\"target\":[\"https:\/\/www.visit-ulcinj.com\/blog\/2014\/09\/18\/horizonti-ri-konkurs-fortografise-dhe-punimeve-figurative-ne-ulqin\/\"]}]},{\"@type\":\"BreadcrumbList\",\"@id\":\"https:\/\/www.visit-ulcinj.com\/blog\/2014\/09\/18\/horizonti-ri-konkurs-fortografise-dhe-punimeve-figurative-ne-ulqin\/#breadcrumb\",\"itemListElement\":[{\"@type\":\"ListItem\",\"position\":1,\"name\":\"Horizonti i ri: Konkurs i fortografis\u00eb dhe i punimeve figurative n\u00eb Ulqin\"}]},{\"@type\":\"Person\",\"@id\":\"https:\/\/www.visit-ulcinj.com\/blog\/#\/schema\/person\/dcab619c614d3038751c63bc2aadc06d\",\"name\":\"ulqini\",\"sameAs\":[\"http:\/\/www.visit-ulcinj.com\"],\"url\":\"https:\/\/www.visit-ulcinj.com\/blog\/author\/admin\/\"}]}<\/script>\n<!-- \/ Yoast SEO plugin. -->","yoast_head_json":{"title":"Horizonti i ri: Konkurs i fortografis\u00eb dhe i punimeve figurative n\u00eb Ulqin - Lajme nga Ulqini","description":"Me q\u00ebllim t\u00eb grumbullimit sa m\u00eb efektiv t\u00eb mendimeve dhe sugjerimeve t\u00eb t\u00eb rinjve, p\u00ebr m\u00ebnyr\u00ebn e zhvillimit t\u00eb politikave rinore n\u00eb komun\u00ebn ton\u00eb, OJQ","robots":{"index":"index","follow":"follow","max-snippet":"max-snippet:-1","max-image-preview":"max-image-preview:large","max-video-preview":"max-video-preview:-1"},"canonical":"https:\/\/www.visit-ulcinj.com\/blog\/2014\/09\/18\/horizonti-ri-konkurs-fortografise-dhe-punimeve-figurative-ne-ulqin\/","og_locale":"en_US","og_type":"article","og_title":"Horizonti i ri: Konkurs i fortografis\u00eb dhe i punimeve figurative n\u00eb Ulqin - Lajme nga Ulqini","og_description":"Me q\u00ebllim t\u00eb grumbullimit sa m\u00eb efektiv t\u00eb mendimeve dhe sugjerimeve t\u00eb t\u00eb rinjve, p\u00ebr m\u00ebnyr\u00ebn e zhvillimit t\u00eb politikave rinore n\u00eb komun\u00ebn ton\u00eb, OJQ","og_url":"https:\/\/www.visit-ulcinj.com\/blog\/2014\/09\/18\/horizonti-ri-konkurs-fortografise-dhe-punimeve-figurative-ne-ulqin\/","og_site_name":"Lajme nga Ulqini","article_published_time":"2014-09-18T15:36:56+00:00","twitter_misc":{"Written by":"ulqini","Est. reading time":"2 minutes"},"schema":{"@context":"https:\/\/schema.org","@graph":[{"@type":"WebSite","@id":"https:\/\/www.visit-ulcinj.com\/blog\/#website","url":"https:\/\/www.visit-ulcinj.com\/blog\/","name":"Lajme nga Ulqini","description":"Lajme,Vijesti,Ulqini,Ulqin,Crna Gora,Mali i Zi","potentialAction":[{"@type":"SearchAction","target":{"@type":"EntryPoint","urlTemplate":"https:\/\/www.visit-ulcinj.com\/blog\/?s={search_term_string}"},"query-input":"required name=search_term_string"}],"inLanguage":"en-US"},{"@type":"WebPage","@id":"https:\/\/www.visit-ulcinj.com\/blog\/2014\/09\/18\/horizonti-ri-konkurs-fortografise-dhe-punimeve-figurative-ne-ulqin\/#webpage","url":"https:\/\/www.visit-ulcinj.com\/blog\/2014\/09\/18\/horizonti-ri-konkurs-fortografise-dhe-punimeve-figurative-ne-ulqin\/","name":"Horizonti i ri: Konkurs i fortografis\u00eb dhe i punimeve figurative n\u00eb Ulqin - Lajme nga Ulqini","isPartOf":{"@id":"https:\/\/www.visit-ulcinj.com\/blog\/#website"},"datePublished":"2014-09-18T15:36:56+00:00","dateModified":"2014-09-18T15:36:56+00:00","author":{"@id":"https:\/\/www.visit-ulcinj.com\/blog\/#\/schema\/person\/dcab619c614d3038751c63bc2aadc06d"},"description":"Me q\u00ebllim t\u00eb grumbullimit sa m\u00eb efektiv t\u00eb mendimeve dhe sugjerimeve t\u00eb t\u00eb rinjve, p\u00ebr m\u00ebnyr\u00ebn e zhvillimit t\u00eb politikave rinore n\u00eb komun\u00ebn ton\u00eb, OJQ","breadcrumb":{"@id":"https:\/\/www.visit-ulcinj.com\/blog\/2014\/09\/18\/horizonti-ri-konkurs-fortografise-dhe-punimeve-figurative-ne-ulqin\/#breadcrumb"},"inLanguage":"en-US","potentialAction":[{"@type":"ReadAction","target":["https:\/\/www.visit-ulcinj.com\/blog\/2014\/09\/18\/horizonti-ri-konkurs-fortografise-dhe-punimeve-figurative-ne-ulqin\/"]}]},{"@type":"BreadcrumbList","@id":"https:\/\/www.visit-ulcinj.com\/blog\/2014\/09\/18\/horizonti-ri-konkurs-fortografise-dhe-punimeve-figurative-ne-ulqin\/#breadcrumb","itemListElement":[{"@type":"ListItem","position":1,"name":"Horizonti i ri: Konkurs i fortografis\u00eb dhe i punimeve figurative n\u00eb Ulqin"}]},{"@type":"Person","@id":"https:\/\/www.visit-ulcinj.com\/blog\/#\/schema\/person\/dcab619c614d3038751c63bc2aadc06d","name":"ulqini","sameAs":["http:\/\/www.visit-ulcinj.com"],"url":"https:\/\/www.visit-ulcinj.com\/blog\/author\/admin\/"}]}},"jetpack_featured_media_url":"","jetpack_sharing_enabled":true,"jetpack_shortlink":"https:\/\/wp.me\/pe6lTn-mc9","_links":{"self":[{"href":"https:\/\/www.visit-ulcinj.com\/blog\/wp-json\/wp\/v2\/posts\/85321"}],"collection":[{"href":"https:\/\/www.visit-ulcinj.com\/blog\/wp-json\/wp\/v2\/posts"}],"about":[{"href":"https:\/\/www.visit-ulcinj.com\/blog\/wp-json\/wp\/v2\/types\/post"}],"author":[{"embeddable":true,"href":"https:\/\/www.visit-ulcinj.com\/blog\/wp-json\/wp\/v2\/users\/1"}],"replies":[{"embeddable":true,"href":"https:\/\/www.visit-ulcinj.com\/blog\/wp-json\/wp\/v2\/comments?post=85321"}],"version-history":[{"count":1,"href":"https:\/\/www.visit-ulcinj.com\/blog\/wp-json\/wp\/v2\/posts\/85321\/revisions"}],"predecessor-version":[{"id":85323,"href":"https:\/\/www.visit-ulcinj.com\/blog\/wp-json\/wp\/v2\/posts\/85321\/revisions\/85323"}],"wp:attachment":[{"href":"https:\/\/www.visit-ulcinj.com\/blog\/wp-json\/wp\/v2\/media?parent=85321"}],"wp:term":[{"taxonomy":"category","embeddable":true,"href":"https:\/\/www.visit-ulcinj.com\/blog\/wp-json\/wp\/v2\/categories?post=85321"},{"taxonomy":"post_tag","embeddable":true,"href":"https:\/\/www.visit-ulcinj.com\/blog\/wp-json\/wp\/v2\/tags?post=85321"}],"curies":[{"name":"wp","href":"https:\/\/api.w.org\/{rel}","templated":true}]}}