{"id":85333,"date":"2014-09-19T14:19:50","date_gmt":"2014-09-19T13:19:50","guid":{"rendered":"http:\/\/www.visit-ulcinj.com\/blog\/?p=85333"},"modified":"2014-09-19T14:19:50","modified_gmt":"2014-09-19T13:19:50","slug":"dolcinium-international-festival","status":"publish","type":"post","link":"https:\/\/www.visit-ulcinj.com\/blog\/2014\/09\/19\/dolcinium-international-festival\/","title":{"rendered":"Dolcinium International Festival"},"content":{"rendered":"<p style=\"text-align: center;\"><strong><a href=\"http:\/\/www.visit-ulcinj.com\/blog\/wp-content\/uploads\/2014\/09\/DOLCINIUM-INTERNATIONAL-FESTIVAL.jpg\"><img loading=\"lazy\" class=\"alignleft wp-image-85334\" src=\"http:\/\/www.visit-ulcinj.com\/blog\/wp-content\/uploads\/2014\/09\/DOLCINIUM-INTERNATIONAL-FESTIVAL.jpg\" alt=\"DOLCINIUM INTERNATIONAL FESTIVAL\" width=\"508\" height=\"337\" srcset=\"https:\/\/www.visit-ulcinj.com\/blog\/wp-content\/uploads\/2014\/09\/DOLCINIUM-INTERNATIONAL-FESTIVAL.jpg 649w, https:\/\/www.visit-ulcinj.com\/blog\/wp-content\/uploads\/2014\/09\/DOLCINIUM-INTERNATIONAL-FESTIVAL-300x199.jpg 300w\" sizes=\"(max-width: 508px) 100vw, 508px\" \/><\/a>Lajm\u00ebrim p\u00ebr manifestimin <\/strong><\/p>\n<p style=\"text-align: center;\"><strong>DOLCINIUM INTERNATIONAL FESTIVAL<\/strong><\/p>\n<p>&nbsp;<\/p>\n<p>Organizata Turistike e Ulqinit njofton t\u00eb gjith\u00eb qytetar\u00ebt q\u00eb p\u00ebr her\u00eb t\u00eb par\u00eb fiton n\u00eb konkursin q\u00eb \u00ebsht\u00eb shpallur nga Ministria e turizmit lidhur me manifestimet q\u00eb do t\u00eb mbahen prej muajit t\u00eb tetorit deri n\u00eb dhjetor. Projekti i cili \u00ebsht\u00eb punuar nga Sh\u00ebrbimi i Organizat\u00ebs Turistike ka t\u00eb b\u00ebj\u00eb me manifestimin tre ditor e at\u00eb prej 16 deri me 18 tetor. Ky manifestim do te quhet \u201cDolcinium International Festival\u201d dhe p\u00ebrfshin Dit\u00ebn e Sheg\u00ebs q\u00eb do t\u00eb organizohet n\u00eb bashk\u00ebpunim me BKA, si dhe dy dit\u00eb me aktivitete sportive, aktivitete p\u00ebr f\u00ebmij\u00eb, koktej, koncert me shoqata kulturore dhe folklorike si dhe koncert t\u00eb madh muzikor n\u00eb bashk\u00ebpunim me Porta di Danza ku edhe zyrtarisht do ta shpallim t\u00eb mbyllur sezonin turistik veror p\u00ebr k\u00ebt\u00eb vit.<\/p>\n<p><a href=\"http:\/\/www.visit-ulcinj.com\/blog\/wp-content\/uploads\/2014\/09\/DOLCINIUM-INTERNATIONAL-FESTIVAL-1.jpg\"><img loading=\"lazy\" class=\"alignleft wp-image-85335\" src=\"http:\/\/www.visit-ulcinj.com\/blog\/wp-content\/uploads\/2014\/09\/DOLCINIUM-INTERNATIONAL-FESTIVAL-1.jpg\" alt=\"DOLCINIUM INTERNATIONAL FESTIVAL-1\" width=\"508\" height=\"230\" srcset=\"https:\/\/www.visit-ulcinj.com\/blog\/wp-content\/uploads\/2014\/09\/DOLCINIUM-INTERNATIONAL-FESTIVAL-1.jpg 951w, https:\/\/www.visit-ulcinj.com\/blog\/wp-content\/uploads\/2014\/09\/DOLCINIUM-INTERNATIONAL-FESTIVAL-1-300x135.jpg 300w\" sizes=\"(max-width: 508px) 100vw, 508px\" \/><\/a><\/p>\n<p>Duhet theksuar q\u00eb edhe krahas pun\u00ebs s\u00eb palodhshme gjat\u00eb sezonit veror kemi arritur t\u00eb b\u00ebjm\u00eb nj\u00eb projekt fantastik me t\u00eb cilin edhe Ministria e turizmit ishte shum\u00eb e k\u00ebnaqur ku edhe na shpalli fitues.<\/p>\n<p>Organizata Turistike edhe pse me nj\u00eb buxhet tejet t\u00eb vog\u00ebl do t\u00eb vazhdoj\u00eb me aktivitete t\u00eb tilla edhe gjat\u00eb muajve n\u00eb vijim gjithnj\u00eb me nj\u00eb q\u00ebllim t\u00eb nj\u00eb promovimi m\u00eb t\u00eb mir\u00eb t\u00eb ofert\u00ebs turistike.<\/p>\n<p><strong>Organizata Turistike e Ulqinit<\/strong><\/p>\n\n\t\t<style type=\"text\/css\">\n\t\t\t#gallery-1 {\n\t\t\t\tmargin: auto;\n\t\t\t}\n\t\t\t#gallery-1 .gallery-item {\n\t\t\t\tfloat: left;\n\t\t\t\tmargin-top: 10px;\n\t\t\t\ttext-align: center;\n\t\t\t\twidth: 33%;\n\t\t\t}\n\t\t\t#gallery-1 img {\n\t\t\t\tborder: 2px solid #cfcfcf;\n\t\t\t}\n\t\t\t#gallery-1 .gallery-caption {\n\t\t\t\tmargin-left: 0;\n\t\t\t}\n\t\t\t\/* see gallery_shortcode() in wp-includes\/media.php *\/\n\t\t<\/style>\n\t\t<div id='gallery-1' class='gallery galleryid-85333 gallery-columns-3 gallery-size-thumbnail'><dl class='gallery-item'>\n\t\t\t<dt class='gallery-icon landscape'>\n\t\t\t\t<a href='https:\/\/www.visit-ulcinj.com\/blog\/2014\/09\/19\/dolcinium-international-festival\/dolcinium-international-festival-2\/'><img width=\"150\" height=\"150\" src=\"https:\/\/www.visit-ulcinj.com\/blog\/wp-content\/uploads\/2014\/09\/DOLCINIUM-INTERNATIONAL-FESTIVAL-2-150x150.jpg\" class=\"attachment-thumbnail size-thumbnail\" alt=\"\" loading=\"lazy\" \/><\/a>\n\t\t\t<\/dt><\/dl><dl class='gallery-item'>\n\t\t\t<dt class='gallery-icon landscape'>\n\t\t\t\t<a href='https:\/\/www.visit-ulcinj.com\/blog\/2014\/09\/19\/dolcinium-international-festival\/dolcinium-international-festival-3\/'><img width=\"150\" height=\"150\" src=\"https:\/\/www.visit-ulcinj.com\/blog\/wp-content\/uploads\/2014\/09\/DOLCINIUM-INTERNATIONAL-FESTIVAL-3-150x150.jpg\" class=\"attachment-thumbnail size-thumbnail\" alt=\"\" loading=\"lazy\" \/><\/a>\n\t\t\t<\/dt><\/dl><dl class='gallery-item'>\n\t\t\t<dt class='gallery-icon landscape'>\n\t\t\t\t<a href='https:\/\/www.visit-ulcinj.com\/blog\/2014\/09\/19\/dolcinium-international-festival\/dolcinium-international-festival-4\/'><img width=\"150\" height=\"150\" src=\"https:\/\/www.visit-ulcinj.com\/blog\/wp-content\/uploads\/2014\/09\/DOLCINIUM-INTERNATIONAL-FESTIVAL-4-150x150.jpg\" class=\"attachment-thumbnail size-thumbnail\" alt=\"\" loading=\"lazy\" \/><\/a>\n\t\t\t<\/dt><\/dl><br style=\"clear: both\" \/>\n\t\t<\/div>\n\n","protected":false},"excerpt":{"rendered":"<p>Lajm\u00ebrim p\u00ebr manifestimin DOLCINIUM INTERNATIONAL FESTIVAL &nbsp; Organizata Turistike e Ulqinit njofton t\u00eb gjith\u00eb qytetar\u00ebt q\u00eb p\u00ebr her\u00eb t\u00eb par\u00eb fiton n\u00eb konkursin q\u00eb \u00ebsht\u00eb shpallur nga Ministria e turizmit lidhur me manifestimet q\u00eb do t\u00eb mbahen prej muajit t\u00eb tetorit deri n\u00eb dhjetor. Projekti i cili \u00ebsht\u00eb punuar nga Sh\u00ebrbimi i Organizat\u00ebs Turistike ka [&hellip;]<\/p>\n","protected":false},"author":1,"featured_media":0,"comment_status":"closed","ping_status":"closed","sticky":false,"template":"","format":"standard","meta":{"spay_email":"","jetpack_publicize_message":"","jetpack_is_tweetstorm":false,"jetpack_publicize_feature_enabled":true},"categories":[15],"tags":[],"jetpack_publicize_connections":[],"yoast_head":"<!-- This site is optimized with the Yoast SEO plugin v19.1 - https:\/\/yoast.com\/wordpress\/plugins\/seo\/ -->\n<title>Dolcinium International Festival - Lajme nga Ulqini<\/title>\n<meta name=\"description\" content=\"Lajm\u00ebrim p\u00ebr manifestimin DOLCINIUM INTERNATIONAL FESTIVAL &nbsp; Organizata Turistike e Ulqinit njofton t\u00eb gjith\u00eb qytetar\u00ebt q\u00eb p\u00ebr her\u00eb t\u00eb par\u00eb fiton n\u00eb\" \/>\n<meta name=\"robots\" content=\"index, follow, max-snippet:-1, max-image-preview:large, max-video-preview:-1\" \/>\n<link rel=\"canonical\" href=\"https:\/\/www.visit-ulcinj.com\/blog\/2014\/09\/19\/dolcinium-international-festival\/\" \/>\n<meta property=\"og:locale\" content=\"en_US\" \/>\n<meta property=\"og:type\" content=\"article\" \/>\n<meta property=\"og:title\" content=\"Dolcinium International Festival - Lajme nga Ulqini\" \/>\n<meta property=\"og:description\" content=\"Lajm\u00ebrim p\u00ebr manifestimin DOLCINIUM INTERNATIONAL FESTIVAL &nbsp; Organizata Turistike e Ulqinit njofton t\u00eb gjith\u00eb qytetar\u00ebt q\u00eb p\u00ebr her\u00eb t\u00eb par\u00eb fiton n\u00eb\" \/>\n<meta property=\"og:url\" content=\"https:\/\/www.visit-ulcinj.com\/blog\/2014\/09\/19\/dolcinium-international-festival\/\" \/>\n<meta property=\"og:site_name\" content=\"Lajme nga Ulqini\" \/>\n<meta property=\"article:published_time\" content=\"2014-09-19T13:19:50+00:00\" \/>\n<meta property=\"og:image\" content=\"https:\/\/www.visit-ulcinj.com\/blog\/wp-content\/uploads\/2014\/09\/DOLCINIUM-INTERNATIONAL-FESTIVAL-2-150x150.jpg\" \/>\n<meta name=\"twitter:label1\" content=\"Written by\" \/>\n\t<meta name=\"twitter:data1\" content=\"ulqini\" \/>\n\t<meta name=\"twitter:label2\" content=\"Est. reading time\" \/>\n\t<meta name=\"twitter:data2\" content=\"1 minute\" \/>\n<script type=\"application\/ld+json\" class=\"yoast-schema-graph\">{\"@context\":\"https:\/\/schema.org\",\"@graph\":[{\"@type\":\"WebSite\",\"@id\":\"https:\/\/www.visit-ulcinj.com\/blog\/#website\",\"url\":\"https:\/\/www.visit-ulcinj.com\/blog\/\",\"name\":\"Lajme nga Ulqini\",\"description\":\"Lajme,Vijesti,Ulqini,Ulqin,Crna Gora,Mali i Zi\",\"potentialAction\":[{\"@type\":\"SearchAction\",\"target\":{\"@type\":\"EntryPoint\",\"urlTemplate\":\"https:\/\/www.visit-ulcinj.com\/blog\/?s={search_term_string}\"},\"query-input\":\"required name=search_term_string\"}],\"inLanguage\":\"en-US\"},{\"@type\":\"ImageObject\",\"inLanguage\":\"en-US\",\"@id\":\"https:\/\/www.visit-ulcinj.com\/blog\/2014\/09\/19\/dolcinium-international-festival\/#primaryimage\",\"url\":\"https:\/\/www.visit-ulcinj.com\/blog\/wp-content\/uploads\/2014\/09\/DOLCINIUM-INTERNATIONAL-FESTIVAL.jpg\",\"contentUrl\":\"https:\/\/www.visit-ulcinj.com\/blog\/wp-content\/uploads\/2014\/09\/DOLCINIUM-INTERNATIONAL-FESTIVAL.jpg\",\"width\":649,\"height\":431},{\"@type\":\"WebPage\",\"@id\":\"https:\/\/www.visit-ulcinj.com\/blog\/2014\/09\/19\/dolcinium-international-festival\/#webpage\",\"url\":\"https:\/\/www.visit-ulcinj.com\/blog\/2014\/09\/19\/dolcinium-international-festival\/\",\"name\":\"Dolcinium International Festival - Lajme nga Ulqini\",\"isPartOf\":{\"@id\":\"https:\/\/www.visit-ulcinj.com\/blog\/#website\"},\"primaryImageOfPage\":{\"@id\":\"https:\/\/www.visit-ulcinj.com\/blog\/2014\/09\/19\/dolcinium-international-festival\/#primaryimage\"},\"datePublished\":\"2014-09-19T13:19:50+00:00\",\"dateModified\":\"2014-09-19T13:19:50+00:00\",\"author\":{\"@id\":\"https:\/\/www.visit-ulcinj.com\/blog\/#\/schema\/person\/dcab619c614d3038751c63bc2aadc06d\"},\"description\":\"Lajm\u00ebrim p\u00ebr manifestimin DOLCINIUM INTERNATIONAL FESTIVAL &nbsp; Organizata Turistike e Ulqinit njofton t\u00eb gjith\u00eb qytetar\u00ebt q\u00eb p\u00ebr her\u00eb t\u00eb par\u00eb fiton n\u00eb\",\"breadcrumb\":{\"@id\":\"https:\/\/www.visit-ulcinj.com\/blog\/2014\/09\/19\/dolcinium-international-festival\/#breadcrumb\"},\"inLanguage\":\"en-US\",\"potentialAction\":[{\"@type\":\"ReadAction\",\"target\":[\"https:\/\/www.visit-ulcinj.com\/blog\/2014\/09\/19\/dolcinium-international-festival\/\"]}]},{\"@type\":\"BreadcrumbList\",\"@id\":\"https:\/\/www.visit-ulcinj.com\/blog\/2014\/09\/19\/dolcinium-international-festival\/#breadcrumb\",\"itemListElement\":[{\"@type\":\"ListItem\",\"position\":1,\"name\":\"Dolcinium International Festival\"}]},{\"@type\":\"Person\",\"@id\":\"https:\/\/www.visit-ulcinj.com\/blog\/#\/schema\/person\/dcab619c614d3038751c63bc2aadc06d\",\"name\":\"ulqini\",\"sameAs\":[\"http:\/\/www.visit-ulcinj.com\"],\"url\":\"https:\/\/www.visit-ulcinj.com\/blog\/author\/admin\/\"}]}<\/script>\n<!-- \/ Yoast SEO plugin. -->","yoast_head_json":{"title":"Dolcinium International Festival - Lajme nga Ulqini","description":"Lajm\u00ebrim p\u00ebr manifestimin DOLCINIUM INTERNATIONAL FESTIVAL &nbsp; Organizata Turistike e Ulqinit njofton t\u00eb gjith\u00eb qytetar\u00ebt q\u00eb p\u00ebr her\u00eb t\u00eb par\u00eb fiton n\u00eb","robots":{"index":"index","follow":"follow","max-snippet":"max-snippet:-1","max-image-preview":"max-image-preview:large","max-video-preview":"max-video-preview:-1"},"canonical":"https:\/\/www.visit-ulcinj.com\/blog\/2014\/09\/19\/dolcinium-international-festival\/","og_locale":"en_US","og_type":"article","og_title":"Dolcinium International Festival - Lajme nga Ulqini","og_description":"Lajm\u00ebrim p\u00ebr manifestimin DOLCINIUM INTERNATIONAL FESTIVAL &nbsp; Organizata Turistike e Ulqinit njofton t\u00eb gjith\u00eb qytetar\u00ebt q\u00eb p\u00ebr her\u00eb t\u00eb par\u00eb fiton n\u00eb","og_url":"https:\/\/www.visit-ulcinj.com\/blog\/2014\/09\/19\/dolcinium-international-festival\/","og_site_name":"Lajme nga Ulqini","article_published_time":"2014-09-19T13:19:50+00:00","og_image":[{"url":"https:\/\/www.visit-ulcinj.com\/blog\/wp-content\/uploads\/2014\/09\/DOLCINIUM-INTERNATIONAL-FESTIVAL-2-150x150.jpg"}],"twitter_misc":{"Written by":"ulqini","Est. reading time":"1 minute"},"schema":{"@context":"https:\/\/schema.org","@graph":[{"@type":"WebSite","@id":"https:\/\/www.visit-ulcinj.com\/blog\/#website","url":"https:\/\/www.visit-ulcinj.com\/blog\/","name":"Lajme nga Ulqini","description":"Lajme,Vijesti,Ulqini,Ulqin,Crna Gora,Mali i Zi","potentialAction":[{"@type":"SearchAction","target":{"@type":"EntryPoint","urlTemplate":"https:\/\/www.visit-ulcinj.com\/blog\/?s={search_term_string}"},"query-input":"required name=search_term_string"}],"inLanguage":"en-US"},{"@type":"ImageObject","inLanguage":"en-US","@id":"https:\/\/www.visit-ulcinj.com\/blog\/2014\/09\/19\/dolcinium-international-festival\/#primaryimage","url":"https:\/\/www.visit-ulcinj.com\/blog\/wp-content\/uploads\/2014\/09\/DOLCINIUM-INTERNATIONAL-FESTIVAL.jpg","contentUrl":"https:\/\/www.visit-ulcinj.com\/blog\/wp-content\/uploads\/2014\/09\/DOLCINIUM-INTERNATIONAL-FESTIVAL.jpg","width":649,"height":431},{"@type":"WebPage","@id":"https:\/\/www.visit-ulcinj.com\/blog\/2014\/09\/19\/dolcinium-international-festival\/#webpage","url":"https:\/\/www.visit-ulcinj.com\/blog\/2014\/09\/19\/dolcinium-international-festival\/","name":"Dolcinium International Festival - Lajme nga Ulqini","isPartOf":{"@id":"https:\/\/www.visit-ulcinj.com\/blog\/#website"},"primaryImageOfPage":{"@id":"https:\/\/www.visit-ulcinj.com\/blog\/2014\/09\/19\/dolcinium-international-festival\/#primaryimage"},"datePublished":"2014-09-19T13:19:50+00:00","dateModified":"2014-09-19T13:19:50+00:00","author":{"@id":"https:\/\/www.visit-ulcinj.com\/blog\/#\/schema\/person\/dcab619c614d3038751c63bc2aadc06d"},"description":"Lajm\u00ebrim p\u00ebr manifestimin DOLCINIUM INTERNATIONAL FESTIVAL &nbsp; Organizata Turistike e Ulqinit njofton t\u00eb gjith\u00eb qytetar\u00ebt q\u00eb p\u00ebr her\u00eb t\u00eb par\u00eb fiton n\u00eb","breadcrumb":{"@id":"https:\/\/www.visit-ulcinj.com\/blog\/2014\/09\/19\/dolcinium-international-festival\/#breadcrumb"},"inLanguage":"en-US","potentialAction":[{"@type":"ReadAction","target":["https:\/\/www.visit-ulcinj.com\/blog\/2014\/09\/19\/dolcinium-international-festival\/"]}]},{"@type":"BreadcrumbList","@id":"https:\/\/www.visit-ulcinj.com\/blog\/2014\/09\/19\/dolcinium-international-festival\/#breadcrumb","itemListElement":[{"@type":"ListItem","position":1,"name":"Dolcinium International Festival"}]},{"@type":"Person","@id":"https:\/\/www.visit-ulcinj.com\/blog\/#\/schema\/person\/dcab619c614d3038751c63bc2aadc06d","name":"ulqini","sameAs":["http:\/\/www.visit-ulcinj.com"],"url":"https:\/\/www.visit-ulcinj.com\/blog\/author\/admin\/"}]}},"jetpack_featured_media_url":"","jetpack_sharing_enabled":true,"jetpack_shortlink":"https:\/\/wp.me\/pe6lTn-mcl","_links":{"self":[{"href":"https:\/\/www.visit-ulcinj.com\/blog\/wp-json\/wp\/v2\/posts\/85333"}],"collection":[{"href":"https:\/\/www.visit-ulcinj.com\/blog\/wp-json\/wp\/v2\/posts"}],"about":[{"href":"https:\/\/www.visit-ulcinj.com\/blog\/wp-json\/wp\/v2\/types\/post"}],"author":[{"embeddable":true,"href":"https:\/\/www.visit-ulcinj.com\/blog\/wp-json\/wp\/v2\/users\/1"}],"replies":[{"embeddable":true,"href":"https:\/\/www.visit-ulcinj.com\/blog\/wp-json\/wp\/v2\/comments?post=85333"}],"version-history":[{"count":1,"href":"https:\/\/www.visit-ulcinj.com\/blog\/wp-json\/wp\/v2\/posts\/85333\/revisions"}],"predecessor-version":[{"id":85339,"href":"https:\/\/www.visit-ulcinj.com\/blog\/wp-json\/wp\/v2\/posts\/85333\/revisions\/85339"}],"wp:attachment":[{"href":"https:\/\/www.visit-ulcinj.com\/blog\/wp-json\/wp\/v2\/media?parent=85333"}],"wp:term":[{"taxonomy":"category","embeddable":true,"href":"https:\/\/www.visit-ulcinj.com\/blog\/wp-json\/wp\/v2\/categories?post=85333"},{"taxonomy":"post_tag","embeddable":true,"href":"https:\/\/www.visit-ulcinj.com\/blog\/wp-json\/wp\/v2\/tags?post=85333"}],"curies":[{"name":"wp","href":"https:\/\/api.w.org\/{rel}","templated":true}]}}