{"id":85340,"date":"2014-09-19T14:25:03","date_gmt":"2014-09-19T13:25:03","guid":{"rendered":"http:\/\/www.visit-ulcinj.com\/blog\/?p=85340"},"modified":"2014-09-19T14:25:03","modified_gmt":"2014-09-19T13:25:03","slug":"dolcinium-international-festival-manifestacija","status":"publish","type":"post","link":"https:\/\/www.visit-ulcinj.com\/blog\/2014\/09\/19\/dolcinium-international-festival-manifestacija\/","title":{"rendered":"Dolcinium International Festival Manifestacija"},"content":{"rendered":"<p style=\"text-align: center;\"><strong><a href=\"http:\/\/www.visit-ulcinj.com\/blog\/wp-content\/uploads\/2014\/09\/DOLCINIUM-INTERNATIONAL-FESTIVAL-1.jpg\"><img loading=\"lazy\" class=\"alignleft wp-image-85335\" src=\"http:\/\/www.visit-ulcinj.com\/blog\/wp-content\/uploads\/2014\/09\/DOLCINIUM-INTERNATIONAL-FESTIVAL-1.jpg\" alt=\"DOLCINIUM INTERNATIONAL FESTIVAL-1\" width=\"508\" height=\"230\" srcset=\"https:\/\/www.visit-ulcinj.com\/blog\/wp-content\/uploads\/2014\/09\/DOLCINIUM-INTERNATIONAL-FESTIVAL-1.jpg 951w, https:\/\/www.visit-ulcinj.com\/blog\/wp-content\/uploads\/2014\/09\/DOLCINIUM-INTERNATIONAL-FESTIVAL-1-300x135.jpg 300w\" sizes=\"(max-width: 508px) 100vw, 508px\" \/><\/a>Obavje\u0161tenje za manifestaciju <\/strong><\/p>\n<p style=\"text-align: center;\"><strong>DOLCINIUM INTERNATIONAL FESTIVAL<\/strong><\/p>\n<p>&nbsp;<\/p>\n<p>Turisti\u010dka Organizacija Ulcinj obavje\u0161tava sve gra\u0111ane da je na konkursu koji je raspisan od strane Ministarstva turizma CG za manifestacije koje se organizuju od oktobra do decembra dobila po prvi put projekat koji je uradila stru\u010dna slu\u017eba TOU a radi se o trodnevnoj manifestaciji koja \u0107e se odr\u017eati od 16 do 19. oktobra. Manifestacija \u0107e se zvati \u201cDolcinium International Festival I obuhvata Dan Nara 16.oktobra koji \u0107e se organizovati u saradnji sa BKA , kao i dva sljede\u0107a dana sa raznim akivnostima za djecu, koktelom, muzi\u010dkim koncertima gdje \u0107e u\u010destvovati kulturna i folklorna udru\u017eenja iz regiona i Evrope kao i veliki muzi\u010dki koncert 18.oktobra na Maloj pla\u017ei kojim \u0107emo i zvani\u010dno zatvoriti ljetnju turisti\u010dku sezonu za ovu godinu. Sve ovo se organizuje u saradnji sa Porta di Danza.<\/p>\n<p><a href=\"http:\/\/www.visit-ulcinj.com\/blog\/wp-content\/uploads\/2014\/09\/DOLCINIUM-INTERNATIONAL-FESTIVAL.jpg\"><img loading=\"lazy\" class=\"alignleft wp-image-85334\" src=\"http:\/\/www.visit-ulcinj.com\/blog\/wp-content\/uploads\/2014\/09\/DOLCINIUM-INTERNATIONAL-FESTIVAL.jpg\" alt=\"DOLCINIUM INTERNATIONAL FESTIVAL\" width=\"508\" height=\"337\" srcset=\"https:\/\/www.visit-ulcinj.com\/blog\/wp-content\/uploads\/2014\/09\/DOLCINIUM-INTERNATIONAL-FESTIVAL.jpg 649w, https:\/\/www.visit-ulcinj.com\/blog\/wp-content\/uploads\/2014\/09\/DOLCINIUM-INTERNATIONAL-FESTIVAL-300x199.jpg 300w\" sizes=\"(max-width: 508px) 100vw, 508px\" \/><\/a><\/p>\n<p>Treba napomenuti da uprkos brojnim obavezama tokom ljetnje sezone smo uspjeli da odradimo jedan fantasti\u010dan projekat za koji nam je Ministarstvo turizma dala saglasnot. Turisti\u010dka Organizacija iako sa veoma skromnim bud\u017eetom \u0107e nastaviti u daljnjem periodu da organizuje i podr\u017ei sli\u010dne manifestacije a sve u cilju pobolj\u0161anja turisti\u010dke ponude grada Ulcinja.<\/p>\n<p><strong>Turisti\u010dka Organizacija Ulcinj<\/strong><\/p>\n\n\t\t<style type=\"text\/css\">\n\t\t\t#gallery-1 {\n\t\t\t\tmargin: auto;\n\t\t\t}\n\t\t\t#gallery-1 .gallery-item {\n\t\t\t\tfloat: left;\n\t\t\t\tmargin-top: 10px;\n\t\t\t\ttext-align: center;\n\t\t\t\twidth: 33%;\n\t\t\t}\n\t\t\t#gallery-1 img {\n\t\t\t\tborder: 2px solid #cfcfcf;\n\t\t\t}\n\t\t\t#gallery-1 .gallery-caption {\n\t\t\t\tmargin-left: 0;\n\t\t\t}\n\t\t\t\/* see gallery_shortcode() in wp-includes\/media.php *\/\n\t\t<\/style>\n\t\t<div id='gallery-1' class='gallery galleryid-85340 gallery-columns-3 gallery-size-thumbnail'><dl class='gallery-item'>\n\t\t\t<dt class='gallery-icon landscape'>\n\t\t\t\t<a href='https:\/\/www.visit-ulcinj.com\/blog\/2014\/09\/19\/dolcinium-international-festival\/dolcinium-international-festival-3\/'><img width=\"150\" height=\"150\" src=\"https:\/\/www.visit-ulcinj.com\/blog\/wp-content\/uploads\/2014\/09\/DOLCINIUM-INTERNATIONAL-FESTIVAL-3-150x150.jpg\" class=\"attachment-thumbnail size-thumbnail\" alt=\"\" loading=\"lazy\" \/><\/a>\n\t\t\t<\/dt><\/dl><dl class='gallery-item'>\n\t\t\t<dt class='gallery-icon landscape'>\n\t\t\t\t<a href='https:\/\/www.visit-ulcinj.com\/blog\/2014\/09\/19\/dolcinium-international-festival\/dolcinium-international-festival-4\/'><img width=\"150\" height=\"150\" src=\"https:\/\/www.visit-ulcinj.com\/blog\/wp-content\/uploads\/2014\/09\/DOLCINIUM-INTERNATIONAL-FESTIVAL-4-150x150.jpg\" class=\"attachment-thumbnail size-thumbnail\" alt=\"\" loading=\"lazy\" \/><\/a>\n\t\t\t<\/dt><\/dl><dl class='gallery-item'>\n\t\t\t<dt class='gallery-icon landscape'>\n\t\t\t\t<a href='https:\/\/www.visit-ulcinj.com\/blog\/2014\/09\/19\/dolcinium-international-festival\/dolcinium-international-festival-2\/'><img width=\"150\" height=\"150\" src=\"https:\/\/www.visit-ulcinj.com\/blog\/wp-content\/uploads\/2014\/09\/DOLCINIUM-INTERNATIONAL-FESTIVAL-2-150x150.jpg\" class=\"attachment-thumbnail size-thumbnail\" alt=\"\" loading=\"lazy\" \/><\/a>\n\t\t\t<\/dt><\/dl><br style=\"clear: both\" \/>\n\t\t<\/div>\n\n","protected":false},"excerpt":{"rendered":"<p>Obavje\u0161tenje za manifestaciju DOLCINIUM INTERNATIONAL FESTIVAL &nbsp; Turisti\u010dka Organizacija Ulcinj obavje\u0161tava sve gra\u0111ane da je na konkursu koji je raspisan od strane Ministarstva turizma CG za manifestacije koje se organizuju od oktobra do decembra dobila po prvi put projekat koji je uradila stru\u010dna slu\u017eba TOU a radi se o trodnevnoj manifestaciji koja \u0107e se odr\u017eati [&hellip;]<\/p>\n","protected":false},"author":1,"featured_media":0,"comment_status":"closed","ping_status":"closed","sticky":false,"template":"","format":"standard","meta":{"spay_email":"","jetpack_publicize_message":"","jetpack_is_tweetstorm":false,"jetpack_publicize_feature_enabled":true},"categories":[8337],"tags":[],"jetpack_publicize_connections":[],"yoast_head":"<!-- This site is optimized with the Yoast SEO plugin v19.1 - https:\/\/yoast.com\/wordpress\/plugins\/seo\/ -->\n<title>Dolcinium International Festival Manifestacija - Lajme nga Ulqini<\/title>\n<meta name=\"description\" content=\"Obavje\u0161tenje za manifestaciju DOLCINIUM INTERNATIONAL FESTIVAL &nbsp; Turisti\u010dka Organizacija Ulcinj obavje\u0161tava sve gra\u0111ane da je na konkursu koji je\" \/>\n<meta name=\"robots\" content=\"index, follow, max-snippet:-1, max-image-preview:large, max-video-preview:-1\" \/>\n<link rel=\"canonical\" href=\"https:\/\/www.visit-ulcinj.com\/blog\/2014\/09\/19\/dolcinium-international-festival-manifestacija\/\" \/>\n<meta property=\"og:locale\" content=\"en_US\" \/>\n<meta property=\"og:type\" content=\"article\" \/>\n<meta property=\"og:title\" content=\"Dolcinium International Festival Manifestacija - Lajme nga Ulqini\" \/>\n<meta property=\"og:description\" content=\"Obavje\u0161tenje za manifestaciju DOLCINIUM INTERNATIONAL FESTIVAL &nbsp; Turisti\u010dka Organizacija Ulcinj obavje\u0161tava sve gra\u0111ane da je na konkursu koji je\" \/>\n<meta property=\"og:url\" content=\"https:\/\/www.visit-ulcinj.com\/blog\/2014\/09\/19\/dolcinium-international-festival-manifestacija\/\" \/>\n<meta property=\"og:site_name\" content=\"Lajme nga Ulqini\" \/>\n<meta property=\"article:published_time\" content=\"2014-09-19T13:25:03+00:00\" \/>\n<meta property=\"og:image\" content=\"https:\/\/www.visit-ulcinj.com\/blog\/wp-content\/uploads\/2014\/09\/DOLCINIUM-INTERNATIONAL-FESTIVAL-3-150x150.jpg\" \/>\n<meta name=\"twitter:label1\" content=\"Written by\" \/>\n\t<meta name=\"twitter:data1\" content=\"ulqini\" \/>\n\t<meta name=\"twitter:label2\" content=\"Est. reading time\" \/>\n\t<meta name=\"twitter:data2\" content=\"1 minute\" \/>\n<script type=\"application\/ld+json\" class=\"yoast-schema-graph\">{\"@context\":\"https:\/\/schema.org\",\"@graph\":[{\"@type\":\"WebSite\",\"@id\":\"https:\/\/www.visit-ulcinj.com\/blog\/#website\",\"url\":\"https:\/\/www.visit-ulcinj.com\/blog\/\",\"name\":\"Lajme nga Ulqini\",\"description\":\"Lajme,Vijesti,Ulqini,Ulqin,Crna Gora,Mali i Zi\",\"potentialAction\":[{\"@type\":\"SearchAction\",\"target\":{\"@type\":\"EntryPoint\",\"urlTemplate\":\"https:\/\/www.visit-ulcinj.com\/blog\/?s={search_term_string}\"},\"query-input\":\"required name=search_term_string\"}],\"inLanguage\":\"en-US\"},{\"@type\":\"ImageObject\",\"inLanguage\":\"en-US\",\"@id\":\"https:\/\/www.visit-ulcinj.com\/blog\/2014\/09\/19\/dolcinium-international-festival-manifestacija\/#primaryimage\",\"url\":\"https:\/\/www.visit-ulcinj.com\/blog\/wp-content\/uploads\/2014\/09\/DOLCINIUM-INTERNATIONAL-FESTIVAL-1.jpg\",\"contentUrl\":\"https:\/\/www.visit-ulcinj.com\/blog\/wp-content\/uploads\/2014\/09\/DOLCINIUM-INTERNATIONAL-FESTIVAL-1.jpg\",\"width\":951,\"height\":431},{\"@type\":\"WebPage\",\"@id\":\"https:\/\/www.visit-ulcinj.com\/blog\/2014\/09\/19\/dolcinium-international-festival-manifestacija\/#webpage\",\"url\":\"https:\/\/www.visit-ulcinj.com\/blog\/2014\/09\/19\/dolcinium-international-festival-manifestacija\/\",\"name\":\"Dolcinium International Festival Manifestacija - Lajme nga Ulqini\",\"isPartOf\":{\"@id\":\"https:\/\/www.visit-ulcinj.com\/blog\/#website\"},\"primaryImageOfPage\":{\"@id\":\"https:\/\/www.visit-ulcinj.com\/blog\/2014\/09\/19\/dolcinium-international-festival-manifestacija\/#primaryimage\"},\"datePublished\":\"2014-09-19T13:25:03+00:00\",\"dateModified\":\"2014-09-19T13:25:03+00:00\",\"author\":{\"@id\":\"https:\/\/www.visit-ulcinj.com\/blog\/#\/schema\/person\/dcab619c614d3038751c63bc2aadc06d\"},\"description\":\"Obavje\u0161tenje za manifestaciju DOLCINIUM INTERNATIONAL FESTIVAL &nbsp; Turisti\u010dka Organizacija Ulcinj obavje\u0161tava sve gra\u0111ane da je na konkursu koji je\",\"breadcrumb\":{\"@id\":\"https:\/\/www.visit-ulcinj.com\/blog\/2014\/09\/19\/dolcinium-international-festival-manifestacija\/#breadcrumb\"},\"inLanguage\":\"en-US\",\"potentialAction\":[{\"@type\":\"ReadAction\",\"target\":[\"https:\/\/www.visit-ulcinj.com\/blog\/2014\/09\/19\/dolcinium-international-festival-manifestacija\/\"]}]},{\"@type\":\"BreadcrumbList\",\"@id\":\"https:\/\/www.visit-ulcinj.com\/blog\/2014\/09\/19\/dolcinium-international-festival-manifestacija\/#breadcrumb\",\"itemListElement\":[{\"@type\":\"ListItem\",\"position\":1,\"name\":\"Dolcinium International Festival Manifestacija\"}]},{\"@type\":\"Person\",\"@id\":\"https:\/\/www.visit-ulcinj.com\/blog\/#\/schema\/person\/dcab619c614d3038751c63bc2aadc06d\",\"name\":\"ulqini\",\"sameAs\":[\"http:\/\/www.visit-ulcinj.com\"],\"url\":\"https:\/\/www.visit-ulcinj.com\/blog\/author\/admin\/\"}]}<\/script>\n<!-- \/ Yoast SEO plugin. -->","yoast_head_json":{"title":"Dolcinium International Festival Manifestacija - Lajme nga Ulqini","description":"Obavje\u0161tenje za manifestaciju DOLCINIUM INTERNATIONAL FESTIVAL &nbsp; Turisti\u010dka Organizacija Ulcinj obavje\u0161tava sve gra\u0111ane da je na konkursu koji je","robots":{"index":"index","follow":"follow","max-snippet":"max-snippet:-1","max-image-preview":"max-image-preview:large","max-video-preview":"max-video-preview:-1"},"canonical":"https:\/\/www.visit-ulcinj.com\/blog\/2014\/09\/19\/dolcinium-international-festival-manifestacija\/","og_locale":"en_US","og_type":"article","og_title":"Dolcinium International Festival Manifestacija - Lajme nga Ulqini","og_description":"Obavje\u0161tenje za manifestaciju DOLCINIUM INTERNATIONAL FESTIVAL &nbsp; Turisti\u010dka Organizacija Ulcinj obavje\u0161tava sve gra\u0111ane da je na konkursu koji je","og_url":"https:\/\/www.visit-ulcinj.com\/blog\/2014\/09\/19\/dolcinium-international-festival-manifestacija\/","og_site_name":"Lajme nga Ulqini","article_published_time":"2014-09-19T13:25:03+00:00","og_image":[{"url":"https:\/\/www.visit-ulcinj.com\/blog\/wp-content\/uploads\/2014\/09\/DOLCINIUM-INTERNATIONAL-FESTIVAL-3-150x150.jpg"}],"twitter_misc":{"Written by":"ulqini","Est. reading time":"1 minute"},"schema":{"@context":"https:\/\/schema.org","@graph":[{"@type":"WebSite","@id":"https:\/\/www.visit-ulcinj.com\/blog\/#website","url":"https:\/\/www.visit-ulcinj.com\/blog\/","name":"Lajme nga Ulqini","description":"Lajme,Vijesti,Ulqini,Ulqin,Crna Gora,Mali i Zi","potentialAction":[{"@type":"SearchAction","target":{"@type":"EntryPoint","urlTemplate":"https:\/\/www.visit-ulcinj.com\/blog\/?s={search_term_string}"},"query-input":"required name=search_term_string"}],"inLanguage":"en-US"},{"@type":"ImageObject","inLanguage":"en-US","@id":"https:\/\/www.visit-ulcinj.com\/blog\/2014\/09\/19\/dolcinium-international-festival-manifestacija\/#primaryimage","url":"https:\/\/www.visit-ulcinj.com\/blog\/wp-content\/uploads\/2014\/09\/DOLCINIUM-INTERNATIONAL-FESTIVAL-1.jpg","contentUrl":"https:\/\/www.visit-ulcinj.com\/blog\/wp-content\/uploads\/2014\/09\/DOLCINIUM-INTERNATIONAL-FESTIVAL-1.jpg","width":951,"height":431},{"@type":"WebPage","@id":"https:\/\/www.visit-ulcinj.com\/blog\/2014\/09\/19\/dolcinium-international-festival-manifestacija\/#webpage","url":"https:\/\/www.visit-ulcinj.com\/blog\/2014\/09\/19\/dolcinium-international-festival-manifestacija\/","name":"Dolcinium International Festival Manifestacija - Lajme nga Ulqini","isPartOf":{"@id":"https:\/\/www.visit-ulcinj.com\/blog\/#website"},"primaryImageOfPage":{"@id":"https:\/\/www.visit-ulcinj.com\/blog\/2014\/09\/19\/dolcinium-international-festival-manifestacija\/#primaryimage"},"datePublished":"2014-09-19T13:25:03+00:00","dateModified":"2014-09-19T13:25:03+00:00","author":{"@id":"https:\/\/www.visit-ulcinj.com\/blog\/#\/schema\/person\/dcab619c614d3038751c63bc2aadc06d"},"description":"Obavje\u0161tenje za manifestaciju DOLCINIUM INTERNATIONAL FESTIVAL &nbsp; Turisti\u010dka Organizacija Ulcinj obavje\u0161tava sve gra\u0111ane da je na konkursu koji je","breadcrumb":{"@id":"https:\/\/www.visit-ulcinj.com\/blog\/2014\/09\/19\/dolcinium-international-festival-manifestacija\/#breadcrumb"},"inLanguage":"en-US","potentialAction":[{"@type":"ReadAction","target":["https:\/\/www.visit-ulcinj.com\/blog\/2014\/09\/19\/dolcinium-international-festival-manifestacija\/"]}]},{"@type":"BreadcrumbList","@id":"https:\/\/www.visit-ulcinj.com\/blog\/2014\/09\/19\/dolcinium-international-festival-manifestacija\/#breadcrumb","itemListElement":[{"@type":"ListItem","position":1,"name":"Dolcinium International Festival Manifestacija"}]},{"@type":"Person","@id":"https:\/\/www.visit-ulcinj.com\/blog\/#\/schema\/person\/dcab619c614d3038751c63bc2aadc06d","name":"ulqini","sameAs":["http:\/\/www.visit-ulcinj.com"],"url":"https:\/\/www.visit-ulcinj.com\/blog\/author\/admin\/"}]}},"jetpack_featured_media_url":"","jetpack_sharing_enabled":true,"jetpack_shortlink":"https:\/\/wp.me\/pe6lTn-mcs","_links":{"self":[{"href":"https:\/\/www.visit-ulcinj.com\/blog\/wp-json\/wp\/v2\/posts\/85340"}],"collection":[{"href":"https:\/\/www.visit-ulcinj.com\/blog\/wp-json\/wp\/v2\/posts"}],"about":[{"href":"https:\/\/www.visit-ulcinj.com\/blog\/wp-json\/wp\/v2\/types\/post"}],"author":[{"embeddable":true,"href":"https:\/\/www.visit-ulcinj.com\/blog\/wp-json\/wp\/v2\/users\/1"}],"replies":[{"embeddable":true,"href":"https:\/\/www.visit-ulcinj.com\/blog\/wp-json\/wp\/v2\/comments?post=85340"}],"version-history":[{"count":1,"href":"https:\/\/www.visit-ulcinj.com\/blog\/wp-json\/wp\/v2\/posts\/85340\/revisions"}],"predecessor-version":[{"id":85341,"href":"https:\/\/www.visit-ulcinj.com\/blog\/wp-json\/wp\/v2\/posts\/85340\/revisions\/85341"}],"wp:attachment":[{"href":"https:\/\/www.visit-ulcinj.com\/blog\/wp-json\/wp\/v2\/media?parent=85340"}],"wp:term":[{"taxonomy":"category","embeddable":true,"href":"https:\/\/www.visit-ulcinj.com\/blog\/wp-json\/wp\/v2\/categories?post=85340"},{"taxonomy":"post_tag","embeddable":true,"href":"https:\/\/www.visit-ulcinj.com\/blog\/wp-json\/wp\/v2\/tags?post=85340"}],"curies":[{"name":"wp","href":"https:\/\/api.w.org\/{rel}","templated":true}]}}