{"id":85342,"date":"2014-09-19T14:31:14","date_gmt":"2014-09-19T13:31:14","guid":{"rendered":"http:\/\/www.visit-ulcinj.com\/blog\/?p=85342"},"modified":"2014-09-19T14:31:14","modified_gmt":"2014-09-19T13:31:14","slug":"dites-ekologjike-te-malit-te-zi-rda-uba-dhe-hapi-gjelbert","status":"publish","type":"post","link":"https:\/\/www.visit-ulcinj.com\/blog\/2014\/09\/19\/dites-ekologjike-te-malit-te-zi-rda-uba-dhe-hapi-gjelbert\/","title":{"rendered":"Dit\u00ebs ekologjike t\u00eb Malit t\u00eb Zi, \u201cRDA-UBA\u201d dhe \u201cHAPI I GJELB\u00cbRT\u201d"},"content":{"rendered":"<p style=\"text-align: center;\"><strong>Kumtes\u00eb p\u00ebr Opinion<\/strong><\/p>\n<p><strong>\u00a0<\/strong><\/p>\n<p><strong><a href=\"http:\/\/www.visit-ulcinj.com\/blog\/wp-content\/uploads\/2014\/09\/earth-day.jpg\"><img loading=\"lazy\" class=\"alignleft wp-image-85343 size-medium\" src=\"http:\/\/www.visit-ulcinj.com\/blog\/wp-content\/uploads\/2014\/09\/earth-day-300x262.jpg\" alt=\"earth-day\" width=\"300\" height=\"262\" srcset=\"https:\/\/www.visit-ulcinj.com\/blog\/wp-content\/uploads\/2014\/09\/earth-day-300x262.jpg 300w, https:\/\/www.visit-ulcinj.com\/blog\/wp-content\/uploads\/2014\/09\/earth-day.jpg 500w\" sizes=\"(max-width: 300px) 100vw, 300px\" \/><\/a>Me rastin e 20 shtatorit, <\/strong><strong>D<\/strong><strong>it\u00ebs ekologjike t\u00eb Malit t\u00eb Zi, \u201cRDA-UBA\u201d dhe \u201cHAPI I GJELB\u00cbRT\u201d dalin me k\u00ebt\u00eb kumtes\u00eb:<\/strong><\/p>\n<p>&nbsp;<\/p>\n<p>Para 23 viteve Parlamenti i Malit t\u00eb Zi e ka miratuar deklarat\u00ebn t\u00eb ashtuquajtur \u201cMali i Zi shtet ekologjik\u201d, n\u00eb t\u00eb cil\u00ebn n\u00ebrmjet tjerash theksohet: k\u00ebrc\u00ebnimi i natyr\u00ebs-mbrojtja e identitetit t\u00eb hapsir\u00ebs ku jetojm\u00eb \u00ebsht\u00eb obligimi i jon\u00eb p\u00ebr ekzistenc\u00ebn ton\u00eb dhe ardhm\u00ebrin\u00eb e pasardh\u00ebsave ton\u00eb. Dinjiteti i njeriut \u00ebsht\u00eb nj\u00ebkoh\u00ebsisht edhe dinjiteti i natyr\u00ebs, njeriu i takon natyr\u00ebs, natyra \u00ebsht\u00eb n\u00ebna jon\u00eb dhe njeriu me veprat e tija duhet ta ruaj n\u00ebn\u00ebn natyr\u00eb.<\/p>\n<p>Ftojm\u00eb t\u00eb gjith qytetar\u00ebt dhe institucionet e Ulqinit q\u00eb n\u00eb baz\u00eb t\u00eb Kushtetut\u00ebs s\u00eb Malit t\u00eb Zi si shtet ekologjik t\u00eb angazhohemi me diturin\u00eb dhe pjekurin\u00eb, mund\u00ebsit tona p\u00ebr ruajtjen e resurseve natyrore si\u00e7 jan\u00eb: Liqeni i Shasit me rrethin\u00eb, Lumi Buna, Ishulli Ada, Plazhi i Madh-Shtoji, lokaliteti Kriporja me Port Milen\u00eb, Valdanosi, Pylli i pishave, etj t\u00eb cilat duhet t\u00eb valorizohen vet\u00ebm me postulatet e zhvillimit t\u00eb q\u00ebndruesh\u00ebm dhe ekonomis\u00eb s\u00eb gjelb\u00ebrt, por jo me postulatet e kapitalit, profitit dhe interesave t\u00eb individ\u00ebve t\u00eb ve\u00e7ant\u00eb. Diturin\u00eb dhe dashurin\u00eb ndaj vendit ton\u00eb duhet ta tregojm\u00eb p\u00ebrmes miratimit t\u00eb Planit hapsinor t\u00eb Ulqinit n\u00eb interes t\u00eb qytetar\u00ebve dhe n\u00eb p\u00ebrshtatje me nevojat e natyres.<\/p>\n<p>&nbsp;<\/p>\n<p>Me respekt,<\/p>\n<p>Drejtori i RDA-UBA\u00a0\u00a0 \u00a0\u00a0\u00a0\u00a0\u00a0\u00a0\u00a0\u00a0\u00a0\u00a0\u00a0\u00a0\u00a0\u00a0\u00a0\u00a0\u00a0\u00a0\u00a0\u00a0\u00a0\u00a0\u00a0\u00a0\u00a0\u00a0\u00a0\u00a0\u00a0\u00a0\u00a0\u00a0\u00a0\u00a0\u00a0\u00a0\u00a0\u00a0\u00a0\u00a0\u00a0\u00a0 \u00a0 \u00a0 \u00a0 \u00a0 \u00a0 \u00a0 \u00a0 \u00a0 \u00a0 \u00a0 \u00a0 \u00a0 \u00a0 \u00a0 \u00a0 \u00a0 \u00a0 \u00a0 \u00a0 \u00a0 \u00a0 \u00a0 \u00a0 Drejtori i OJQ Hapi i Gjelbert<\/p>\n<p>Elvir Ze\u00e7eviq\u00a0\u00a0\u00a0\u00a0\u00a0\u00a0\u00a0\u00a0\u00a0\u00a0\u00a0\u00a0\u00a0\u00a0\u00a0\u00a0\u00a0\u00a0\u00a0\u00a0\u00a0\u00a0\u00a0\u00a0\u00a0\u00a0\u00a0\u00a0\u00a0\u00a0\u00a0\u00a0\u00a0\u00a0\u00a0\u00a0\u00a0\u00a0\u00a0\u00a0\u00a0\u00a0\u00a0\u00a0\u00a0 \u00a0 \u00a0 \u00a0 \u00a0 \u00a0 \u00a0 \u00a0 \u00a0 \u00a0 \u00a0 \u00a0 \u00a0 \u00a0 \u00a0 \u00a0 \u00a0 \u00a0 \u00a0 \u00a0 \u00a0 \u00a0 \u00a0 \u00a0 \u00a0 \u00a0 \u00a0 \u00a0 \u00a0 \u00a0 \u00a0\u00a0 \u00a0 Xhelal Hoxhiq<\/p>\n","protected":false},"excerpt":{"rendered":"<p>Kumtes\u00eb p\u00ebr Opinion \u00a0 Me rastin e 20 shtatorit, Dit\u00ebs ekologjike t\u00eb Malit t\u00eb Zi, \u201cRDA-UBA\u201d dhe \u201cHAPI I GJELB\u00cbRT\u201d dalin me k\u00ebt\u00eb kumtes\u00eb: &nbsp; Para 23 viteve Parlamenti i Malit t\u00eb Zi e ka miratuar deklarat\u00ebn t\u00eb ashtuquajtur \u201cMali i Zi shtet ekologjik\u201d, n\u00eb t\u00eb cil\u00ebn n\u00ebrmjet tjerash theksohet: k\u00ebrc\u00ebnimi i natyr\u00ebs-mbrojtja e identitetit [&hellip;]<\/p>\n","protected":false},"author":1,"featured_media":0,"comment_status":"closed","ping_status":"closed","sticky":false,"template":"","format":"standard","meta":{"spay_email":"","jetpack_publicize_message":"","jetpack_is_tweetstorm":false,"jetpack_publicize_feature_enabled":true},"categories":[12],"tags":[],"jetpack_publicize_connections":[],"yoast_head":"<!-- This site is optimized with the Yoast SEO plugin v19.1 - https:\/\/yoast.com\/wordpress\/plugins\/seo\/ -->\n<title>Dit\u00ebs ekologjike t\u00eb Malit t\u00eb Zi, \u201cRDA-UBA\u201d dhe \u201cHAPI I GJELB\u00cbRT\u201d - Lajme nga Ulqini<\/title>\n<meta name=\"description\" content=\"Kumtes\u00eb p\u00ebr Opinion \u00a0 Me rastin e 20 shtatorit, Dit\u00ebs ekologjike t\u00eb Malit t\u00eb Zi, \u201cRDA-UBA\u201d dhe \u201cHAPI I GJELB\u00cbRT\u201d dalin me k\u00ebt\u00eb kumtes\u00eb: &nbsp; Para 23\" \/>\n<meta name=\"robots\" content=\"index, follow, max-snippet:-1, max-image-preview:large, max-video-preview:-1\" \/>\n<link rel=\"canonical\" href=\"https:\/\/www.visit-ulcinj.com\/blog\/2014\/09\/19\/dites-ekologjike-te-malit-te-zi-rda-uba-dhe-hapi-gjelbert\/\" \/>\n<meta property=\"og:locale\" content=\"en_US\" \/>\n<meta property=\"og:type\" content=\"article\" \/>\n<meta property=\"og:title\" content=\"Dit\u00ebs ekologjike t\u00eb Malit t\u00eb Zi, \u201cRDA-UBA\u201d dhe \u201cHAPI I GJELB\u00cbRT\u201d - Lajme nga Ulqini\" \/>\n<meta property=\"og:description\" content=\"Kumtes\u00eb p\u00ebr Opinion \u00a0 Me rastin e 20 shtatorit, Dit\u00ebs ekologjike t\u00eb Malit t\u00eb Zi, \u201cRDA-UBA\u201d dhe \u201cHAPI I GJELB\u00cbRT\u201d dalin me k\u00ebt\u00eb kumtes\u00eb: &nbsp; Para 23\" \/>\n<meta property=\"og:url\" content=\"https:\/\/www.visit-ulcinj.com\/blog\/2014\/09\/19\/dites-ekologjike-te-malit-te-zi-rda-uba-dhe-hapi-gjelbert\/\" \/>\n<meta property=\"og:site_name\" content=\"Lajme nga Ulqini\" \/>\n<meta property=\"article:published_time\" content=\"2014-09-19T13:31:14+00:00\" \/>\n<meta property=\"og:image\" content=\"http:\/\/www.visit-ulcinj.com\/blog\/wp-content\/uploads\/2014\/09\/earth-day-300x262.jpg\" \/>\n<meta name=\"twitter:label1\" content=\"Written by\" \/>\n\t<meta name=\"twitter:data1\" content=\"ulqini\" \/>\n\t<meta name=\"twitter:label2\" content=\"Est. reading time\" \/>\n\t<meta name=\"twitter:data2\" content=\"1 minute\" \/>\n<script type=\"application\/ld+json\" class=\"yoast-schema-graph\">{\"@context\":\"https:\/\/schema.org\",\"@graph\":[{\"@type\":\"WebSite\",\"@id\":\"https:\/\/www.visit-ulcinj.com\/blog\/#website\",\"url\":\"https:\/\/www.visit-ulcinj.com\/blog\/\",\"name\":\"Lajme nga Ulqini\",\"description\":\"Lajme,Vijesti,Ulqini,Ulqin,Crna Gora,Mali i Zi\",\"potentialAction\":[{\"@type\":\"SearchAction\",\"target\":{\"@type\":\"EntryPoint\",\"urlTemplate\":\"https:\/\/www.visit-ulcinj.com\/blog\/?s={search_term_string}\"},\"query-input\":\"required name=search_term_string\"}],\"inLanguage\":\"en-US\"},{\"@type\":\"ImageObject\",\"inLanguage\":\"en-US\",\"@id\":\"https:\/\/www.visit-ulcinj.com\/blog\/2014\/09\/19\/dites-ekologjike-te-malit-te-zi-rda-uba-dhe-hapi-gjelbert\/#primaryimage\",\"url\":\"https:\/\/www.visit-ulcinj.com\/blog\/wp-content\/uploads\/2014\/09\/earth-day.jpg\",\"contentUrl\":\"https:\/\/www.visit-ulcinj.com\/blog\/wp-content\/uploads\/2014\/09\/earth-day.jpg\",\"width\":500,\"height\":438},{\"@type\":\"WebPage\",\"@id\":\"https:\/\/www.visit-ulcinj.com\/blog\/2014\/09\/19\/dites-ekologjike-te-malit-te-zi-rda-uba-dhe-hapi-gjelbert\/#webpage\",\"url\":\"https:\/\/www.visit-ulcinj.com\/blog\/2014\/09\/19\/dites-ekologjike-te-malit-te-zi-rda-uba-dhe-hapi-gjelbert\/\",\"name\":\"Dit\u00ebs ekologjike t\u00eb Malit t\u00eb Zi, \u201cRDA-UBA\u201d dhe \u201cHAPI I GJELB\u00cbRT\u201d - Lajme nga Ulqini\",\"isPartOf\":{\"@id\":\"https:\/\/www.visit-ulcinj.com\/blog\/#website\"},\"primaryImageOfPage\":{\"@id\":\"https:\/\/www.visit-ulcinj.com\/blog\/2014\/09\/19\/dites-ekologjike-te-malit-te-zi-rda-uba-dhe-hapi-gjelbert\/#primaryimage\"},\"datePublished\":\"2014-09-19T13:31:14+00:00\",\"dateModified\":\"2014-09-19T13:31:14+00:00\",\"author\":{\"@id\":\"https:\/\/www.visit-ulcinj.com\/blog\/#\/schema\/person\/dcab619c614d3038751c63bc2aadc06d\"},\"description\":\"Kumtes\u00eb p\u00ebr Opinion \u00a0 Me rastin e 20 shtatorit, Dit\u00ebs ekologjike t\u00eb Malit t\u00eb Zi, \u201cRDA-UBA\u201d dhe \u201cHAPI I GJELB\u00cbRT\u201d dalin me k\u00ebt\u00eb kumtes\u00eb: &nbsp; Para 23\",\"breadcrumb\":{\"@id\":\"https:\/\/www.visit-ulcinj.com\/blog\/2014\/09\/19\/dites-ekologjike-te-malit-te-zi-rda-uba-dhe-hapi-gjelbert\/#breadcrumb\"},\"inLanguage\":\"en-US\",\"potentialAction\":[{\"@type\":\"ReadAction\",\"target\":[\"https:\/\/www.visit-ulcinj.com\/blog\/2014\/09\/19\/dites-ekologjike-te-malit-te-zi-rda-uba-dhe-hapi-gjelbert\/\"]}]},{\"@type\":\"BreadcrumbList\",\"@id\":\"https:\/\/www.visit-ulcinj.com\/blog\/2014\/09\/19\/dites-ekologjike-te-malit-te-zi-rda-uba-dhe-hapi-gjelbert\/#breadcrumb\",\"itemListElement\":[{\"@type\":\"ListItem\",\"position\":1,\"name\":\"Dit\u00ebs ekologjike t\u00eb Malit t\u00eb Zi, \u201cRDA-UBA\u201d dhe \u201cHAPI I GJELB\u00cbRT\u201d\"}]},{\"@type\":\"Person\",\"@id\":\"https:\/\/www.visit-ulcinj.com\/blog\/#\/schema\/person\/dcab619c614d3038751c63bc2aadc06d\",\"name\":\"ulqini\",\"sameAs\":[\"http:\/\/www.visit-ulcinj.com\"],\"url\":\"https:\/\/www.visit-ulcinj.com\/blog\/author\/admin\/\"}]}<\/script>\n<!-- \/ Yoast SEO plugin. -->","yoast_head_json":{"title":"Dit\u00ebs ekologjike t\u00eb Malit t\u00eb Zi, \u201cRDA-UBA\u201d dhe \u201cHAPI I GJELB\u00cbRT\u201d - Lajme nga Ulqini","description":"Kumtes\u00eb p\u00ebr Opinion \u00a0 Me rastin e 20 shtatorit, Dit\u00ebs ekologjike t\u00eb Malit t\u00eb Zi, \u201cRDA-UBA\u201d dhe \u201cHAPI I GJELB\u00cbRT\u201d dalin me k\u00ebt\u00eb kumtes\u00eb: &nbsp; Para 23","robots":{"index":"index","follow":"follow","max-snippet":"max-snippet:-1","max-image-preview":"max-image-preview:large","max-video-preview":"max-video-preview:-1"},"canonical":"https:\/\/www.visit-ulcinj.com\/blog\/2014\/09\/19\/dites-ekologjike-te-malit-te-zi-rda-uba-dhe-hapi-gjelbert\/","og_locale":"en_US","og_type":"article","og_title":"Dit\u00ebs ekologjike t\u00eb Malit t\u00eb Zi, \u201cRDA-UBA\u201d dhe \u201cHAPI I GJELB\u00cbRT\u201d - Lajme nga Ulqini","og_description":"Kumtes\u00eb p\u00ebr Opinion \u00a0 Me rastin e 20 shtatorit, Dit\u00ebs ekologjike t\u00eb Malit t\u00eb Zi, \u201cRDA-UBA\u201d dhe \u201cHAPI I GJELB\u00cbRT\u201d dalin me k\u00ebt\u00eb kumtes\u00eb: &nbsp; Para 23","og_url":"https:\/\/www.visit-ulcinj.com\/blog\/2014\/09\/19\/dites-ekologjike-te-malit-te-zi-rda-uba-dhe-hapi-gjelbert\/","og_site_name":"Lajme nga Ulqini","article_published_time":"2014-09-19T13:31:14+00:00","og_image":[{"url":"http:\/\/www.visit-ulcinj.com\/blog\/wp-content\/uploads\/2014\/09\/earth-day-300x262.jpg"}],"twitter_misc":{"Written by":"ulqini","Est. reading time":"1 minute"},"schema":{"@context":"https:\/\/schema.org","@graph":[{"@type":"WebSite","@id":"https:\/\/www.visit-ulcinj.com\/blog\/#website","url":"https:\/\/www.visit-ulcinj.com\/blog\/","name":"Lajme nga Ulqini","description":"Lajme,Vijesti,Ulqini,Ulqin,Crna Gora,Mali i Zi","potentialAction":[{"@type":"SearchAction","target":{"@type":"EntryPoint","urlTemplate":"https:\/\/www.visit-ulcinj.com\/blog\/?s={search_term_string}"},"query-input":"required name=search_term_string"}],"inLanguage":"en-US"},{"@type":"ImageObject","inLanguage":"en-US","@id":"https:\/\/www.visit-ulcinj.com\/blog\/2014\/09\/19\/dites-ekologjike-te-malit-te-zi-rda-uba-dhe-hapi-gjelbert\/#primaryimage","url":"https:\/\/www.visit-ulcinj.com\/blog\/wp-content\/uploads\/2014\/09\/earth-day.jpg","contentUrl":"https:\/\/www.visit-ulcinj.com\/blog\/wp-content\/uploads\/2014\/09\/earth-day.jpg","width":500,"height":438},{"@type":"WebPage","@id":"https:\/\/www.visit-ulcinj.com\/blog\/2014\/09\/19\/dites-ekologjike-te-malit-te-zi-rda-uba-dhe-hapi-gjelbert\/#webpage","url":"https:\/\/www.visit-ulcinj.com\/blog\/2014\/09\/19\/dites-ekologjike-te-malit-te-zi-rda-uba-dhe-hapi-gjelbert\/","name":"Dit\u00ebs ekologjike t\u00eb Malit t\u00eb Zi, \u201cRDA-UBA\u201d dhe \u201cHAPI I GJELB\u00cbRT\u201d - Lajme nga Ulqini","isPartOf":{"@id":"https:\/\/www.visit-ulcinj.com\/blog\/#website"},"primaryImageOfPage":{"@id":"https:\/\/www.visit-ulcinj.com\/blog\/2014\/09\/19\/dites-ekologjike-te-malit-te-zi-rda-uba-dhe-hapi-gjelbert\/#primaryimage"},"datePublished":"2014-09-19T13:31:14+00:00","dateModified":"2014-09-19T13:31:14+00:00","author":{"@id":"https:\/\/www.visit-ulcinj.com\/blog\/#\/schema\/person\/dcab619c614d3038751c63bc2aadc06d"},"description":"Kumtes\u00eb p\u00ebr Opinion \u00a0 Me rastin e 20 shtatorit, Dit\u00ebs ekologjike t\u00eb Malit t\u00eb Zi, \u201cRDA-UBA\u201d dhe \u201cHAPI I GJELB\u00cbRT\u201d dalin me k\u00ebt\u00eb kumtes\u00eb: &nbsp; Para 23","breadcrumb":{"@id":"https:\/\/www.visit-ulcinj.com\/blog\/2014\/09\/19\/dites-ekologjike-te-malit-te-zi-rda-uba-dhe-hapi-gjelbert\/#breadcrumb"},"inLanguage":"en-US","potentialAction":[{"@type":"ReadAction","target":["https:\/\/www.visit-ulcinj.com\/blog\/2014\/09\/19\/dites-ekologjike-te-malit-te-zi-rda-uba-dhe-hapi-gjelbert\/"]}]},{"@type":"BreadcrumbList","@id":"https:\/\/www.visit-ulcinj.com\/blog\/2014\/09\/19\/dites-ekologjike-te-malit-te-zi-rda-uba-dhe-hapi-gjelbert\/#breadcrumb","itemListElement":[{"@type":"ListItem","position":1,"name":"Dit\u00ebs ekologjike t\u00eb Malit t\u00eb Zi, \u201cRDA-UBA\u201d dhe \u201cHAPI I GJELB\u00cbRT\u201d"}]},{"@type":"Person","@id":"https:\/\/www.visit-ulcinj.com\/blog\/#\/schema\/person\/dcab619c614d3038751c63bc2aadc06d","name":"ulqini","sameAs":["http:\/\/www.visit-ulcinj.com"],"url":"https:\/\/www.visit-ulcinj.com\/blog\/author\/admin\/"}]}},"jetpack_featured_media_url":"","jetpack_sharing_enabled":true,"jetpack_shortlink":"https:\/\/wp.me\/pe6lTn-mcu","_links":{"self":[{"href":"https:\/\/www.visit-ulcinj.com\/blog\/wp-json\/wp\/v2\/posts\/85342"}],"collection":[{"href":"https:\/\/www.visit-ulcinj.com\/blog\/wp-json\/wp\/v2\/posts"}],"about":[{"href":"https:\/\/www.visit-ulcinj.com\/blog\/wp-json\/wp\/v2\/types\/post"}],"author":[{"embeddable":true,"href":"https:\/\/www.visit-ulcinj.com\/blog\/wp-json\/wp\/v2\/users\/1"}],"replies":[{"embeddable":true,"href":"https:\/\/www.visit-ulcinj.com\/blog\/wp-json\/wp\/v2\/comments?post=85342"}],"version-history":[{"count":1,"href":"https:\/\/www.visit-ulcinj.com\/blog\/wp-json\/wp\/v2\/posts\/85342\/revisions"}],"predecessor-version":[{"id":85344,"href":"https:\/\/www.visit-ulcinj.com\/blog\/wp-json\/wp\/v2\/posts\/85342\/revisions\/85344"}],"wp:attachment":[{"href":"https:\/\/www.visit-ulcinj.com\/blog\/wp-json\/wp\/v2\/media?parent=85342"}],"wp:term":[{"taxonomy":"category","embeddable":true,"href":"https:\/\/www.visit-ulcinj.com\/blog\/wp-json\/wp\/v2\/categories?post=85342"},{"taxonomy":"post_tag","embeddable":true,"href":"https:\/\/www.visit-ulcinj.com\/blog\/wp-json\/wp\/v2\/tags?post=85342"}],"curies":[{"name":"wp","href":"https:\/\/api.w.org\/{rel}","templated":true}]}}