{"id":85354,"date":"2014-09-19T16:19:04","date_gmt":"2014-09-19T15:19:04","guid":{"rendered":"http:\/\/www.visit-ulcinj.com\/blog\/?p=85354"},"modified":"2014-09-19T16:34:06","modified_gmt":"2014-09-19T15:34:06","slug":"fuad-haxhibeti-sot-ka-mbajtur-mbledhjen-e-kolegjiumit","status":"publish","type":"post","link":"https:\/\/www.visit-ulcinj.com\/blog\/2014\/09\/19\/fuad-haxhibeti-sot-ka-mbajtur-mbledhjen-e-kolegjiumit\/","title":{"rendered":"Fuad Haxhibeti sot ka mbajtur mbledhjen e Kolegjiumit &#8211; Video"},"content":{"rendered":"<p><span class=\"userContent\" data-ft=\"{&quot;tn&quot;:&quot;K&quot;}\"><a href=\"http:\/\/www.visit-ulcinj.com\/blog\/wp-content\/uploads\/2014\/02\/Fuad-Haxhibeti-ulqin.jpg\"><img loading=\"lazy\" class=\"alignleft wp-image-79947\" src=\"http:\/\/www.visit-ulcinj.com\/blog\/wp-content\/uploads\/2014\/02\/Fuad-Haxhibeti-ulqin.jpg\" alt=\"Fuad-Haxhibeti-ulqin\" width=\"508\" height=\"389\" srcset=\"https:\/\/www.visit-ulcinj.com\/blog\/wp-content\/uploads\/2014\/02\/Fuad-Haxhibeti-ulqin.jpg 510w, https:\/\/www.visit-ulcinj.com\/blog\/wp-content\/uploads\/2014\/02\/Fuad-Haxhibeti-ulqin-300x230.jpg 300w\" sizes=\"(max-width: 508px) 100vw, 508px\" \/><\/a>Kryetari i Kuvendit te Komunes s\u00eb Ulqinit Fuad Haxhibeti sot ka mbajtur mbledhjen e Kolegjiumit n\u00eb t\u00eb cilen shefat e klubeve jane dakorduar q\u00eb se shpejti te mbahet seance e posacme e Kuvendit Komunal me nje pike te rendit te dites: Draft plani hap\u00ebsinor\u00eb i Komun\u00ebs s\u00eb Ulqinit.<\/span><\/p>\n<p><span class=\"userContent\" data-ft=\"{&quot;tn&quot;:&quot;K&quot;}\"><br \/>\nSic deklaroi kryetarit Haxhibeti, kolegjiumi i radhes lidhur me kete ceshtje do te mbahet te marten kur edhe pritet te caktohet data e mbajtjes se mbledhjes se kuvendit.\/<strong>TV TEUTA<\/strong><\/span><\/p>\n<p><span data-ft=\"{&quot;tn&quot;:&quot;K&quot;}\"><strong>Disa informacione t\u00eb shkurt\u00ebra nga zyra e kryetarit t\u00eb Kuvendit<\/strong><\/span><\/p>\n<p>Kryetari i Kuvendit i Komun\u00ebs s\u00eb Ulqinit Z.Fuad Haxhibeti paralajm\u00ebron mbajtjen e seanc\u00ebs s\u00eb Kuvendit, ku do t\u00eb shqyrtohet drafti I planit hap\u00ebsinor\u00eb. Mbledhja do t\u00eb mbahet pas p\u00ebrfundimit t\u00eb shqyrtimit publik t\u00eb draftit t\u00eb planit hap\u00ebsinor\u00eb. Pas seanc\u00ebs z. Haxhibeti thekson q\u00eb do t\u00eb mblidhet I t\u00ebr\u00eb dokumentacioni p\u00ebrkates nga Nd\u00ebrmarrjet publike ,q\u00eb edhe ata t\u00eb ja<span class=\"text_exposed_show\">pin mendimet e tyre, n\u00eb lidhje me k\u00ebt\u00eb plan.<\/span><\/p>\n<p>Komuna e Ulqinit refuzon projekt draftin e planit p\u00ebr nevoja t\u00eb posa\u00e7me p\u00ebr hap\u00ebsir\u00ebn bregdetare. Nga informacionet q\u00eb ne posedojm\u00eb, bejm\u00eb t\u00eb ditur q\u00eb p\u00ebr k\u00ebt\u00eb draft nuk jepet pelqimi i Komun\u00ebs son\u00eb , plan t\u00eb cilin e propozoi Qeveria e Malit te Zi.<\/p>\n<p>Sekretari p\u00ebr urbaniz\u00ebm z. Mustaf\u00eb Gorana apelon edhe nj\u00eb her\u00eb tek qytetar\u00ebt e Komunes s\u00eb Ulqinit, q\u00eb deri me date 17.09.2014 t\u00eb japin v\u00ebrejtjet p\u00ebr planin hap\u00ebsinor\u00eb t\u00eb Komun\u00ebs s\u00eb Ulqinit.<\/p>\n<p><strong>Zyra e kryetarit t\u00eb kuvendit Haxhibeti<\/strong><\/p>\n<p>&nbsp;<\/p>\n<p>Kurse para dy dit\u00ebve Kryetari i Kuvendit komunal t\u00eb Ulqinit Fuad Haxhibeti ka deklaruar q\u00eb Shqiptar\u00ebt nuk jan\u00eb t\u00eb k\u00ebnaqur me situat\u00ebn n\u00eb t\u00eb cil\u00ebn ndodh\u00ebn dhe q\u00eb nuk kan\u00eb pritur q\u00eb \u00a0edhe tet\u00eb vite pas referendumit pushteti do t\u00eb sillej n\u00eb k\u00ebt\u00eb form\u00eb ndaj k\u00ebtij komuniteti nacional.<\/p>\n<p>Ai n\u00eb intervist\u00eb p\u00ebr t\u00eb p\u00ebrjavshmen \u201cKoja javor\u201d, e cila botohet n\u00eb gjuh\u00ebn shqipe, tha q\u00eb diskriminimi i Shqiptar\u00ebve kryesisht b\u00ebhet n\u00eb fush\u00ebn e ekonomis\u00eb, por edhe n\u00eb arsim.<\/p>\n<p>\u201cShum\u00eb t\u00eb rinj tan\u00eb jan\u00eb t\u00eb detyruar t\u00eb l\u00ebshojn\u00eb atdheun dhe t\u00eb emigrojn\u00eb, e nga ana tjet\u00ebr t\u00eb tjer\u00ebt vijn\u00eb t\u00eb punojn\u00eb dhe jetojn\u00eb k\u00ebtu\u201d, tha Haxhibeti.<\/p>\n<p>Duke folur p\u00ebr Planin hap\u00ebsinor-urbanistik t\u00eb komun\u00ebs s\u00eb Ulqinit ai shprehi frik\u00ebn q\u00eb Drafti i k\u00ebtij dokumenti m\u00eb t\u00eb r\u00ebnd\u00ebsish\u00ebm planifikues p\u00ebr k\u00ebt\u00eb vet\u00ebqeverisje lokale mund t\u00eb ndryshoj\u00eb 24 para se e miraton Qeveria e Malit t\u00eb Zi, raporton portali <strong>Ul.info<\/strong>.<\/p>\n<!--YouTube Error: bad URL entered-->\n","protected":false},"excerpt":{"rendered":"<p>Kryetari i Kuvendit te Komunes s\u00eb Ulqinit Fuad Haxhibeti sot ka mbajtur mbledhjen e Kolegjiumit n\u00eb t\u00eb cilen shefat e klubeve jane dakorduar q\u00eb se shpejti te mbahet seance e posacme e Kuvendit Komunal me nje pike te rendit te dites: Draft plani hap\u00ebsinor\u00eb i Komun\u00ebs s\u00eb Ulqinit. Sic deklaroi kryetarit Haxhibeti, kolegjiumi i radhes [&hellip;]<\/p>\n","protected":false},"author":1,"featured_media":0,"comment_status":"closed","ping_status":"closed","sticky":false,"template":"","format":"standard","meta":{"spay_email":"","jetpack_publicize_message":"","jetpack_is_tweetstorm":false,"jetpack_publicize_feature_enabled":true},"categories":[6],"tags":[],"jetpack_publicize_connections":[],"yoast_head":"<!-- This site is optimized with the Yoast SEO plugin v19.1 - https:\/\/yoast.com\/wordpress\/plugins\/seo\/ -->\n<title>Fuad Haxhibeti sot ka mbajtur mbledhjen e Kolegjiumit - Video - Lajme nga Ulqini<\/title>\n<meta name=\"description\" content=\"Kryetari i Kuvendit te Komunes s\u00eb Ulqinit Fuad Haxhibeti sot ka mbajtur mbledhjen e Kolegjiumit n\u00eb t\u00eb cilen shefat e klubeve jane dakorduar q\u00eb se shpejti\" \/>\n<meta name=\"robots\" content=\"index, follow, max-snippet:-1, max-image-preview:large, max-video-preview:-1\" \/>\n<link rel=\"canonical\" href=\"https:\/\/www.visit-ulcinj.com\/blog\/2014\/09\/19\/fuad-haxhibeti-sot-ka-mbajtur-mbledhjen-e-kolegjiumit\/\" \/>\n<meta property=\"og:locale\" content=\"en_US\" \/>\n<meta property=\"og:type\" content=\"article\" \/>\n<meta property=\"og:title\" content=\"Fuad Haxhibeti sot ka mbajtur mbledhjen e Kolegjiumit - Video - Lajme nga Ulqini\" \/>\n<meta property=\"og:description\" content=\"Kryetari i Kuvendit te Komunes s\u00eb Ulqinit Fuad Haxhibeti sot ka mbajtur mbledhjen e Kolegjiumit n\u00eb t\u00eb cilen shefat e klubeve jane dakorduar q\u00eb se shpejti\" \/>\n<meta property=\"og:url\" content=\"https:\/\/www.visit-ulcinj.com\/blog\/2014\/09\/19\/fuad-haxhibeti-sot-ka-mbajtur-mbledhjen-e-kolegjiumit\/\" \/>\n<meta property=\"og:site_name\" content=\"Lajme nga Ulqini\" \/>\n<meta property=\"article:published_time\" content=\"2014-09-19T15:19:04+00:00\" \/>\n<meta property=\"article:modified_time\" content=\"2014-09-19T15:34:06+00:00\" \/>\n<meta property=\"og:image\" content=\"http:\/\/www.visit-ulcinj.com\/blog\/wp-content\/uploads\/2014\/02\/Fuad-Haxhibeti-ulqin.jpg\" \/>\n<meta name=\"twitter:label1\" content=\"Written by\" \/>\n\t<meta name=\"twitter:data1\" content=\"ulqini\" \/>\n\t<meta name=\"twitter:label2\" content=\"Est. reading time\" \/>\n\t<meta name=\"twitter:data2\" content=\"2 minutes\" \/>\n<script type=\"application\/ld+json\" class=\"yoast-schema-graph\">{\"@context\":\"https:\/\/schema.org\",\"@graph\":[{\"@type\":\"WebSite\",\"@id\":\"https:\/\/www.visit-ulcinj.com\/blog\/#website\",\"url\":\"https:\/\/www.visit-ulcinj.com\/blog\/\",\"name\":\"Lajme nga Ulqini\",\"description\":\"Lajme,Vijesti,Ulqini,Ulqin,Crna Gora,Mali i Zi\",\"potentialAction\":[{\"@type\":\"SearchAction\",\"target\":{\"@type\":\"EntryPoint\",\"urlTemplate\":\"https:\/\/www.visit-ulcinj.com\/blog\/?s={search_term_string}\"},\"query-input\":\"required name=search_term_string\"}],\"inLanguage\":\"en-US\"},{\"@type\":\"ImageObject\",\"inLanguage\":\"en-US\",\"@id\":\"https:\/\/www.visit-ulcinj.com\/blog\/2014\/09\/19\/fuad-haxhibeti-sot-ka-mbajtur-mbledhjen-e-kolegjiumit\/#primaryimage\",\"url\":\"https:\/\/www.visit-ulcinj.com\/blog\/wp-content\/uploads\/2014\/02\/Fuad-Haxhibeti-ulqin.jpg\",\"contentUrl\":\"https:\/\/www.visit-ulcinj.com\/blog\/wp-content\/uploads\/2014\/02\/Fuad-Haxhibeti-ulqin.jpg\",\"width\":510,\"height\":391},{\"@type\":\"WebPage\",\"@id\":\"https:\/\/www.visit-ulcinj.com\/blog\/2014\/09\/19\/fuad-haxhibeti-sot-ka-mbajtur-mbledhjen-e-kolegjiumit\/#webpage\",\"url\":\"https:\/\/www.visit-ulcinj.com\/blog\/2014\/09\/19\/fuad-haxhibeti-sot-ka-mbajtur-mbledhjen-e-kolegjiumit\/\",\"name\":\"Fuad Haxhibeti sot ka mbajtur mbledhjen e Kolegjiumit - Video - Lajme nga Ulqini\",\"isPartOf\":{\"@id\":\"https:\/\/www.visit-ulcinj.com\/blog\/#website\"},\"primaryImageOfPage\":{\"@id\":\"https:\/\/www.visit-ulcinj.com\/blog\/2014\/09\/19\/fuad-haxhibeti-sot-ka-mbajtur-mbledhjen-e-kolegjiumit\/#primaryimage\"},\"datePublished\":\"2014-09-19T15:19:04+00:00\",\"dateModified\":\"2014-09-19T15:34:06+00:00\",\"author\":{\"@id\":\"https:\/\/www.visit-ulcinj.com\/blog\/#\/schema\/person\/dcab619c614d3038751c63bc2aadc06d\"},\"description\":\"Kryetari i Kuvendit te Komunes s\u00eb Ulqinit Fuad Haxhibeti sot ka mbajtur mbledhjen e Kolegjiumit n\u00eb t\u00eb cilen shefat e klubeve jane dakorduar q\u00eb se shpejti\",\"breadcrumb\":{\"@id\":\"https:\/\/www.visit-ulcinj.com\/blog\/2014\/09\/19\/fuad-haxhibeti-sot-ka-mbajtur-mbledhjen-e-kolegjiumit\/#breadcrumb\"},\"inLanguage\":\"en-US\",\"potentialAction\":[{\"@type\":\"ReadAction\",\"target\":[\"https:\/\/www.visit-ulcinj.com\/blog\/2014\/09\/19\/fuad-haxhibeti-sot-ka-mbajtur-mbledhjen-e-kolegjiumit\/\"]}]},{\"@type\":\"BreadcrumbList\",\"@id\":\"https:\/\/www.visit-ulcinj.com\/blog\/2014\/09\/19\/fuad-haxhibeti-sot-ka-mbajtur-mbledhjen-e-kolegjiumit\/#breadcrumb\",\"itemListElement\":[{\"@type\":\"ListItem\",\"position\":1,\"name\":\"Fuad Haxhibeti sot ka mbajtur mbledhjen e Kolegjiumit &#8211; Video\"}]},{\"@type\":\"Person\",\"@id\":\"https:\/\/www.visit-ulcinj.com\/blog\/#\/schema\/person\/dcab619c614d3038751c63bc2aadc06d\",\"name\":\"ulqini\",\"sameAs\":[\"http:\/\/www.visit-ulcinj.com\"],\"url\":\"https:\/\/www.visit-ulcinj.com\/blog\/author\/admin\/\"}]}<\/script>\n<!-- \/ Yoast SEO plugin. -->","yoast_head_json":{"title":"Fuad Haxhibeti sot ka mbajtur mbledhjen e Kolegjiumit - Video - Lajme nga Ulqini","description":"Kryetari i Kuvendit te Komunes s\u00eb Ulqinit Fuad Haxhibeti sot ka mbajtur mbledhjen e Kolegjiumit n\u00eb t\u00eb cilen shefat e klubeve jane dakorduar q\u00eb se shpejti","robots":{"index":"index","follow":"follow","max-snippet":"max-snippet:-1","max-image-preview":"max-image-preview:large","max-video-preview":"max-video-preview:-1"},"canonical":"https:\/\/www.visit-ulcinj.com\/blog\/2014\/09\/19\/fuad-haxhibeti-sot-ka-mbajtur-mbledhjen-e-kolegjiumit\/","og_locale":"en_US","og_type":"article","og_title":"Fuad Haxhibeti sot ka mbajtur mbledhjen e Kolegjiumit - Video - Lajme nga Ulqini","og_description":"Kryetari i Kuvendit te Komunes s\u00eb Ulqinit Fuad Haxhibeti sot ka mbajtur mbledhjen e Kolegjiumit n\u00eb t\u00eb cilen shefat e klubeve jane dakorduar q\u00eb se shpejti","og_url":"https:\/\/www.visit-ulcinj.com\/blog\/2014\/09\/19\/fuad-haxhibeti-sot-ka-mbajtur-mbledhjen-e-kolegjiumit\/","og_site_name":"Lajme nga Ulqini","article_published_time":"2014-09-19T15:19:04+00:00","article_modified_time":"2014-09-19T15:34:06+00:00","og_image":[{"url":"http:\/\/www.visit-ulcinj.com\/blog\/wp-content\/uploads\/2014\/02\/Fuad-Haxhibeti-ulqin.jpg"}],"twitter_misc":{"Written by":"ulqini","Est. reading time":"2 minutes"},"schema":{"@context":"https:\/\/schema.org","@graph":[{"@type":"WebSite","@id":"https:\/\/www.visit-ulcinj.com\/blog\/#website","url":"https:\/\/www.visit-ulcinj.com\/blog\/","name":"Lajme nga Ulqini","description":"Lajme,Vijesti,Ulqini,Ulqin,Crna Gora,Mali i Zi","potentialAction":[{"@type":"SearchAction","target":{"@type":"EntryPoint","urlTemplate":"https:\/\/www.visit-ulcinj.com\/blog\/?s={search_term_string}"},"query-input":"required name=search_term_string"}],"inLanguage":"en-US"},{"@type":"ImageObject","inLanguage":"en-US","@id":"https:\/\/www.visit-ulcinj.com\/blog\/2014\/09\/19\/fuad-haxhibeti-sot-ka-mbajtur-mbledhjen-e-kolegjiumit\/#primaryimage","url":"https:\/\/www.visit-ulcinj.com\/blog\/wp-content\/uploads\/2014\/02\/Fuad-Haxhibeti-ulqin.jpg","contentUrl":"https:\/\/www.visit-ulcinj.com\/blog\/wp-content\/uploads\/2014\/02\/Fuad-Haxhibeti-ulqin.jpg","width":510,"height":391},{"@type":"WebPage","@id":"https:\/\/www.visit-ulcinj.com\/blog\/2014\/09\/19\/fuad-haxhibeti-sot-ka-mbajtur-mbledhjen-e-kolegjiumit\/#webpage","url":"https:\/\/www.visit-ulcinj.com\/blog\/2014\/09\/19\/fuad-haxhibeti-sot-ka-mbajtur-mbledhjen-e-kolegjiumit\/","name":"Fuad Haxhibeti sot ka mbajtur mbledhjen e Kolegjiumit - Video - Lajme nga Ulqini","isPartOf":{"@id":"https:\/\/www.visit-ulcinj.com\/blog\/#website"},"primaryImageOfPage":{"@id":"https:\/\/www.visit-ulcinj.com\/blog\/2014\/09\/19\/fuad-haxhibeti-sot-ka-mbajtur-mbledhjen-e-kolegjiumit\/#primaryimage"},"datePublished":"2014-09-19T15:19:04+00:00","dateModified":"2014-09-19T15:34:06+00:00","author":{"@id":"https:\/\/www.visit-ulcinj.com\/blog\/#\/schema\/person\/dcab619c614d3038751c63bc2aadc06d"},"description":"Kryetari i Kuvendit te Komunes s\u00eb Ulqinit Fuad Haxhibeti sot ka mbajtur mbledhjen e Kolegjiumit n\u00eb t\u00eb cilen shefat e klubeve jane dakorduar q\u00eb se shpejti","breadcrumb":{"@id":"https:\/\/www.visit-ulcinj.com\/blog\/2014\/09\/19\/fuad-haxhibeti-sot-ka-mbajtur-mbledhjen-e-kolegjiumit\/#breadcrumb"},"inLanguage":"en-US","potentialAction":[{"@type":"ReadAction","target":["https:\/\/www.visit-ulcinj.com\/blog\/2014\/09\/19\/fuad-haxhibeti-sot-ka-mbajtur-mbledhjen-e-kolegjiumit\/"]}]},{"@type":"BreadcrumbList","@id":"https:\/\/www.visit-ulcinj.com\/blog\/2014\/09\/19\/fuad-haxhibeti-sot-ka-mbajtur-mbledhjen-e-kolegjiumit\/#breadcrumb","itemListElement":[{"@type":"ListItem","position":1,"name":"Fuad Haxhibeti sot ka mbajtur mbledhjen e Kolegjiumit &#8211; Video"}]},{"@type":"Person","@id":"https:\/\/www.visit-ulcinj.com\/blog\/#\/schema\/person\/dcab619c614d3038751c63bc2aadc06d","name":"ulqini","sameAs":["http:\/\/www.visit-ulcinj.com"],"url":"https:\/\/www.visit-ulcinj.com\/blog\/author\/admin\/"}]}},"jetpack_featured_media_url":"","jetpack_sharing_enabled":true,"jetpack_shortlink":"https:\/\/wp.me\/pe6lTn-mcG","_links":{"self":[{"href":"https:\/\/www.visit-ulcinj.com\/blog\/wp-json\/wp\/v2\/posts\/85354"}],"collection":[{"href":"https:\/\/www.visit-ulcinj.com\/blog\/wp-json\/wp\/v2\/posts"}],"about":[{"href":"https:\/\/www.visit-ulcinj.com\/blog\/wp-json\/wp\/v2\/types\/post"}],"author":[{"embeddable":true,"href":"https:\/\/www.visit-ulcinj.com\/blog\/wp-json\/wp\/v2\/users\/1"}],"replies":[{"embeddable":true,"href":"https:\/\/www.visit-ulcinj.com\/blog\/wp-json\/wp\/v2\/comments?post=85354"}],"version-history":[{"count":6,"href":"https:\/\/www.visit-ulcinj.com\/blog\/wp-json\/wp\/v2\/posts\/85354\/revisions"}],"predecessor-version":[{"id":85367,"href":"https:\/\/www.visit-ulcinj.com\/blog\/wp-json\/wp\/v2\/posts\/85354\/revisions\/85367"}],"wp:attachment":[{"href":"https:\/\/www.visit-ulcinj.com\/blog\/wp-json\/wp\/v2\/media?parent=85354"}],"wp:term":[{"taxonomy":"category","embeddable":true,"href":"https:\/\/www.visit-ulcinj.com\/blog\/wp-json\/wp\/v2\/categories?post=85354"},{"taxonomy":"post_tag","embeddable":true,"href":"https:\/\/www.visit-ulcinj.com\/blog\/wp-json\/wp\/v2\/tags?post=85354"}],"curies":[{"name":"wp","href":"https:\/\/api.w.org\/{rel}","templated":true}]}}