{"id":85369,"date":"2014-09-19T16:40:18","date_gmt":"2014-09-19T15:40:18","guid":{"rendered":"http:\/\/www.visit-ulcinj.com\/blog\/?p=85369"},"modified":"2014-09-19T16:40:18","modified_gmt":"2014-09-19T15:40:18","slug":"rasprava-o-postupku-privatizacije-hotela-otrant-ad-ulcinj","status":"publish","type":"post","link":"https:\/\/www.visit-ulcinj.com\/blog\/2014\/09\/19\/rasprava-o-postupku-privatizacije-hotela-otrant-ad-ulcinj\/","title":{"rendered":"Rasprava o postupku privatizacije hotela \u201eOtrant\u201c AD Ulcinj"},"content":{"rendered":"<div class=\"itemIntroText\">\n<p>\u00a0<a href=\"http:\/\/www.visit-ulcinj.com\/blog\/wp-content\/uploads\/2014\/09\/privatizacije-hotela-Otrant-AD-Ulcinj.jpg\"><img loading=\"lazy\" class=\"alignleft wp-image-85370\" src=\"http:\/\/www.visit-ulcinj.com\/blog\/wp-content\/uploads\/2014\/09\/privatizacije-hotela-Otrant-AD-Ulcinj.jpg\" alt=\"privatizacije hotela-Otrant-AD Ulcinj\" width=\"508\" height=\"337\" srcset=\"https:\/\/www.visit-ulcinj.com\/blog\/wp-content\/uploads\/2014\/09\/privatizacije-hotela-Otrant-AD-Ulcinj.jpg 588w, https:\/\/www.visit-ulcinj.com\/blog\/wp-content\/uploads\/2014\/09\/privatizacije-hotela-Otrant-AD-Ulcinj-300x198.jpg 300w\" sizes=\"(max-width: 508px) 100vw, 508px\" \/><\/a>Dnevni red dana\u0161nje \u015bednice pro\u0161iren je ta\u010dkom- razmatranje aktuelne situacije u \u201eMontavar-metalac\u201c DOO &#8211; Nik\u0161i\u0107.<\/p>\n<\/div>\n<div class=\"itemFullText\">\n<p>Komisija je usvojila Zaklju\u010dke u vezi kontrole postupka privatizacije \u00a0Vunarskog kombinata \u201eVunko\u201c\u00a0 AD Bijelo Polje. Komisija je zapo\u010dela raspravu o postupku privatizacije hotela \u201eOtrant\u201c AD Ulcinj. Pored \u010dlanova Komisije u raspravi su u\u010destvovali: zainteresovani poslanik Genci Nimanbegu, predstavnici sindikata, ste\u010dajni upravnik i punomo\u0107nik kompanije \u201eAgros\u201c DOO Ulcinj.\u00a0 Nakon dvo\u010dasovne rasprave, \u015bednica je prekinuta sa ciljem da se u nastavku \u015bednice\u00a0obezbijedi prisustvo predstavnika nadle\u017enih ministarstava kao i biv\u0161eg i sada\u0161njeg vlasnika hotela.<\/p>\n<p><strong>Izvor: skupstina.me<\/strong><\/p>\n\n\t\t<style type=\"text\/css\">\n\t\t\t#gallery-1 {\n\t\t\t\tmargin: auto;\n\t\t\t}\n\t\t\t#gallery-1 .gallery-item {\n\t\t\t\tfloat: left;\n\t\t\t\tmargin-top: 10px;\n\t\t\t\ttext-align: center;\n\t\t\t\twidth: 33%;\n\t\t\t}\n\t\t\t#gallery-1 img {\n\t\t\t\tborder: 2px solid #cfcfcf;\n\t\t\t}\n\t\t\t#gallery-1 .gallery-caption {\n\t\t\t\tmargin-left: 0;\n\t\t\t}\n\t\t\t\/* see gallery_shortcode() in wp-includes\/media.php *\/\n\t\t<\/style>\n\t\t<div id='gallery-1' class='gallery galleryid-85369 gallery-columns-3 gallery-size-thumbnail'><dl class='gallery-item'>\n\t\t\t<dt class='gallery-icon landscape'>\n\t\t\t\t<a href='https:\/\/www.visit-ulcinj.com\/blog\/2014\/09\/19\/fillon-shqyrtimi-mbi-privatizimin-e-hotelit-otrant-ulqin-foto\/komisioni-per-privatizim-hotel-otrant-ulqin-3\/'><img width=\"150\" height=\"150\" src=\"https:\/\/www.visit-ulcinj.com\/blog\/wp-content\/uploads\/2014\/09\/Komisioni-per-privatizim-Hotel-Otrant-Ulqin-3-150x150.jpg\" class=\"attachment-thumbnail size-thumbnail\" alt=\"\" loading=\"lazy\" \/><\/a>\n\t\t\t<\/dt><\/dl><dl class='gallery-item'>\n\t\t\t<dt class='gallery-icon landscape'>\n\t\t\t\t<a href='https:\/\/www.visit-ulcinj.com\/blog\/2014\/09\/19\/fillon-shqyrtimi-mbi-privatizimin-e-hotelit-otrant-ulqin-foto\/komisioni-per-privatizim-hotel-otrant-ulqin-1\/'><img width=\"150\" height=\"150\" src=\"https:\/\/www.visit-ulcinj.com\/blog\/wp-content\/uploads\/2014\/09\/Komisioni-per-privatizim-Hotel-Otrant-Ulqin-1-150x150.jpg\" class=\"attachment-thumbnail size-thumbnail\" alt=\"\" loading=\"lazy\" \/><\/a>\n\t\t\t<\/dt><\/dl><dl class='gallery-item'>\n\t\t\t<dt class='gallery-icon landscape'>\n\t\t\t\t<a href='https:\/\/www.visit-ulcinj.com\/blog\/2014\/09\/19\/fillon-shqyrtimi-mbi-privatizimin-e-hotelit-otrant-ulqin-foto\/komisioni-per-privatizim-hotel-otrant-ulqin\/'><img width=\"150\" height=\"150\" src=\"https:\/\/www.visit-ulcinj.com\/blog\/wp-content\/uploads\/2014\/09\/Komisioni-per-privatizim-Hotel-Otrant-Ulqin-150x150.jpg\" class=\"attachment-thumbnail size-thumbnail\" alt=\"\" loading=\"lazy\" \/><\/a>\n\t\t\t<\/dt><\/dl><br style=\"clear: both\" \/>\n\t\t<\/div>\n\n<\/div>\n","protected":false},"excerpt":{"rendered":"<p>\u00a0Dnevni red dana\u0161nje \u015bednice pro\u0161iren je ta\u010dkom- razmatranje aktuelne situacije u \u201eMontavar-metalac\u201c DOO &#8211; Nik\u0161i\u0107. Komisija je usvojila Zaklju\u010dke u vezi kontrole postupka privatizacije \u00a0Vunarskog kombinata \u201eVunko\u201c\u00a0 AD Bijelo Polje. Komisija je zapo\u010dela raspravu o postupku privatizacije hotela \u201eOtrant\u201c AD Ulcinj. Pored \u010dlanova Komisije u raspravi su u\u010destvovali: zainteresovani poslanik Genci Nimanbegu, predstavnici sindikata, ste\u010dajni [&hellip;]<\/p>\n","protected":false},"author":1,"featured_media":0,"comment_status":"closed","ping_status":"closed","sticky":false,"template":"","format":"standard","meta":{"spay_email":"","jetpack_publicize_message":"","jetpack_is_tweetstorm":false,"jetpack_publicize_feature_enabled":true},"categories":[8337],"tags":[],"jetpack_publicize_connections":[],"yoast_head":"<!-- This site is optimized with the Yoast SEO plugin v19.1 - https:\/\/yoast.com\/wordpress\/plugins\/seo\/ -->\n<title>Rasprava o postupku privatizacije hotela \u201eOtrant\u201c AD Ulcinj - Lajme nga Ulqini<\/title>\n<meta name=\"description\" content=\"\u00a0Dnevni red dana\u0161nje \u015bednice pro\u0161iren je ta\u010dkom- razmatranje aktuelne situacije u \u201eMontavar-metalac\u201c DOO - Nik\u0161i\u0107. Komisija je usvojila Zaklju\u010dke u vezi\" \/>\n<meta name=\"robots\" content=\"index, follow, max-snippet:-1, max-image-preview:large, max-video-preview:-1\" \/>\n<link rel=\"canonical\" href=\"https:\/\/www.visit-ulcinj.com\/blog\/2014\/09\/19\/rasprava-o-postupku-privatizacije-hotela-otrant-ad-ulcinj\/\" \/>\n<meta property=\"og:locale\" content=\"en_US\" \/>\n<meta property=\"og:type\" content=\"article\" \/>\n<meta property=\"og:title\" content=\"Rasprava o postupku privatizacije hotela \u201eOtrant\u201c AD Ulcinj - Lajme nga Ulqini\" \/>\n<meta property=\"og:description\" content=\"\u00a0Dnevni red dana\u0161nje \u015bednice pro\u0161iren je ta\u010dkom- razmatranje aktuelne situacije u \u201eMontavar-metalac\u201c DOO - Nik\u0161i\u0107. Komisija je usvojila Zaklju\u010dke u vezi\" \/>\n<meta property=\"og:url\" content=\"https:\/\/www.visit-ulcinj.com\/blog\/2014\/09\/19\/rasprava-o-postupku-privatizacije-hotela-otrant-ad-ulcinj\/\" \/>\n<meta property=\"og:site_name\" content=\"Lajme nga Ulqini\" \/>\n<meta property=\"article:published_time\" content=\"2014-09-19T15:40:18+00:00\" \/>\n<meta property=\"og:image\" content=\"https:\/\/www.visit-ulcinj.com\/blog\/wp-content\/uploads\/2014\/09\/Komisioni-per-privatizim-Hotel-Otrant-Ulqin-3-150x150.jpg\" \/>\n<meta name=\"twitter:label1\" content=\"Written by\" \/>\n\t<meta name=\"twitter:data1\" content=\"ulqini\" \/>\n\t<meta name=\"twitter:label2\" content=\"Est. reading time\" \/>\n\t<meta name=\"twitter:data2\" content=\"1 minute\" \/>\n<script type=\"application\/ld+json\" class=\"yoast-schema-graph\">{\"@context\":\"https:\/\/schema.org\",\"@graph\":[{\"@type\":\"WebSite\",\"@id\":\"https:\/\/www.visit-ulcinj.com\/blog\/#website\",\"url\":\"https:\/\/www.visit-ulcinj.com\/blog\/\",\"name\":\"Lajme nga Ulqini\",\"description\":\"Lajme,Vijesti,Ulqini,Ulqin,Crna Gora,Mali i Zi\",\"potentialAction\":[{\"@type\":\"SearchAction\",\"target\":{\"@type\":\"EntryPoint\",\"urlTemplate\":\"https:\/\/www.visit-ulcinj.com\/blog\/?s={search_term_string}\"},\"query-input\":\"required name=search_term_string\"}],\"inLanguage\":\"en-US\"},{\"@type\":\"ImageObject\",\"inLanguage\":\"en-US\",\"@id\":\"https:\/\/www.visit-ulcinj.com\/blog\/2014\/09\/19\/rasprava-o-postupku-privatizacije-hotela-otrant-ad-ulcinj\/#primaryimage\",\"url\":\"https:\/\/www.visit-ulcinj.com\/blog\/wp-content\/uploads\/2014\/09\/privatizacije-hotela-Otrant-AD-Ulcinj.jpg\",\"contentUrl\":\"https:\/\/www.visit-ulcinj.com\/blog\/wp-content\/uploads\/2014\/09\/privatizacije-hotela-Otrant-AD-Ulcinj.jpg\",\"width\":588,\"height\":390},{\"@type\":\"WebPage\",\"@id\":\"https:\/\/www.visit-ulcinj.com\/blog\/2014\/09\/19\/rasprava-o-postupku-privatizacije-hotela-otrant-ad-ulcinj\/#webpage\",\"url\":\"https:\/\/www.visit-ulcinj.com\/blog\/2014\/09\/19\/rasprava-o-postupku-privatizacije-hotela-otrant-ad-ulcinj\/\",\"name\":\"Rasprava o postupku privatizacije hotela \u201eOtrant\u201c AD Ulcinj - Lajme nga Ulqini\",\"isPartOf\":{\"@id\":\"https:\/\/www.visit-ulcinj.com\/blog\/#website\"},\"primaryImageOfPage\":{\"@id\":\"https:\/\/www.visit-ulcinj.com\/blog\/2014\/09\/19\/rasprava-o-postupku-privatizacije-hotela-otrant-ad-ulcinj\/#primaryimage\"},\"datePublished\":\"2014-09-19T15:40:18+00:00\",\"dateModified\":\"2014-09-19T15:40:18+00:00\",\"author\":{\"@id\":\"https:\/\/www.visit-ulcinj.com\/blog\/#\/schema\/person\/dcab619c614d3038751c63bc2aadc06d\"},\"description\":\"\u00a0Dnevni red dana\u0161nje \u015bednice pro\u0161iren je ta\u010dkom- razmatranje aktuelne situacije u \u201eMontavar-metalac\u201c DOO - Nik\u0161i\u0107. Komisija je usvojila Zaklju\u010dke u vezi\",\"breadcrumb\":{\"@id\":\"https:\/\/www.visit-ulcinj.com\/blog\/2014\/09\/19\/rasprava-o-postupku-privatizacije-hotela-otrant-ad-ulcinj\/#breadcrumb\"},\"inLanguage\":\"en-US\",\"potentialAction\":[{\"@type\":\"ReadAction\",\"target\":[\"https:\/\/www.visit-ulcinj.com\/blog\/2014\/09\/19\/rasprava-o-postupku-privatizacije-hotela-otrant-ad-ulcinj\/\"]}]},{\"@type\":\"BreadcrumbList\",\"@id\":\"https:\/\/www.visit-ulcinj.com\/blog\/2014\/09\/19\/rasprava-o-postupku-privatizacije-hotela-otrant-ad-ulcinj\/#breadcrumb\",\"itemListElement\":[{\"@type\":\"ListItem\",\"position\":1,\"name\":\"Rasprava o postupku privatizacije hotela \u201eOtrant\u201c AD Ulcinj\"}]},{\"@type\":\"Person\",\"@id\":\"https:\/\/www.visit-ulcinj.com\/blog\/#\/schema\/person\/dcab619c614d3038751c63bc2aadc06d\",\"name\":\"ulqini\",\"sameAs\":[\"http:\/\/www.visit-ulcinj.com\"],\"url\":\"https:\/\/www.visit-ulcinj.com\/blog\/author\/admin\/\"}]}<\/script>\n<!-- \/ Yoast SEO plugin. -->","yoast_head_json":{"title":"Rasprava o postupku privatizacije hotela \u201eOtrant\u201c AD Ulcinj - Lajme nga Ulqini","description":"\u00a0Dnevni red dana\u0161nje \u015bednice pro\u0161iren je ta\u010dkom- razmatranje aktuelne situacije u \u201eMontavar-metalac\u201c DOO - Nik\u0161i\u0107. Komisija je usvojila Zaklju\u010dke u vezi","robots":{"index":"index","follow":"follow","max-snippet":"max-snippet:-1","max-image-preview":"max-image-preview:large","max-video-preview":"max-video-preview:-1"},"canonical":"https:\/\/www.visit-ulcinj.com\/blog\/2014\/09\/19\/rasprava-o-postupku-privatizacije-hotela-otrant-ad-ulcinj\/","og_locale":"en_US","og_type":"article","og_title":"Rasprava o postupku privatizacije hotela \u201eOtrant\u201c AD Ulcinj - Lajme nga Ulqini","og_description":"\u00a0Dnevni red dana\u0161nje \u015bednice pro\u0161iren je ta\u010dkom- razmatranje aktuelne situacije u \u201eMontavar-metalac\u201c DOO - Nik\u0161i\u0107. Komisija je usvojila Zaklju\u010dke u vezi","og_url":"https:\/\/www.visit-ulcinj.com\/blog\/2014\/09\/19\/rasprava-o-postupku-privatizacije-hotela-otrant-ad-ulcinj\/","og_site_name":"Lajme nga Ulqini","article_published_time":"2014-09-19T15:40:18+00:00","og_image":[{"url":"https:\/\/www.visit-ulcinj.com\/blog\/wp-content\/uploads\/2014\/09\/Komisioni-per-privatizim-Hotel-Otrant-Ulqin-3-150x150.jpg"}],"twitter_misc":{"Written by":"ulqini","Est. reading time":"1 minute"},"schema":{"@context":"https:\/\/schema.org","@graph":[{"@type":"WebSite","@id":"https:\/\/www.visit-ulcinj.com\/blog\/#website","url":"https:\/\/www.visit-ulcinj.com\/blog\/","name":"Lajme nga Ulqini","description":"Lajme,Vijesti,Ulqini,Ulqin,Crna Gora,Mali i Zi","potentialAction":[{"@type":"SearchAction","target":{"@type":"EntryPoint","urlTemplate":"https:\/\/www.visit-ulcinj.com\/blog\/?s={search_term_string}"},"query-input":"required name=search_term_string"}],"inLanguage":"en-US"},{"@type":"ImageObject","inLanguage":"en-US","@id":"https:\/\/www.visit-ulcinj.com\/blog\/2014\/09\/19\/rasprava-o-postupku-privatizacije-hotela-otrant-ad-ulcinj\/#primaryimage","url":"https:\/\/www.visit-ulcinj.com\/blog\/wp-content\/uploads\/2014\/09\/privatizacije-hotela-Otrant-AD-Ulcinj.jpg","contentUrl":"https:\/\/www.visit-ulcinj.com\/blog\/wp-content\/uploads\/2014\/09\/privatizacije-hotela-Otrant-AD-Ulcinj.jpg","width":588,"height":390},{"@type":"WebPage","@id":"https:\/\/www.visit-ulcinj.com\/blog\/2014\/09\/19\/rasprava-o-postupku-privatizacije-hotela-otrant-ad-ulcinj\/#webpage","url":"https:\/\/www.visit-ulcinj.com\/blog\/2014\/09\/19\/rasprava-o-postupku-privatizacije-hotela-otrant-ad-ulcinj\/","name":"Rasprava o postupku privatizacije hotela \u201eOtrant\u201c AD Ulcinj - Lajme nga Ulqini","isPartOf":{"@id":"https:\/\/www.visit-ulcinj.com\/blog\/#website"},"primaryImageOfPage":{"@id":"https:\/\/www.visit-ulcinj.com\/blog\/2014\/09\/19\/rasprava-o-postupku-privatizacije-hotela-otrant-ad-ulcinj\/#primaryimage"},"datePublished":"2014-09-19T15:40:18+00:00","dateModified":"2014-09-19T15:40:18+00:00","author":{"@id":"https:\/\/www.visit-ulcinj.com\/blog\/#\/schema\/person\/dcab619c614d3038751c63bc2aadc06d"},"description":"\u00a0Dnevni red dana\u0161nje \u015bednice pro\u0161iren je ta\u010dkom- razmatranje aktuelne situacije u \u201eMontavar-metalac\u201c DOO - Nik\u0161i\u0107. Komisija je usvojila Zaklju\u010dke u vezi","breadcrumb":{"@id":"https:\/\/www.visit-ulcinj.com\/blog\/2014\/09\/19\/rasprava-o-postupku-privatizacije-hotela-otrant-ad-ulcinj\/#breadcrumb"},"inLanguage":"en-US","potentialAction":[{"@type":"ReadAction","target":["https:\/\/www.visit-ulcinj.com\/blog\/2014\/09\/19\/rasprava-o-postupku-privatizacije-hotela-otrant-ad-ulcinj\/"]}]},{"@type":"BreadcrumbList","@id":"https:\/\/www.visit-ulcinj.com\/blog\/2014\/09\/19\/rasprava-o-postupku-privatizacije-hotela-otrant-ad-ulcinj\/#breadcrumb","itemListElement":[{"@type":"ListItem","position":1,"name":"Rasprava o postupku privatizacije hotela \u201eOtrant\u201c AD Ulcinj"}]},{"@type":"Person","@id":"https:\/\/www.visit-ulcinj.com\/blog\/#\/schema\/person\/dcab619c614d3038751c63bc2aadc06d","name":"ulqini","sameAs":["http:\/\/www.visit-ulcinj.com"],"url":"https:\/\/www.visit-ulcinj.com\/blog\/author\/admin\/"}]}},"jetpack_featured_media_url":"","jetpack_sharing_enabled":true,"jetpack_shortlink":"https:\/\/wp.me\/pe6lTn-mcV","_links":{"self":[{"href":"https:\/\/www.visit-ulcinj.com\/blog\/wp-json\/wp\/v2\/posts\/85369"}],"collection":[{"href":"https:\/\/www.visit-ulcinj.com\/blog\/wp-json\/wp\/v2\/posts"}],"about":[{"href":"https:\/\/www.visit-ulcinj.com\/blog\/wp-json\/wp\/v2\/types\/post"}],"author":[{"embeddable":true,"href":"https:\/\/www.visit-ulcinj.com\/blog\/wp-json\/wp\/v2\/users\/1"}],"replies":[{"embeddable":true,"href":"https:\/\/www.visit-ulcinj.com\/blog\/wp-json\/wp\/v2\/comments?post=85369"}],"version-history":[{"count":1,"href":"https:\/\/www.visit-ulcinj.com\/blog\/wp-json\/wp\/v2\/posts\/85369\/revisions"}],"predecessor-version":[{"id":85371,"href":"https:\/\/www.visit-ulcinj.com\/blog\/wp-json\/wp\/v2\/posts\/85369\/revisions\/85371"}],"wp:attachment":[{"href":"https:\/\/www.visit-ulcinj.com\/blog\/wp-json\/wp\/v2\/media?parent=85369"}],"wp:term":[{"taxonomy":"category","embeddable":true,"href":"https:\/\/www.visit-ulcinj.com\/blog\/wp-json\/wp\/v2\/categories?post=85369"},{"taxonomy":"post_tag","embeddable":true,"href":"https:\/\/www.visit-ulcinj.com\/blog\/wp-json\/wp\/v2\/tags?post=85369"}],"curies":[{"name":"wp","href":"https:\/\/api.w.org\/{rel}","templated":true}]}}