{"id":85380,"date":"2014-09-21T14:20:31","date_gmt":"2014-09-21T13:20:31","guid":{"rendered":"http:\/\/www.visit-ulcinj.com\/blog\/?p=85380"},"modified":"2014-09-21T22:14:31","modified_gmt":"2014-09-21T21:14:31","slug":"mberrin-ne-tirane-papa-francesku","status":"publish","type":"post","link":"https:\/\/www.visit-ulcinj.com\/blog\/2014\/09\/21\/mberrin-ne-tirane-papa-francesku\/","title":{"rendered":"Mb\u00ebrrin n\u00eb Tiran\u00eb Papa Francesku"},"content":{"rendered":"<p><a href=\"http:\/\/www.visit-ulcinj.com\/blog\/wp-content\/uploads\/2014\/09\/Mb\u00ebrrin-n\u00eb-Tiran\u00eb-Papa-Francesku.jpg\"><img loading=\"lazy\" class=\"alignleft wp-image-85381 size-full\" src=\"http:\/\/www.visit-ulcinj.com\/blog\/wp-content\/uploads\/2014\/09\/Mb\u00ebrrin-n\u00eb-Tiran\u00eb-Papa-Francesku.jpg\" alt=\"Mb\u00ebrrin n\u00eb Tiran\u00eb Papa Francesku\" width=\"350\" height=\"300\" srcset=\"https:\/\/www.visit-ulcinj.com\/blog\/wp-content\/uploads\/2014\/09\/Mb\u00ebrrin-n\u00eb-Tiran\u00eb-Papa-Francesku.jpg 350w, https:\/\/www.visit-ulcinj.com\/blog\/wp-content\/uploads\/2014\/09\/Mb\u00ebrrin-n\u00eb-Tiran\u00eb-Papa-Francesku-300x257.jpg 300w\" sizes=\"(max-width: 350px) 100vw, 350px\" \/><\/a>Ati i Shenjt\u00eb thot\u00eb se besimi mes feve n\u00eb Shqip\u00ebri \u00ebsht\u00eb pasuri e \u00e7mueshme n\u00eb koh\u00ebn kur grupe ekstremiste instrumentalizojn\u00eb dallimet fetare.<\/p>\n<p>Me nj\u00eb avion ku ishte vendosur flamuri komb\u00ebtar i Shqip\u00ebris\u00eb, Papa Francesku ka mb\u00ebrritur sot n\u00eb or\u00ebt e para t\u00eb paradit\u00ebs n\u00eb aeroportin nd\u00ebrkomb\u00ebtar t\u00eb Tiran\u00ebs \u201dN\u00ebn\u00eb Tereza\u201d. Ati i Shenjt\u00eb \u00ebsht\u00eb pritur atje nga Kryeministri Edi Rama, i cili ka shkruar n\u00eb rrjetet sociale p\u00ebr momentin e takimit me Atin e Shenjt\u00eb: \u201c\u00c7far\u00eb emocioni flamuri shqiptar mbi avionin e Pap\u00ebs dhe zbritja e Atit t\u00eb Shenjt\u00eb mbi tok\u00ebn e shqiptar\u00ebve. Mir\u00ebnjohje\u201d. Kryemimistri Rama i ka dhuruar Atit t\u00eb shenjt\u00eb n\u00eb aeroport nj\u00eb kup\u00eb me dheun e tok\u00ebs s\u00eb shqiptar\u00ebve, ku shkruhet : \u201cShenjt\u00ebris\u00eb s\u00eb Tij, Pap\u00ebs Fran\u00e7esku, me lutjen e zjarrt\u00eb q\u00eb duke bekuar k\u00ebt\u00eb grusht dh\u00e8 nga trualli q\u00eb shkeli n\u00eb k\u00ebt\u00eb dit\u00eb, t\u00eb shtrij\u00eb mir\u00ebsin\u00eb e Zotit mbi t\u00eb gjith\u00eb vendin e shqiptar\u00ebve\u201d. Mij\u00ebra e mij\u00ebra qytetar\u00eb e kan\u00eb p\u00ebrsh\u00ebndetur Atin e Shenjt\u00eb n\u00eb rrug\u00ebn e tij nga Aeroporti Nd\u00ebrkomb\u00ebtar \u201cN\u00ebn\u00eb Tereza\u201d drejt Tiran\u00ebs.<\/p>\n<p>Pas pritjes ceremoniale n\u00eb sheshin para Presidenc\u00ebs, Ati i Shenjt\u00eb ka vijuar vizit\u00ebn e tij apostolike me nj\u00eb takim me Presidentin , autoritetet e Tiran\u00ebs dhe trupin diplomatik. \u201cJam shum\u00eb i g\u00ebzuar q\u00eb gjendem mes jush, n\u00eb tok\u00ebn e fisme t\u00eb Shqip\u00ebris\u00eb, tok\u00eb heronjsh , q\u00eb kan\u00eb flijuar jet\u00ebn p\u00ebr pavar\u00ebsin\u00eb e vendit, tok\u00eb martir\u00ebsh, t\u00eb cil\u00ebt e kane d\u00ebshmuar fen\u00eb n\u00eb koh\u00ebt e v\u00ebshtira t\u00eb p\u00ebrndjekjes\u201d.<\/p>\n<p><a href=\"http:\/\/www.visit-ulcinj.com\/blog\/wp-content\/uploads\/2014\/09\/Mb\u00ebrrin-n\u00eb-Tiran\u00eb-Papa-Francesku-1.jpg\"><img loading=\"lazy\" class=\"alignleft wp-image-85382\" src=\"http:\/\/www.visit-ulcinj.com\/blog\/wp-content\/uploads\/2014\/09\/Mb\u00ebrrin-n\u00eb-Tiran\u00eb-Papa-Francesku-1.jpg\" alt=\"Mb\u00ebrrin n\u00eb Tiran\u00eb Papa Francesku-1\" width=\"508\" height=\"337\" srcset=\"https:\/\/www.visit-ulcinj.com\/blog\/wp-content\/uploads\/2014\/09\/Mb\u00ebrrin-n\u00eb-Tiran\u00eb-Papa-Francesku-1.jpg 596w, https:\/\/www.visit-ulcinj.com\/blog\/wp-content\/uploads\/2014\/09\/Mb\u00ebrrin-n\u00eb-Tiran\u00eb-Papa-Francesku-1-300x198.jpg 300w\" sizes=\"(max-width: 508px) 100vw, 508px\" \/><\/a><\/p>\n<p><b>Askush te mos e p\u00ebrdor\u00eb fen\u00eb si pretekst p\u00ebr veprime n\u00eb kund\u00ebrshtim me t\u00eb drejt\u00ebn e jet\u00ebs<\/b><\/p>\n<p>Ati i Shenjt\u00eb ka p\u00ebrg\u00ebzuar Shqip\u00ebrin\u00eb p\u00ebr \u201cbashk\u00ebjetes\u00ebn paq\u00ebsore dhe bashk\u00ebpunimin mes an\u00ebtar\u00ebve t\u00eb feve t\u00eb ndryshme\u201d duke e cil\u00ebsuar k\u00ebt\u00eb &#8220;karakteristk\u00eb fatlume t\u00eb Shqip\u00ebris\u00eb\u201d<\/p>\n<p>\u201cKlima e respektit dhe besimit t\u00eb nd\u00ebrsjellt\u00eb nd\u00ebrmjet katolik\u00ebve, ortodoks\u00ebve, mysliman\u00ebve \u00ebsht\u00eb nj\u00eb pasuri e \u00e7mueshme p\u00ebr vendin dhe fiton r\u00ebnd\u00ebsi t\u00eb ve\u00e7ant\u00eb n\u00eb koh\u00ebn ton\u00eb, n\u00eb t\u00eb cil\u00ebn grupet ekstremiste e shtremb\u00ebrojn\u00eb kuptimin e v\u00ebrtet\u00eb fetar dhe i p\u00ebr\u00e7udnojn\u00eb e instrumentalizojn\u00eb dallimet mes besimeve t\u00eb ndryshme fetare, duke i kthyer n\u00eb faktor\u00eb t\u00eb rreziksh\u00ebm p\u00ebrplasjeje dhe dhune dhe jo n\u00eb mund\u00ebsi p\u00ebr dialog t\u00eb hapur dhe t\u00eb respektsh\u00ebm, p\u00ebr p\u00ebrsiatje t\u00eb p\u00ebrbashk\u00ebt rreth dometh\u00ebnies q\u00eb ka besimi n\u00eb Hyjun dhe zbatimi i ligjit t\u00eb tij\u201d.<\/p>\n<p>Ne fjal\u00ebn e tij Papa ka theksuar se \u201caskush t\u00eb mos e p\u00ebrdor\u00eb fen\u00eb si pretekst p\u00ebr veprime q\u00eb bien n\u00eb kund\u00ebrshtim me dinjitetin e njeriut, me t\u00eb drejtat e tij themelore n\u00eb radh\u00eb t\u00eb par\u00eb me t\u00eb drejt\u00ebn e jet\u00ebs dhe t\u00eb liris\u00eb fetare t\u00eb t\u00eb gjith\u00ebve\u201d.<\/p>\n<p>Nga Presidenca Ati i Shenjt\u00eb, me automjetin e tij ka p\u00ebrshkuar Bulevardin e D\u00ebshmor\u00ebve dhe ka p\u00ebrsh\u00ebndetur rreth 120 mij\u00eb besimtar\u00eb dhe qytetar\u00eb nga gjith\u00eb Shqip\u00ebria, q\u00eb kan\u00eb mbushur bulevardin dhe e kan\u00eb pritur me duartrokitje t\u00eb zjarrta. Automjeti i Atit t\u00eb Shenjt\u00eb \u00ebsht\u00eb t\u00ebr\u00ebsisht i zbuluar dhe pa xhama t\u00eb blinduar. Vizita e Pap\u00ebs vazhdon me zhvillimin e Mesh\u00ebs s\u00eb Shenjt\u00eb n\u00eb Sheshin \u201cN\u00ebn\u00eb Tereza\u201d.<\/p>\n<p>Deutsche Welle<\/p>\n","protected":false},"excerpt":{"rendered":"<p>Ati i Shenjt\u00eb thot\u00eb se besimi mes feve n\u00eb Shqip\u00ebri \u00ebsht\u00eb pasuri e \u00e7mueshme n\u00eb koh\u00ebn kur grupe ekstremiste instrumentalizojn\u00eb dallimet fetare. Me nj\u00eb avion ku ishte vendosur flamuri komb\u00ebtar i Shqip\u00ebris\u00eb, Papa Francesku ka mb\u00ebrritur sot n\u00eb or\u00ebt e para t\u00eb paradit\u00ebs n\u00eb aeroportin nd\u00ebrkomb\u00ebtar t\u00eb Tiran\u00ebs \u201dN\u00ebn\u00eb Tereza\u201d. Ati i Shenjt\u00eb \u00ebsht\u00eb pritur [&hellip;]<\/p>\n","protected":false},"author":1,"featured_media":0,"comment_status":"closed","ping_status":"closed","sticky":false,"template":"","format":"standard","meta":{"spay_email":"","jetpack_publicize_message":"","jetpack_is_tweetstorm":false,"jetpack_publicize_feature_enabled":true},"categories":[1,14],"tags":[],"jetpack_publicize_connections":[],"yoast_head":"<!-- This site is optimized with the Yoast SEO plugin v19.1 - https:\/\/yoast.com\/wordpress\/plugins\/seo\/ -->\n<title>Mb\u00ebrrin n\u00eb Tiran\u00eb Papa Francesku - Lajme nga Ulqini<\/title>\n<meta name=\"description\" content=\"Ati i Shenjt\u00eb thot\u00eb se besimi mes feve n\u00eb Shqip\u00ebri \u00ebsht\u00eb pasuri e \u00e7mueshme n\u00eb koh\u00ebn kur grupe ekstremiste instrumentalizojn\u00eb dallimet fetare. Me nj\u00eb avion\" \/>\n<meta name=\"robots\" content=\"index, follow, max-snippet:-1, max-image-preview:large, max-video-preview:-1\" \/>\n<link rel=\"canonical\" href=\"https:\/\/www.visit-ulcinj.com\/blog\/2014\/09\/21\/mberrin-ne-tirane-papa-francesku\/\" \/>\n<meta property=\"og:locale\" content=\"en_US\" \/>\n<meta property=\"og:type\" content=\"article\" \/>\n<meta property=\"og:title\" content=\"Mb\u00ebrrin n\u00eb Tiran\u00eb Papa Francesku - Lajme nga Ulqini\" \/>\n<meta property=\"og:description\" content=\"Ati i Shenjt\u00eb thot\u00eb se besimi mes feve n\u00eb Shqip\u00ebri \u00ebsht\u00eb pasuri e \u00e7mueshme n\u00eb koh\u00ebn kur grupe ekstremiste instrumentalizojn\u00eb dallimet fetare. Me nj\u00eb avion\" \/>\n<meta property=\"og:url\" content=\"https:\/\/www.visit-ulcinj.com\/blog\/2014\/09\/21\/mberrin-ne-tirane-papa-francesku\/\" \/>\n<meta property=\"og:site_name\" content=\"Lajme nga Ulqini\" \/>\n<meta property=\"article:published_time\" content=\"2014-09-21T13:20:31+00:00\" \/>\n<meta property=\"article:modified_time\" content=\"2014-09-21T21:14:31+00:00\" \/>\n<meta name=\"twitter:label1\" content=\"Written by\" \/>\n\t<meta name=\"twitter:data1\" content=\"ulqini\" \/>\n\t<meta name=\"twitter:label2\" content=\"Est. reading time\" \/>\n\t<meta name=\"twitter:data2\" content=\"3 minutes\" \/>\n<script type=\"application\/ld+json\" class=\"yoast-schema-graph\">{\"@context\":\"https:\/\/schema.org\",\"@graph\":[{\"@type\":\"WebSite\",\"@id\":\"https:\/\/www.visit-ulcinj.com\/blog\/#website\",\"url\":\"https:\/\/www.visit-ulcinj.com\/blog\/\",\"name\":\"Lajme nga Ulqini\",\"description\":\"Lajme,Vijesti,Ulqini,Ulqin,Crna Gora,Mali i Zi\",\"potentialAction\":[{\"@type\":\"SearchAction\",\"target\":{\"@type\":\"EntryPoint\",\"urlTemplate\":\"https:\/\/www.visit-ulcinj.com\/blog\/?s={search_term_string}\"},\"query-input\":\"required name=search_term_string\"}],\"inLanguage\":\"en-US\"},{\"@type\":\"WebPage\",\"@id\":\"https:\/\/www.visit-ulcinj.com\/blog\/2014\/09\/21\/mberrin-ne-tirane-papa-francesku\/#webpage\",\"url\":\"https:\/\/www.visit-ulcinj.com\/blog\/2014\/09\/21\/mberrin-ne-tirane-papa-francesku\/\",\"name\":\"Mb\u00ebrrin n\u00eb Tiran\u00eb Papa Francesku - Lajme nga Ulqini\",\"isPartOf\":{\"@id\":\"https:\/\/www.visit-ulcinj.com\/blog\/#website\"},\"datePublished\":\"2014-09-21T13:20:31+00:00\",\"dateModified\":\"2014-09-21T21:14:31+00:00\",\"author\":{\"@id\":\"https:\/\/www.visit-ulcinj.com\/blog\/#\/schema\/person\/dcab619c614d3038751c63bc2aadc06d\"},\"description\":\"Ati i Shenjt\u00eb thot\u00eb se besimi mes feve n\u00eb Shqip\u00ebri \u00ebsht\u00eb pasuri e \u00e7mueshme n\u00eb koh\u00ebn kur grupe ekstremiste instrumentalizojn\u00eb dallimet fetare. Me nj\u00eb avion\",\"breadcrumb\":{\"@id\":\"https:\/\/www.visit-ulcinj.com\/blog\/2014\/09\/21\/mberrin-ne-tirane-papa-francesku\/#breadcrumb\"},\"inLanguage\":\"en-US\",\"potentialAction\":[{\"@type\":\"ReadAction\",\"target\":[\"https:\/\/www.visit-ulcinj.com\/blog\/2014\/09\/21\/mberrin-ne-tirane-papa-francesku\/\"]}]},{\"@type\":\"BreadcrumbList\",\"@id\":\"https:\/\/www.visit-ulcinj.com\/blog\/2014\/09\/21\/mberrin-ne-tirane-papa-francesku\/#breadcrumb\",\"itemListElement\":[{\"@type\":\"ListItem\",\"position\":1,\"name\":\"Mb\u00ebrrin n\u00eb Tiran\u00eb Papa Francesku\"}]},{\"@type\":\"Person\",\"@id\":\"https:\/\/www.visit-ulcinj.com\/blog\/#\/schema\/person\/dcab619c614d3038751c63bc2aadc06d\",\"name\":\"ulqini\",\"sameAs\":[\"http:\/\/www.visit-ulcinj.com\"],\"url\":\"https:\/\/www.visit-ulcinj.com\/blog\/author\/admin\/\"}]}<\/script>\n<!-- \/ Yoast SEO plugin. -->","yoast_head_json":{"title":"Mb\u00ebrrin n\u00eb Tiran\u00eb Papa Francesku - Lajme nga Ulqini","description":"Ati i Shenjt\u00eb thot\u00eb se besimi mes feve n\u00eb Shqip\u00ebri \u00ebsht\u00eb pasuri e \u00e7mueshme n\u00eb koh\u00ebn kur grupe ekstremiste instrumentalizojn\u00eb dallimet fetare. Me nj\u00eb avion","robots":{"index":"index","follow":"follow","max-snippet":"max-snippet:-1","max-image-preview":"max-image-preview:large","max-video-preview":"max-video-preview:-1"},"canonical":"https:\/\/www.visit-ulcinj.com\/blog\/2014\/09\/21\/mberrin-ne-tirane-papa-francesku\/","og_locale":"en_US","og_type":"article","og_title":"Mb\u00ebrrin n\u00eb Tiran\u00eb Papa Francesku - Lajme nga Ulqini","og_description":"Ati i Shenjt\u00eb thot\u00eb se besimi mes feve n\u00eb Shqip\u00ebri \u00ebsht\u00eb pasuri e \u00e7mueshme n\u00eb koh\u00ebn kur grupe ekstremiste instrumentalizojn\u00eb dallimet fetare. Me nj\u00eb avion","og_url":"https:\/\/www.visit-ulcinj.com\/blog\/2014\/09\/21\/mberrin-ne-tirane-papa-francesku\/","og_site_name":"Lajme nga Ulqini","article_published_time":"2014-09-21T13:20:31+00:00","article_modified_time":"2014-09-21T21:14:31+00:00","twitter_misc":{"Written by":"ulqini","Est. reading time":"3 minutes"},"schema":{"@context":"https:\/\/schema.org","@graph":[{"@type":"WebSite","@id":"https:\/\/www.visit-ulcinj.com\/blog\/#website","url":"https:\/\/www.visit-ulcinj.com\/blog\/","name":"Lajme nga Ulqini","description":"Lajme,Vijesti,Ulqini,Ulqin,Crna Gora,Mali i Zi","potentialAction":[{"@type":"SearchAction","target":{"@type":"EntryPoint","urlTemplate":"https:\/\/www.visit-ulcinj.com\/blog\/?s={search_term_string}"},"query-input":"required name=search_term_string"}],"inLanguage":"en-US"},{"@type":"WebPage","@id":"https:\/\/www.visit-ulcinj.com\/blog\/2014\/09\/21\/mberrin-ne-tirane-papa-francesku\/#webpage","url":"https:\/\/www.visit-ulcinj.com\/blog\/2014\/09\/21\/mberrin-ne-tirane-papa-francesku\/","name":"Mb\u00ebrrin n\u00eb Tiran\u00eb Papa Francesku - Lajme nga Ulqini","isPartOf":{"@id":"https:\/\/www.visit-ulcinj.com\/blog\/#website"},"datePublished":"2014-09-21T13:20:31+00:00","dateModified":"2014-09-21T21:14:31+00:00","author":{"@id":"https:\/\/www.visit-ulcinj.com\/blog\/#\/schema\/person\/dcab619c614d3038751c63bc2aadc06d"},"description":"Ati i Shenjt\u00eb thot\u00eb se besimi mes feve n\u00eb Shqip\u00ebri \u00ebsht\u00eb pasuri e \u00e7mueshme n\u00eb koh\u00ebn kur grupe ekstremiste instrumentalizojn\u00eb dallimet fetare. Me nj\u00eb avion","breadcrumb":{"@id":"https:\/\/www.visit-ulcinj.com\/blog\/2014\/09\/21\/mberrin-ne-tirane-papa-francesku\/#breadcrumb"},"inLanguage":"en-US","potentialAction":[{"@type":"ReadAction","target":["https:\/\/www.visit-ulcinj.com\/blog\/2014\/09\/21\/mberrin-ne-tirane-papa-francesku\/"]}]},{"@type":"BreadcrumbList","@id":"https:\/\/www.visit-ulcinj.com\/blog\/2014\/09\/21\/mberrin-ne-tirane-papa-francesku\/#breadcrumb","itemListElement":[{"@type":"ListItem","position":1,"name":"Mb\u00ebrrin n\u00eb Tiran\u00eb Papa Francesku"}]},{"@type":"Person","@id":"https:\/\/www.visit-ulcinj.com\/blog\/#\/schema\/person\/dcab619c614d3038751c63bc2aadc06d","name":"ulqini","sameAs":["http:\/\/www.visit-ulcinj.com"],"url":"https:\/\/www.visit-ulcinj.com\/blog\/author\/admin\/"}]}},"jetpack_featured_media_url":"","jetpack_sharing_enabled":true,"jetpack_shortlink":"https:\/\/wp.me\/pe6lTn-md6","_links":{"self":[{"href":"https:\/\/www.visit-ulcinj.com\/blog\/wp-json\/wp\/v2\/posts\/85380"}],"collection":[{"href":"https:\/\/www.visit-ulcinj.com\/blog\/wp-json\/wp\/v2\/posts"}],"about":[{"href":"https:\/\/www.visit-ulcinj.com\/blog\/wp-json\/wp\/v2\/types\/post"}],"author":[{"embeddable":true,"href":"https:\/\/www.visit-ulcinj.com\/blog\/wp-json\/wp\/v2\/users\/1"}],"replies":[{"embeddable":true,"href":"https:\/\/www.visit-ulcinj.com\/blog\/wp-json\/wp\/v2\/comments?post=85380"}],"version-history":[{"count":1,"href":"https:\/\/www.visit-ulcinj.com\/blog\/wp-json\/wp\/v2\/posts\/85380\/revisions"}],"predecessor-version":[{"id":85383,"href":"https:\/\/www.visit-ulcinj.com\/blog\/wp-json\/wp\/v2\/posts\/85380\/revisions\/85383"}],"wp:attachment":[{"href":"https:\/\/www.visit-ulcinj.com\/blog\/wp-json\/wp\/v2\/media?parent=85380"}],"wp:term":[{"taxonomy":"category","embeddable":true,"href":"https:\/\/www.visit-ulcinj.com\/blog\/wp-json\/wp\/v2\/categories?post=85380"},{"taxonomy":"post_tag","embeddable":true,"href":"https:\/\/www.visit-ulcinj.com\/blog\/wp-json\/wp\/v2\/tags?post=85380"}],"curies":[{"name":"wp","href":"https:\/\/api.w.org\/{rel}","templated":true}]}}