{"id":85386,"date":"2014-09-21T15:10:41","date_gmt":"2014-09-21T14:10:41","guid":{"rendered":"http:\/\/www.visit-ulcinj.com\/blog\/?p=85386"},"modified":"2014-09-21T15:27:00","modified_gmt":"2014-09-21T14:27:00","slug":"igor-llukshiq-bisedoi-ambasadorin-ne-largim-tonin-bec","status":"publish","type":"post","link":"https:\/\/www.visit-ulcinj.com\/blog\/2014\/09\/21\/igor-llukshiq-bisedoi-ambasadorin-ne-largim-tonin-bec\/","title":{"rendered":"Igor Llukshiq bisedoi me ambasadorin n\u00eb largim Tonin Bec"},"content":{"rendered":"<p><a href=\"http:\/\/www.visit-ulcinj.com\/blog\/wp-content\/uploads\/2014\/09\/luksic-tonin-Beci.jpg\"><img loading=\"lazy\" class=\"alignleft wp-image-85387\" src=\"http:\/\/www.visit-ulcinj.com\/blog\/wp-content\/uploads\/2014\/09\/luksic-tonin-Beci.jpg\" alt=\"luksic - tonin Beci\" width=\"508\" height=\"338\" srcset=\"https:\/\/www.visit-ulcinj.com\/blog\/wp-content\/uploads\/2014\/09\/luksic-tonin-Beci.jpg 1000w, https:\/\/www.visit-ulcinj.com\/blog\/wp-content\/uploads\/2014\/09\/luksic-tonin-Beci-300x199.jpg 300w\" sizes=\"(max-width: 508px) 100vw, 508px\" \/><\/a>N\u00ebnkryetari i Qeveris\u00eb e minist\u00ebr i pun\u00ebve t\u00eb jashtme dhe integrimet evropiane Igor Llukshiq\u00a0 ka prit sot p\u00ebr vizit\u00eb lamtumir\u00ebs ambasadorin e Republik\u00ebs s\u00eb Shqip\u00ebris\u00eb\u00a0 Tonin Beci. Marr\u00ebdh\u00ebniet nd\u00ebrmjet\u00a0 Malit t\u00eb Zi dhe Shqip\u00ebris\u00eb jan\u00eb shembull i bashk\u00ebpunimit t\u00eb mir\u00eb fqinj\u00ebsor, kan\u00eb vler\u00ebsuar Beci dhe Llukshiq,\u00a0 gjat\u00eb vizit\u00ebs lamtumir\u00ebse\u00a0 t\u00eb ambasadorit shqiptar\u00eb.<\/p>\n<p>Bashk\u00ebbiseduesit u shprehen t\u00eb k\u00ebnaqur me bashk\u00ebpunimin shum\u00eb t\u00eb pasur dhe p\u00ebrmbajt\u00ebsor\u00a0\u00a0 nd\u00ebrmjet Malit t\u00eb Zi dhe Shqip\u00ebris\u00eb , pastaj me dialogun e avancuar\u00a0 politik\u00eb n\u00eb nivelin m\u00eb t\u00eb lart\u00eb p\u00ebrmes vler\u00ebsimit se bashk\u00ebpunimin e mir\u00eb duhet\u00a0 intensifikuar n\u00eb planin ekonomik. N\u00eb k\u00ebt\u00eb kuptim,\u00a0 \u00ebsht\u00eb\u00a0 vler\u00ebsuar\u00a0 se n\u00ebnshkrimi i ardhsh\u00ebm i marr\u00ebveshjes p\u00ebr bashk\u00ebpunimin ekonomik do t\u00eb jet\u00eb nxitje e mir\u00eb e forcimit t\u00eb bashk\u00ebpunimit n\u00eb sfer\u00ebn ekonomike. Ata, kan\u00eb biseduar\u00a0 p\u00ebr\u00a0 forcimin e bashk\u00ebpunimit t\u00eb dy vendeve\u00a0 n\u00eb sfer\u00ebn e integrimeve evropiane , p\u00ebr bashk\u00ebpunimin rajonal, kurse\u00a0 n\u00ebnkryetari Llukshiq ka theksuar se Mali i Zi,\u00a0 \u00ebsht\u00eb i gatsh\u00ebm t\u00eb ndihmoj\u00eb\u00a0 dhe ti transferoj\u00eb p\u00ebrvojat e veta\u00a0 nga procesi negociator.<\/p>\n<p>TVCG<\/p>\n","protected":false},"excerpt":{"rendered":"<p>N\u00ebnkryetari i Qeveris\u00eb e minist\u00ebr i pun\u00ebve t\u00eb jashtme dhe integrimet evropiane Igor Llukshiq\u00a0 ka prit sot p\u00ebr vizit\u00eb lamtumir\u00ebs ambasadorin e Republik\u00ebs s\u00eb Shqip\u00ebris\u00eb\u00a0 Tonin Beci. Marr\u00ebdh\u00ebniet nd\u00ebrmjet\u00a0 Malit t\u00eb Zi dhe Shqip\u00ebris\u00eb jan\u00eb shembull i bashk\u00ebpunimit t\u00eb mir\u00eb fqinj\u00ebsor, kan\u00eb vler\u00ebsuar Beci dhe Llukshiq,\u00a0 gjat\u00eb vizit\u00ebs lamtumir\u00ebse\u00a0 t\u00eb ambasadorit shqiptar\u00eb. Bashk\u00ebbiseduesit u shprehen [&hellip;]<\/p>\n","protected":false},"author":1,"featured_media":0,"comment_status":"closed","ping_status":"closed","sticky":false,"template":"","format":"standard","meta":{"spay_email":"","jetpack_publicize_message":"","jetpack_is_tweetstorm":false,"jetpack_publicize_feature_enabled":true},"categories":[6950],"tags":[],"jetpack_publicize_connections":[],"yoast_head":"<!-- This site is optimized with the Yoast SEO plugin v19.1 - https:\/\/yoast.com\/wordpress\/plugins\/seo\/ -->\n<title>Igor Llukshiq bisedoi me ambasadorin n\u00eb largim Tonin Bec - Lajme nga Ulqini<\/title>\n<meta name=\"description\" content=\"N\u00ebnkryetari i Qeveris\u00eb e minist\u00ebr i pun\u00ebve t\u00eb jashtme dhe integrimet evropiane Igor Llukshiq\u00a0 ka prit sot p\u00ebr vizit\u00eb lamtumir\u00ebs ambasadorin e Republik\u00ebs\" \/>\n<meta name=\"robots\" content=\"index, follow, max-snippet:-1, max-image-preview:large, max-video-preview:-1\" \/>\n<link rel=\"canonical\" href=\"https:\/\/www.visit-ulcinj.com\/blog\/2014\/09\/21\/igor-llukshiq-bisedoi-ambasadorin-ne-largim-tonin-bec\/\" \/>\n<meta property=\"og:locale\" content=\"en_US\" \/>\n<meta property=\"og:type\" content=\"article\" \/>\n<meta property=\"og:title\" content=\"Igor Llukshiq bisedoi me ambasadorin n\u00eb largim Tonin Bec - Lajme nga Ulqini\" \/>\n<meta property=\"og:description\" content=\"N\u00ebnkryetari i Qeveris\u00eb e minist\u00ebr i pun\u00ebve t\u00eb jashtme dhe integrimet evropiane Igor Llukshiq\u00a0 ka prit sot p\u00ebr vizit\u00eb lamtumir\u00ebs ambasadorin e Republik\u00ebs\" \/>\n<meta property=\"og:url\" content=\"https:\/\/www.visit-ulcinj.com\/blog\/2014\/09\/21\/igor-llukshiq-bisedoi-ambasadorin-ne-largim-tonin-bec\/\" \/>\n<meta property=\"og:site_name\" content=\"Lajme nga Ulqini\" \/>\n<meta property=\"article:published_time\" content=\"2014-09-21T14:10:41+00:00\" \/>\n<meta property=\"article:modified_time\" content=\"2014-09-21T14:27:00+00:00\" \/>\n<meta property=\"og:image\" content=\"http:\/\/www.visit-ulcinj.com\/blog\/wp-content\/uploads\/2014\/09\/luksic-tonin-Beci.jpg\" \/>\n<meta name=\"twitter:label1\" content=\"Written by\" \/>\n\t<meta name=\"twitter:data1\" content=\"ulqini\" \/>\n\t<meta name=\"twitter:label2\" content=\"Est. reading time\" \/>\n\t<meta name=\"twitter:data2\" content=\"1 minute\" \/>\n<script type=\"application\/ld+json\" class=\"yoast-schema-graph\">{\"@context\":\"https:\/\/schema.org\",\"@graph\":[{\"@type\":\"WebSite\",\"@id\":\"https:\/\/www.visit-ulcinj.com\/blog\/#website\",\"url\":\"https:\/\/www.visit-ulcinj.com\/blog\/\",\"name\":\"Lajme nga Ulqini\",\"description\":\"Lajme,Vijesti,Ulqini,Ulqin,Crna Gora,Mali i Zi\",\"potentialAction\":[{\"@type\":\"SearchAction\",\"target\":{\"@type\":\"EntryPoint\",\"urlTemplate\":\"https:\/\/www.visit-ulcinj.com\/blog\/?s={search_term_string}\"},\"query-input\":\"required name=search_term_string\"}],\"inLanguage\":\"en-US\"},{\"@type\":\"ImageObject\",\"inLanguage\":\"en-US\",\"@id\":\"https:\/\/www.visit-ulcinj.com\/blog\/2014\/09\/21\/igor-llukshiq-bisedoi-ambasadorin-ne-largim-tonin-bec\/#primaryimage\",\"url\":\"https:\/\/www.visit-ulcinj.com\/blog\/wp-content\/uploads\/2014\/09\/luksic-tonin-Beci.jpg\",\"contentUrl\":\"https:\/\/www.visit-ulcinj.com\/blog\/wp-content\/uploads\/2014\/09\/luksic-tonin-Beci.jpg\",\"width\":1000,\"height\":666},{\"@type\":\"WebPage\",\"@id\":\"https:\/\/www.visit-ulcinj.com\/blog\/2014\/09\/21\/igor-llukshiq-bisedoi-ambasadorin-ne-largim-tonin-bec\/#webpage\",\"url\":\"https:\/\/www.visit-ulcinj.com\/blog\/2014\/09\/21\/igor-llukshiq-bisedoi-ambasadorin-ne-largim-tonin-bec\/\",\"name\":\"Igor Llukshiq bisedoi me ambasadorin n\u00eb largim Tonin Bec - Lajme nga Ulqini\",\"isPartOf\":{\"@id\":\"https:\/\/www.visit-ulcinj.com\/blog\/#website\"},\"primaryImageOfPage\":{\"@id\":\"https:\/\/www.visit-ulcinj.com\/blog\/2014\/09\/21\/igor-llukshiq-bisedoi-ambasadorin-ne-largim-tonin-bec\/#primaryimage\"},\"datePublished\":\"2014-09-21T14:10:41+00:00\",\"dateModified\":\"2014-09-21T14:27:00+00:00\",\"author\":{\"@id\":\"https:\/\/www.visit-ulcinj.com\/blog\/#\/schema\/person\/dcab619c614d3038751c63bc2aadc06d\"},\"description\":\"N\u00ebnkryetari i Qeveris\u00eb e minist\u00ebr i pun\u00ebve t\u00eb jashtme dhe integrimet evropiane Igor Llukshiq\u00a0 ka prit sot p\u00ebr vizit\u00eb lamtumir\u00ebs ambasadorin e Republik\u00ebs\",\"breadcrumb\":{\"@id\":\"https:\/\/www.visit-ulcinj.com\/blog\/2014\/09\/21\/igor-llukshiq-bisedoi-ambasadorin-ne-largim-tonin-bec\/#breadcrumb\"},\"inLanguage\":\"en-US\",\"potentialAction\":[{\"@type\":\"ReadAction\",\"target\":[\"https:\/\/www.visit-ulcinj.com\/blog\/2014\/09\/21\/igor-llukshiq-bisedoi-ambasadorin-ne-largim-tonin-bec\/\"]}]},{\"@type\":\"BreadcrumbList\",\"@id\":\"https:\/\/www.visit-ulcinj.com\/blog\/2014\/09\/21\/igor-llukshiq-bisedoi-ambasadorin-ne-largim-tonin-bec\/#breadcrumb\",\"itemListElement\":[{\"@type\":\"ListItem\",\"position\":1,\"name\":\"Igor Llukshiq bisedoi me ambasadorin n\u00eb largim Tonin Bec\"}]},{\"@type\":\"Person\",\"@id\":\"https:\/\/www.visit-ulcinj.com\/blog\/#\/schema\/person\/dcab619c614d3038751c63bc2aadc06d\",\"name\":\"ulqini\",\"sameAs\":[\"http:\/\/www.visit-ulcinj.com\"],\"url\":\"https:\/\/www.visit-ulcinj.com\/blog\/author\/admin\/\"}]}<\/script>\n<!-- \/ Yoast SEO plugin. -->","yoast_head_json":{"title":"Igor Llukshiq bisedoi me ambasadorin n\u00eb largim Tonin Bec - Lajme nga Ulqini","description":"N\u00ebnkryetari i Qeveris\u00eb e minist\u00ebr i pun\u00ebve t\u00eb jashtme dhe integrimet evropiane Igor Llukshiq\u00a0 ka prit sot p\u00ebr vizit\u00eb lamtumir\u00ebs ambasadorin e Republik\u00ebs","robots":{"index":"index","follow":"follow","max-snippet":"max-snippet:-1","max-image-preview":"max-image-preview:large","max-video-preview":"max-video-preview:-1"},"canonical":"https:\/\/www.visit-ulcinj.com\/blog\/2014\/09\/21\/igor-llukshiq-bisedoi-ambasadorin-ne-largim-tonin-bec\/","og_locale":"en_US","og_type":"article","og_title":"Igor Llukshiq bisedoi me ambasadorin n\u00eb largim Tonin Bec - Lajme nga Ulqini","og_description":"N\u00ebnkryetari i Qeveris\u00eb e minist\u00ebr i pun\u00ebve t\u00eb jashtme dhe integrimet evropiane Igor Llukshiq\u00a0 ka prit sot p\u00ebr vizit\u00eb lamtumir\u00ebs ambasadorin e Republik\u00ebs","og_url":"https:\/\/www.visit-ulcinj.com\/blog\/2014\/09\/21\/igor-llukshiq-bisedoi-ambasadorin-ne-largim-tonin-bec\/","og_site_name":"Lajme nga Ulqini","article_published_time":"2014-09-21T14:10:41+00:00","article_modified_time":"2014-09-21T14:27:00+00:00","og_image":[{"url":"http:\/\/www.visit-ulcinj.com\/blog\/wp-content\/uploads\/2014\/09\/luksic-tonin-Beci.jpg"}],"twitter_misc":{"Written by":"ulqini","Est. reading time":"1 minute"},"schema":{"@context":"https:\/\/schema.org","@graph":[{"@type":"WebSite","@id":"https:\/\/www.visit-ulcinj.com\/blog\/#website","url":"https:\/\/www.visit-ulcinj.com\/blog\/","name":"Lajme nga Ulqini","description":"Lajme,Vijesti,Ulqini,Ulqin,Crna Gora,Mali i Zi","potentialAction":[{"@type":"SearchAction","target":{"@type":"EntryPoint","urlTemplate":"https:\/\/www.visit-ulcinj.com\/blog\/?s={search_term_string}"},"query-input":"required name=search_term_string"}],"inLanguage":"en-US"},{"@type":"ImageObject","inLanguage":"en-US","@id":"https:\/\/www.visit-ulcinj.com\/blog\/2014\/09\/21\/igor-llukshiq-bisedoi-ambasadorin-ne-largim-tonin-bec\/#primaryimage","url":"https:\/\/www.visit-ulcinj.com\/blog\/wp-content\/uploads\/2014\/09\/luksic-tonin-Beci.jpg","contentUrl":"https:\/\/www.visit-ulcinj.com\/blog\/wp-content\/uploads\/2014\/09\/luksic-tonin-Beci.jpg","width":1000,"height":666},{"@type":"WebPage","@id":"https:\/\/www.visit-ulcinj.com\/blog\/2014\/09\/21\/igor-llukshiq-bisedoi-ambasadorin-ne-largim-tonin-bec\/#webpage","url":"https:\/\/www.visit-ulcinj.com\/blog\/2014\/09\/21\/igor-llukshiq-bisedoi-ambasadorin-ne-largim-tonin-bec\/","name":"Igor Llukshiq bisedoi me ambasadorin n\u00eb largim Tonin Bec - Lajme nga Ulqini","isPartOf":{"@id":"https:\/\/www.visit-ulcinj.com\/blog\/#website"},"primaryImageOfPage":{"@id":"https:\/\/www.visit-ulcinj.com\/blog\/2014\/09\/21\/igor-llukshiq-bisedoi-ambasadorin-ne-largim-tonin-bec\/#primaryimage"},"datePublished":"2014-09-21T14:10:41+00:00","dateModified":"2014-09-21T14:27:00+00:00","author":{"@id":"https:\/\/www.visit-ulcinj.com\/blog\/#\/schema\/person\/dcab619c614d3038751c63bc2aadc06d"},"description":"N\u00ebnkryetari i Qeveris\u00eb e minist\u00ebr i pun\u00ebve t\u00eb jashtme dhe integrimet evropiane Igor Llukshiq\u00a0 ka prit sot p\u00ebr vizit\u00eb lamtumir\u00ebs ambasadorin e Republik\u00ebs","breadcrumb":{"@id":"https:\/\/www.visit-ulcinj.com\/blog\/2014\/09\/21\/igor-llukshiq-bisedoi-ambasadorin-ne-largim-tonin-bec\/#breadcrumb"},"inLanguage":"en-US","potentialAction":[{"@type":"ReadAction","target":["https:\/\/www.visit-ulcinj.com\/blog\/2014\/09\/21\/igor-llukshiq-bisedoi-ambasadorin-ne-largim-tonin-bec\/"]}]},{"@type":"BreadcrumbList","@id":"https:\/\/www.visit-ulcinj.com\/blog\/2014\/09\/21\/igor-llukshiq-bisedoi-ambasadorin-ne-largim-tonin-bec\/#breadcrumb","itemListElement":[{"@type":"ListItem","position":1,"name":"Igor Llukshiq bisedoi me ambasadorin n\u00eb largim Tonin Bec"}]},{"@type":"Person","@id":"https:\/\/www.visit-ulcinj.com\/blog\/#\/schema\/person\/dcab619c614d3038751c63bc2aadc06d","name":"ulqini","sameAs":["http:\/\/www.visit-ulcinj.com"],"url":"https:\/\/www.visit-ulcinj.com\/blog\/author\/admin\/"}]}},"jetpack_featured_media_url":"","jetpack_sharing_enabled":true,"jetpack_shortlink":"https:\/\/wp.me\/pe6lTn-mdc","_links":{"self":[{"href":"https:\/\/www.visit-ulcinj.com\/blog\/wp-json\/wp\/v2\/posts\/85386"}],"collection":[{"href":"https:\/\/www.visit-ulcinj.com\/blog\/wp-json\/wp\/v2\/posts"}],"about":[{"href":"https:\/\/www.visit-ulcinj.com\/blog\/wp-json\/wp\/v2\/types\/post"}],"author":[{"embeddable":true,"href":"https:\/\/www.visit-ulcinj.com\/blog\/wp-json\/wp\/v2\/users\/1"}],"replies":[{"embeddable":true,"href":"https:\/\/www.visit-ulcinj.com\/blog\/wp-json\/wp\/v2\/comments?post=85386"}],"version-history":[{"count":1,"href":"https:\/\/www.visit-ulcinj.com\/blog\/wp-json\/wp\/v2\/posts\/85386\/revisions"}],"predecessor-version":[{"id":85388,"href":"https:\/\/www.visit-ulcinj.com\/blog\/wp-json\/wp\/v2\/posts\/85386\/revisions\/85388"}],"wp:attachment":[{"href":"https:\/\/www.visit-ulcinj.com\/blog\/wp-json\/wp\/v2\/media?parent=85386"}],"wp:term":[{"taxonomy":"category","embeddable":true,"href":"https:\/\/www.visit-ulcinj.com\/blog\/wp-json\/wp\/v2\/categories?post=85386"},{"taxonomy":"post_tag","embeddable":true,"href":"https:\/\/www.visit-ulcinj.com\/blog\/wp-json\/wp\/v2\/tags?post=85386"}],"curies":[{"name":"wp","href":"https:\/\/api.w.org\/{rel}","templated":true}]}}