{"id":85389,"date":"2014-09-21T15:26:05","date_gmt":"2014-09-21T14:26:05","guid":{"rendered":"http:\/\/www.visit-ulcinj.com\/blog\/?p=85389"},"modified":"2014-09-21T15:26:05","modified_gmt":"2014-09-21T14:26:05","slug":"radovic-treba-nam-sajamski-centar-ne-hoteli","status":"publish","type":"post","link":"https:\/\/www.visit-ulcinj.com\/blog\/2014\/09\/21\/radovic-treba-nam-sajamski-centar-ne-hoteli\/","title":{"rendered":"Radovi\u0107: Treba nam sajamski centar, ne hoteli"},"content":{"rendered":"<p><a href=\"http:\/\/www.visit-ulcinj.com\/blog\/wp-content\/uploads\/2014\/09\/sasa-radovic.jpg\"><img loading=\"lazy\" class=\"alignleft wp-image-85390\" src=\"http:\/\/www.visit-ulcinj.com\/blog\/wp-content\/uploads\/2014\/09\/sasa-radovic.jpg\" alt=\"sasa radovic\" width=\"508\" height=\"381\" srcset=\"https:\/\/www.visit-ulcinj.com\/blog\/wp-content\/uploads\/2014\/09\/sasa-radovic.jpg 640w, https:\/\/www.visit-ulcinj.com\/blog\/wp-content\/uploads\/2014\/09\/sasa-radovic-300x225.jpg 300w\" sizes=\"(max-width: 508px) 100vw, 508px\" \/><\/a>Direktor Nacionalne turisti\u010dke organizacije Crne Gore, Sa\u0161a Radovi\u0107 o\u010dekuje da \u0107e ova sezona za nekoliko procenata biti bolja nego pro\u0161logodi\u0161nja, koja je bila rekordna i to zahvaljuju\u0107i posjeti u avgustu kada je, prema prvim procjenama ostvareno oko \u010detiri miliona no\u0107enja. Radovi\u0107 je ocijenio i da je za Crnu Goru gradnja kongresnog sajamskog centra bitnija od novih hotela.<\/p>\n<p>&#8220;Ova sezona na\u017ealost ima jo\u0161 jedan hendikep a to je \u0161to se upore\u0111uje sa pro\u0161logodi\u0161njom, koja je bila rekordna. Dosta o\u010dekujemo od postsezone, iako nas i sada prate lo\u0161e vremenske prilike, ali fakat je da je tako svugdje na Mediteranu-ljetnja turisti\u010dka sezona zavisi od sunca a zimska od visine snije\u017enog pokriva\u010da&#8221;, rekao je on u intervjuu za Atlas TV.<\/p>\n<p>Prema podacima Ministarstva finansija, kako ka\u017ee Radovi\u0107, za prvih osam mjeseci u bud\u017eetu je prihodovano za 30 miliona eura vi\u0161e nego u istom periodu pro\u0161le godine i \u010dak tri odsto vi\u0161e od plana.<\/p>\n<p>&#8220;I bez novih turista ima prostora da se pove\u0107a prihod i to da jedan dio sive ekonomije uvedemo u legalne tokove. Tokom avgusta nam ne treba nijedan dodatni turista u narednih pet godina&#8221;, rekao je on.<\/p>\n<p>On je odbacio ocjene da se crnogorski turizam dominatno oslanja na rusko tr\u017ei\u0161te koje ove godine poga\u0111a politi\u010dka kriza i srpsko, koje je bilo pogodjeno poplavama. Kako je dodao, turisti iz regiona \u010dine jednu tre\u0107inu ukupnih turista.<\/p>\n<p>Radovi\u0107 ka\u017ee da treba da se uve\u017eu svi segmenti turizma i dodaje da je danas bitnije investirati u kongresno sajamski centar nego u nove hotele, jer bi to zna\u010dajnije produ\u017eilo sezonu.<\/p>\n<p>&#8220;Jer uz na\u0161u blagu mediteransku klimu, tokom zime, mo\u017eemo imati i razne oblike zdravstvenog turizma, vrlo popularne sliming programe, detoksikacije, kozmeti\u010dke tretmane, ali i sportski turizam&#8221;, ka\u017ee on.<\/p>\n<p>Radovi\u0107 ka\u017ee da svi koji prevashodno \u017eive od turizma, dobro vode cjenovnu politiku i balansiraju. On dodaje da je problem previsokih cijena u vanpansionskoj ponudi.<\/p>\n<p>&#8220;Mislim da nema razloga da je parking tako skup. Oni su svake godine skuplji za po 20 odsto, a ne vidimo da se ne\u0161to posebno ulo\u017eilo u ta parking mjesta&#8221;, ocijenio je Radovi\u0107.<\/p>\n<p>Smatra i da svi koji ponude novi ve\u0107i kvalitet, mogu da pove\u0107avaju cijene a da \u0107e ih u suprotnom tr\u017ei\u0161te kazniti.<\/p>\n<p><strong>Izvor: RTCG<\/strong><\/p>\n","protected":false},"excerpt":{"rendered":"<p>Direktor Nacionalne turisti\u010dke organizacije Crne Gore, Sa\u0161a Radovi\u0107 o\u010dekuje da \u0107e ova sezona za nekoliko procenata biti bolja nego pro\u0161logodi\u0161nja, koja je bila rekordna i to zahvaljuju\u0107i posjeti u avgustu kada je, prema prvim procjenama ostvareno oko \u010detiri miliona no\u0107enja. Radovi\u0107 je ocijenio i da je za Crnu Goru gradnja kongresnog sajamskog centra bitnija od [&hellip;]<\/p>\n","protected":false},"author":1,"featured_media":0,"comment_status":"closed","ping_status":"closed","sticky":false,"template":"","format":"standard","meta":{"spay_email":"","jetpack_publicize_message":"","jetpack_is_tweetstorm":false,"jetpack_publicize_feature_enabled":true},"categories":[6950],"tags":[],"jetpack_publicize_connections":[],"yoast_head":"<!-- This site is optimized with the Yoast SEO plugin v19.1 - https:\/\/yoast.com\/wordpress\/plugins\/seo\/ -->\n<title>Radovi\u0107: Treba nam sajamski centar, ne hoteli - Lajme nga Ulqini<\/title>\n<meta name=\"description\" content=\"Direktor Nacionalne turisti\u010dke organizacije Crne Gore, Sa\u0161a Radovi\u0107 o\u010dekuje da \u0107e ova sezona za nekoliko procenata biti bolja nego pro\u0161logodi\u0161nja, koja je\" \/>\n<meta name=\"robots\" content=\"index, follow, max-snippet:-1, max-image-preview:large, max-video-preview:-1\" \/>\n<link rel=\"canonical\" href=\"https:\/\/www.visit-ulcinj.com\/blog\/2014\/09\/21\/radovic-treba-nam-sajamski-centar-ne-hoteli\/\" \/>\n<meta property=\"og:locale\" content=\"en_US\" \/>\n<meta property=\"og:type\" content=\"article\" \/>\n<meta property=\"og:title\" content=\"Radovi\u0107: Treba nam sajamski centar, ne hoteli - Lajme nga Ulqini\" \/>\n<meta property=\"og:description\" content=\"Direktor Nacionalne turisti\u010dke organizacije Crne Gore, Sa\u0161a Radovi\u0107 o\u010dekuje da \u0107e ova sezona za nekoliko procenata biti bolja nego pro\u0161logodi\u0161nja, koja je\" \/>\n<meta property=\"og:url\" content=\"https:\/\/www.visit-ulcinj.com\/blog\/2014\/09\/21\/radovic-treba-nam-sajamski-centar-ne-hoteli\/\" \/>\n<meta property=\"og:site_name\" content=\"Lajme nga Ulqini\" \/>\n<meta property=\"article:published_time\" content=\"2014-09-21T14:26:05+00:00\" \/>\n<meta property=\"og:image\" content=\"http:\/\/www.visit-ulcinj.com\/blog\/wp-content\/uploads\/2014\/09\/sasa-radovic.jpg\" \/>\n<meta name=\"twitter:label1\" content=\"Written by\" \/>\n\t<meta name=\"twitter:data1\" content=\"ulqini\" \/>\n\t<meta name=\"twitter:label2\" content=\"Est. reading time\" \/>\n\t<meta name=\"twitter:data2\" content=\"2 minutes\" \/>\n<script type=\"application\/ld+json\" class=\"yoast-schema-graph\">{\"@context\":\"https:\/\/schema.org\",\"@graph\":[{\"@type\":\"WebSite\",\"@id\":\"https:\/\/www.visit-ulcinj.com\/blog\/#website\",\"url\":\"https:\/\/www.visit-ulcinj.com\/blog\/\",\"name\":\"Lajme nga Ulqini\",\"description\":\"Lajme,Vijesti,Ulqini,Ulqin,Crna Gora,Mali i Zi\",\"potentialAction\":[{\"@type\":\"SearchAction\",\"target\":{\"@type\":\"EntryPoint\",\"urlTemplate\":\"https:\/\/www.visit-ulcinj.com\/blog\/?s={search_term_string}\"},\"query-input\":\"required name=search_term_string\"}],\"inLanguage\":\"en-US\"},{\"@type\":\"ImageObject\",\"inLanguage\":\"en-US\",\"@id\":\"https:\/\/www.visit-ulcinj.com\/blog\/2014\/09\/21\/radovic-treba-nam-sajamski-centar-ne-hoteli\/#primaryimage\",\"url\":\"https:\/\/www.visit-ulcinj.com\/blog\/wp-content\/uploads\/2014\/09\/sasa-radovic.jpg\",\"contentUrl\":\"https:\/\/www.visit-ulcinj.com\/blog\/wp-content\/uploads\/2014\/09\/sasa-radovic.jpg\",\"width\":640,\"height\":480},{\"@type\":\"WebPage\",\"@id\":\"https:\/\/www.visit-ulcinj.com\/blog\/2014\/09\/21\/radovic-treba-nam-sajamski-centar-ne-hoteli\/#webpage\",\"url\":\"https:\/\/www.visit-ulcinj.com\/blog\/2014\/09\/21\/radovic-treba-nam-sajamski-centar-ne-hoteli\/\",\"name\":\"Radovi\u0107: Treba nam sajamski centar, ne hoteli - Lajme nga Ulqini\",\"isPartOf\":{\"@id\":\"https:\/\/www.visit-ulcinj.com\/blog\/#website\"},\"primaryImageOfPage\":{\"@id\":\"https:\/\/www.visit-ulcinj.com\/blog\/2014\/09\/21\/radovic-treba-nam-sajamski-centar-ne-hoteli\/#primaryimage\"},\"datePublished\":\"2014-09-21T14:26:05+00:00\",\"dateModified\":\"2014-09-21T14:26:05+00:00\",\"author\":{\"@id\":\"https:\/\/www.visit-ulcinj.com\/blog\/#\/schema\/person\/dcab619c614d3038751c63bc2aadc06d\"},\"description\":\"Direktor Nacionalne turisti\u010dke organizacije Crne Gore, Sa\u0161a Radovi\u0107 o\u010dekuje da \u0107e ova sezona za nekoliko procenata biti bolja nego pro\u0161logodi\u0161nja, koja je\",\"breadcrumb\":{\"@id\":\"https:\/\/www.visit-ulcinj.com\/blog\/2014\/09\/21\/radovic-treba-nam-sajamski-centar-ne-hoteli\/#breadcrumb\"},\"inLanguage\":\"en-US\",\"potentialAction\":[{\"@type\":\"ReadAction\",\"target\":[\"https:\/\/www.visit-ulcinj.com\/blog\/2014\/09\/21\/radovic-treba-nam-sajamski-centar-ne-hoteli\/\"]}]},{\"@type\":\"BreadcrumbList\",\"@id\":\"https:\/\/www.visit-ulcinj.com\/blog\/2014\/09\/21\/radovic-treba-nam-sajamski-centar-ne-hoteli\/#breadcrumb\",\"itemListElement\":[{\"@type\":\"ListItem\",\"position\":1,\"name\":\"Radovi\u0107: Treba nam sajamski centar, ne hoteli\"}]},{\"@type\":\"Person\",\"@id\":\"https:\/\/www.visit-ulcinj.com\/blog\/#\/schema\/person\/dcab619c614d3038751c63bc2aadc06d\",\"name\":\"ulqini\",\"sameAs\":[\"http:\/\/www.visit-ulcinj.com\"],\"url\":\"https:\/\/www.visit-ulcinj.com\/blog\/author\/admin\/\"}]}<\/script>\n<!-- \/ Yoast SEO plugin. -->","yoast_head_json":{"title":"Radovi\u0107: Treba nam sajamski centar, ne hoteli - Lajme nga Ulqini","description":"Direktor Nacionalne turisti\u010dke organizacije Crne Gore, Sa\u0161a Radovi\u0107 o\u010dekuje da \u0107e ova sezona za nekoliko procenata biti bolja nego pro\u0161logodi\u0161nja, koja je","robots":{"index":"index","follow":"follow","max-snippet":"max-snippet:-1","max-image-preview":"max-image-preview:large","max-video-preview":"max-video-preview:-1"},"canonical":"https:\/\/www.visit-ulcinj.com\/blog\/2014\/09\/21\/radovic-treba-nam-sajamski-centar-ne-hoteli\/","og_locale":"en_US","og_type":"article","og_title":"Radovi\u0107: Treba nam sajamski centar, ne hoteli - Lajme nga Ulqini","og_description":"Direktor Nacionalne turisti\u010dke organizacije Crne Gore, Sa\u0161a Radovi\u0107 o\u010dekuje da \u0107e ova sezona za nekoliko procenata biti bolja nego pro\u0161logodi\u0161nja, koja je","og_url":"https:\/\/www.visit-ulcinj.com\/blog\/2014\/09\/21\/radovic-treba-nam-sajamski-centar-ne-hoteli\/","og_site_name":"Lajme nga Ulqini","article_published_time":"2014-09-21T14:26:05+00:00","og_image":[{"url":"http:\/\/www.visit-ulcinj.com\/blog\/wp-content\/uploads\/2014\/09\/sasa-radovic.jpg"}],"twitter_misc":{"Written by":"ulqini","Est. reading time":"2 minutes"},"schema":{"@context":"https:\/\/schema.org","@graph":[{"@type":"WebSite","@id":"https:\/\/www.visit-ulcinj.com\/blog\/#website","url":"https:\/\/www.visit-ulcinj.com\/blog\/","name":"Lajme nga Ulqini","description":"Lajme,Vijesti,Ulqini,Ulqin,Crna Gora,Mali i Zi","potentialAction":[{"@type":"SearchAction","target":{"@type":"EntryPoint","urlTemplate":"https:\/\/www.visit-ulcinj.com\/blog\/?s={search_term_string}"},"query-input":"required name=search_term_string"}],"inLanguage":"en-US"},{"@type":"ImageObject","inLanguage":"en-US","@id":"https:\/\/www.visit-ulcinj.com\/blog\/2014\/09\/21\/radovic-treba-nam-sajamski-centar-ne-hoteli\/#primaryimage","url":"https:\/\/www.visit-ulcinj.com\/blog\/wp-content\/uploads\/2014\/09\/sasa-radovic.jpg","contentUrl":"https:\/\/www.visit-ulcinj.com\/blog\/wp-content\/uploads\/2014\/09\/sasa-radovic.jpg","width":640,"height":480},{"@type":"WebPage","@id":"https:\/\/www.visit-ulcinj.com\/blog\/2014\/09\/21\/radovic-treba-nam-sajamski-centar-ne-hoteli\/#webpage","url":"https:\/\/www.visit-ulcinj.com\/blog\/2014\/09\/21\/radovic-treba-nam-sajamski-centar-ne-hoteli\/","name":"Radovi\u0107: Treba nam sajamski centar, ne hoteli - Lajme nga Ulqini","isPartOf":{"@id":"https:\/\/www.visit-ulcinj.com\/blog\/#website"},"primaryImageOfPage":{"@id":"https:\/\/www.visit-ulcinj.com\/blog\/2014\/09\/21\/radovic-treba-nam-sajamski-centar-ne-hoteli\/#primaryimage"},"datePublished":"2014-09-21T14:26:05+00:00","dateModified":"2014-09-21T14:26:05+00:00","author":{"@id":"https:\/\/www.visit-ulcinj.com\/blog\/#\/schema\/person\/dcab619c614d3038751c63bc2aadc06d"},"description":"Direktor Nacionalne turisti\u010dke organizacije Crne Gore, Sa\u0161a Radovi\u0107 o\u010dekuje da \u0107e ova sezona za nekoliko procenata biti bolja nego pro\u0161logodi\u0161nja, koja je","breadcrumb":{"@id":"https:\/\/www.visit-ulcinj.com\/blog\/2014\/09\/21\/radovic-treba-nam-sajamski-centar-ne-hoteli\/#breadcrumb"},"inLanguage":"en-US","potentialAction":[{"@type":"ReadAction","target":["https:\/\/www.visit-ulcinj.com\/blog\/2014\/09\/21\/radovic-treba-nam-sajamski-centar-ne-hoteli\/"]}]},{"@type":"BreadcrumbList","@id":"https:\/\/www.visit-ulcinj.com\/blog\/2014\/09\/21\/radovic-treba-nam-sajamski-centar-ne-hoteli\/#breadcrumb","itemListElement":[{"@type":"ListItem","position":1,"name":"Radovi\u0107: Treba nam sajamski centar, ne hoteli"}]},{"@type":"Person","@id":"https:\/\/www.visit-ulcinj.com\/blog\/#\/schema\/person\/dcab619c614d3038751c63bc2aadc06d","name":"ulqini","sameAs":["http:\/\/www.visit-ulcinj.com"],"url":"https:\/\/www.visit-ulcinj.com\/blog\/author\/admin\/"}]}},"jetpack_featured_media_url":"","jetpack_sharing_enabled":true,"jetpack_shortlink":"https:\/\/wp.me\/pe6lTn-mdf","_links":{"self":[{"href":"https:\/\/www.visit-ulcinj.com\/blog\/wp-json\/wp\/v2\/posts\/85389"}],"collection":[{"href":"https:\/\/www.visit-ulcinj.com\/blog\/wp-json\/wp\/v2\/posts"}],"about":[{"href":"https:\/\/www.visit-ulcinj.com\/blog\/wp-json\/wp\/v2\/types\/post"}],"author":[{"embeddable":true,"href":"https:\/\/www.visit-ulcinj.com\/blog\/wp-json\/wp\/v2\/users\/1"}],"replies":[{"embeddable":true,"href":"https:\/\/www.visit-ulcinj.com\/blog\/wp-json\/wp\/v2\/comments?post=85389"}],"version-history":[{"count":1,"href":"https:\/\/www.visit-ulcinj.com\/blog\/wp-json\/wp\/v2\/posts\/85389\/revisions"}],"predecessor-version":[{"id":85391,"href":"https:\/\/www.visit-ulcinj.com\/blog\/wp-json\/wp\/v2\/posts\/85389\/revisions\/85391"}],"wp:attachment":[{"href":"https:\/\/www.visit-ulcinj.com\/blog\/wp-json\/wp\/v2\/media?parent=85389"}],"wp:term":[{"taxonomy":"category","embeddable":true,"href":"https:\/\/www.visit-ulcinj.com\/blog\/wp-json\/wp\/v2\/categories?post=85389"},{"taxonomy":"post_tag","embeddable":true,"href":"https:\/\/www.visit-ulcinj.com\/blog\/wp-json\/wp\/v2\/tags?post=85389"}],"curies":[{"name":"wp","href":"https:\/\/api.w.org\/{rel}","templated":true}]}}