{"id":85394,"date":"2014-09-21T15:43:21","date_gmt":"2014-09-21T14:43:21","guid":{"rendered":"http:\/\/www.visit-ulcinj.com\/blog\/?p=85394"},"modified":"2014-09-21T15:43:21","modified_gmt":"2014-09-21T14:43:21","slug":"osman-subashiq-zgjidhet-kryetar-kuvendit-komunal-te-tivarit","status":"publish","type":"post","link":"https:\/\/www.visit-ulcinj.com\/blog\/2014\/09\/21\/osman-subashiq-zgjidhet-kryetar-kuvendit-komunal-te-tivarit\/","title":{"rendered":"Osman Subashiq zgjidhet kryetar i kuvendit komunal te Tivarit"},"content":{"rendered":"<p><a href=\"http:\/\/www.visit-ulcinj.com\/blog\/wp-content\/uploads\/2014\/09\/Osman-Subashiq.jpg\"><img loading=\"lazy\" class=\"alignleft wp-image-85395\" src=\"http:\/\/www.visit-ulcinj.com\/blog\/wp-content\/uploads\/2014\/09\/Osman-Subashiq.jpg\" alt=\"Osman-Subashiq\" width=\"508\" height=\"319\" srcset=\"https:\/\/www.visit-ulcinj.com\/blog\/wp-content\/uploads\/2014\/09\/Osman-Subashiq.jpg 560w, https:\/\/www.visit-ulcinj.com\/blog\/wp-content\/uploads\/2014\/09\/Osman-Subashiq-300x188.jpg 300w\" sizes=\"(max-width: 508px) 100vw, 508px\" \/><\/a>\u00a0Komuna e Tivarit p\u00ebr her\u00eb t\u00eb par\u00eb zgjedh p\u00ebr kryetar nj\u00eb shqiptar. Osman Subashiq (61) \u00ebsht\u00eb zgjedhur kryetar i Kuvendit Komunal t\u00eb Tivarit n\u00eb mbledhjen konstitutive t\u00eb mbajtur dje.<\/p>\n<p>Subashi, kandidat i Partis\u00eb Social Demokrate \u00a0(SDP) ka marr\u00eb votat e 21 k\u00ebshilltar\u00ebve nd\u00ebrsa 14 ishin kund\u00ebr e dy abstenuan .<\/p>\n<p>Subashi ka mbajtur funksionin e n\u00ebnkryetarit t\u00eb komun\u00ebs s\u00eb Tivarit dhe \u00ebsht\u00eb an\u00ebtar i k\u00ebshillit qendror i Partis\u00eb Social demokrate, kryetar i s\u00eb cil\u00ebs \u00ebsht\u00eb Ranko Krivokapiq.<\/p>\n<p>Subashi \u00ebsht\u00eb i lindur n\u00eb vitin 1953 n\u00eb Bobosht, n\u00eb Kraj\u00eb, krahin\u00eb buz\u00eb Liqenit t\u00eb Shkodr\u00ebs, e \u00a0banuar t\u00ebr\u00ebsisht me shqiptar\u00eb, q\u00eb b\u00ebn pjes\u00eb n\u00eb komun\u00eb t\u00eb Tivarit.<\/p>\n<p>Ai \u00ebsht\u00eb jurist dhe Fakultetin juridik e ka kryer n\u00eb Prishtin\u00eb. N\u00eb vitet e 80-ta ishte drejtor juridik n\u00eb nd\u00ebrmarrjen \u201cRumia-trans\u201d e pastaj vite me radh\u00eb sekretar i sekretariateve t\u00eb ndryshme n\u00eb komun\u00eb t\u00eb Tivarit. Nj\u00eb koh\u00eb ishte ndihm\u00ebs minist\u00ebr i Pun\u00ebve t\u00eb brendshme t\u00eb Malit t\u00eb Zi\u00a0 nd\u00ebrkaq q\u00eb nga viti 2012 ishte n\u00ebnkryetar i Komun\u00ebs s\u00eb Tivarit.<\/p>\n<p><strong>Z\u00ebri<\/strong><\/p>\n","protected":false},"excerpt":{"rendered":"<p>\u00a0Komuna e Tivarit p\u00ebr her\u00eb t\u00eb par\u00eb zgjedh p\u00ebr kryetar nj\u00eb shqiptar. Osman Subashiq (61) \u00ebsht\u00eb zgjedhur kryetar i Kuvendit Komunal t\u00eb Tivarit n\u00eb mbledhjen konstitutive t\u00eb mbajtur dje. Subashi, kandidat i Partis\u00eb Social Demokrate \u00a0(SDP) ka marr\u00eb votat e 21 k\u00ebshilltar\u00ebve nd\u00ebrsa 14 ishin kund\u00ebr e dy abstenuan . Subashi ka mbajtur funksionin e [&hellip;]<\/p>\n","protected":false},"author":1,"featured_media":0,"comment_status":"closed","ping_status":"closed","sticky":false,"template":"","format":"standard","meta":{"spay_email":"","jetpack_publicize_message":"","jetpack_is_tweetstorm":false,"jetpack_publicize_feature_enabled":true},"categories":[12],"tags":[],"jetpack_publicize_connections":[],"yoast_head":"<!-- This site is optimized with the Yoast SEO plugin v19.1 - https:\/\/yoast.com\/wordpress\/plugins\/seo\/ -->\n<title>Osman Subashiq zgjidhet kryetar i kuvendit komunal te Tivarit - Lajme nga Ulqini<\/title>\n<meta name=\"description\" content=\"\u00a0Komuna e Tivarit p\u00ebr her\u00eb t\u00eb par\u00eb zgjedh p\u00ebr kryetar nj\u00eb shqiptar. Osman Subashiq (61) \u00ebsht\u00eb zgjedhur kryetar i Kuvendit Komunal t\u00eb Tivarit n\u00eb mbledhjen\" \/>\n<meta name=\"robots\" content=\"index, follow, max-snippet:-1, max-image-preview:large, max-video-preview:-1\" \/>\n<link rel=\"canonical\" href=\"https:\/\/www.visit-ulcinj.com\/blog\/2014\/09\/21\/osman-subashiq-zgjidhet-kryetar-kuvendit-komunal-te-tivarit\/\" \/>\n<meta property=\"og:locale\" content=\"en_US\" \/>\n<meta property=\"og:type\" content=\"article\" \/>\n<meta property=\"og:title\" content=\"Osman Subashiq zgjidhet kryetar i kuvendit komunal te Tivarit - Lajme nga Ulqini\" \/>\n<meta property=\"og:description\" content=\"\u00a0Komuna e Tivarit p\u00ebr her\u00eb t\u00eb par\u00eb zgjedh p\u00ebr kryetar nj\u00eb shqiptar. Osman Subashiq (61) \u00ebsht\u00eb zgjedhur kryetar i Kuvendit Komunal t\u00eb Tivarit n\u00eb mbledhjen\" \/>\n<meta property=\"og:url\" content=\"https:\/\/www.visit-ulcinj.com\/blog\/2014\/09\/21\/osman-subashiq-zgjidhet-kryetar-kuvendit-komunal-te-tivarit\/\" \/>\n<meta property=\"og:site_name\" content=\"Lajme nga Ulqini\" \/>\n<meta property=\"article:published_time\" content=\"2014-09-21T14:43:21+00:00\" \/>\n<meta property=\"og:image\" content=\"http:\/\/www.visit-ulcinj.com\/blog\/wp-content\/uploads\/2014\/09\/Osman-Subashiq.jpg\" \/>\n<meta name=\"twitter:label1\" content=\"Written by\" \/>\n\t<meta name=\"twitter:data1\" content=\"ulqini\" \/>\n\t<meta name=\"twitter:label2\" content=\"Est. reading time\" \/>\n\t<meta name=\"twitter:data2\" content=\"1 minute\" \/>\n<script type=\"application\/ld+json\" class=\"yoast-schema-graph\">{\"@context\":\"https:\/\/schema.org\",\"@graph\":[{\"@type\":\"WebSite\",\"@id\":\"https:\/\/www.visit-ulcinj.com\/blog\/#website\",\"url\":\"https:\/\/www.visit-ulcinj.com\/blog\/\",\"name\":\"Lajme nga Ulqini\",\"description\":\"Lajme,Vijesti,Ulqini,Ulqin,Crna Gora,Mali i Zi\",\"potentialAction\":[{\"@type\":\"SearchAction\",\"target\":{\"@type\":\"EntryPoint\",\"urlTemplate\":\"https:\/\/www.visit-ulcinj.com\/blog\/?s={search_term_string}\"},\"query-input\":\"required name=search_term_string\"}],\"inLanguage\":\"en-US\"},{\"@type\":\"ImageObject\",\"inLanguage\":\"en-US\",\"@id\":\"https:\/\/www.visit-ulcinj.com\/blog\/2014\/09\/21\/osman-subashiq-zgjidhet-kryetar-kuvendit-komunal-te-tivarit\/#primaryimage\",\"url\":\"https:\/\/www.visit-ulcinj.com\/blog\/wp-content\/uploads\/2014\/09\/Osman-Subashiq.jpg\",\"contentUrl\":\"https:\/\/www.visit-ulcinj.com\/blog\/wp-content\/uploads\/2014\/09\/Osman-Subashiq.jpg\",\"width\":560,\"height\":352},{\"@type\":\"WebPage\",\"@id\":\"https:\/\/www.visit-ulcinj.com\/blog\/2014\/09\/21\/osman-subashiq-zgjidhet-kryetar-kuvendit-komunal-te-tivarit\/#webpage\",\"url\":\"https:\/\/www.visit-ulcinj.com\/blog\/2014\/09\/21\/osman-subashiq-zgjidhet-kryetar-kuvendit-komunal-te-tivarit\/\",\"name\":\"Osman Subashiq zgjidhet kryetar i kuvendit komunal te Tivarit - Lajme nga Ulqini\",\"isPartOf\":{\"@id\":\"https:\/\/www.visit-ulcinj.com\/blog\/#website\"},\"primaryImageOfPage\":{\"@id\":\"https:\/\/www.visit-ulcinj.com\/blog\/2014\/09\/21\/osman-subashiq-zgjidhet-kryetar-kuvendit-komunal-te-tivarit\/#primaryimage\"},\"datePublished\":\"2014-09-21T14:43:21+00:00\",\"dateModified\":\"2014-09-21T14:43:21+00:00\",\"author\":{\"@id\":\"https:\/\/www.visit-ulcinj.com\/blog\/#\/schema\/person\/dcab619c614d3038751c63bc2aadc06d\"},\"description\":\"\u00a0Komuna e Tivarit p\u00ebr her\u00eb t\u00eb par\u00eb zgjedh p\u00ebr kryetar nj\u00eb shqiptar. Osman Subashiq (61) \u00ebsht\u00eb zgjedhur kryetar i Kuvendit Komunal t\u00eb Tivarit n\u00eb mbledhjen\",\"breadcrumb\":{\"@id\":\"https:\/\/www.visit-ulcinj.com\/blog\/2014\/09\/21\/osman-subashiq-zgjidhet-kryetar-kuvendit-komunal-te-tivarit\/#breadcrumb\"},\"inLanguage\":\"en-US\",\"potentialAction\":[{\"@type\":\"ReadAction\",\"target\":[\"https:\/\/www.visit-ulcinj.com\/blog\/2014\/09\/21\/osman-subashiq-zgjidhet-kryetar-kuvendit-komunal-te-tivarit\/\"]}]},{\"@type\":\"BreadcrumbList\",\"@id\":\"https:\/\/www.visit-ulcinj.com\/blog\/2014\/09\/21\/osman-subashiq-zgjidhet-kryetar-kuvendit-komunal-te-tivarit\/#breadcrumb\",\"itemListElement\":[{\"@type\":\"ListItem\",\"position\":1,\"name\":\"Osman Subashiq zgjidhet kryetar i kuvendit komunal te Tivarit\"}]},{\"@type\":\"Person\",\"@id\":\"https:\/\/www.visit-ulcinj.com\/blog\/#\/schema\/person\/dcab619c614d3038751c63bc2aadc06d\",\"name\":\"ulqini\",\"sameAs\":[\"http:\/\/www.visit-ulcinj.com\"],\"url\":\"https:\/\/www.visit-ulcinj.com\/blog\/author\/admin\/\"}]}<\/script>\n<!-- \/ Yoast SEO plugin. -->","yoast_head_json":{"title":"Osman Subashiq zgjidhet kryetar i kuvendit komunal te Tivarit - Lajme nga Ulqini","description":"\u00a0Komuna e Tivarit p\u00ebr her\u00eb t\u00eb par\u00eb zgjedh p\u00ebr kryetar nj\u00eb shqiptar. Osman Subashiq (61) \u00ebsht\u00eb zgjedhur kryetar i Kuvendit Komunal t\u00eb Tivarit n\u00eb mbledhjen","robots":{"index":"index","follow":"follow","max-snippet":"max-snippet:-1","max-image-preview":"max-image-preview:large","max-video-preview":"max-video-preview:-1"},"canonical":"https:\/\/www.visit-ulcinj.com\/blog\/2014\/09\/21\/osman-subashiq-zgjidhet-kryetar-kuvendit-komunal-te-tivarit\/","og_locale":"en_US","og_type":"article","og_title":"Osman Subashiq zgjidhet kryetar i kuvendit komunal te Tivarit - Lajme nga Ulqini","og_description":"\u00a0Komuna e Tivarit p\u00ebr her\u00eb t\u00eb par\u00eb zgjedh p\u00ebr kryetar nj\u00eb shqiptar. Osman Subashiq (61) \u00ebsht\u00eb zgjedhur kryetar i Kuvendit Komunal t\u00eb Tivarit n\u00eb mbledhjen","og_url":"https:\/\/www.visit-ulcinj.com\/blog\/2014\/09\/21\/osman-subashiq-zgjidhet-kryetar-kuvendit-komunal-te-tivarit\/","og_site_name":"Lajme nga Ulqini","article_published_time":"2014-09-21T14:43:21+00:00","og_image":[{"url":"http:\/\/www.visit-ulcinj.com\/blog\/wp-content\/uploads\/2014\/09\/Osman-Subashiq.jpg"}],"twitter_misc":{"Written by":"ulqini","Est. reading time":"1 minute"},"schema":{"@context":"https:\/\/schema.org","@graph":[{"@type":"WebSite","@id":"https:\/\/www.visit-ulcinj.com\/blog\/#website","url":"https:\/\/www.visit-ulcinj.com\/blog\/","name":"Lajme nga Ulqini","description":"Lajme,Vijesti,Ulqini,Ulqin,Crna Gora,Mali i Zi","potentialAction":[{"@type":"SearchAction","target":{"@type":"EntryPoint","urlTemplate":"https:\/\/www.visit-ulcinj.com\/blog\/?s={search_term_string}"},"query-input":"required name=search_term_string"}],"inLanguage":"en-US"},{"@type":"ImageObject","inLanguage":"en-US","@id":"https:\/\/www.visit-ulcinj.com\/blog\/2014\/09\/21\/osman-subashiq-zgjidhet-kryetar-kuvendit-komunal-te-tivarit\/#primaryimage","url":"https:\/\/www.visit-ulcinj.com\/blog\/wp-content\/uploads\/2014\/09\/Osman-Subashiq.jpg","contentUrl":"https:\/\/www.visit-ulcinj.com\/blog\/wp-content\/uploads\/2014\/09\/Osman-Subashiq.jpg","width":560,"height":352},{"@type":"WebPage","@id":"https:\/\/www.visit-ulcinj.com\/blog\/2014\/09\/21\/osman-subashiq-zgjidhet-kryetar-kuvendit-komunal-te-tivarit\/#webpage","url":"https:\/\/www.visit-ulcinj.com\/blog\/2014\/09\/21\/osman-subashiq-zgjidhet-kryetar-kuvendit-komunal-te-tivarit\/","name":"Osman Subashiq zgjidhet kryetar i kuvendit komunal te Tivarit - Lajme nga Ulqini","isPartOf":{"@id":"https:\/\/www.visit-ulcinj.com\/blog\/#website"},"primaryImageOfPage":{"@id":"https:\/\/www.visit-ulcinj.com\/blog\/2014\/09\/21\/osman-subashiq-zgjidhet-kryetar-kuvendit-komunal-te-tivarit\/#primaryimage"},"datePublished":"2014-09-21T14:43:21+00:00","dateModified":"2014-09-21T14:43:21+00:00","author":{"@id":"https:\/\/www.visit-ulcinj.com\/blog\/#\/schema\/person\/dcab619c614d3038751c63bc2aadc06d"},"description":"\u00a0Komuna e Tivarit p\u00ebr her\u00eb t\u00eb par\u00eb zgjedh p\u00ebr kryetar nj\u00eb shqiptar. Osman Subashiq (61) \u00ebsht\u00eb zgjedhur kryetar i Kuvendit Komunal t\u00eb Tivarit n\u00eb mbledhjen","breadcrumb":{"@id":"https:\/\/www.visit-ulcinj.com\/blog\/2014\/09\/21\/osman-subashiq-zgjidhet-kryetar-kuvendit-komunal-te-tivarit\/#breadcrumb"},"inLanguage":"en-US","potentialAction":[{"@type":"ReadAction","target":["https:\/\/www.visit-ulcinj.com\/blog\/2014\/09\/21\/osman-subashiq-zgjidhet-kryetar-kuvendit-komunal-te-tivarit\/"]}]},{"@type":"BreadcrumbList","@id":"https:\/\/www.visit-ulcinj.com\/blog\/2014\/09\/21\/osman-subashiq-zgjidhet-kryetar-kuvendit-komunal-te-tivarit\/#breadcrumb","itemListElement":[{"@type":"ListItem","position":1,"name":"Osman Subashiq zgjidhet kryetar i kuvendit komunal te Tivarit"}]},{"@type":"Person","@id":"https:\/\/www.visit-ulcinj.com\/blog\/#\/schema\/person\/dcab619c614d3038751c63bc2aadc06d","name":"ulqini","sameAs":["http:\/\/www.visit-ulcinj.com"],"url":"https:\/\/www.visit-ulcinj.com\/blog\/author\/admin\/"}]}},"jetpack_featured_media_url":"","jetpack_sharing_enabled":true,"jetpack_shortlink":"https:\/\/wp.me\/pe6lTn-mdk","_links":{"self":[{"href":"https:\/\/www.visit-ulcinj.com\/blog\/wp-json\/wp\/v2\/posts\/85394"}],"collection":[{"href":"https:\/\/www.visit-ulcinj.com\/blog\/wp-json\/wp\/v2\/posts"}],"about":[{"href":"https:\/\/www.visit-ulcinj.com\/blog\/wp-json\/wp\/v2\/types\/post"}],"author":[{"embeddable":true,"href":"https:\/\/www.visit-ulcinj.com\/blog\/wp-json\/wp\/v2\/users\/1"}],"replies":[{"embeddable":true,"href":"https:\/\/www.visit-ulcinj.com\/blog\/wp-json\/wp\/v2\/comments?post=85394"}],"version-history":[{"count":1,"href":"https:\/\/www.visit-ulcinj.com\/blog\/wp-json\/wp\/v2\/posts\/85394\/revisions"}],"predecessor-version":[{"id":85396,"href":"https:\/\/www.visit-ulcinj.com\/blog\/wp-json\/wp\/v2\/posts\/85394\/revisions\/85396"}],"wp:attachment":[{"href":"https:\/\/www.visit-ulcinj.com\/blog\/wp-json\/wp\/v2\/media?parent=85394"}],"wp:term":[{"taxonomy":"category","embeddable":true,"href":"https:\/\/www.visit-ulcinj.com\/blog\/wp-json\/wp\/v2\/categories?post=85394"},{"taxonomy":"post_tag","embeddable":true,"href":"https:\/\/www.visit-ulcinj.com\/blog\/wp-json\/wp\/v2\/tags?post=85394"}],"curies":[{"name":"wp","href":"https:\/\/api.w.org\/{rel}","templated":true}]}}