{"id":85400,"date":"2014-09-21T16:49:57","date_gmt":"2014-09-21T15:49:57","guid":{"rendered":"http:\/\/www.visit-ulcinj.com\/blog\/?p=85400"},"modified":"2014-09-21T16:52:02","modified_gmt":"2014-09-21T15:52:02","slug":"per-nje-kilogram-vaj-trendafili-7200-euro","status":"publish","type":"post","link":"https:\/\/www.visit-ulcinj.com\/blog\/2014\/09\/21\/per-nje-kilogram-vaj-trendafili-7200-euro\/","title":{"rendered":"P\u00ebr nj\u00eb kilogram vaj tr\u00ebndafili 7200 euro"},"content":{"rendered":"<p><b><a href=\"http:\/\/www.visit-ulcinj.com\/blog\/wp-content\/uploads\/2014\/09\/Vaji-Tr\u00ebndafili.jpg\"><img loading=\"lazy\" class=\"alignleft wp-image-85401\" src=\"http:\/\/www.visit-ulcinj.com\/blog\/wp-content\/uploads\/2014\/09\/Vaji-Tr\u00ebndafili.jpg\" alt=\"Vaji-Tr\u00ebndafili\" width=\"508\" height=\"286\" srcset=\"https:\/\/www.visit-ulcinj.com\/blog\/wp-content\/uploads\/2014\/09\/Vaji-Tr\u00ebndafili.jpg 850w, https:\/\/www.visit-ulcinj.com\/blog\/wp-content\/uploads\/2014\/09\/Vaji-Tr\u00ebndafili-300x168.jpg 300w\" sizes=\"(max-width: 508px) 100vw, 508px\" \/><\/a>P\u00ebrmes kthesave dramatike kalon sivjet mbledhja e tr\u00ebndafilave n\u00eb Bullgari. Dimri i ngroht\u00eb dhe pranvera e ardhur para kohe premtonin nj\u00eb fushat\u00eb m\u00eb t\u00eb her\u00ebt dhe m\u00eb t\u00eb shkurt\u00ebr, q\u00eb \u00ebsht\u00eb varianti ideal p\u00ebr marrjen e nj\u00eb vaji t\u00eb shk\u00eblqyer prej tr\u00ebndafili. Por koha nuk e respektoi premtimin e vet. N\u00eb mesin e mbledhjes s\u00eb tr\u00ebndafilave filloj nj\u00eb periudh\u00eb prej shirave t\u00eb shpeshta, t\u00eb cilat n\u00eb fund t\u00eb muajit maj u b\u00ebn\u00eb t\u00eb forta. Fushata zgjati dhe mbase do t\u00eb tejkaloi t\u00eb pakt\u00ebn me rreth 10 dit\u00eb vazhdim\u00ebsin\u00eb e saj t\u00eb zakonshme. M\u00eb e keqja \u00ebsht\u00eb se, lag\u00ebshtia e tep\u00ebrt ndikon mbi cil\u00ebsin\u00eb e lules s\u00eb tr\u00ebndafilit dhe mbi \u00e7mimin e tij bler\u00ebs.<\/b><\/p>\n<p>Si t\u00ebr\u00ebsi rendimenti \u00ebsht\u00eb i bollsh\u00ebm, tregon Mano Manov, kryetar i fshatit Kliment n\u00eb Lugin\u00ebn e Tr\u00ebndafilit. Kooperativa vendase \u201cBio Bullgaria ojll\u201d hapi aty gjat\u00eb vitit 2000 distilerin\u00eb e par\u00eb t\u00eb vog\u00ebl tek ne p\u00ebr nj\u00eb vaj tr\u00ebndafili biologjik. Pothuajse t\u00eb gjitha familjet n\u00eb fshat kan\u00eb kopshte me tr\u00ebndafila, nga t\u00eb cilat fitojn\u00eb t\u00eb ardhura suplementare.<\/p>\n<p>\u201cRendimenti \u00ebsht\u00eb i mir\u00eb, por \u00ebsht\u00eb e mundur q\u00eb nj\u00eb pjes\u00eb nga sythat t\u00eb mos t\u00eb hapen p\u00ebr shkak t\u00eb temperaturave t\u00eb ul\u00ebta dhe lag\u00ebshtia \u2013 shpjegon z. Manov. \u2013 \u00c7mimi i blerjes s\u00eb lules \u00ebsht\u00eb m\u00eb i ul\u00ebt nga vjet me rreth 1 lev\u00eb (0,50 euro). Firmat e m\u00ebdha p\u00ebrpunuese e ulin \u00e7mimin. Firmat e vogla japin nj\u00eb \u00e7mim m\u00eb t\u00eb mir\u00eb. Prandaj ne u shesim sivjet vet\u00ebm p\u00ebrpunuesve t\u00eb vegj\u00ebl.\u201d<\/p>\n<p>Gjat\u00eb pes\u00eb vjet\u00ebve t\u00eb fundit vaji bullgar i tr\u00ebndafilit, m\u00eb i miri n\u00eb bot\u00eb, shitej me \u00e7mime rekorde t\u00eb larta. Nga 4200 euro p\u00ebr nj\u00eb kilogram vaj tr\u00ebndafili gjat\u00eb vitit 2009, gjat\u00eb stin\u00ebs s\u00eb kaluar qe arritur \u00e7mim prej 7200 euro. Kjo i dha shpres\u00eb dhe shum\u00eb pronar\u00ebve t\u00eb kopshteve t\u00eb tr\u00ebndafilave t\u00eb zgjerojn\u00eb sip\u00ebrfaqet e veta. Ulja e \u00e7mimeve bler\u00ebse gjat\u00eb k\u00ebsaj pranvere do t\u2019i qet\u00ebsoj\u00eb mjaft pasionet dhe rritja do t\u00eb nd\u00ebrpritet, parashikon kryetari i bashkis\u00eb s\u00eb fshatit Kliment.<\/p>\n<p>\u00c7mimi i arritur rekord gjat\u00eb vitit t\u00eb kaluar t\u00eb vajit bullgar t\u00eb tr\u00ebndafilit duket se ka \u201carritur tavanin\u201d dhe vizatohet nj\u00eb trend i ul\u00ebt. Nj\u00eb pjes\u00eb nga \u201cfloriri aromatik\u201d, rreth nj\u00eb e kat\u00ebrta sipas disa vler\u00ebsimeve, ka mbetur e pa shitur. Prandaj dhe \u00e7mimet e propozuara bler\u00ebse t\u00eb lules s\u00eb tr\u00ebndafilit sivjet jan\u00eb mjaft m\u00eb t\u00eb ul\u00ebta. Vaji i tr\u00ebndafilit \u00ebsht\u00eb nj\u00eb produkt jasht\u00ebzakonisht rezistues, pothuajse sa floriri, pohojn\u00eb specialist\u00ebt. Lulja e tr\u00ebndafilit ama nuk \u00ebsht\u00eb. Dhe prandaj n\u00eb vitet jo t\u00eb mira p\u00ebr tregun e vajit t\u00eb tr\u00ebndafilit pronar\u00ebt e kopshteve t\u00eb tr\u00ebndafilit jan\u00eb ata q\u00eb pasojn\u00eb humbje.<\/p>\n<p><a href=\"http:\/\/www.visit-ulcinj.com\/blog\/wp-content\/uploads\/2014\/09\/Vaji-Tr\u00ebndafili-1.jpg\"><img loading=\"lazy\" class=\"alignleft wp-image-85402\" src=\"http:\/\/www.visit-ulcinj.com\/blog\/wp-content\/uploads\/2014\/09\/Vaji-Tr\u00ebndafili-1.jpg\" alt=\"Vaji-Tr\u00ebndafili-1\" width=\"508\" height=\"286\" srcset=\"https:\/\/www.visit-ulcinj.com\/blog\/wp-content\/uploads\/2014\/09\/Vaji-Tr\u00ebndafili-1.jpg 850w, https:\/\/www.visit-ulcinj.com\/blog\/wp-content\/uploads\/2014\/09\/Vaji-Tr\u00ebndafili-1-300x168.jpg 300w\" sizes=\"(max-width: 508px) 100vw, 508px\" \/><\/a><\/p>\n<p>Sipas fjal\u00ebve t\u00eb Nikolina Uzunov\u00ebs, drejtoresh ekzekutive e Asociacionit \u201cVajra eterike, parfumeri dhe kozmetik\u00eb\u201d, tregu bot\u00ebror i vajit t\u00eb tr\u00ebndafilit aktualisht \u00ebsht\u00eb \u201cmjaft delikat\u201d. Kurse mbledhja e tr\u00ebndafilit tek ne solli befasia. \u201cKoha \u00ebsht\u00eb m\u00eb e lag\u00ebsht nga ajo e domosdoshme p\u00ebr marrjen e nj\u00eb luleje optimale prej tr\u00ebndafili, sqaron ajo. Shirat e tep\u00ebrta zgjat\u00ebn vet mbledhjen, lulja tanim\u00eb \u00ebsht\u00eb mjaft e lagur, kurse kjo ndikon keq mbi sasin\u00eb e lules prej tr\u00ebndafili p\u00ebr marrjen e nj\u00eb kilogram vaj.\u201d<\/p>\n<p>N\u00eb baz\u00eb t\u00eb sasis\u00eb t\u00eb vajit t\u00eb prodhuar t\u00eb tr\u00ebndafilit Bullgaria dhe Turqia garohen p\u00ebr vendin e par\u00eb n\u00eb bot\u00eb. Nj\u00eb vit kryeson Bullgaria, n\u00eb tjetrin i le vend Turqis\u00eb. Por p\u00ebr nga cil\u00ebsia e k\u00ebtij produkti t\u00eb vlefsh\u00ebm dhe t\u00eb paz\u00ebvend\u00ebsuesh\u00ebm p\u00ebr industrin\u00eb e parfumeris\u00eb, vaji bullgar i tr\u00ebndafilit mbetet i pa konkurrenc\u00eb, pohon zonja Uzunova. Aji p\u00ebrmban nj\u00eb gam\u00eb jasht\u00ebzakonisht t\u00eb pasur prej afro 300 p\u00ebrb\u00ebr\u00ebseve aromatike. Kontribut p\u00ebr k\u00ebt\u00eb kan\u00eb dhe ve\u00e7orit\u00eb specifike klimatike dhe tok\u00ebsore t\u00eb Lugin\u00ebs s\u00eb Tr\u00ebndafilit rreth qytetit Kazenll\u00ebk, si dhe traditat shekullore bullgare n\u00eb k\u00ebt\u00eb fush\u00eb. \u201cVaji bullgar i tr\u00ebndafilit vazhdon t\u00eb jet\u00eb me karakteristika m\u00eb t\u00eb larta t\u00eb cil\u00ebsis\u00eb dhe t\u00eb jet\u00eb m\u00eb i k\u00ebrkuar. Ai mbetet etalon p\u00ebr cil\u00ebsi n\u00eb bot\u00eb\u201d, \u00ebsht\u00eb kategorike Nikolina Uzunova.<\/p>\n<p>P\u00ebr vit Bullgaria eksporton midis 1,5-2 ton\u00eb vaj t\u00eb shk\u00eblqyer prej tr\u00ebndafili, nj\u00eb pjes\u00eb jo e vog\u00ebl nga i cili \u00ebsht\u00eb me vul\u00ebn \u201cbio\u201d. Klienti m\u00eb i r\u00ebnd\u00ebsish\u00ebm \u00ebsht\u00eb Franca, e njohur me parfumerin\u00eb e vet. Eksportojm\u00eb dhe n\u00eb vende t\u00eb tjera evropiane, si edhe n\u00eb ShBA, Australi, Japoni dhe Kin\u00eb. Aroma e tr\u00ebndafilit \u00ebsht\u00eb shum\u00eb e vlefshme n\u00eb Azi, ku p\u00ebrve\u00e7se n\u00eb kozmetik\u00eb dhe parfumeri, ajo p\u00ebrdoret dhe n\u00eb \u00ebmb\u00ebltore. \u201cAzia \u00ebsht\u00eb nj\u00eb treg pa fund, drejt t\u00eb cilit gjithnj\u00eb e m\u00eb shum\u00eb kompani po hedhin v\u00ebshtrimin e vet. Ai \u00ebsht\u00eb dhe pafund sa i p\u00ebrket interesit drejt vajrave eterike. Shpresojm\u00eb se dhe aty do t\u00eb fitojm\u00eb pozita t\u00eb mira.\u201d<\/p>\n<p>Nataniela Vasileva<\/p>\n<p><i>Fotografi: BTA<\/i><\/p>\n<p>Radio Bullgaria<\/p>\n","protected":false},"excerpt":{"rendered":"<p>P\u00ebrmes kthesave dramatike kalon sivjet mbledhja e tr\u00ebndafilave n\u00eb Bullgari. Dimri i ngroht\u00eb dhe pranvera e ardhur para kohe premtonin nj\u00eb fushat\u00eb m\u00eb t\u00eb her\u00ebt dhe m\u00eb t\u00eb shkurt\u00ebr, q\u00eb \u00ebsht\u00eb varianti ideal p\u00ebr marrjen e nj\u00eb vaji t\u00eb shk\u00eblqyer prej tr\u00ebndafili. Por koha nuk e respektoi premtimin e vet. N\u00eb mesin e mbledhjes s\u00eb [&hellip;]<\/p>\n","protected":false},"author":1,"featured_media":0,"comment_status":"closed","ping_status":"closed","sticky":false,"template":"","format":"standard","meta":{"spay_email":"","jetpack_publicize_message":"","jetpack_is_tweetstorm":false,"jetpack_publicize_feature_enabled":true},"categories":[13],"tags":[],"jetpack_publicize_connections":[],"yoast_head":"<!-- This site is optimized with the Yoast SEO plugin v19.1 - https:\/\/yoast.com\/wordpress\/plugins\/seo\/ -->\n<title>P\u00ebr nj\u00eb kilogram vaj tr\u00ebndafili 7200 euro - Lajme nga Ulqini<\/title>\n<meta name=\"description\" content=\"P\u00ebrmes kthesave dramatike kalon sivjet mbledhja e tr\u00ebndafilave n\u00eb Bullgari. Dimri i ngroht\u00eb dhe pranvera e ardhur para kohe premtonin nj\u00eb fushat\u00eb m\u00eb t\u00eb\" \/>\n<meta name=\"robots\" content=\"index, follow, max-snippet:-1, max-image-preview:large, max-video-preview:-1\" \/>\n<link rel=\"canonical\" href=\"https:\/\/www.visit-ulcinj.com\/blog\/2014\/09\/21\/per-nje-kilogram-vaj-trendafili-7200-euro\/\" \/>\n<meta property=\"og:locale\" content=\"en_US\" \/>\n<meta property=\"og:type\" content=\"article\" \/>\n<meta property=\"og:title\" content=\"P\u00ebr nj\u00eb kilogram vaj tr\u00ebndafili 7200 euro - Lajme nga Ulqini\" \/>\n<meta property=\"og:description\" content=\"P\u00ebrmes kthesave dramatike kalon sivjet mbledhja e tr\u00ebndafilave n\u00eb Bullgari. Dimri i ngroht\u00eb dhe pranvera e ardhur para kohe premtonin nj\u00eb fushat\u00eb m\u00eb t\u00eb\" \/>\n<meta property=\"og:url\" content=\"https:\/\/www.visit-ulcinj.com\/blog\/2014\/09\/21\/per-nje-kilogram-vaj-trendafili-7200-euro\/\" \/>\n<meta property=\"og:site_name\" content=\"Lajme nga Ulqini\" \/>\n<meta property=\"article:published_time\" content=\"2014-09-21T15:49:57+00:00\" \/>\n<meta property=\"article:modified_time\" content=\"2014-09-21T15:52:02+00:00\" \/>\n<meta name=\"twitter:label1\" content=\"Written by\" \/>\n\t<meta name=\"twitter:data1\" content=\"ulqini\" \/>\n\t<meta name=\"twitter:label2\" content=\"Est. reading time\" \/>\n\t<meta name=\"twitter:data2\" content=\"4 minutes\" \/>\n<script type=\"application\/ld+json\" class=\"yoast-schema-graph\">{\"@context\":\"https:\/\/schema.org\",\"@graph\":[{\"@type\":\"WebSite\",\"@id\":\"https:\/\/www.visit-ulcinj.com\/blog\/#website\",\"url\":\"https:\/\/www.visit-ulcinj.com\/blog\/\",\"name\":\"Lajme nga Ulqini\",\"description\":\"Lajme,Vijesti,Ulqini,Ulqin,Crna Gora,Mali i Zi\",\"potentialAction\":[{\"@type\":\"SearchAction\",\"target\":{\"@type\":\"EntryPoint\",\"urlTemplate\":\"https:\/\/www.visit-ulcinj.com\/blog\/?s={search_term_string}\"},\"query-input\":\"required name=search_term_string\"}],\"inLanguage\":\"en-US\"},{\"@type\":\"WebPage\",\"@id\":\"https:\/\/www.visit-ulcinj.com\/blog\/2014\/09\/21\/per-nje-kilogram-vaj-trendafili-7200-euro\/#webpage\",\"url\":\"https:\/\/www.visit-ulcinj.com\/blog\/2014\/09\/21\/per-nje-kilogram-vaj-trendafili-7200-euro\/\",\"name\":\"P\u00ebr nj\u00eb kilogram vaj tr\u00ebndafili 7200 euro - Lajme nga Ulqini\",\"isPartOf\":{\"@id\":\"https:\/\/www.visit-ulcinj.com\/blog\/#website\"},\"datePublished\":\"2014-09-21T15:49:57+00:00\",\"dateModified\":\"2014-09-21T15:52:02+00:00\",\"author\":{\"@id\":\"https:\/\/www.visit-ulcinj.com\/blog\/#\/schema\/person\/dcab619c614d3038751c63bc2aadc06d\"},\"description\":\"P\u00ebrmes kthesave dramatike kalon sivjet mbledhja e tr\u00ebndafilave n\u00eb Bullgari. Dimri i ngroht\u00eb dhe pranvera e ardhur para kohe premtonin nj\u00eb fushat\u00eb m\u00eb t\u00eb\",\"breadcrumb\":{\"@id\":\"https:\/\/www.visit-ulcinj.com\/blog\/2014\/09\/21\/per-nje-kilogram-vaj-trendafili-7200-euro\/#breadcrumb\"},\"inLanguage\":\"en-US\",\"potentialAction\":[{\"@type\":\"ReadAction\",\"target\":[\"https:\/\/www.visit-ulcinj.com\/blog\/2014\/09\/21\/per-nje-kilogram-vaj-trendafili-7200-euro\/\"]}]},{\"@type\":\"BreadcrumbList\",\"@id\":\"https:\/\/www.visit-ulcinj.com\/blog\/2014\/09\/21\/per-nje-kilogram-vaj-trendafili-7200-euro\/#breadcrumb\",\"itemListElement\":[{\"@type\":\"ListItem\",\"position\":1,\"name\":\"P\u00ebr nj\u00eb kilogram vaj tr\u00ebndafili 7200 euro\"}]},{\"@type\":\"Person\",\"@id\":\"https:\/\/www.visit-ulcinj.com\/blog\/#\/schema\/person\/dcab619c614d3038751c63bc2aadc06d\",\"name\":\"ulqini\",\"sameAs\":[\"http:\/\/www.visit-ulcinj.com\"],\"url\":\"https:\/\/www.visit-ulcinj.com\/blog\/author\/admin\/\"}]}<\/script>\n<!-- \/ Yoast SEO plugin. -->","yoast_head_json":{"title":"P\u00ebr nj\u00eb kilogram vaj tr\u00ebndafili 7200 euro - Lajme nga Ulqini","description":"P\u00ebrmes kthesave dramatike kalon sivjet mbledhja e tr\u00ebndafilave n\u00eb Bullgari. Dimri i ngroht\u00eb dhe pranvera e ardhur para kohe premtonin nj\u00eb fushat\u00eb m\u00eb t\u00eb","robots":{"index":"index","follow":"follow","max-snippet":"max-snippet:-1","max-image-preview":"max-image-preview:large","max-video-preview":"max-video-preview:-1"},"canonical":"https:\/\/www.visit-ulcinj.com\/blog\/2014\/09\/21\/per-nje-kilogram-vaj-trendafili-7200-euro\/","og_locale":"en_US","og_type":"article","og_title":"P\u00ebr nj\u00eb kilogram vaj tr\u00ebndafili 7200 euro - Lajme nga Ulqini","og_description":"P\u00ebrmes kthesave dramatike kalon sivjet mbledhja e tr\u00ebndafilave n\u00eb Bullgari. Dimri i ngroht\u00eb dhe pranvera e ardhur para kohe premtonin nj\u00eb fushat\u00eb m\u00eb t\u00eb","og_url":"https:\/\/www.visit-ulcinj.com\/blog\/2014\/09\/21\/per-nje-kilogram-vaj-trendafili-7200-euro\/","og_site_name":"Lajme nga Ulqini","article_published_time":"2014-09-21T15:49:57+00:00","article_modified_time":"2014-09-21T15:52:02+00:00","twitter_misc":{"Written by":"ulqini","Est. reading time":"4 minutes"},"schema":{"@context":"https:\/\/schema.org","@graph":[{"@type":"WebSite","@id":"https:\/\/www.visit-ulcinj.com\/blog\/#website","url":"https:\/\/www.visit-ulcinj.com\/blog\/","name":"Lajme nga Ulqini","description":"Lajme,Vijesti,Ulqini,Ulqin,Crna Gora,Mali i Zi","potentialAction":[{"@type":"SearchAction","target":{"@type":"EntryPoint","urlTemplate":"https:\/\/www.visit-ulcinj.com\/blog\/?s={search_term_string}"},"query-input":"required name=search_term_string"}],"inLanguage":"en-US"},{"@type":"WebPage","@id":"https:\/\/www.visit-ulcinj.com\/blog\/2014\/09\/21\/per-nje-kilogram-vaj-trendafili-7200-euro\/#webpage","url":"https:\/\/www.visit-ulcinj.com\/blog\/2014\/09\/21\/per-nje-kilogram-vaj-trendafili-7200-euro\/","name":"P\u00ebr nj\u00eb kilogram vaj tr\u00ebndafili 7200 euro - Lajme nga Ulqini","isPartOf":{"@id":"https:\/\/www.visit-ulcinj.com\/blog\/#website"},"datePublished":"2014-09-21T15:49:57+00:00","dateModified":"2014-09-21T15:52:02+00:00","author":{"@id":"https:\/\/www.visit-ulcinj.com\/blog\/#\/schema\/person\/dcab619c614d3038751c63bc2aadc06d"},"description":"P\u00ebrmes kthesave dramatike kalon sivjet mbledhja e tr\u00ebndafilave n\u00eb Bullgari. Dimri i ngroht\u00eb dhe pranvera e ardhur para kohe premtonin nj\u00eb fushat\u00eb m\u00eb t\u00eb","breadcrumb":{"@id":"https:\/\/www.visit-ulcinj.com\/blog\/2014\/09\/21\/per-nje-kilogram-vaj-trendafili-7200-euro\/#breadcrumb"},"inLanguage":"en-US","potentialAction":[{"@type":"ReadAction","target":["https:\/\/www.visit-ulcinj.com\/blog\/2014\/09\/21\/per-nje-kilogram-vaj-trendafili-7200-euro\/"]}]},{"@type":"BreadcrumbList","@id":"https:\/\/www.visit-ulcinj.com\/blog\/2014\/09\/21\/per-nje-kilogram-vaj-trendafili-7200-euro\/#breadcrumb","itemListElement":[{"@type":"ListItem","position":1,"name":"P\u00ebr nj\u00eb kilogram vaj tr\u00ebndafili 7200 euro"}]},{"@type":"Person","@id":"https:\/\/www.visit-ulcinj.com\/blog\/#\/schema\/person\/dcab619c614d3038751c63bc2aadc06d","name":"ulqini","sameAs":["http:\/\/www.visit-ulcinj.com"],"url":"https:\/\/www.visit-ulcinj.com\/blog\/author\/admin\/"}]}},"jetpack_featured_media_url":"","jetpack_sharing_enabled":true,"jetpack_shortlink":"https:\/\/wp.me\/pe6lTn-mdq","_links":{"self":[{"href":"https:\/\/www.visit-ulcinj.com\/blog\/wp-json\/wp\/v2\/posts\/85400"}],"collection":[{"href":"https:\/\/www.visit-ulcinj.com\/blog\/wp-json\/wp\/v2\/posts"}],"about":[{"href":"https:\/\/www.visit-ulcinj.com\/blog\/wp-json\/wp\/v2\/types\/post"}],"author":[{"embeddable":true,"href":"https:\/\/www.visit-ulcinj.com\/blog\/wp-json\/wp\/v2\/users\/1"}],"replies":[{"embeddable":true,"href":"https:\/\/www.visit-ulcinj.com\/blog\/wp-json\/wp\/v2\/comments?post=85400"}],"version-history":[{"count":1,"href":"https:\/\/www.visit-ulcinj.com\/blog\/wp-json\/wp\/v2\/posts\/85400\/revisions"}],"predecessor-version":[{"id":85403,"href":"https:\/\/www.visit-ulcinj.com\/blog\/wp-json\/wp\/v2\/posts\/85400\/revisions\/85403"}],"wp:attachment":[{"href":"https:\/\/www.visit-ulcinj.com\/blog\/wp-json\/wp\/v2\/media?parent=85400"}],"wp:term":[{"taxonomy":"category","embeddable":true,"href":"https:\/\/www.visit-ulcinj.com\/blog\/wp-json\/wp\/v2\/categories?post=85400"},{"taxonomy":"post_tag","embeddable":true,"href":"https:\/\/www.visit-ulcinj.com\/blog\/wp-json\/wp\/v2\/tags?post=85400"}],"curies":[{"name":"wp","href":"https:\/\/api.w.org\/{rel}","templated":true}]}}