{"id":85407,"date":"2014-09-21T22:12:32","date_gmt":"2014-09-21T21:12:32","guid":{"rendered":"http:\/\/www.visit-ulcinj.com\/blog\/?p=85407"},"modified":"2014-09-21T22:13:07","modified_gmt":"2014-09-21T21:13:07","slug":"sabri-salaj-rusia-dhe-dominimi-ne-ballkan-ceshtja-e-ulqinit-3","status":"publish","type":"post","link":"https:\/\/www.visit-ulcinj.com\/blog\/2014\/09\/21\/sabri-salaj-rusia-dhe-dominimi-ne-ballkan-ceshtja-e-ulqinit-3\/","title":{"rendered":"SABRI SALAJ: Rusia dhe dominimi n\u00eb Ballkan \u2013 \u00c7\u00cbSHTJA E ULQINIT (3)"},"content":{"rendered":"<p><a href=\"http:\/\/www.visit-ulcinj.com\/blog\/wp-content\/uploads\/2014\/09\/SABRI-SALAJ.jpg\"><img loading=\"lazy\" class=\"alignleft wp-image-84991\" src=\"http:\/\/www.visit-ulcinj.com\/blog\/wp-content\/uploads\/2014\/09\/SABRI-SALAJ.jpg\" alt=\"SABRI SALAJ\" width=\"508\" height=\"381\" srcset=\"https:\/\/www.visit-ulcinj.com\/blog\/wp-content\/uploads\/2014\/09\/SABRI-SALAJ.jpg 640w, https:\/\/www.visit-ulcinj.com\/blog\/wp-content\/uploads\/2014\/09\/SABRI-SALAJ-300x225.jpg 300w\" sizes=\"(max-width: 508px) 100vw, 508px\" \/><\/a><strong>Nga Sabri Salaj<\/strong><\/p>\n<p>Ky rivalitet nd\u00ebrmjet Fuqive t\u00eb M\u00ebdha t\u00eb cil\u00ebt investonin p\u00ebr koh\u00ebn pas largimit t\u00eb Perandoris\u00eb Osmane nga pjesa evropiane, ndikoj q\u00eb edhe shqiptar\u00ebt t\u2019u p\u00ebrshtat\u00ebn rrethanave nd\u00ebrkomb\u00ebtare p\u00ebr p\u00ebrcaktimin e statusit t\u00eb ardhm\u00ebris\u00eb s\u00eb tyre politike. Lidhja Shqiptare duke par\u00eb rrethanat politike dhe konfrontimet diplomatike t\u00eb shteteve t\u00eb m\u00ebdha k\u00ebrkonte t\u00eb shfryt\u00ebzonte \u00e7do mund\u00ebsi t\u00eb vog\u00ebl p\u00ebr realizimin e autonomis\u00eb komb\u00ebtare e cila do konkretizohej m\u00eb Pavar\u00ebsin\u00eb e Shqip\u00ebris\u00eb.<\/p>\n<p>Gazeta ruse \u201cNovo e Vremja\u201d n\u00eb maj t\u00eb vitit 1880, duke p\u00ebrcjell\u00eb aktivitetin e Lidhjes Shqiptare shkruante se : Lidhja Shqiptare p\u00ebrgatitet haptas p\u00ebr krijimin e Shqip\u00ebris\u00eb s\u00eb Pavarur. Kjo d\u00ebshmohet n\u00eb koh\u00ebn kur n\u00eb aren\u00ebn nd\u00ebrkomb\u00ebtare Fuqit\u00eb e M\u00ebdha sipas diplomacis\u00eb sekrete k\u00ebrkonin zgjidhjen e problemit t\u00eb Shqip\u00ebris\u00eb Veriore, Lidhja Shqiptare kishte arritur n\u00eb nj\u00eb stad ku rruga p\u00ebr autonomi dhe pavar\u00ebsi kishte marr\u00eb dy kahe t\u00eb kund\u00ebrta. L\u00ebvizjet politike q\u00eb ishin brenda Lidhjes Shqiptare diferencoheshin n\u00eb koncepcionin e tyre politik, ku l\u00ebvizja konservative pro otomane nuk pajtohej m\u00eb shpalljen e autonomis\u00eb p\u00ebr shkak t\u00eb rrethanave nd\u00ebrkomb\u00ebtare n\u00eb t\u00eb cil\u00ebn ndodhej Shqip\u00ebria, si dhe nga frika e cop\u00ebtimit t\u00eb saj nga shtetet fqinje, kurse l\u00ebvizja p\u00ebr autonomi dhe pavar\u00ebsi t\u00eb Shqip\u00ebris\u00eb k\u00ebrkonte q\u00eb \u00e7\u00ebshtjen shqiptare ta nxirrte jasht\u00eb suazave t\u00eb Perandoris\u00eb Osmane dhe ta b\u00ebnte problem nd\u00ebrkomb\u00ebtar, duke i treguar opinionit nd\u00ebrkomb\u00ebtar se kombi shqiptar ekziston dhe k\u00ebrkon t\u00eb vet\u00ebqeverisej ashtu si kombet e tjera t\u00eb Ballkanit.<\/p>\n<p>Me iniciativ\u00ebn e Abdyl Frash\u00ebrit n\u00eb kuvendin e Gjirokastr\u00ebs m\u00eb 23 korrik 1880 u diskutua \u00e7\u00ebshtja e autonomis\u00eb s\u00eb Shqip\u00ebris\u00eb ku u mor vendim se duhet t\u00eb themelohet nj\u00eb shtet autonom shqiptar dhe pushteti administrative t\u00eb kalonte n\u00eb duart e shqiptar\u00ebve. P\u00ebrfaq\u00ebsuesit prezent n\u00eb Kuvend shpreh\u00ebn mendimin se ekzistenca e kombit shqiptar \u00ebsht\u00eb e rrezikuar dhe se ardhm\u00ebria e tij mund t\u00eb sigurohet vet\u00ebm m\u00eb krijimin e shtetit autonom shqiptar.Ky program paraqiste nj\u00eb hap n\u00eb zhvillimin e mendimit politik shqiptar. Po ashtu n\u00eb Kuvend u mor vendim q\u00eb t\u00eb mbrohet Ulqini. Presioni i fuqive t\u00eb m\u00ebdha, ndaj Port\u00ebs p\u00ebr dor\u00ebzimin e Ulqinit, Malit t\u00eb Zi, p\u00ebr Lidhjen Shqiptare ishte moment vendimtar p\u00ebr realizimin e vendimeve t\u00eb aprovuara nga kuvendi i Gjirokastr\u00ebs.<\/p>\n<p>Pas Kuvendit t\u00eb Gjirokastr\u00ebs u konvokua edhe nj\u00eb nj\u00eb kuvend i krer\u00ebve t\u00eb Lidhjes Shqiptare q\u00eb ishte Kuvendi i Dibr\u00ebs i cili u mblodh n\u00eb tetor 1880. Ky kuvend karakterizohej nga mospajtimet konceptuale midis dy l\u00ebvizjeve shqiptare duke ngrit nj\u00eb tension n\u00eb marr\u00ebdh\u00ebnie nd\u00ebrmjet tyre kur n\u00eb sken\u00ebn nd\u00ebrkomb\u00ebtare \u00e7\u00ebshtja e autonomis\u00eb kishte marr\u00eb nj\u00eb konotacion nd\u00ebrkomb\u00ebtar, duke u b\u00ebr\u00eb pjes\u00eb e diplomacive m\u00eb t\u00eb m\u00ebdha t\u00eb koh\u00ebs.<\/p>\n<p>Aksioni i diplomacis\u00eb angleze duke shpallur nevoj\u00ebn p\u00ebr nj\u00eb autonomi shqiptare i sh\u00ebrbente asaj p\u00ebr t\u00eb shuar q\u00ebndres\u00ebn e shqiptar\u00ebve vazhdimi i s\u00eb cil\u00ebs nuk p\u00ebrputhej aspak me interesat e Londr\u00ebs. Austro-Hungaria donte q\u00eb t\u00eb shuheshin sa m\u00eb par\u00eb dy vatrat e l\u00ebvizjes shqiptare n\u00eb Shkod\u00ebr dhe Kosov\u00eb, t\u00eb cilat ishin shum\u00eb af\u00ebr Bosnj\u00ebs dhe Hercegovin\u00ebs ku iu ndihej afshi.<\/p>\n<p>P\u00ebrfaq\u00ebsuesi britanik n\u00eb komisionin e reformave Ficmoris, e mbronte tez\u00ebn e parimit t\u00eb komb\u00ebsive sepse sipas tij t\u00eb gjitha shqet\u00ebsimet q\u00eb po ndodhnin n\u00eb Evrop\u00ebn Juglindore rridhnin nga q\u00eb Perandoria Osmane kishte shkelur k\u00ebt\u00eb parim si dhe mosrespektimi i nenit 23 t\u00eb Traktatit t\u00eb Berlinit i cili parashihte nj\u00eb decentralizim t\u00eb pushtetit n\u00eb favor t\u00eb autonomis\u00eb provenciale. Duke u nisur nga kjo situat\u00eb Britania e Madhe s\u00eb bashku m\u00eb Austro-Hungarin\u00eb u premtonin shkodran\u00ebve autonomin\u00eb administrative t\u00eb vilajetit t\u00eb tyre \u201cp\u00ebr t\u2019i kandisur q\u00eb ta pranonin humbjen e Ulqinit si nj\u00eb e keqe m\u00eb e vog\u00ebl nd\u00ebr dy t\u00eb k\u00ebqijat\u201d.<\/p>\n<p>Nj\u00eb informat\u00eb interesante p\u00ebr bisedimet q\u00eb jan\u00eb zhvilluar midis qeverive t\u00eb disa vendeve evropiane p\u00ebr \u00e7\u00ebshtjen shqiptare e sjell, gazeta serbe \u201cVidelo\u201d: \u201cNga Roma ka arritur nj\u00eb lajm i \u00e7uditsh\u00ebm se midis qeveris\u00eb franceze, angleze dhe italiane tash sa koh\u00eb po zhvillohen bisedime q\u00eb menj\u00ebher\u00eb pas dor\u00ebzimit t\u00eb Ulqinit, t\u00eb jepet propozimi q\u00eb Shqip\u00ebria t\u00eb shpallet e pavarur. K\u00ebt\u00eb mendim thon\u00eb e paska dh\u00ebn\u00eb Gladstoni, i cili po tregon bot\u00ebrisht se nuk ia merr mendja t\u2019i prish\u00eb llogarit\u00eb politike t\u00eb Austris\u00eb, por i cili fshehtas angazhohet q\u00eb ta pengoj\u00eb p\u00ebrzierjen e Austris\u00eb n\u00eb Gadishullin Ballkanik. Italis\u00eb po i ofron q\u00eb n\u00eb administrat\u00ebn e Shqip\u00ebris\u00eb, sidomos n\u00eb pik\u00ebpamje financiare ta marr\u00eb at\u00eb ndikim q\u00eb i takon sipas pozit\u00ebs gjeografike t\u00eb saj. Nd\u00ebrkaq shteti shqiptar t\u00eb jet\u00eb n\u00ebn mbrojtjen e Fuqive t\u00eb M\u00ebdha.<\/p>\n<p>Por, kjo autonomi dhe pavar\u00ebsi e Shqip\u00ebris\u00eb nuk mund t\u00eb realizohej pa plot\u00ebsuar oreksin e Rusis\u00eb dhe monarkive ballkanike, t\u00eb cilat ishin fituese e luft\u00ebs me Perandorin\u00eb Osmane. Orkestrimi i diplomacis\u00eb p\u00ebr zgjidhjen e Kriz\u00ebs Lindore udh\u00ebhiqej nga Rusia e cila me satelit\u00ebt e vet n\u00eb Ballkan k\u00ebrkonte t\u00eb dominonte n\u00eb Ballkan dhe Mesdhe. Rusia n\u00ebp\u00ebrmjet zgjerimit t\u00eb Malit t\u00eb Zi n\u00eb per\u00ebndim t\u00eb tij, shtrinte n\u00eb fakt kthetrat e veta thell\u00eb n\u00eb tokat shqiptare dhe siguronte nj\u00ebkoh\u00ebsisht baza t\u00eb forta n\u00eb Adriatik p\u00ebr t\u00eb realizuar planet e veta hegjemoniste n\u00eb Evrop\u00ebn Juglindore. Nj\u00eb Shqip\u00ebri e bashkuar n\u00eb trojet e veta etnike i prishte pun\u00eb politik\u00ebs cariste sepse Rusia k\u00ebrkonte t\u00eb krijonte nj\u00eb shtet t\u00eb madh sllavo \u2013 maqedon n\u00eb Ballkan, tendenca cariste q\u00eb n\u00eb Sh\u00ebn Stefan. Projekti rus mund t\u00eb realizohet vet\u00ebm m\u00eb cop\u00ebtimin e Shqip\u00ebris\u00eb.<\/p>\n","protected":false},"excerpt":{"rendered":"<p>Nga Sabri Salaj Ky rivalitet nd\u00ebrmjet Fuqive t\u00eb M\u00ebdha t\u00eb cil\u00ebt investonin p\u00ebr koh\u00ebn pas largimit t\u00eb Perandoris\u00eb Osmane nga pjesa evropiane, ndikoj q\u00eb edhe shqiptar\u00ebt t\u2019u p\u00ebrshtat\u00ebn rrethanave nd\u00ebrkomb\u00ebtare p\u00ebr p\u00ebrcaktimin e statusit t\u00eb ardhm\u00ebris\u00eb s\u00eb tyre politike. Lidhja Shqiptare duke par\u00eb rrethanat politike dhe konfrontimet diplomatike t\u00eb shteteve t\u00eb m\u00ebdha k\u00ebrkonte t\u00eb shfryt\u00ebzonte [&hellip;]<\/p>\n","protected":false},"author":1,"featured_media":0,"comment_status":"closed","ping_status":"closed","sticky":false,"template":"","format":"standard","meta":{"spay_email":"","jetpack_publicize_message":"","jetpack_is_tweetstorm":false,"jetpack_publicize_feature_enabled":true},"categories":[14249],"tags":[],"jetpack_publicize_connections":[],"yoast_head":"<!-- This site is optimized with the Yoast SEO plugin v19.1 - https:\/\/yoast.com\/wordpress\/plugins\/seo\/ -->\n<title>SABRI SALAJ: Rusia dhe dominimi n\u00eb Ballkan \u2013 \u00c7\u00cbSHTJA E ULQINIT (3) - Lajme nga Ulqini<\/title>\n<meta name=\"description\" content=\"Nga Sabri Salaj Ky rivalitet nd\u00ebrmjet Fuqive t\u00eb M\u00ebdha t\u00eb cil\u00ebt investonin p\u00ebr koh\u00ebn pas largimit t\u00eb Perandoris\u00eb Osmane nga pjesa evropiane, ndikoj q\u00eb edhe\" \/>\n<meta name=\"robots\" content=\"index, follow, max-snippet:-1, max-image-preview:large, max-video-preview:-1\" \/>\n<link rel=\"canonical\" href=\"https:\/\/www.visit-ulcinj.com\/blog\/2014\/09\/21\/sabri-salaj-rusia-dhe-dominimi-ne-ballkan-ceshtja-e-ulqinit-3\/\" \/>\n<meta property=\"og:locale\" content=\"en_US\" \/>\n<meta property=\"og:type\" content=\"article\" \/>\n<meta property=\"og:title\" content=\"SABRI SALAJ: Rusia dhe dominimi n\u00eb Ballkan \u2013 \u00c7\u00cbSHTJA E ULQINIT (3) - Lajme nga Ulqini\" \/>\n<meta property=\"og:description\" content=\"Nga Sabri Salaj Ky rivalitet nd\u00ebrmjet Fuqive t\u00eb M\u00ebdha t\u00eb cil\u00ebt investonin p\u00ebr koh\u00ebn pas largimit t\u00eb Perandoris\u00eb Osmane nga pjesa evropiane, ndikoj q\u00eb edhe\" \/>\n<meta property=\"og:url\" content=\"https:\/\/www.visit-ulcinj.com\/blog\/2014\/09\/21\/sabri-salaj-rusia-dhe-dominimi-ne-ballkan-ceshtja-e-ulqinit-3\/\" \/>\n<meta property=\"og:site_name\" content=\"Lajme nga Ulqini\" \/>\n<meta property=\"article:published_time\" content=\"2014-09-21T21:12:32+00:00\" \/>\n<meta property=\"article:modified_time\" content=\"2014-09-21T21:13:07+00:00\" \/>\n<meta property=\"og:image\" content=\"http:\/\/www.visit-ulcinj.com\/blog\/wp-content\/uploads\/2014\/09\/SABRI-SALAJ.jpg\" \/>\n<meta name=\"twitter:label1\" content=\"Written by\" \/>\n\t<meta name=\"twitter:data1\" content=\"ulqini\" \/>\n\t<meta name=\"twitter:label2\" content=\"Est. reading time\" \/>\n\t<meta name=\"twitter:data2\" content=\"5 minutes\" \/>\n<script type=\"application\/ld+json\" class=\"yoast-schema-graph\">{\"@context\":\"https:\/\/schema.org\",\"@graph\":[{\"@type\":\"WebSite\",\"@id\":\"https:\/\/www.visit-ulcinj.com\/blog\/#website\",\"url\":\"https:\/\/www.visit-ulcinj.com\/blog\/\",\"name\":\"Lajme nga Ulqini\",\"description\":\"Lajme,Vijesti,Ulqini,Ulqin,Crna Gora,Mali i Zi\",\"potentialAction\":[{\"@type\":\"SearchAction\",\"target\":{\"@type\":\"EntryPoint\",\"urlTemplate\":\"https:\/\/www.visit-ulcinj.com\/blog\/?s={search_term_string}\"},\"query-input\":\"required name=search_term_string\"}],\"inLanguage\":\"en-US\"},{\"@type\":\"ImageObject\",\"inLanguage\":\"en-US\",\"@id\":\"https:\/\/www.visit-ulcinj.com\/blog\/2014\/09\/21\/sabri-salaj-rusia-dhe-dominimi-ne-ballkan-ceshtja-e-ulqinit-3\/#primaryimage\",\"url\":\"https:\/\/www.visit-ulcinj.com\/blog\/wp-content\/uploads\/2014\/09\/SABRI-SALAJ.jpg\",\"contentUrl\":\"https:\/\/www.visit-ulcinj.com\/blog\/wp-content\/uploads\/2014\/09\/SABRI-SALAJ.jpg\",\"width\":640,\"height\":480},{\"@type\":\"WebPage\",\"@id\":\"https:\/\/www.visit-ulcinj.com\/blog\/2014\/09\/21\/sabri-salaj-rusia-dhe-dominimi-ne-ballkan-ceshtja-e-ulqinit-3\/#webpage\",\"url\":\"https:\/\/www.visit-ulcinj.com\/blog\/2014\/09\/21\/sabri-salaj-rusia-dhe-dominimi-ne-ballkan-ceshtja-e-ulqinit-3\/\",\"name\":\"SABRI SALAJ: Rusia dhe dominimi n\u00eb Ballkan \u2013 \u00c7\u00cbSHTJA E ULQINIT (3) - Lajme nga Ulqini\",\"isPartOf\":{\"@id\":\"https:\/\/www.visit-ulcinj.com\/blog\/#website\"},\"primaryImageOfPage\":{\"@id\":\"https:\/\/www.visit-ulcinj.com\/blog\/2014\/09\/21\/sabri-salaj-rusia-dhe-dominimi-ne-ballkan-ceshtja-e-ulqinit-3\/#primaryimage\"},\"datePublished\":\"2014-09-21T21:12:32+00:00\",\"dateModified\":\"2014-09-21T21:13:07+00:00\",\"author\":{\"@id\":\"https:\/\/www.visit-ulcinj.com\/blog\/#\/schema\/person\/dcab619c614d3038751c63bc2aadc06d\"},\"description\":\"Nga Sabri Salaj Ky rivalitet nd\u00ebrmjet Fuqive t\u00eb M\u00ebdha t\u00eb cil\u00ebt investonin p\u00ebr koh\u00ebn pas largimit t\u00eb Perandoris\u00eb Osmane nga pjesa evropiane, ndikoj q\u00eb edhe\",\"breadcrumb\":{\"@id\":\"https:\/\/www.visit-ulcinj.com\/blog\/2014\/09\/21\/sabri-salaj-rusia-dhe-dominimi-ne-ballkan-ceshtja-e-ulqinit-3\/#breadcrumb\"},\"inLanguage\":\"en-US\",\"potentialAction\":[{\"@type\":\"ReadAction\",\"target\":[\"https:\/\/www.visit-ulcinj.com\/blog\/2014\/09\/21\/sabri-salaj-rusia-dhe-dominimi-ne-ballkan-ceshtja-e-ulqinit-3\/\"]}]},{\"@type\":\"BreadcrumbList\",\"@id\":\"https:\/\/www.visit-ulcinj.com\/blog\/2014\/09\/21\/sabri-salaj-rusia-dhe-dominimi-ne-ballkan-ceshtja-e-ulqinit-3\/#breadcrumb\",\"itemListElement\":[{\"@type\":\"ListItem\",\"position\":1,\"name\":\"SABRI SALAJ: Rusia dhe dominimi n\u00eb Ballkan \u2013 \u00c7\u00cbSHTJA E ULQINIT (3)\"}]},{\"@type\":\"Person\",\"@id\":\"https:\/\/www.visit-ulcinj.com\/blog\/#\/schema\/person\/dcab619c614d3038751c63bc2aadc06d\",\"name\":\"ulqini\",\"sameAs\":[\"http:\/\/www.visit-ulcinj.com\"],\"url\":\"https:\/\/www.visit-ulcinj.com\/blog\/author\/admin\/\"}]}<\/script>\n<!-- \/ Yoast SEO plugin. -->","yoast_head_json":{"title":"SABRI SALAJ: Rusia dhe dominimi n\u00eb Ballkan \u2013 \u00c7\u00cbSHTJA E ULQINIT (3) - Lajme nga Ulqini","description":"Nga Sabri Salaj Ky rivalitet nd\u00ebrmjet Fuqive t\u00eb M\u00ebdha t\u00eb cil\u00ebt investonin p\u00ebr koh\u00ebn pas largimit t\u00eb Perandoris\u00eb Osmane nga pjesa evropiane, ndikoj q\u00eb edhe","robots":{"index":"index","follow":"follow","max-snippet":"max-snippet:-1","max-image-preview":"max-image-preview:large","max-video-preview":"max-video-preview:-1"},"canonical":"https:\/\/www.visit-ulcinj.com\/blog\/2014\/09\/21\/sabri-salaj-rusia-dhe-dominimi-ne-ballkan-ceshtja-e-ulqinit-3\/","og_locale":"en_US","og_type":"article","og_title":"SABRI SALAJ: Rusia dhe dominimi n\u00eb Ballkan \u2013 \u00c7\u00cbSHTJA E ULQINIT (3) - Lajme nga Ulqini","og_description":"Nga Sabri Salaj Ky rivalitet nd\u00ebrmjet Fuqive t\u00eb M\u00ebdha t\u00eb cil\u00ebt investonin p\u00ebr koh\u00ebn pas largimit t\u00eb Perandoris\u00eb Osmane nga pjesa evropiane, ndikoj q\u00eb edhe","og_url":"https:\/\/www.visit-ulcinj.com\/blog\/2014\/09\/21\/sabri-salaj-rusia-dhe-dominimi-ne-ballkan-ceshtja-e-ulqinit-3\/","og_site_name":"Lajme nga Ulqini","article_published_time":"2014-09-21T21:12:32+00:00","article_modified_time":"2014-09-21T21:13:07+00:00","og_image":[{"url":"http:\/\/www.visit-ulcinj.com\/blog\/wp-content\/uploads\/2014\/09\/SABRI-SALAJ.jpg"}],"twitter_misc":{"Written by":"ulqini","Est. reading time":"5 minutes"},"schema":{"@context":"https:\/\/schema.org","@graph":[{"@type":"WebSite","@id":"https:\/\/www.visit-ulcinj.com\/blog\/#website","url":"https:\/\/www.visit-ulcinj.com\/blog\/","name":"Lajme nga Ulqini","description":"Lajme,Vijesti,Ulqini,Ulqin,Crna Gora,Mali i Zi","potentialAction":[{"@type":"SearchAction","target":{"@type":"EntryPoint","urlTemplate":"https:\/\/www.visit-ulcinj.com\/blog\/?s={search_term_string}"},"query-input":"required name=search_term_string"}],"inLanguage":"en-US"},{"@type":"ImageObject","inLanguage":"en-US","@id":"https:\/\/www.visit-ulcinj.com\/blog\/2014\/09\/21\/sabri-salaj-rusia-dhe-dominimi-ne-ballkan-ceshtja-e-ulqinit-3\/#primaryimage","url":"https:\/\/www.visit-ulcinj.com\/blog\/wp-content\/uploads\/2014\/09\/SABRI-SALAJ.jpg","contentUrl":"https:\/\/www.visit-ulcinj.com\/blog\/wp-content\/uploads\/2014\/09\/SABRI-SALAJ.jpg","width":640,"height":480},{"@type":"WebPage","@id":"https:\/\/www.visit-ulcinj.com\/blog\/2014\/09\/21\/sabri-salaj-rusia-dhe-dominimi-ne-ballkan-ceshtja-e-ulqinit-3\/#webpage","url":"https:\/\/www.visit-ulcinj.com\/blog\/2014\/09\/21\/sabri-salaj-rusia-dhe-dominimi-ne-ballkan-ceshtja-e-ulqinit-3\/","name":"SABRI SALAJ: Rusia dhe dominimi n\u00eb Ballkan \u2013 \u00c7\u00cbSHTJA E ULQINIT (3) - Lajme nga Ulqini","isPartOf":{"@id":"https:\/\/www.visit-ulcinj.com\/blog\/#website"},"primaryImageOfPage":{"@id":"https:\/\/www.visit-ulcinj.com\/blog\/2014\/09\/21\/sabri-salaj-rusia-dhe-dominimi-ne-ballkan-ceshtja-e-ulqinit-3\/#primaryimage"},"datePublished":"2014-09-21T21:12:32+00:00","dateModified":"2014-09-21T21:13:07+00:00","author":{"@id":"https:\/\/www.visit-ulcinj.com\/blog\/#\/schema\/person\/dcab619c614d3038751c63bc2aadc06d"},"description":"Nga Sabri Salaj Ky rivalitet nd\u00ebrmjet Fuqive t\u00eb M\u00ebdha t\u00eb cil\u00ebt investonin p\u00ebr koh\u00ebn pas largimit t\u00eb Perandoris\u00eb Osmane nga pjesa evropiane, ndikoj q\u00eb edhe","breadcrumb":{"@id":"https:\/\/www.visit-ulcinj.com\/blog\/2014\/09\/21\/sabri-salaj-rusia-dhe-dominimi-ne-ballkan-ceshtja-e-ulqinit-3\/#breadcrumb"},"inLanguage":"en-US","potentialAction":[{"@type":"ReadAction","target":["https:\/\/www.visit-ulcinj.com\/blog\/2014\/09\/21\/sabri-salaj-rusia-dhe-dominimi-ne-ballkan-ceshtja-e-ulqinit-3\/"]}]},{"@type":"BreadcrumbList","@id":"https:\/\/www.visit-ulcinj.com\/blog\/2014\/09\/21\/sabri-salaj-rusia-dhe-dominimi-ne-ballkan-ceshtja-e-ulqinit-3\/#breadcrumb","itemListElement":[{"@type":"ListItem","position":1,"name":"SABRI SALAJ: Rusia dhe dominimi n\u00eb Ballkan \u2013 \u00c7\u00cbSHTJA E ULQINIT (3)"}]},{"@type":"Person","@id":"https:\/\/www.visit-ulcinj.com\/blog\/#\/schema\/person\/dcab619c614d3038751c63bc2aadc06d","name":"ulqini","sameAs":["http:\/\/www.visit-ulcinj.com"],"url":"https:\/\/www.visit-ulcinj.com\/blog\/author\/admin\/"}]}},"jetpack_featured_media_url":"","jetpack_sharing_enabled":true,"jetpack_shortlink":"https:\/\/wp.me\/pe6lTn-mdx","_links":{"self":[{"href":"https:\/\/www.visit-ulcinj.com\/blog\/wp-json\/wp\/v2\/posts\/85407"}],"collection":[{"href":"https:\/\/www.visit-ulcinj.com\/blog\/wp-json\/wp\/v2\/posts"}],"about":[{"href":"https:\/\/www.visit-ulcinj.com\/blog\/wp-json\/wp\/v2\/types\/post"}],"author":[{"embeddable":true,"href":"https:\/\/www.visit-ulcinj.com\/blog\/wp-json\/wp\/v2\/users\/1"}],"replies":[{"embeddable":true,"href":"https:\/\/www.visit-ulcinj.com\/blog\/wp-json\/wp\/v2\/comments?post=85407"}],"version-history":[{"count":2,"href":"https:\/\/www.visit-ulcinj.com\/blog\/wp-json\/wp\/v2\/posts\/85407\/revisions"}],"predecessor-version":[{"id":85409,"href":"https:\/\/www.visit-ulcinj.com\/blog\/wp-json\/wp\/v2\/posts\/85407\/revisions\/85409"}],"wp:attachment":[{"href":"https:\/\/www.visit-ulcinj.com\/blog\/wp-json\/wp\/v2\/media?parent=85407"}],"wp:term":[{"taxonomy":"category","embeddable":true,"href":"https:\/\/www.visit-ulcinj.com\/blog\/wp-json\/wp\/v2\/categories?post=85407"},{"taxonomy":"post_tag","embeddable":true,"href":"https:\/\/www.visit-ulcinj.com\/blog\/wp-json\/wp\/v2\/tags?post=85407"}],"curies":[{"name":"wp","href":"https:\/\/api.w.org\/{rel}","templated":true}]}}