{"id":85444,"date":"2014-09-23T09:01:28","date_gmt":"2014-09-23T08:01:28","guid":{"rendered":"http:\/\/www.visit-ulcinj.com\/blog\/?p=85444"},"modified":"2014-09-26T18:21:57","modified_gmt":"2014-09-26T17:21:57","slug":"ere-e-forte-ne-ulqin-pushuesit-boshatisin-plazhet-foto","status":"publish","type":"post","link":"https:\/\/www.visit-ulcinj.com\/blog\/2014\/09\/23\/ere-e-forte-ne-ulqin-pushuesit-boshatisin-plazhet-foto\/","title":{"rendered":"Er\u00eb e fort\u00eb n\u00eb Ulqin, pushuesit boshatisin plazhet + Foto"},"content":{"rendered":"<p><a href=\"http:\/\/www.visit-ulcinj.com\/blog\/wp-content\/uploads\/2014\/09\/Er\u00eb-e-fort\u00eb-n\u00eb-Ulqin-.jpg\"><img loading=\"lazy\" class=\"alignleft wp-image-85445\" src=\"http:\/\/www.visit-ulcinj.com\/blog\/wp-content\/uploads\/2014\/09\/Er\u00eb-e-fort\u00eb-n\u00eb-Ulqin-.jpg\" alt=\"Er\u00eb e fort\u00eb n\u00eb Ulqin-\" width=\"508\" height=\"304\" srcset=\"https:\/\/www.visit-ulcinj.com\/blog\/wp-content\/uploads\/2014\/09\/Er\u00eb-e-fort\u00eb-n\u00eb-Ulqin-.jpg 960w, https:\/\/www.visit-ulcinj.com\/blog\/wp-content\/uploads\/2014\/09\/Er\u00eb-e-fort\u00eb-n\u00eb-Ulqin--300x179.jpg 300w\" sizes=\"(max-width: 508px) 100vw, 508px\" \/><\/a>N\u00eb komun\u00ebn e Ulqinit era e fort\u00eb e cila ka fry pa nd\u00ebrprer\u00eb me nj\u00eb intensitet t\u00eb lart\u00eb gjat\u00eb t\u00eb nat\u00ebs e s\u00eb diel\u00ebs dhe dit\u00ebs t\u00eb h\u00ebn\u00eb ka shkaktuar d\u00ebme n\u00eb disa lagje t\u00eb plazhes s\u00eb madhe.<\/p>\n<p>Nj\u00eb stuhi masive q\u00eb shkaktoi reshje rekord n\u00eb Mal t\u00eb Zi nat\u00ebn e s\u00eb diel\u00ebs, shkaktoi p\u00ebrmbytje t\u00eb m\u00ebdha, ve\u00e7an\u00ebrisht n\u00eb zonat bregdetare\u00a0 t\u00eb Budves dhe kryeqytetin e Podgoric\u00ebs.<\/p>\n<p><a href=\"http:\/\/www.visit-ulcinj.com\/blog\/wp-content\/uploads\/2014\/09\/Er\u00eb-e-fort\u00eb-n\u00eb-Ulqin-Saranda-Beach-4.jpg\"><img loading=\"lazy\" class=\"alignleft wp-image-85446\" src=\"http:\/\/www.visit-ulcinj.com\/blog\/wp-content\/uploads\/2014\/09\/Er\u00eb-e-fort\u00eb-n\u00eb-Ulqin-Saranda-Beach-4.jpg\" alt=\"Er\u00eb e fort\u00eb n\u00eb Ulqin-Saranda-Beach-4\" width=\"508\" height=\"304\" \/><\/a><\/p>\n<p>Nga era e furishme \u00ebsht\u00eb d\u00ebmtuar r\u00ebnd\u00eb plazhi Saranada Beach n\u00eb Ulqin, ku sipas t\u00eb dh\u00ebnave t\u00eb menaxherit t\u00eb plazhit A. Truma thuhet se era e fort\u00eb ka shkaktuar shum\u00eb d\u00ebme materiale n\u00eb plazhin q\u00eb ai menaxhon, dhe ka larguar vet\u00ebm pushuesit nga plazhi.<\/p>\n<p>P\u00ebr sa i p\u00ebrket temperaturave n\u00eb qytetin bregdetar t\u00eb Ulqinit, ato sot jan\u00eb 25 grad\u00eb me 22 grad\u00eb minimalja, nd\u00ebrsa nes\u00ebr pritet t\u00eb ket\u00eb s\u00ebrish nj\u00eb rritje me 3 grad\u00eb n\u00eb vlerat maksimale, dit\u00ebn e nes\u00ebrme.<\/p>\n<p><strong>Lajme nga Ulqini<\/strong><\/p>\n<p><a href=\"http:\/\/www.visit-ulcinj.com\/blog\/wp-content\/uploads\/2014\/09\/Er\u00eb-e-fort\u00eb-n\u00eb-Ulqin-Plazhi-Vog\u00ebl.jpg\"><img loading=\"lazy\" class=\"alignleft wp-image-85456\" src=\"http:\/\/www.visit-ulcinj.com\/blog\/wp-content\/uploads\/2014\/09\/Er\u00eb-e-fort\u00eb-n\u00eb-Ulqin-Plazhi-Vog\u00ebl.jpg\" alt=\"Er\u00eb e fort\u00eb n\u00eb Ulqin-Plazhi-Vog\u00ebl\" width=\"508\" height=\"381\" srcset=\"https:\/\/www.visit-ulcinj.com\/blog\/wp-content\/uploads\/2014\/09\/Er\u00eb-e-fort\u00eb-n\u00eb-Ulqin-Plazhi-Vog\u00ebl.jpg 960w, https:\/\/www.visit-ulcinj.com\/blog\/wp-content\/uploads\/2014\/09\/Er\u00eb-e-fort\u00eb-n\u00eb-Ulqin-Plazhi-Vog\u00ebl-300x225.jpg 300w\" sizes=\"(max-width: 508px) 100vw, 508px\" \/><\/a>Foto: Ismet Karamanaga<\/p>\n<p style=\"text-align: center;\"><strong>Moti n\u00eb Mal t\u00eb Zi<\/strong><\/p>\n<p>N\u00eb Mal t\u00eb Zi mban mot i vran\u00ebt dhe vende -vende me reshje t\u00eb dob\u00ebta t\u00eb shiut sidomos n\u00eb viset veriore. Fryn\u00eb er\u00eb e dob\u00ebt deri mesatare\u00a0 jugore dhe p\u00ebrendimore.<\/p>\n<p>Temperaturat: Budv\u00eb 29 gra\u00eb, Tivar e Ulqin 28, Podgoric\u00eb 27,\u00a0 H. Novi e B. Pole 25,\u00a0 Cetin\u00eb e Beran\u00eb 24, Nikshiq, Kollashin e\u00a0 Rozhaj 22,\u00a0 Plev\u00eb 21, Shavnik 20, Plluzhin 18, Plevle 17 dhe n\u00eb Zhablak 12 g.<\/p>\n<p>Edhe p\u00ebr nes\u00ebr paradite parashihet t\u00eb mbaj\u00eb mot i vran\u00ebt dhe vende vende me reshje e bubullim\u00eb , kurse pasdite\u00a0 pritet\u00a0 kthjellimit gradual.<\/p>\n<p>Do t\u00eb fryj\u00eb er\u00eb mesatare deri e fort\u00eb veriore dhe veri lindore.<\/p>\n<p>Temperatura e m\u00ebngjesit prej 3 deri n\u00eb 19, kurse m\u00eb e larta e dit\u00ebs prej 8 deri n\u00eb 23 g. C.<\/p>\n<p><strong>Burimi: Moti n\u00eb Mal t\u00eb Zi &#8211; TVCG<\/strong><\/p>\n<p><iframe loading=\"lazy\" width=\"508\" height=\"360\" src=\"\/\/www.youtube.com\/embed\/jzMitKsIo0w\" frameborder=\"0\" allowfullscreen><\/iframe><\/p>\n\n","protected":false},"excerpt":{"rendered":"<p>N\u00eb komun\u00ebn e Ulqinit era e fort\u00eb e cila ka fry pa nd\u00ebrprer\u00eb me nj\u00eb intensitet t\u00eb lart\u00eb gjat\u00eb t\u00eb nat\u00ebs e s\u00eb diel\u00ebs dhe dit\u00ebs t\u00eb h\u00ebn\u00eb ka shkaktuar d\u00ebme n\u00eb disa lagje t\u00eb plazhes s\u00eb madhe. Nj\u00eb stuhi masive q\u00eb shkaktoi reshje rekord n\u00eb Mal t\u00eb Zi nat\u00ebn e s\u00eb diel\u00ebs, shkaktoi p\u00ebrmbytje [&hellip;]<\/p>\n","protected":false},"author":1,"featured_media":0,"comment_status":"closed","ping_status":"closed","sticky":false,"template":"","format":"standard","meta":{"spay_email":"","jetpack_publicize_message":"","jetpack_is_tweetstorm":false,"jetpack_publicize_feature_enabled":true},"categories":[1,6950],"tags":[],"jetpack_publicize_connections":[],"yoast_head":"<!-- This site is optimized with the Yoast SEO plugin v19.1 - https:\/\/yoast.com\/wordpress\/plugins\/seo\/ -->\n<title>Er\u00eb e fort\u00eb n\u00eb Ulqin, pushuesit boshatisin plazhet + Foto - Lajme nga Ulqini<\/title>\n<meta name=\"description\" content=\"N\u00eb komun\u00ebn e Ulqinit era e fort\u00eb e cila ka fry pa nd\u00ebrprer\u00eb me nj\u00eb intensitet t\u00eb lart\u00eb gjat\u00eb t\u00eb nat\u00ebs e s\u00eb diel\u00ebs dhe dit\u00ebs t\u00eb h\u00ebn\u00eb ka shkaktuar d\u00ebme n\u00eb\" \/>\n<meta name=\"robots\" content=\"index, follow, max-snippet:-1, max-image-preview:large, max-video-preview:-1\" \/>\n<link rel=\"canonical\" href=\"https:\/\/www.visit-ulcinj.com\/blog\/2014\/09\/23\/ere-e-forte-ne-ulqin-pushuesit-boshatisin-plazhet-foto\/\" \/>\n<meta property=\"og:locale\" content=\"en_US\" \/>\n<meta property=\"og:type\" content=\"article\" \/>\n<meta property=\"og:title\" content=\"Er\u00eb e fort\u00eb n\u00eb Ulqin, pushuesit boshatisin plazhet + Foto - Lajme nga Ulqini\" \/>\n<meta property=\"og:description\" content=\"N\u00eb komun\u00ebn e Ulqinit era e fort\u00eb e cila ka fry pa nd\u00ebrprer\u00eb me nj\u00eb intensitet t\u00eb lart\u00eb gjat\u00eb t\u00eb nat\u00ebs e s\u00eb diel\u00ebs dhe dit\u00ebs t\u00eb h\u00ebn\u00eb ka shkaktuar d\u00ebme n\u00eb\" \/>\n<meta property=\"og:url\" content=\"https:\/\/www.visit-ulcinj.com\/blog\/2014\/09\/23\/ere-e-forte-ne-ulqin-pushuesit-boshatisin-plazhet-foto\/\" \/>\n<meta property=\"og:site_name\" content=\"Lajme nga Ulqini\" \/>\n<meta property=\"article:published_time\" content=\"2014-09-23T08:01:28+00:00\" \/>\n<meta property=\"article:modified_time\" content=\"2014-09-26T17:21:57+00:00\" \/>\n<meta name=\"twitter:label1\" content=\"Written by\" \/>\n\t<meta name=\"twitter:data1\" content=\"ulqini\" \/>\n\t<meta name=\"twitter:label2\" content=\"Est. reading time\" \/>\n\t<meta name=\"twitter:data2\" content=\"2 minutes\" \/>\n<script type=\"application\/ld+json\" class=\"yoast-schema-graph\">{\"@context\":\"https:\/\/schema.org\",\"@graph\":[{\"@type\":\"WebSite\",\"@id\":\"https:\/\/www.visit-ulcinj.com\/blog\/#website\",\"url\":\"https:\/\/www.visit-ulcinj.com\/blog\/\",\"name\":\"Lajme nga Ulqini\",\"description\":\"Lajme,Vijesti,Ulqini,Ulqin,Crna Gora,Mali i Zi\",\"potentialAction\":[{\"@type\":\"SearchAction\",\"target\":{\"@type\":\"EntryPoint\",\"urlTemplate\":\"https:\/\/www.visit-ulcinj.com\/blog\/?s={search_term_string}\"},\"query-input\":\"required name=search_term_string\"}],\"inLanguage\":\"en-US\"},{\"@type\":\"WebPage\",\"@id\":\"https:\/\/www.visit-ulcinj.com\/blog\/2014\/09\/23\/ere-e-forte-ne-ulqin-pushuesit-boshatisin-plazhet-foto\/#webpage\",\"url\":\"https:\/\/www.visit-ulcinj.com\/blog\/2014\/09\/23\/ere-e-forte-ne-ulqin-pushuesit-boshatisin-plazhet-foto\/\",\"name\":\"Er\u00eb e fort\u00eb n\u00eb Ulqin, pushuesit boshatisin plazhet + Foto - Lajme nga Ulqini\",\"isPartOf\":{\"@id\":\"https:\/\/www.visit-ulcinj.com\/blog\/#website\"},\"datePublished\":\"2014-09-23T08:01:28+00:00\",\"dateModified\":\"2014-09-26T17:21:57+00:00\",\"author\":{\"@id\":\"https:\/\/www.visit-ulcinj.com\/blog\/#\/schema\/person\/dcab619c614d3038751c63bc2aadc06d\"},\"description\":\"N\u00eb komun\u00ebn e Ulqinit era e fort\u00eb e cila ka fry pa nd\u00ebrprer\u00eb me nj\u00eb intensitet t\u00eb lart\u00eb gjat\u00eb t\u00eb nat\u00ebs e s\u00eb diel\u00ebs dhe dit\u00ebs t\u00eb h\u00ebn\u00eb ka shkaktuar d\u00ebme n\u00eb\",\"breadcrumb\":{\"@id\":\"https:\/\/www.visit-ulcinj.com\/blog\/2014\/09\/23\/ere-e-forte-ne-ulqin-pushuesit-boshatisin-plazhet-foto\/#breadcrumb\"},\"inLanguage\":\"en-US\",\"potentialAction\":[{\"@type\":\"ReadAction\",\"target\":[\"https:\/\/www.visit-ulcinj.com\/blog\/2014\/09\/23\/ere-e-forte-ne-ulqin-pushuesit-boshatisin-plazhet-foto\/\"]}]},{\"@type\":\"BreadcrumbList\",\"@id\":\"https:\/\/www.visit-ulcinj.com\/blog\/2014\/09\/23\/ere-e-forte-ne-ulqin-pushuesit-boshatisin-plazhet-foto\/#breadcrumb\",\"itemListElement\":[{\"@type\":\"ListItem\",\"position\":1,\"name\":\"Er\u00eb e fort\u00eb n\u00eb Ulqin, pushuesit boshatisin plazhet + Foto\"}]},{\"@type\":\"Person\",\"@id\":\"https:\/\/www.visit-ulcinj.com\/blog\/#\/schema\/person\/dcab619c614d3038751c63bc2aadc06d\",\"name\":\"ulqini\",\"sameAs\":[\"http:\/\/www.visit-ulcinj.com\"],\"url\":\"https:\/\/www.visit-ulcinj.com\/blog\/author\/admin\/\"}]}<\/script>\n<!-- \/ Yoast SEO plugin. -->","yoast_head_json":{"title":"Er\u00eb e fort\u00eb n\u00eb Ulqin, pushuesit boshatisin plazhet + Foto - Lajme nga Ulqini","description":"N\u00eb komun\u00ebn e Ulqinit era e fort\u00eb e cila ka fry pa nd\u00ebrprer\u00eb me nj\u00eb intensitet t\u00eb lart\u00eb gjat\u00eb t\u00eb nat\u00ebs e s\u00eb diel\u00ebs dhe dit\u00ebs t\u00eb h\u00ebn\u00eb ka shkaktuar d\u00ebme n\u00eb","robots":{"index":"index","follow":"follow","max-snippet":"max-snippet:-1","max-image-preview":"max-image-preview:large","max-video-preview":"max-video-preview:-1"},"canonical":"https:\/\/www.visit-ulcinj.com\/blog\/2014\/09\/23\/ere-e-forte-ne-ulqin-pushuesit-boshatisin-plazhet-foto\/","og_locale":"en_US","og_type":"article","og_title":"Er\u00eb e fort\u00eb n\u00eb Ulqin, pushuesit boshatisin plazhet + Foto - Lajme nga Ulqini","og_description":"N\u00eb komun\u00ebn e Ulqinit era e fort\u00eb e cila ka fry pa nd\u00ebrprer\u00eb me nj\u00eb intensitet t\u00eb lart\u00eb gjat\u00eb t\u00eb nat\u00ebs e s\u00eb diel\u00ebs dhe dit\u00ebs t\u00eb h\u00ebn\u00eb ka shkaktuar d\u00ebme n\u00eb","og_url":"https:\/\/www.visit-ulcinj.com\/blog\/2014\/09\/23\/ere-e-forte-ne-ulqin-pushuesit-boshatisin-plazhet-foto\/","og_site_name":"Lajme nga Ulqini","article_published_time":"2014-09-23T08:01:28+00:00","article_modified_time":"2014-09-26T17:21:57+00:00","twitter_misc":{"Written by":"ulqini","Est. reading time":"2 minutes"},"schema":{"@context":"https:\/\/schema.org","@graph":[{"@type":"WebSite","@id":"https:\/\/www.visit-ulcinj.com\/blog\/#website","url":"https:\/\/www.visit-ulcinj.com\/blog\/","name":"Lajme nga Ulqini","description":"Lajme,Vijesti,Ulqini,Ulqin,Crna Gora,Mali i Zi","potentialAction":[{"@type":"SearchAction","target":{"@type":"EntryPoint","urlTemplate":"https:\/\/www.visit-ulcinj.com\/blog\/?s={search_term_string}"},"query-input":"required name=search_term_string"}],"inLanguage":"en-US"},{"@type":"WebPage","@id":"https:\/\/www.visit-ulcinj.com\/blog\/2014\/09\/23\/ere-e-forte-ne-ulqin-pushuesit-boshatisin-plazhet-foto\/#webpage","url":"https:\/\/www.visit-ulcinj.com\/blog\/2014\/09\/23\/ere-e-forte-ne-ulqin-pushuesit-boshatisin-plazhet-foto\/","name":"Er\u00eb e fort\u00eb n\u00eb Ulqin, pushuesit boshatisin plazhet + Foto - Lajme nga Ulqini","isPartOf":{"@id":"https:\/\/www.visit-ulcinj.com\/blog\/#website"},"datePublished":"2014-09-23T08:01:28+00:00","dateModified":"2014-09-26T17:21:57+00:00","author":{"@id":"https:\/\/www.visit-ulcinj.com\/blog\/#\/schema\/person\/dcab619c614d3038751c63bc2aadc06d"},"description":"N\u00eb komun\u00ebn e Ulqinit era e fort\u00eb e cila ka fry pa nd\u00ebrprer\u00eb me nj\u00eb intensitet t\u00eb lart\u00eb gjat\u00eb t\u00eb nat\u00ebs e s\u00eb diel\u00ebs dhe dit\u00ebs t\u00eb h\u00ebn\u00eb ka shkaktuar d\u00ebme n\u00eb","breadcrumb":{"@id":"https:\/\/www.visit-ulcinj.com\/blog\/2014\/09\/23\/ere-e-forte-ne-ulqin-pushuesit-boshatisin-plazhet-foto\/#breadcrumb"},"inLanguage":"en-US","potentialAction":[{"@type":"ReadAction","target":["https:\/\/www.visit-ulcinj.com\/blog\/2014\/09\/23\/ere-e-forte-ne-ulqin-pushuesit-boshatisin-plazhet-foto\/"]}]},{"@type":"BreadcrumbList","@id":"https:\/\/www.visit-ulcinj.com\/blog\/2014\/09\/23\/ere-e-forte-ne-ulqin-pushuesit-boshatisin-plazhet-foto\/#breadcrumb","itemListElement":[{"@type":"ListItem","position":1,"name":"Er\u00eb e fort\u00eb n\u00eb Ulqin, pushuesit boshatisin plazhet + Foto"}]},{"@type":"Person","@id":"https:\/\/www.visit-ulcinj.com\/blog\/#\/schema\/person\/dcab619c614d3038751c63bc2aadc06d","name":"ulqini","sameAs":["http:\/\/www.visit-ulcinj.com"],"url":"https:\/\/www.visit-ulcinj.com\/blog\/author\/admin\/"}]}},"jetpack_featured_media_url":"","jetpack_sharing_enabled":true,"jetpack_shortlink":"https:\/\/wp.me\/pe6lTn-me8","_links":{"self":[{"href":"https:\/\/www.visit-ulcinj.com\/blog\/wp-json\/wp\/v2\/posts\/85444"}],"collection":[{"href":"https:\/\/www.visit-ulcinj.com\/blog\/wp-json\/wp\/v2\/posts"}],"about":[{"href":"https:\/\/www.visit-ulcinj.com\/blog\/wp-json\/wp\/v2\/types\/post"}],"author":[{"embeddable":true,"href":"https:\/\/www.visit-ulcinj.com\/blog\/wp-json\/wp\/v2\/users\/1"}],"replies":[{"embeddable":true,"href":"https:\/\/www.visit-ulcinj.com\/blog\/wp-json\/wp\/v2\/comments?post=85444"}],"version-history":[{"count":8,"href":"https:\/\/www.visit-ulcinj.com\/blog\/wp-json\/wp\/v2\/posts\/85444\/revisions"}],"predecessor-version":[{"id":85508,"href":"https:\/\/www.visit-ulcinj.com\/blog\/wp-json\/wp\/v2\/posts\/85444\/revisions\/85508"}],"wp:attachment":[{"href":"https:\/\/www.visit-ulcinj.com\/blog\/wp-json\/wp\/v2\/media?parent=85444"}],"wp:term":[{"taxonomy":"category","embeddable":true,"href":"https:\/\/www.visit-ulcinj.com\/blog\/wp-json\/wp\/v2\/categories?post=85444"},{"taxonomy":"post_tag","embeddable":true,"href":"https:\/\/www.visit-ulcinj.com\/blog\/wp-json\/wp\/v2\/tags?post=85444"}],"curies":[{"name":"wp","href":"https:\/\/api.w.org\/{rel}","templated":true}]}}