{"id":85465,"date":"2014-09-23T14:41:44","date_gmt":"2014-09-23T13:41:44","guid":{"rendered":"http:\/\/www.visit-ulcinj.com\/blog\/?p=85465"},"modified":"2014-09-24T07:42:59","modified_gmt":"2014-09-24T06:42:59","slug":"nika-servantesi-iri-apo-mullijt-e-eres-ne-suke-te-ulqinit","status":"publish","type":"post","link":"https:\/\/www.visit-ulcinj.com\/blog\/2014\/09\/23\/nika-servantesi-iri-apo-mullijt-e-eres-ne-suke-te-ulqinit\/","title":{"rendered":"Nika: Servantesi \u201c iri\u201d, apo  Mullijt e er\u00ebs n\u00eb  Suk\u00eb t\u00eb Ulqinit?!!!"},"content":{"rendered":"<address><strong><a href=\"http:\/\/www.visit-ulcinj.com\/blog\/wp-content\/uploads\/2014\/09\/Star-of-Montenegro-Hotel-Servantes-Ulcinj-Ulqin-Ulqini-11.jpg\"><img loading=\"lazy\" class=\"alignleft wp-image-85424\" src=\"http:\/\/www.visit-ulcinj.com\/blog\/wp-content\/uploads\/2014\/09\/Star-of-Montenegro-Hotel-Servantes-Ulcinj-Ulqin-Ulqini-11.jpg\" alt=\"Star-of-Montenegro-Hotel-Servantes-Ulcinj-Ulqin-Ulqini-11\" width=\"508\" height=\"317\" srcset=\"https:\/\/www.visit-ulcinj.com\/blog\/wp-content\/uploads\/2014\/09\/Star-of-Montenegro-Hotel-Servantes-Ulcinj-Ulqin-Ulqini-11.jpg 1024w, https:\/\/www.visit-ulcinj.com\/blog\/wp-content\/uploads\/2014\/09\/Star-of-Montenegro-Hotel-Servantes-Ulcinj-Ulqin-Ulqini-11-300x187.jpg 300w\" sizes=\"(max-width: 508px) 100vw, 508px\" \/><\/a>Shkruan: Muhamet Nika,<\/strong><\/address>\n<address>\u00a0<\/address>\n<address><em><strong>Nj\u00eb shkrim p\u00ebr lajmin q\u00eb Komuna e Ulqinit pranoi k\u00ebrkes\u00ebn e \u201cStar of Montenrgro\u201d p\u00ebr hotelin shum\u00eb kat\u00ebsh\u2026<\/strong>\u201d<\/em><\/address>\n<p><strong>P\u00ebrs\u00ebri, kujdes, Avramoviq thoshte :\u201cKapital je najve<\/strong><strong>\u0107a kukavica- kapitali \u00ebsht\u00eb qyqja m\u00eb e madhe \u201c?!! A ka mund\u00ebsi, n\u00ebse mund t\u00eb dihet, q\u00eb kt\u00ebto, t\u00eb cil\u00ebt po i nisin let\u00ebr Gjek\u00ebs, p\u00ebr rritje kat\u00ebsh, gj\u00eb e cila u pranua nga p\u00ebrpunuesit e planit, ashtu menj\u00ebher\u00eb si i thon\u00eb fjal\u00ebs EKSPRES apo \u201e\u00c7AK \u2013FAK\u201c, t\u00eb jen\u00eb edhe k\u00ebta me kapitalin e vet\u00eb qyqe apo sokola&#8230;?!!! Dhasht\u00eb zoti e t\u00eb mos jen\u00eb HORRA&#8230;?!!! Duke pasur para syve kriz\u00ebn globale , i bie q\u00eb investimi prej 50 milion\u00eb euro n\u00eb Suk\u00eb , me 1muaj dit\u00eb sezon\u00eb, thjesht\u00eb nuk mund t\u00eb jet\u00eb ekonomik. Kurse 2 hotela sup\u00ebrluksoz\u00eb, bashk\u00eb me Galebin me 16 kate, q\u00eb pritet t\u00eb ndertohet&#8230;, kan\u00eb mund\u00ebsi t\u00eb jen\u00eb edhe m\u00eb pak&#8230;?!!! A thua se Servantesi, na <\/strong><strong>studioi aq<\/strong><strong> mir\u00eb, sa q\u00eb \u00a0po tallet me ne, edhe p\u00ebr s\u00eb vdekuri&#8230;, apo, mos ndoshta, ky q\u00eb nd\u00ebrton, mund t\u00eb jet\u00eb edhe vet, nj\u00eb Donkishot i dit\u00ebve tona&#8230;?!! Duke e b\u00ebr\u00eb t\u00eb gjith\u00eb pun\u00ebn n\u00eb Suk\u00eb, Don Kih(sh)otiza(\u00eb)m&#8230;?!!!<\/strong><\/p>\n<p><strong>Nuk e di si, e pse, po na kujtohet, n\u00eb k\u00ebt\u00eb meselen e kateve t\u00eb shtuara, ajo puna e xhind\u00ebve, p\u00ebr t\u00eb cil\u00ebt thon\u00eb se kur d\u00ebshirojn\u00eb t\u00eb marrin di\u00e7ka nga ne (si bot\u00eb paralele) e tyrja , dalin n\u00eb udh\u00ebkryq dhe i thon\u00eb nj\u00ebri tjetrit, duke p\u00ebrs\u00ebritur shpesh fjal\u00ebt: \u201eNj\u00eb p\u00ebr mu , nj\u00eb p\u00ebr ty , nj\u00eb p\u00ebr ate, p\u00ebr te ty&#8230;?!!!<\/strong><\/p>\n<p>V\u00ebrtet\u00eb<strong><em>, <\/em><\/strong>s\u2019di pse po na kujtohet, kjo puna e xhindve&#8230;, por mos keni frik\u00eb se nuk jemi sert&#8230;?!!!<\/p>\n<p>Nj\u00eb gj\u00eb dihet , q\u00eb ata(XHIND\u00cbT) ,pat\u00ebn hyr\u00eb edhe n\u00eb gjakun e dejt\u00eb e Don Kishotit (nj\u00eb aristokrati-AGAI, t\u00eb d\u00ebshtuar e t\u00eb dashuruar n\u00eb nj\u00eb fem\u00ebr fshatare-budallic\u00eb, t\u00eb rrethin\u00ebs e njohur si Dol\u00e7inea, sipas romanit t\u00eb Servantesit.<\/p>\n<p>Ajo, nuk ish fare e bukur- ushqehej me barishta, kund\u00ebrmonte djers\u00eb, e qelbej prej hudrash &#8230;?!! Nd\u00ebrsa me gjith\u00eb k\u00ebt\u00eb, p\u00ebr nderin dhe hatrin e<\/p>\n<p>saj, Don Kishoti, ishte betuar para San\u00e7os , t\u00eb nj\u00eb fshatari nga Man\u00e7a, q\u00eb nuk i shqitej duke e ndjekur i hipur n\u00eb gomar, se donte ta k\u00ebthente edhe bot\u00ebn(kalan\u00eb) mbrapsht, vet\u00ebm e vet\u00ebm duke mbrojtur nderin e Dol\u00e7ines\u00eb<strong>( t\u00eb cil\u00ebn si vajz\u00eb, ia kish zbukuruar shejtani lanet p\u00ebrmes hallocinacioneve t\u00eb tija&#8230;.)?!! Kjo i bie t\u00eb jet\u00eb, me pak\u00eb fjal\u00eb, p\u00ebraf\u00ebrsisht syzheu alegorik i romanit t\u00eb Servantesit. \u201eShkenca e qytetit\u201c t\u00eb Dolqinit, p\u00ebr k\u00ebt\u00eb kontribut, ka vendosur ta p\u00ebrjet\u00ebsoj\u00eb, duke i v\u00ebn\u00eb emrin e nj\u00eb hoteli, q\u00eb pritet t\u00eb nd\u00ebrtohet, n\u00eb Suk\u00ebn e Ulqinit.Madje ajo ka motivuar e ka shkruar edhe nj\u00eb dram\u00eb e po botojn\u00eb edhe do libra&#8230;?!!<\/strong><\/p>\n<p>Don Kishotit, shejtani lanet, ia pat transformuar edhe \u00a0mullijt e er\u00ebs n\u00eb kalor\u00ebs, q\u00eb atij i dukej se \u201epo i binin Dol\u00e7ines\u00eb s\u00eb tij n\u00eb qaf\u00eb..\u201c?! Andaj ai si kalor\u00ebs, q\u00eb ish i takonte ta mbronte me \u00e7do kusht Dol\u00e7inen\u00eb, nga ata dhe b\u00ebri namin duke u matur n\u00eb luft\u00eb me mullijt\u00eb e er\u00ebs&#8230; ?!! T\u00eb gjorit Don, nuk i hynte n\u00eb pun\u00eb, as zgjuarsia fshatarake e San\u00e7os, nga rrethina e Man\u00e7\u00ebs, duke i th\u00ebn\u00eb: \u201e Im zot, ata q\u00eb po thua se i v\u00ebrsulen Dol\u00e7ines\u00eb, nuk jan\u00eb kalor\u00ebs, por mullij ere\u201c dhe\u00a0\u00a0 se Doni, do ta p\u00ebsonte keq, nga krah\u00ebt e tyre q\u00eb silleshin vazhdimisht fuqish\u00eb nga fuqi e er\u00ebs&#8230;?!!<\/p>\n<h3><em><sub>\u00c7far\u00eb tha Portali INFO\u00a0<\/sub><\/em><strong><em><sub>\u00a0\u00a0\u00a0 <\/sub><\/em><\/strong><\/h3>\n<p>Pas lajmit t\u00eb zi t\u00eb t\u00ebrheq\u00ebs s\u00eb investitorit, m\u00ebsuam se gjysma e pron\u00ebs s\u00eb komun\u00ebs, q\u00eb nuk ishte n\u00eb zon\u00ebn e t\u00eb mirave detare, u tjet\u00ebrsua..?!!<\/p>\n<p>Kryetari Cungu, \u201cqiti e bani be \u201c, n\u00eb koh\u00ebn etij, se do ta ruaj pron\u00ebn, si t\u00eb vet\u00ebn, e jo si ish-kryetar\u00ebt. Por , as ky, nuk kish faj n\u00eb k\u00ebto pun\u00eb shejtani &#8230;?!!<\/p>\n<p>Edhe kryetari Gjeka, me q\u00ebllim t\u00eb valorizimit t\u00eb lokalitetit i ftoi do investitor\u00eb(ustallar\u00eb) me origjin\u00eb nga shqiptar\u00ebt e Maqedonis\u00eb ( <strong>t\u00eb rodit e namit dibran\u00eb. -T\u00eb atyre, q\u00eb moti kishin nd\u00ebrtuar ur\u00ebn e Kllezn\u00ebs)<\/strong> dhe t\u00eb cil\u00ebt ishin t\u00eb njohur deri n\u00eb Dubai,..?!! Por edhe k\u00ebta u t\u00ebrhoq\u00ebn&#8230;?!!<\/p>\n<p>S\u00eb fundmi \u201cshkenca e Ulqinit\u201d si usatallar po llogarit, n\u00eb nj\u00eb t\u00eb huaj ,me kapital t\u00eb p\u00ebrzier holandez. Ky na duket, q\u00eb do jet\u00eb \u201d usta m\u00eb i men\u00e7ur \u201c, sepse i shkroi 2 her\u00eb letra Gjek\u00ebs&#8230;.?! N\u00eb nj\u00ebr\u00ebn , k\u00ebrkonte\u201d iz\u00ebn\u201d p\u00ebr nd\u00ebrtim, duke u betuar q\u00eb do tia v\u00ebr\u00eb hotelit emrin e dh\u00ebndrit ton\u00eb Servantesit-Servetit, kurse me t\u00eb dyt\u00ebn, k\u00ebrkonte shtimin e kateve. Di\u00e7ka ngjash\u00ebm si puna e kateve t\u00eb Galebit?! K\u00ebtij t\u00eb fundit ish-kryetari Cungu, me zor ia pranoi shtimin e kateve. Dhe p\u00ebr rrezik tonin, kjo vones\u00eb na kushtoi, deri sa u mor\u00ebm vesh dhe i dham\u00eb leje , ai i kish shpenzuar parat\u00eb ..?!!! Ishalla , nuk kujtohet nga shejtani, me na padit\u00eb p\u00ebr k\u00ebt\u00eb vones\u00eb n\u00eb gjyq&#8230;! Se tash po rrim\u00eb, si komun\u00eb, t\u00eb bllokuar edhe nja 200 dit\u00eb&#8230;?!!! <strong><em>THONI MOR AMAN , LARGOJU SHEJTAN&#8230;?!!<\/em><\/strong><\/p>\n<p><strong><em>ME T\u00cb DREJT\u00cb LIND PYETJA- KUSH FITOI LEJE ND\u00cbRTIMI ?!<\/em><\/strong><\/p>\n<p>Tashti, nuk jemi kah marrim vesh se kush shkruan letra dhe cili investitor ishte ai q\u00eb u t\u00ebrhoq ,apo nuk u t\u00ebrhoq , ose \u00ebsht\u00eb ndonj\u00eb i dyt\u00eb apo i tret\u00eb&#8230; Q\u00eb n\u00eb momentin kur u p\u00ebrmenden edhe do emra tjer\u00eb t\u00eb huaj si investitor nuk po merret vesh, asgj\u00eb dhe si shihet puna, na \u00a0\u00ebsht\u00eb p\u00ebrzier, me kos&#8230;?!<\/p>\n<p>Mos t\u00eb harrojm\u00eb, Don Kishoti vdiq, nga halolocinacionet e shejtanit, <strong><em>ama shejtani lanet mbeti&#8230; ?!!! <\/em><\/strong>Ai, nga kjo koh\u00eb, mbeti n\u00eb Ulqin, p\u00ebr te thuhet se \u201cka qellur edhe dembel\u201d e nuk \u201cshken lerg\u201d, k\u00ebtu nep\u00ebr Ulqin, rri e sillet- po duket n\u00ebp\u00ebr Suk\u00eb..?!!! Por, prap\u00eb, po themi \u201c Hejli na qoft\u00eb puna\u201d, mir\u00ebpo, ama, do t\u00eb kisha edhe nj\u00eb propozim \u2013d\u00ebshir\u00eb t\u00eb fundit p\u00ebr investitorin , n\u00eb em\u00ebr t\u00eb trev\u00ebs nga e cila vij! Kur ta kryej inshalla hotelin&#8230;? Pasi u v\u00ebrtetuam, q\u00eb Servantesi kish q\u00ebndruar edhe n\u00eb kala, i z\u00ebn\u00eb rob, na duket se prej bedenave t\u00eb saj, ta ket\u00eb par\u00eb, n\u00eb koh\u00ebn e vet- Dul\u00e7inen\u00eb, \u201c tuj rujt lop\u00ebn n\u00eb Suk\u00eb\u201ddhe t\u00eb ket\u00eb fituar inspirimin p\u00ebr roman..?!! <strong><em>Tamam pamje impozante dhe vend ideal p\u00ebr nj\u00eb Servantes<\/em><\/strong>! Andaj le t\u00eb shkruhet n\u00eb nj\u00eb pllak\u00eb diku n\u00eb hyrje t\u00eb lokalitetit edhe -vargjet me t\u00eb cilat mbyllet romani i Don Kishotit <strong>(Ag\u00ebs s\u00eb dashuruar n\u00eb nj\u00eb fshatare..),<\/strong> q\u00eb t\u00eb shqip\u00ebruara nga spanjishtja prej Noli jan\u00eb :<\/p>\n<p><strong>K\u00ebtu dergjet don Kishoti<\/strong>\/ <strong>ish i fort dhe ish i zoti\/ bot\u00ebn mbrapa desh ta kthente\/ dhe me usht\u00eb ta mb\u00ebrthente\/<\/strong><\/p>\n<p><strong>K\u00ebtu dergjet San\u00e7 Poan\u00e7o \/ si ate nuk ka par Mam\u00e7o\/ e kish barkun sa nj\u00eb kosh\/ edhe kok\u00ebn fare bosh&#8230;?!!!<\/strong><\/p>\n<p>P\u00ebr fund, d\u00ebshiroj t\u00eb cek q\u00eb aktualisht, kam arritur, n\u00eb faqen 80 t\u00eb librit t\u00eb shkenc\u00ebs ulqinake, rreth \u201c historis\u00eb s\u00eb Servantesit n\u00eb Ulqin\u201d. Autori i historis\u00eb, po i sillet rreth e rrotul-an\u00ebs e k\u00ebndit, por me gjith\u00eb at\u00eb nuk po ia fut\u00eb taman se ku ish&#8230;?!!! Nj\u00eb mik i imi, m\u00eb tha se, as nuk ka p\u00ebr t\u2019ia fut\u00eb&#8230;, spse nuk ka\u201d ku me e fut\u00eb(historikisht)..?!!<\/p>\n","protected":false},"excerpt":{"rendered":"<p>Shkruan: Muhamet Nika, \u00a0 Nj\u00eb shkrim p\u00ebr lajmin q\u00eb Komuna e Ulqinit pranoi k\u00ebrkes\u00ebn e \u201cStar of Montenrgro\u201d p\u00ebr hotelin shum\u00eb kat\u00ebsh\u2026\u201d P\u00ebrs\u00ebri, kujdes, Avramoviq thoshte :\u201cKapital je najve\u0107a kukavica- kapitali \u00ebsht\u00eb qyqja m\u00eb e madhe \u201c?!! A ka mund\u00ebsi, n\u00ebse mund t\u00eb dihet, q\u00eb kt\u00ebto, t\u00eb cil\u00ebt po i nisin let\u00ebr Gjek\u00ebs, p\u00ebr rritje [&hellip;]<\/p>\n","protected":false},"author":1,"featured_media":0,"comment_status":"closed","ping_status":"closed","sticky":false,"template":"","format":"standard","meta":{"spay_email":"","jetpack_publicize_message":"","jetpack_is_tweetstorm":false,"jetpack_publicize_feature_enabled":true},"categories":[1,14249],"tags":[],"jetpack_publicize_connections":[],"yoast_head":"<!-- This site is optimized with the Yoast SEO plugin v19.1 - https:\/\/yoast.com\/wordpress\/plugins\/seo\/ -->\n<title>Nika: Servantesi \u201c iri\u201d, apo Mullijt e er\u00ebs n\u00eb Suk\u00eb t\u00eb Ulqinit?!!! - Lajme nga Ulqini<\/title>\n<meta name=\"description\" content=\"Shkruan: Muhamet Nika,\u00a0Nj\u00eb shkrim p\u00ebr lajmin q\u00eb Komuna e Ulqinit pranoi k\u00ebrkes\u00ebn e \u201cStar of Montenrgro\u201d p\u00ebr hotelin shum\u00eb kat\u00ebsh\u2026\u201dP\u00ebrs\u00ebri, kujdes,\" \/>\n<meta name=\"robots\" content=\"index, follow, max-snippet:-1, max-image-preview:large, max-video-preview:-1\" \/>\n<link rel=\"canonical\" href=\"https:\/\/www.visit-ulcinj.com\/blog\/2014\/09\/23\/nika-servantesi-iri-apo-mullijt-e-eres-ne-suke-te-ulqinit\/\" \/>\n<meta property=\"og:locale\" content=\"en_US\" \/>\n<meta property=\"og:type\" content=\"article\" \/>\n<meta property=\"og:title\" content=\"Nika: Servantesi \u201c iri\u201d, apo Mullijt e er\u00ebs n\u00eb Suk\u00eb t\u00eb Ulqinit?!!! - Lajme nga Ulqini\" \/>\n<meta property=\"og:description\" content=\"Shkruan: Muhamet Nika,\u00a0Nj\u00eb shkrim p\u00ebr lajmin q\u00eb Komuna e Ulqinit pranoi k\u00ebrkes\u00ebn e \u201cStar of Montenrgro\u201d p\u00ebr hotelin shum\u00eb kat\u00ebsh\u2026\u201dP\u00ebrs\u00ebri, kujdes,\" \/>\n<meta property=\"og:url\" content=\"https:\/\/www.visit-ulcinj.com\/blog\/2014\/09\/23\/nika-servantesi-iri-apo-mullijt-e-eres-ne-suke-te-ulqinit\/\" \/>\n<meta property=\"og:site_name\" content=\"Lajme nga Ulqini\" \/>\n<meta property=\"article:published_time\" content=\"2014-09-23T13:41:44+00:00\" \/>\n<meta property=\"article:modified_time\" content=\"2014-09-24T06:42:59+00:00\" \/>\n<meta property=\"og:image\" content=\"http:\/\/www.visit-ulcinj.com\/blog\/wp-content\/uploads\/2014\/09\/Star-of-Montenegro-Hotel-Servantes-Ulcinj-Ulqin-Ulqini-11.jpg\" \/>\n<meta name=\"twitter:label1\" content=\"Written by\" \/>\n\t<meta name=\"twitter:data1\" content=\"ulqini\" \/>\n\t<meta name=\"twitter:label2\" content=\"Est. reading time\" \/>\n\t<meta name=\"twitter:data2\" content=\"6 minutes\" \/>\n<script type=\"application\/ld+json\" class=\"yoast-schema-graph\">{\"@context\":\"https:\/\/schema.org\",\"@graph\":[{\"@type\":\"WebSite\",\"@id\":\"https:\/\/www.visit-ulcinj.com\/blog\/#website\",\"url\":\"https:\/\/www.visit-ulcinj.com\/blog\/\",\"name\":\"Lajme nga Ulqini\",\"description\":\"Lajme,Vijesti,Ulqini,Ulqin,Crna Gora,Mali i Zi\",\"potentialAction\":[{\"@type\":\"SearchAction\",\"target\":{\"@type\":\"EntryPoint\",\"urlTemplate\":\"https:\/\/www.visit-ulcinj.com\/blog\/?s={search_term_string}\"},\"query-input\":\"required name=search_term_string\"}],\"inLanguage\":\"en-US\"},{\"@type\":\"ImageObject\",\"inLanguage\":\"en-US\",\"@id\":\"https:\/\/www.visit-ulcinj.com\/blog\/2014\/09\/23\/nika-servantesi-iri-apo-mullijt-e-eres-ne-suke-te-ulqinit\/#primaryimage\",\"url\":\"https:\/\/www.visit-ulcinj.com\/blog\/wp-content\/uploads\/2014\/09\/Star-of-Montenegro-Hotel-Servantes-Ulcinj-Ulqin-Ulqini-11.jpg\",\"contentUrl\":\"https:\/\/www.visit-ulcinj.com\/blog\/wp-content\/uploads\/2014\/09\/Star-of-Montenegro-Hotel-Servantes-Ulcinj-Ulqin-Ulqini-11.jpg\",\"width\":1024,\"height\":639},{\"@type\":\"WebPage\",\"@id\":\"https:\/\/www.visit-ulcinj.com\/blog\/2014\/09\/23\/nika-servantesi-iri-apo-mullijt-e-eres-ne-suke-te-ulqinit\/#webpage\",\"url\":\"https:\/\/www.visit-ulcinj.com\/blog\/2014\/09\/23\/nika-servantesi-iri-apo-mullijt-e-eres-ne-suke-te-ulqinit\/\",\"name\":\"Nika: Servantesi \u201c iri\u201d, apo Mullijt e er\u00ebs n\u00eb Suk\u00eb t\u00eb Ulqinit?!!! - Lajme nga Ulqini\",\"isPartOf\":{\"@id\":\"https:\/\/www.visit-ulcinj.com\/blog\/#website\"},\"primaryImageOfPage\":{\"@id\":\"https:\/\/www.visit-ulcinj.com\/blog\/2014\/09\/23\/nika-servantesi-iri-apo-mullijt-e-eres-ne-suke-te-ulqinit\/#primaryimage\"},\"datePublished\":\"2014-09-23T13:41:44+00:00\",\"dateModified\":\"2014-09-24T06:42:59+00:00\",\"author\":{\"@id\":\"https:\/\/www.visit-ulcinj.com\/blog\/#\/schema\/person\/dcab619c614d3038751c63bc2aadc06d\"},\"description\":\"Shkruan: Muhamet Nika,\u00a0Nj\u00eb shkrim p\u00ebr lajmin q\u00eb Komuna e Ulqinit pranoi k\u00ebrkes\u00ebn e \u201cStar of Montenrgro\u201d p\u00ebr hotelin shum\u00eb kat\u00ebsh\u2026\u201dP\u00ebrs\u00ebri, kujdes,\",\"breadcrumb\":{\"@id\":\"https:\/\/www.visit-ulcinj.com\/blog\/2014\/09\/23\/nika-servantesi-iri-apo-mullijt-e-eres-ne-suke-te-ulqinit\/#breadcrumb\"},\"inLanguage\":\"en-US\",\"potentialAction\":[{\"@type\":\"ReadAction\",\"target\":[\"https:\/\/www.visit-ulcinj.com\/blog\/2014\/09\/23\/nika-servantesi-iri-apo-mullijt-e-eres-ne-suke-te-ulqinit\/\"]}]},{\"@type\":\"BreadcrumbList\",\"@id\":\"https:\/\/www.visit-ulcinj.com\/blog\/2014\/09\/23\/nika-servantesi-iri-apo-mullijt-e-eres-ne-suke-te-ulqinit\/#breadcrumb\",\"itemListElement\":[{\"@type\":\"ListItem\",\"position\":1,\"name\":\"Nika: Servantesi \u201c iri\u201d, apo Mullijt e er\u00ebs n\u00eb Suk\u00eb t\u00eb Ulqinit?!!!\"}]},{\"@type\":\"Person\",\"@id\":\"https:\/\/www.visit-ulcinj.com\/blog\/#\/schema\/person\/dcab619c614d3038751c63bc2aadc06d\",\"name\":\"ulqini\",\"sameAs\":[\"http:\/\/www.visit-ulcinj.com\"],\"url\":\"https:\/\/www.visit-ulcinj.com\/blog\/author\/admin\/\"}]}<\/script>\n<!-- \/ Yoast SEO plugin. -->","yoast_head_json":{"title":"Nika: Servantesi \u201c iri\u201d, apo Mullijt e er\u00ebs n\u00eb Suk\u00eb t\u00eb Ulqinit?!!! - Lajme nga Ulqini","description":"Shkruan: Muhamet Nika,\u00a0Nj\u00eb shkrim p\u00ebr lajmin q\u00eb Komuna e Ulqinit pranoi k\u00ebrkes\u00ebn e \u201cStar of Montenrgro\u201d p\u00ebr hotelin shum\u00eb kat\u00ebsh\u2026\u201dP\u00ebrs\u00ebri, kujdes,","robots":{"index":"index","follow":"follow","max-snippet":"max-snippet:-1","max-image-preview":"max-image-preview:large","max-video-preview":"max-video-preview:-1"},"canonical":"https:\/\/www.visit-ulcinj.com\/blog\/2014\/09\/23\/nika-servantesi-iri-apo-mullijt-e-eres-ne-suke-te-ulqinit\/","og_locale":"en_US","og_type":"article","og_title":"Nika: Servantesi \u201c iri\u201d, apo Mullijt e er\u00ebs n\u00eb Suk\u00eb t\u00eb Ulqinit?!!! - Lajme nga Ulqini","og_description":"Shkruan: Muhamet Nika,\u00a0Nj\u00eb shkrim p\u00ebr lajmin q\u00eb Komuna e Ulqinit pranoi k\u00ebrkes\u00ebn e \u201cStar of Montenrgro\u201d p\u00ebr hotelin shum\u00eb kat\u00ebsh\u2026\u201dP\u00ebrs\u00ebri, kujdes,","og_url":"https:\/\/www.visit-ulcinj.com\/blog\/2014\/09\/23\/nika-servantesi-iri-apo-mullijt-e-eres-ne-suke-te-ulqinit\/","og_site_name":"Lajme nga Ulqini","article_published_time":"2014-09-23T13:41:44+00:00","article_modified_time":"2014-09-24T06:42:59+00:00","og_image":[{"url":"http:\/\/www.visit-ulcinj.com\/blog\/wp-content\/uploads\/2014\/09\/Star-of-Montenegro-Hotel-Servantes-Ulcinj-Ulqin-Ulqini-11.jpg"}],"twitter_misc":{"Written by":"ulqini","Est. reading time":"6 minutes"},"schema":{"@context":"https:\/\/schema.org","@graph":[{"@type":"WebSite","@id":"https:\/\/www.visit-ulcinj.com\/blog\/#website","url":"https:\/\/www.visit-ulcinj.com\/blog\/","name":"Lajme nga Ulqini","description":"Lajme,Vijesti,Ulqini,Ulqin,Crna Gora,Mali i Zi","potentialAction":[{"@type":"SearchAction","target":{"@type":"EntryPoint","urlTemplate":"https:\/\/www.visit-ulcinj.com\/blog\/?s={search_term_string}"},"query-input":"required name=search_term_string"}],"inLanguage":"en-US"},{"@type":"ImageObject","inLanguage":"en-US","@id":"https:\/\/www.visit-ulcinj.com\/blog\/2014\/09\/23\/nika-servantesi-iri-apo-mullijt-e-eres-ne-suke-te-ulqinit\/#primaryimage","url":"https:\/\/www.visit-ulcinj.com\/blog\/wp-content\/uploads\/2014\/09\/Star-of-Montenegro-Hotel-Servantes-Ulcinj-Ulqin-Ulqini-11.jpg","contentUrl":"https:\/\/www.visit-ulcinj.com\/blog\/wp-content\/uploads\/2014\/09\/Star-of-Montenegro-Hotel-Servantes-Ulcinj-Ulqin-Ulqini-11.jpg","width":1024,"height":639},{"@type":"WebPage","@id":"https:\/\/www.visit-ulcinj.com\/blog\/2014\/09\/23\/nika-servantesi-iri-apo-mullijt-e-eres-ne-suke-te-ulqinit\/#webpage","url":"https:\/\/www.visit-ulcinj.com\/blog\/2014\/09\/23\/nika-servantesi-iri-apo-mullijt-e-eres-ne-suke-te-ulqinit\/","name":"Nika: Servantesi \u201c iri\u201d, apo Mullijt e er\u00ebs n\u00eb Suk\u00eb t\u00eb Ulqinit?!!! - Lajme nga Ulqini","isPartOf":{"@id":"https:\/\/www.visit-ulcinj.com\/blog\/#website"},"primaryImageOfPage":{"@id":"https:\/\/www.visit-ulcinj.com\/blog\/2014\/09\/23\/nika-servantesi-iri-apo-mullijt-e-eres-ne-suke-te-ulqinit\/#primaryimage"},"datePublished":"2014-09-23T13:41:44+00:00","dateModified":"2014-09-24T06:42:59+00:00","author":{"@id":"https:\/\/www.visit-ulcinj.com\/blog\/#\/schema\/person\/dcab619c614d3038751c63bc2aadc06d"},"description":"Shkruan: Muhamet Nika,\u00a0Nj\u00eb shkrim p\u00ebr lajmin q\u00eb Komuna e Ulqinit pranoi k\u00ebrkes\u00ebn e \u201cStar of Montenrgro\u201d p\u00ebr hotelin shum\u00eb kat\u00ebsh\u2026\u201dP\u00ebrs\u00ebri, kujdes,","breadcrumb":{"@id":"https:\/\/www.visit-ulcinj.com\/blog\/2014\/09\/23\/nika-servantesi-iri-apo-mullijt-e-eres-ne-suke-te-ulqinit\/#breadcrumb"},"inLanguage":"en-US","potentialAction":[{"@type":"ReadAction","target":["https:\/\/www.visit-ulcinj.com\/blog\/2014\/09\/23\/nika-servantesi-iri-apo-mullijt-e-eres-ne-suke-te-ulqinit\/"]}]},{"@type":"BreadcrumbList","@id":"https:\/\/www.visit-ulcinj.com\/blog\/2014\/09\/23\/nika-servantesi-iri-apo-mullijt-e-eres-ne-suke-te-ulqinit\/#breadcrumb","itemListElement":[{"@type":"ListItem","position":1,"name":"Nika: Servantesi \u201c iri\u201d, apo Mullijt e er\u00ebs n\u00eb Suk\u00eb t\u00eb Ulqinit?!!!"}]},{"@type":"Person","@id":"https:\/\/www.visit-ulcinj.com\/blog\/#\/schema\/person\/dcab619c614d3038751c63bc2aadc06d","name":"ulqini","sameAs":["http:\/\/www.visit-ulcinj.com"],"url":"https:\/\/www.visit-ulcinj.com\/blog\/author\/admin\/"}]}},"jetpack_featured_media_url":"","jetpack_sharing_enabled":true,"jetpack_shortlink":"https:\/\/wp.me\/pe6lTn-met","_links":{"self":[{"href":"https:\/\/www.visit-ulcinj.com\/blog\/wp-json\/wp\/v2\/posts\/85465"}],"collection":[{"href":"https:\/\/www.visit-ulcinj.com\/blog\/wp-json\/wp\/v2\/posts"}],"about":[{"href":"https:\/\/www.visit-ulcinj.com\/blog\/wp-json\/wp\/v2\/types\/post"}],"author":[{"embeddable":true,"href":"https:\/\/www.visit-ulcinj.com\/blog\/wp-json\/wp\/v2\/users\/1"}],"replies":[{"embeddable":true,"href":"https:\/\/www.visit-ulcinj.com\/blog\/wp-json\/wp\/v2\/comments?post=85465"}],"version-history":[{"count":1,"href":"https:\/\/www.visit-ulcinj.com\/blog\/wp-json\/wp\/v2\/posts\/85465\/revisions"}],"predecessor-version":[{"id":85466,"href":"https:\/\/www.visit-ulcinj.com\/blog\/wp-json\/wp\/v2\/posts\/85465\/revisions\/85466"}],"wp:attachment":[{"href":"https:\/\/www.visit-ulcinj.com\/blog\/wp-json\/wp\/v2\/media?parent=85465"}],"wp:term":[{"taxonomy":"category","embeddable":true,"href":"https:\/\/www.visit-ulcinj.com\/blog\/wp-json\/wp\/v2\/categories?post=85465"},{"taxonomy":"post_tag","embeddable":true,"href":"https:\/\/www.visit-ulcinj.com\/blog\/wp-json\/wp\/v2\/tags?post=85465"}],"curies":[{"name":"wp","href":"https:\/\/api.w.org\/{rel}","templated":true}]}}