{"id":85468,"date":"2014-09-24T07:42:29","date_gmt":"2014-09-24T06:42:29","guid":{"rendered":"http:\/\/www.visit-ulcinj.com\/blog\/?p=85468"},"modified":"2014-09-24T18:20:09","modified_gmt":"2014-09-24T17:20:09","slug":"nika-nje-sqarim-per-rastet-parking-1-dhe-parking-2","status":"publish","type":"post","link":"https:\/\/www.visit-ulcinj.com\/blog\/2014\/09\/24\/nika-nje-sqarim-per-rastet-parking-1-dhe-parking-2\/","title":{"rendered":"Nika: Nj\u00eb sqarim p\u00ebr  rast\u00ebt \u201cParking -1\u201d dhe Parking  2\u201d"},"content":{"rendered":"<p><strong><em><a href=\"http:\/\/www.visit-ulcinj.com\/blog\/wp-content\/uploads\/2013\/03\/Parcela-e-Truallit-e-Baskesis-Islame-te-Ulqinit_ish-xhamia-e-meras.jpg\"><img loading=\"lazy\" class=\"alignleft wp-image-69516\" src=\"http:\/\/www.visit-ulcinj.com\/blog\/wp-content\/uploads\/2013\/03\/Parcela-e-Truallit-e-Baskesis-Islame-te-Ulqinit_ish-xhamia-e-meras.jpg\" alt=\"SAMSUNG DIGITAL CAMERA\" width=\"508\" height=\"381\" srcset=\"https:\/\/www.visit-ulcinj.com\/blog\/wp-content\/uploads\/2013\/03\/Parcela-e-Truallit-e-Baskesis-Islame-te-Ulqinit_ish-xhamia-e-meras.jpg 800w, https:\/\/www.visit-ulcinj.com\/blog\/wp-content\/uploads\/2013\/03\/Parcela-e-Truallit-e-Baskesis-Islame-te-Ulqinit_ish-xhamia-e-meras-300x225.jpg 300w\" sizes=\"(max-width: 508px) 100vw, 508px\" \/><\/a>Shkruan : Muhamet Nika,<\/em><\/strong><\/p>\n<p><strong><em>\u00a0<\/em><\/strong><\/p>\n<p style=\"text-align: center;\"><strong><em>-Reagon administratori Mu\u00e7a \u2013 INFO dezinformon&#8230;?!!!<\/em><\/strong><\/p>\n<p>&nbsp;<\/p>\n<p><strong><em>(A \u00ebsht\u00eb faji jetim dh \u00e7far\u00eb thoshte profeti Muhamet as.)<\/em><\/strong><\/p>\n<p>Duke qen\u00eb nj\u00ebkoh\u00ebsisht prij\u00ebs fetar dhe i shtetit q\u00eb transmetonte at\u00eb q\u00eb i vinte nga Allahu a.xh, p\u00ebrmes engj\u00ebllit,profeti, n\u00eb \u00e7astet e agonis\u00eb la nj\u00eb,porosi e cila vlen kryesisht p\u00ebr pushtetar\u00ebt e besimit t\u00eb tij, n\u00eb t\u00eb cil\u00ebn udh\u00ebzoheshin, t\u00eb mos veprojn\u00eb si \u00e7ifut\u00ebt n\u00eb koh\u00ebn e Moisiut(Musas\u00eb as.) t\u00eb cil\u00ebve zoti, iu ndaloi gjuajtjen e peshkut dit\u00ebn e shtun\u00eb me qen\u00eb se e b\u00ebnin p\u00ebr arg\u00ebtim , e jo nga nevoja&#8230;?!! Kurse ata , duke e \u00e7uar gjoja urdhrin e profetit t\u00eb tyre n\u00eb vend, nuk gjuanin peshk dit\u00ebn e shtun\u00eb, por ama t\u00eb premten , gjith\u00eb dit\u00ebn \u00e7elnin kanale , n\u00eb t\u00eb cilat binte peshku dit\u00ebn e shtun\u00eb, dhe e merrnin t\u00eb gatsh\u00ebm dit\u00ebn e diel&#8230;?!! Ky mund t\u00eb jet\u00eb nj\u00eb shembull tipik i korrupsionit aktual n\u00eb Komun\u00eb q\u00eb po vuajm\u00eb tani. Faji nuk mund t\u00eb jet\u00eb jetim. Mendojm\u00eb se ka ardhur koha q\u00eb dikush edhe t\u00eb padit\u00ebt nga pushtetar\u00ebt dhe ata af\u00ebr tyre&#8230;.?!!! L\u00ebnd\u00ebt , n\u00eb t\u00eb ardhmen \u00ebsht\u00eb mir\u00eb q\u00eb nga Gjyqi i Pleqnis\u00eb (Parnic\u00ebs), t\u00eb orientohen nga Gjyqi p\u00ebr Ndjekje t\u00eb R\u00ebnda Penale(krivica). Po nuk u b\u00eb kjo,si duket, problemet nuk kan\u00eb t\u00eb sosur, kuse kuvendi nuk \u00ebsht\u00eb i zoti ta b\u00ebj\u00eb k\u00ebt\u00eb edhe pse ka mision kongres. Atij tash sa her\u00eb\u201d po i kalon mini n\u00ebp\u00ebr musteqe..\u201d?!!!<\/p>\n<p><strong><em>Inshalla edhe kjo \u00ebsht\u00eb lajthitje apo inat mediatik anti -pushtet nga i cili INFO u divorcua pa prik\u00eb&#8230;?!!!<\/em><\/strong><\/p>\n<p>N\u00eb portalin e p\u00ebrmendur, u th se: \u201c\u2026P\u00ebr shkak t\u00eb l\u00ebshimeve dhe veprime t\u00eb shumta t\u00eb paligjshme gjat\u00eb prurjes s\u00eb vendimit n\u00eb fund t\u00eb vitit 2012 q\u00eb Bashk\u00ebsis\u00eb Islame ti jepet n\u00eb shfryt\u00ebzim i vetmi parking i rregulluar n\u00eb qytet, komuna e Ulqinit p\u00ebr d\u00ebmshp\u00ebrblim duhet t\u00eb paguaj 35 mij\u00eb euro, shkruan \u201cDan\u201d.<\/p>\n<p>Nd\u00ebrsa duke e komentuar gabimisht, vendimin e kryeadministratorit, t\u00eb Komun\u00ebs, Kapllan Mu\u00e7\u00ebs, portali pohon, q\u00eb \u201cme k\u00ebrkes\u00eb t\u00eb Hasanag\u00ebs , ai ka k\u00ebrkuar nga sekretariati i p\u00ebrmendur t\u00eb arrij\u00eb ujdin\u00eb administrative \u201c?!!!,<\/p>\n<p>Kryeadministratori Mu\u00e7a, e p\u00ebrg\u00ebnjeshtroi k\u00ebt\u00eb konstatim t\u00eb portalit.<\/p>\n<p>Por para se t\u00eb hyjm\u00eb n\u00eb p\u00ebrg\u00ebnjeshtrim ,shihet p\u00ebrpjekja e shkrimit, q\u00eb t\u00eb identifikohet rasti i parkingut n\u00eb fjal\u00eb , te ish ish -platoja e autobus\u00ebve, me rastin \u201cParking 1\u201d, q\u00eb gjendet af\u00ebr Hollegros&#8230;.?!!!<\/p>\n<p>Gjithashtu duhet ve\u00e7uar , q\u00eb sipas disa ARGUMENTEVE n\u00eb dispozicion, procesi i nd\u00ebrtimit t\u00eb parkingut n\u00eb ran\u00eb, ishte, n\u00eb suaza t\u00eb ligjshm\u00ebris\u00eb .Pa marr\u00eb para sysh q\u00eb u p\u00ebrfol shum\u00eb <strong>nga ky portal duke e ngritur k\u00ebt\u00eb, sipas tyre, n\u00eb skandal financiar<\/strong>&#8230;?!!! Madje v\u00ebrtetohet, q\u00eb rasti i p\u00ebrfolur u b\u00eb shkas p\u00ebr biseda informative policore, p\u00ebr sekretariatin p\u00ebrkat\u00ebs. Nga e t\u00ebr\u00eb kjo, rezultoi, q\u00eb nd\u00ebrtimi ishte i parapar\u00eb me plan, kurse, mjetet p\u00ebr nd\u00ebrtimin e parkingut, me propozim t\u00eb kryetarit t\u00eb komun\u00ebs, ishin lejuar 2 her\u00eb radhazi nga KK i Ulqinit, gjat\u00eb vitit 2013 dhe 2014&#8230;.?!!!<\/p>\n<p>Mund t\u00eb jet\u00eb kontestues, kualiteti i vendimit t\u00eb kuvendit, se si \u00ebsht\u00eb e mundur t\u00eb ndaj\u00eb mjete p\u00ebr t\u00eb rregulluar hap\u00ebsir\u00ebn n\u00eb zon\u00ebn e Pasuris\u00eb Detare e duke pasur obligime tjera ku administron komuna dhe me komunali t\u00eb paguara q\u00eb meritojn\u00eb v\u00ebmendjen p\u00ebr prioritet ,por kjo mbetet vullnet dhe kompetenc\u00eb , 4 vje\u00e7are e tij&#8230;?!!!<\/p>\n<p><a href=\"http:\/\/www.visit-ulcinj.com\/blog\/wp-content\/uploads\/2013\/07\/kapllan-muca_ULCINJ.jpg\"><img loading=\"lazy\" class=\"alignleft wp-image-73224\" src=\"http:\/\/www.visit-ulcinj.com\/blog\/wp-content\/uploads\/2013\/07\/kapllan-muca_ULCINJ.jpg\" alt=\"kapllan-muca_ULCINJ\" width=\"508\" height=\"506\" srcset=\"https:\/\/www.visit-ulcinj.com\/blog\/wp-content\/uploads\/2013\/07\/kapllan-muca_ULCINJ.jpg 504w, https:\/\/www.visit-ulcinj.com\/blog\/wp-content\/uploads\/2013\/07\/kapllan-muca_ULCINJ-150x150.jpg 150w, https:\/\/www.visit-ulcinj.com\/blog\/wp-content\/uploads\/2013\/07\/kapllan-muca_ULCINJ-300x298.jpg 300w\" sizes=\"(max-width: 508px) 100vw, 508px\" \/><\/a><\/p>\n<p><strong><em>\u00c7far\u00eb u shpreh administratori Mu\u00e7a?<\/em><\/strong><\/p>\n<p><strong><em>\u00a0<\/em><\/strong><\/p>\n<p>Duke iu kthyer , rastit t\u00eb \u201cParkingut 2\u201d, si\u00e7 po e quan Portali, p\u00ebr opinion po cekim si vijon : Kryeadministratori, me shkres\u00eb e ka njoftuar sekretariatin p\u00ebrkat\u00ebs, me at\u00eb se \u00e7far\u00eb k\u00ebrkon pala, e jo q\u00eb ai , ka urdh\u00ebruar t\u00eb b\u00ebhet nj\u00eb ujdi barazimi n\u00eb kund\u00ebrshtim me ligj. Kuptohet q\u00eb motiv shtyt\u00ebs, p\u00ebr k\u00ebt\u00eb, ishte q\u00ebllimi i \u201cHeshtjes administrative\u201d- sipas administratorit&#8230;?!! E cila po t\u00eb ndodhte, mund t\u00eb prodhonte , pasoja financiare, p\u00ebr mbrojtjen e pasuris\u00eb s\u00eb komun\u00ebs, por edhe p\u00ebr vet\u00eb sekretariatin nga aspekti i ndonj\u00eb padie penale nga ana e pal\u00ebs..?!<\/p>\n<p>Nga kjo del se , ajo q\u00eb u tha, nuk ka t\u00eb b\u00ebj\u00eb fare me at\u00eb \u00e7far\u00eb plasoi, portali Info dhe se ky si organ i shkall\u00ebs s\u00eb dyt\u00eb<strong><em>(te i cili ankohen pal\u00ebt, p\u00ebr pun\u00ebn e dob\u00ebt t\u00eb sekretariateve), <\/em><\/strong>i takon t\u00eb p\u00ebrkujdeset p\u00ebr ligjshm\u00ebri. D\u00ebshirojm\u00eb t\u00eb besojm\u00eb q\u00eb kjo ishte nj\u00eb lajthitje n\u00eb informim, e kurr\u00eb se si, nj\u00eb \u201cProbni Ballon- tullumbace sprove \u201c, rreth asaj, se si do t\u00eb reagoj\u00eb opinioni p\u00ebr nj\u00eb pla\u00e7kitje t\u00eb mundshme t\u00eb fondit t\u00eb komun\u00ebs nga gjykata&#8230;?!!!<\/p>\n<p><strong><em>Ja edhe shkresa e kryeadministratorit Kapllan Mu\u00e7aj.<\/em><\/strong><\/p>\n<div id=\"attachment_85469\" style=\"width: 518px\" class=\"wp-caption alignleft\"><a href=\"http:\/\/www.visit-ulcinj.com\/blog\/wp-content\/uploads\/2014\/09\/shkresa-e-kryeadministratorit-Kapllan-Mucaj.jpg\"><img aria-describedby=\"caption-attachment-85469\" loading=\"lazy\" class=\"wp-image-85469\" src=\"http:\/\/www.visit-ulcinj.com\/blog\/wp-content\/uploads\/2014\/09\/shkresa-e-kryeadministratorit-Kapllan-Mucaj.jpg\" alt=\"shkresa e kryeadministratorit Kapllan Mucaj\" width=\"508\" height=\"651\" srcset=\"https:\/\/www.visit-ulcinj.com\/blog\/wp-content\/uploads\/2014\/09\/shkresa-e-kryeadministratorit-Kapllan-Mucaj.jpg 627w, https:\/\/www.visit-ulcinj.com\/blog\/wp-content\/uploads\/2014\/09\/shkresa-e-kryeadministratorit-Kapllan-Mucaj-233x300.jpg 233w\" sizes=\"(max-width: 508px) 100vw, 508px\" \/><\/a><p id=\"caption-attachment-85469\" class=\"wp-caption-text\">Zmadho<\/p><\/div>\n<p>&nbsp;<\/p>\n","protected":false},"excerpt":{"rendered":"<p>Shkruan : Muhamet Nika, \u00a0 -Reagon administratori Mu\u00e7a \u2013 INFO dezinformon&#8230;?!!! &nbsp; (A \u00ebsht\u00eb faji jetim dh \u00e7far\u00eb thoshte profeti Muhamet as.) Duke qen\u00eb nj\u00ebkoh\u00ebsisht prij\u00ebs fetar dhe i shtetit q\u00eb transmetonte at\u00eb q\u00eb i vinte nga Allahu a.xh, p\u00ebrmes engj\u00ebllit,profeti, n\u00eb \u00e7astet e agonis\u00eb la nj\u00eb,porosi e cila vlen kryesisht p\u00ebr pushtetar\u00ebt e besimit [&hellip;]<\/p>\n","protected":false},"author":1,"featured_media":0,"comment_status":"closed","ping_status":"closed","sticky":false,"template":"","format":"standard","meta":{"spay_email":"","jetpack_publicize_message":"","jetpack_is_tweetstorm":false,"jetpack_publicize_feature_enabled":true},"categories":[1],"tags":[],"jetpack_publicize_connections":[],"yoast_head":"<!-- This site is optimized with the Yoast SEO plugin v19.1 - https:\/\/yoast.com\/wordpress\/plugins\/seo\/ -->\n<title>Nika: Nj\u00eb sqarim p\u00ebr rast\u00ebt \u201cParking -1\u201d dhe Parking 2\u201d - Lajme nga Ulqini<\/title>\n<meta name=\"description\" content=\"Shkruan : Muhamet Nika, \u00a0 -Reagon administratori Mu\u00e7a \u2013 INFO dezinformon...?!!! &nbsp; (A \u00ebsht\u00eb faji jetim dh \u00e7far\u00eb thoshte profeti Muhamet as.) Duke qen\u00eb\" \/>\n<meta name=\"robots\" content=\"index, follow, max-snippet:-1, max-image-preview:large, max-video-preview:-1\" \/>\n<link rel=\"canonical\" href=\"https:\/\/www.visit-ulcinj.com\/blog\/2014\/09\/24\/nika-nje-sqarim-per-rastet-parking-1-dhe-parking-2\/\" \/>\n<meta property=\"og:locale\" content=\"en_US\" \/>\n<meta property=\"og:type\" content=\"article\" \/>\n<meta property=\"og:title\" content=\"Nika: Nj\u00eb sqarim p\u00ebr rast\u00ebt \u201cParking -1\u201d dhe Parking 2\u201d - Lajme nga Ulqini\" \/>\n<meta property=\"og:description\" content=\"Shkruan : Muhamet Nika, \u00a0 -Reagon administratori Mu\u00e7a \u2013 INFO dezinformon...?!!! &nbsp; (A \u00ebsht\u00eb faji jetim dh \u00e7far\u00eb thoshte profeti Muhamet as.) Duke qen\u00eb\" \/>\n<meta property=\"og:url\" content=\"https:\/\/www.visit-ulcinj.com\/blog\/2014\/09\/24\/nika-nje-sqarim-per-rastet-parking-1-dhe-parking-2\/\" \/>\n<meta property=\"og:site_name\" content=\"Lajme nga Ulqini\" \/>\n<meta property=\"article:published_time\" content=\"2014-09-24T06:42:29+00:00\" \/>\n<meta property=\"article:modified_time\" content=\"2014-09-24T17:20:09+00:00\" \/>\n<meta property=\"og:image\" content=\"http:\/\/www.visit-ulcinj.com\/blog\/wp-content\/uploads\/2013\/03\/Parcela-e-Truallit-e-Baskesis-Islame-te-Ulqinit_ish-xhamia-e-meras.jpg\" \/>\n<meta name=\"twitter:label1\" content=\"Written by\" \/>\n\t<meta name=\"twitter:data1\" content=\"ulqini\" \/>\n\t<meta name=\"twitter:label2\" content=\"Est. reading time\" \/>\n\t<meta name=\"twitter:data2\" content=\"4 minutes\" \/>\n<script type=\"application\/ld+json\" class=\"yoast-schema-graph\">{\"@context\":\"https:\/\/schema.org\",\"@graph\":[{\"@type\":\"WebSite\",\"@id\":\"https:\/\/www.visit-ulcinj.com\/blog\/#website\",\"url\":\"https:\/\/www.visit-ulcinj.com\/blog\/\",\"name\":\"Lajme nga Ulqini\",\"description\":\"Lajme,Vijesti,Ulqini,Ulqin,Crna Gora,Mali i Zi\",\"potentialAction\":[{\"@type\":\"SearchAction\",\"target\":{\"@type\":\"EntryPoint\",\"urlTemplate\":\"https:\/\/www.visit-ulcinj.com\/blog\/?s={search_term_string}\"},\"query-input\":\"required name=search_term_string\"}],\"inLanguage\":\"en-US\"},{\"@type\":\"ImageObject\",\"inLanguage\":\"en-US\",\"@id\":\"https:\/\/www.visit-ulcinj.com\/blog\/2014\/09\/24\/nika-nje-sqarim-per-rastet-parking-1-dhe-parking-2\/#primaryimage\",\"url\":\"https:\/\/www.visit-ulcinj.com\/blog\/wp-content\/uploads\/2013\/03\/Parcela-e-Truallit-e-Baskesis-Islame-te-Ulqinit_ish-xhamia-e-meras.jpg\",\"contentUrl\":\"https:\/\/www.visit-ulcinj.com\/blog\/wp-content\/uploads\/2013\/03\/Parcela-e-Truallit-e-Baskesis-Islame-te-Ulqinit_ish-xhamia-e-meras.jpg\",\"width\":800,\"height\":600},{\"@type\":\"WebPage\",\"@id\":\"https:\/\/www.visit-ulcinj.com\/blog\/2014\/09\/24\/nika-nje-sqarim-per-rastet-parking-1-dhe-parking-2\/#webpage\",\"url\":\"https:\/\/www.visit-ulcinj.com\/blog\/2014\/09\/24\/nika-nje-sqarim-per-rastet-parking-1-dhe-parking-2\/\",\"name\":\"Nika: Nj\u00eb sqarim p\u00ebr rast\u00ebt \u201cParking -1\u201d dhe Parking 2\u201d - Lajme nga Ulqini\",\"isPartOf\":{\"@id\":\"https:\/\/www.visit-ulcinj.com\/blog\/#website\"},\"primaryImageOfPage\":{\"@id\":\"https:\/\/www.visit-ulcinj.com\/blog\/2014\/09\/24\/nika-nje-sqarim-per-rastet-parking-1-dhe-parking-2\/#primaryimage\"},\"datePublished\":\"2014-09-24T06:42:29+00:00\",\"dateModified\":\"2014-09-24T17:20:09+00:00\",\"author\":{\"@id\":\"https:\/\/www.visit-ulcinj.com\/blog\/#\/schema\/person\/dcab619c614d3038751c63bc2aadc06d\"},\"description\":\"Shkruan : Muhamet Nika, \u00a0 -Reagon administratori Mu\u00e7a \u2013 INFO dezinformon...?!!! &nbsp; (A \u00ebsht\u00eb faji jetim dh \u00e7far\u00eb thoshte profeti Muhamet as.) Duke qen\u00eb\",\"breadcrumb\":{\"@id\":\"https:\/\/www.visit-ulcinj.com\/blog\/2014\/09\/24\/nika-nje-sqarim-per-rastet-parking-1-dhe-parking-2\/#breadcrumb\"},\"inLanguage\":\"en-US\",\"potentialAction\":[{\"@type\":\"ReadAction\",\"target\":[\"https:\/\/www.visit-ulcinj.com\/blog\/2014\/09\/24\/nika-nje-sqarim-per-rastet-parking-1-dhe-parking-2\/\"]}]},{\"@type\":\"BreadcrumbList\",\"@id\":\"https:\/\/www.visit-ulcinj.com\/blog\/2014\/09\/24\/nika-nje-sqarim-per-rastet-parking-1-dhe-parking-2\/#breadcrumb\",\"itemListElement\":[{\"@type\":\"ListItem\",\"position\":1,\"name\":\"Nika: Nj\u00eb sqarim p\u00ebr rast\u00ebt \u201cParking -1\u201d dhe Parking 2\u201d\"}]},{\"@type\":\"Person\",\"@id\":\"https:\/\/www.visit-ulcinj.com\/blog\/#\/schema\/person\/dcab619c614d3038751c63bc2aadc06d\",\"name\":\"ulqini\",\"sameAs\":[\"http:\/\/www.visit-ulcinj.com\"],\"url\":\"https:\/\/www.visit-ulcinj.com\/blog\/author\/admin\/\"}]}<\/script>\n<!-- \/ Yoast SEO plugin. -->","yoast_head_json":{"title":"Nika: Nj\u00eb sqarim p\u00ebr rast\u00ebt \u201cParking -1\u201d dhe Parking 2\u201d - Lajme nga Ulqini","description":"Shkruan : Muhamet Nika, \u00a0 -Reagon administratori Mu\u00e7a \u2013 INFO dezinformon...?!!! &nbsp; (A \u00ebsht\u00eb faji jetim dh \u00e7far\u00eb thoshte profeti Muhamet as.) Duke qen\u00eb","robots":{"index":"index","follow":"follow","max-snippet":"max-snippet:-1","max-image-preview":"max-image-preview:large","max-video-preview":"max-video-preview:-1"},"canonical":"https:\/\/www.visit-ulcinj.com\/blog\/2014\/09\/24\/nika-nje-sqarim-per-rastet-parking-1-dhe-parking-2\/","og_locale":"en_US","og_type":"article","og_title":"Nika: Nj\u00eb sqarim p\u00ebr rast\u00ebt \u201cParking -1\u201d dhe Parking 2\u201d - Lajme nga Ulqini","og_description":"Shkruan : Muhamet Nika, \u00a0 -Reagon administratori Mu\u00e7a \u2013 INFO dezinformon...?!!! &nbsp; (A \u00ebsht\u00eb faji jetim dh \u00e7far\u00eb thoshte profeti Muhamet as.) Duke qen\u00eb","og_url":"https:\/\/www.visit-ulcinj.com\/blog\/2014\/09\/24\/nika-nje-sqarim-per-rastet-parking-1-dhe-parking-2\/","og_site_name":"Lajme nga Ulqini","article_published_time":"2014-09-24T06:42:29+00:00","article_modified_time":"2014-09-24T17:20:09+00:00","og_image":[{"url":"http:\/\/www.visit-ulcinj.com\/blog\/wp-content\/uploads\/2013\/03\/Parcela-e-Truallit-e-Baskesis-Islame-te-Ulqinit_ish-xhamia-e-meras.jpg"}],"twitter_misc":{"Written by":"ulqini","Est. reading time":"4 minutes"},"schema":{"@context":"https:\/\/schema.org","@graph":[{"@type":"WebSite","@id":"https:\/\/www.visit-ulcinj.com\/blog\/#website","url":"https:\/\/www.visit-ulcinj.com\/blog\/","name":"Lajme nga Ulqini","description":"Lajme,Vijesti,Ulqini,Ulqin,Crna Gora,Mali i Zi","potentialAction":[{"@type":"SearchAction","target":{"@type":"EntryPoint","urlTemplate":"https:\/\/www.visit-ulcinj.com\/blog\/?s={search_term_string}"},"query-input":"required name=search_term_string"}],"inLanguage":"en-US"},{"@type":"ImageObject","inLanguage":"en-US","@id":"https:\/\/www.visit-ulcinj.com\/blog\/2014\/09\/24\/nika-nje-sqarim-per-rastet-parking-1-dhe-parking-2\/#primaryimage","url":"https:\/\/www.visit-ulcinj.com\/blog\/wp-content\/uploads\/2013\/03\/Parcela-e-Truallit-e-Baskesis-Islame-te-Ulqinit_ish-xhamia-e-meras.jpg","contentUrl":"https:\/\/www.visit-ulcinj.com\/blog\/wp-content\/uploads\/2013\/03\/Parcela-e-Truallit-e-Baskesis-Islame-te-Ulqinit_ish-xhamia-e-meras.jpg","width":800,"height":600},{"@type":"WebPage","@id":"https:\/\/www.visit-ulcinj.com\/blog\/2014\/09\/24\/nika-nje-sqarim-per-rastet-parking-1-dhe-parking-2\/#webpage","url":"https:\/\/www.visit-ulcinj.com\/blog\/2014\/09\/24\/nika-nje-sqarim-per-rastet-parking-1-dhe-parking-2\/","name":"Nika: Nj\u00eb sqarim p\u00ebr rast\u00ebt \u201cParking -1\u201d dhe Parking 2\u201d - Lajme nga Ulqini","isPartOf":{"@id":"https:\/\/www.visit-ulcinj.com\/blog\/#website"},"primaryImageOfPage":{"@id":"https:\/\/www.visit-ulcinj.com\/blog\/2014\/09\/24\/nika-nje-sqarim-per-rastet-parking-1-dhe-parking-2\/#primaryimage"},"datePublished":"2014-09-24T06:42:29+00:00","dateModified":"2014-09-24T17:20:09+00:00","author":{"@id":"https:\/\/www.visit-ulcinj.com\/blog\/#\/schema\/person\/dcab619c614d3038751c63bc2aadc06d"},"description":"Shkruan : Muhamet Nika, \u00a0 -Reagon administratori Mu\u00e7a \u2013 INFO dezinformon...?!!! &nbsp; (A \u00ebsht\u00eb faji jetim dh \u00e7far\u00eb thoshte profeti Muhamet as.) Duke qen\u00eb","breadcrumb":{"@id":"https:\/\/www.visit-ulcinj.com\/blog\/2014\/09\/24\/nika-nje-sqarim-per-rastet-parking-1-dhe-parking-2\/#breadcrumb"},"inLanguage":"en-US","potentialAction":[{"@type":"ReadAction","target":["https:\/\/www.visit-ulcinj.com\/blog\/2014\/09\/24\/nika-nje-sqarim-per-rastet-parking-1-dhe-parking-2\/"]}]},{"@type":"BreadcrumbList","@id":"https:\/\/www.visit-ulcinj.com\/blog\/2014\/09\/24\/nika-nje-sqarim-per-rastet-parking-1-dhe-parking-2\/#breadcrumb","itemListElement":[{"@type":"ListItem","position":1,"name":"Nika: Nj\u00eb sqarim p\u00ebr rast\u00ebt \u201cParking -1\u201d dhe Parking 2\u201d"}]},{"@type":"Person","@id":"https:\/\/www.visit-ulcinj.com\/blog\/#\/schema\/person\/dcab619c614d3038751c63bc2aadc06d","name":"ulqini","sameAs":["http:\/\/www.visit-ulcinj.com"],"url":"https:\/\/www.visit-ulcinj.com\/blog\/author\/admin\/"}]}},"jetpack_featured_media_url":"","jetpack_sharing_enabled":true,"jetpack_shortlink":"https:\/\/wp.me\/pe6lTn-mew","_links":{"self":[{"href":"https:\/\/www.visit-ulcinj.com\/blog\/wp-json\/wp\/v2\/posts\/85468"}],"collection":[{"href":"https:\/\/www.visit-ulcinj.com\/blog\/wp-json\/wp\/v2\/posts"}],"about":[{"href":"https:\/\/www.visit-ulcinj.com\/blog\/wp-json\/wp\/v2\/types\/post"}],"author":[{"embeddable":true,"href":"https:\/\/www.visit-ulcinj.com\/blog\/wp-json\/wp\/v2\/users\/1"}],"replies":[{"embeddable":true,"href":"https:\/\/www.visit-ulcinj.com\/blog\/wp-json\/wp\/v2\/comments?post=85468"}],"version-history":[{"count":2,"href":"https:\/\/www.visit-ulcinj.com\/blog\/wp-json\/wp\/v2\/posts\/85468\/revisions"}],"predecessor-version":[{"id":85486,"href":"https:\/\/www.visit-ulcinj.com\/blog\/wp-json\/wp\/v2\/posts\/85468\/revisions\/85486"}],"wp:attachment":[{"href":"https:\/\/www.visit-ulcinj.com\/blog\/wp-json\/wp\/v2\/media?parent=85468"}],"wp:term":[{"taxonomy":"category","embeddable":true,"href":"https:\/\/www.visit-ulcinj.com\/blog\/wp-json\/wp\/v2\/categories?post=85468"},{"taxonomy":"post_tag","embeddable":true,"href":"https:\/\/www.visit-ulcinj.com\/blog\/wp-json\/wp\/v2\/tags?post=85468"}],"curies":[{"name":"wp","href":"https:\/\/api.w.org\/{rel}","templated":true}]}}