{"id":85487,"date":"2014-09-25T07:30:23","date_gmt":"2014-09-25T06:30:23","guid":{"rendered":"http:\/\/www.visit-ulcinj.com\/blog\/?p=85487"},"modified":"2014-09-25T18:26:22","modified_gmt":"2014-09-25T17:26:22","slug":"gjonaj-takimet-e-mia-profesor-shaban-demirajn","status":"publish","type":"post","link":"https:\/\/www.visit-ulcinj.com\/blog\/2014\/09\/25\/gjonaj-takimet-e-mia-profesor-shaban-demirajn\/","title":{"rendered":"Gjonaj: Takimet e mia me profesor   Shaban Demirajn"},"content":{"rendered":"<p><strong><a href=\"http:\/\/www.visit-ulcinj.com\/blog\/wp-content\/uploads\/2014\/09\/Shaban-Demirajn.jpg\"><img loading=\"lazy\" class=\"alignleft wp-image-85488 size-full\" src=\"http:\/\/www.visit-ulcinj.com\/blog\/wp-content\/uploads\/2014\/09\/Shaban-Demirajn.jpg\" alt=\"Shaban-Demirajn\" width=\"324\" height=\"312\" srcset=\"https:\/\/www.visit-ulcinj.com\/blog\/wp-content\/uploads\/2014\/09\/Shaban-Demirajn.jpg 324w, https:\/\/www.visit-ulcinj.com\/blog\/wp-content\/uploads\/2014\/09\/Shaban-Demirajn-300x288.jpg 300w\" sizes=\"(max-width: 324px) 100vw, 324px\" \/><\/a>Gjek\u00eb Gjonaj<\/strong><\/p>\n<p>M\u00ebngjesin e 31 gushtit t\u00eb k\u00ebtij viti , duke u hedhur nj\u00eb sy gazetave shqiptare n\u00eb faqet e internetit lexova me pik\u00ebllim lajmin se nj\u00eb dit\u00eb m\u00eb par\u00eb, pas viteve t\u00eb gjata t\u00eb l\u00ebngimit, ishte ndar\u00eb nga jeta studiuesi Shaban Demiraj, n\u00eb or\u00ebn 13:50 n\u00eb sht\u00ebpin\u00eb e tij n\u00eb Tiran\u00eb n\u00eb mosh\u00ebn 94 vje\u00e7are. Shkuarja n\u00eb amshim e k\u00ebtij autoriteti shkencor elitar \u00ebsht\u00eb nj\u00eb humbje e madhe shkencore dhe njer\u00ebzore, i cili p\u00ebr fatin ton\u00eb ka l\u00ebn\u00eb pas nj\u00eb trash\u00ebgimi t\u00eb \u00e7muar shkencore, si autor librash dhe studimesh shum\u00eb t\u00eb vlefshme p\u00ebr shkenc\u00ebn e albanologjis\u00eb, me vler\u00eb komb\u00ebtare.<\/p>\n<p>&nbsp;<\/p>\n<p><strong>Njohja nga larg dhe nga af\u00ebr<\/strong><\/p>\n<p>&nbsp;<\/p>\n<p>\u00cbsht\u00eb pik\u00ebrisht ky lajm mortor q\u00eb nxiti kujtes\u00ebn time t\u00eb riprodhonte cop\u00ebza mbresash nga njohja dhe takimet e mia me Demirajn n\u00eb vite. Njohja nga larg me k\u00ebt\u00eb figur\u00eb t\u00eb shquar t\u00eb jet\u00ebs shkencore ishte p\u00ebrmes librash, veprash e studimesh nga fusha e gjuh\u00ebsis\u00eb, n\u00eb vitet e 70-ta t\u00eb shekullit t\u00eb kaluar fillimisht si gjimnazist e m\u00eb von\u00eb si student i gjuh\u00ebs dhe let\u00ebrsis\u00eb shqipe. Qysh at\u00ebher\u00eb kuptova se fjala \u00ebsht\u00eb p\u00ebr nj\u00eb shkenc\u00ebtar t\u00eb madh q\u00eb jet\u00ebn ia kushtoi me shum\u00eb dashuri Gjuh\u00ebs shqipe.\u00a0\u00a0 Sa m\u00eb shum\u00eb lexoja veprat e tij aq m\u00eb shum\u00eb m\u00eb shtohej dashuria dhe respekkti p\u00ebr\u00a0\u00a0 k\u00ebt\u00eb p\u00ebrfaq\u00ebsues t\u00eb shquar t\u00eb fush\u00ebs s\u00eb gjuh\u00ebsis\u00eb brenda dhe jasht\u00eb Shqip\u00ebris\u00eb. Kjo dashuri dhe ky respekt kulmoi n\u00eb momentin kur profesorin e nderuar e njoha nga af\u00ebr. Ishte viti 2002, kur shfryt\u00ebzoja Bibliotek\u00ebn Komb\u00ebtare n\u00eb Tiran\u00eb, p\u00ebr t\u00eb hulumtuar mbi prijsin popullor t\u00eb\u00a0\u00a0 Kelmendit dhe mbrojt\u00ebsin e kufijve t\u00eb Shqip\u00ebris\u00eb \u2013 Prek\u00eb Calin. Q\u00eb n\u00eb dit\u00ebn e par\u00eb t\u00eb gjurmimeve t\u00eb mia n\u00eb k\u00ebt\u00eb bibliotek\u00eb m\u00eb rastisi t\u00eb ulem n\u00eb nj\u00eb bank\u00eb me nj\u00eb njeri n\u00eb mosh\u00eb t\u00eb thyer.\u00a0\u00a0 Dit\u00ebn e par\u00eb, m\u00eb kujtohet, un\u00eb disa her\u00eb dola n\u00eb hollin e bibliotek\u00ebs p\u00ebr pushim, kurse \u201ckomshiu\u201d im i bank\u00ebs, q\u00eb n\u00eb vesh mbante nj\u00eb aparat d\u00ebgjimi, vazhdonte t\u00eb punonte or\u00eb t\u00eb t\u00ebra deri n\u00eb mbyllje t\u00eb orarit t\u00eb pun\u00ebs s\u00eb bibliotek\u00ebs. Shquhej me nj\u00eb p\u00ebrkushtim t\u00eb jasht\u00ebzakonsh\u00ebm, me nj\u00eb qasje t\u00eb thell\u00eb shkencore p\u00ebr admirim. Ky rit\u00ebm, intensitet dhe seriozitet i pun\u00ebs s\u00eb tij m\u00eb habiste pa mas\u00eb. \u00c7uditesha ku q\u00ebndron energjia e k\u00ebtij \u201c plaku \u201d t\u00eb ndritur t\u00eb cilin nuk e kisha par\u00eb ndonj\u00ebher\u00eb m\u00eb par\u00eb, por q\u00eb d\u00ebshiroja ta njoh. Kjo mund\u00ebsi m\u2019u ofrua pas disa dit\u00ebsh kur mora guximin apo , si\u00e7 themi ne mal\u00ebsor\u00ebt, e bana zemr\u00ebn gur\u00eb dhe iu drejtova me k\u00ebto fjal\u00eb:<\/p>\n<p>&#8211; Mir\u00ebdita! Un\u00eb jam Gjek\u00eb Gjonaj, nga Mal\u00ebsia, andej kufirit t\u00eb Shqip\u00ebris\u00eb. Kam d\u00ebshir\u00eb t\u00eb ju njoh meq\u00eb tash disa dit\u00eb rresht lexojm\u00eb e punojm\u00eb nj\u00ebri-pran\u00eb tjetrit\u201d, i thash\u00eb paksa me ngurrim.<\/p>\n<p>&#8211; Flisni m\u00eb me z\u00eb. Nuk ju d\u00ebgjoj mir\u00eb\u201d, m\u2019u p\u00ebrgjigj. Ia p\u00ebrs\u00ebrita pyetjen dhe ai\u00a0\u00a0 me buz\u00ebqeshje e dashamir\u00ebsi m\u00eb tha : \u201cUn\u00eb jam Shaban Demiraj\u201d. P\u00ebr pak sekonda nuk ia ktheva p\u00ebrgjigjen q\u00eb e priste, pasi n\u00eb mendjen time ende nuk e kisha t\u00eb qart\u00eb se ndodhem para albanologut t\u00eb shquar shqiptar, t\u00eb cilin prej koh\u00ebsh \u00ebnd\u00ebrroja ta shihja nga af\u00ebr. Sikur t\u2019m\u00eb ishte prezentuar si profesor apo akademik Shaban Demiraj nuk e kisha patur k\u00ebt\u00eb siklet t\u00eb momentit. Megjithat\u00eb shpejt e kuptova se gj\u00ebrat dhe ngjarjet m\u00eb t\u00eb bukura njeriut shpesh i vijn\u00eb rast\u00ebsisht dhe spontanisht. E kuptova se\u00a0\u00a0 njer\u00ebzit e m\u00ebdhenj n\u00eb jet\u00ebn e p\u00ebrditshme jan\u00eb tep\u00ebr t\u00eb thjesht\u00eb. K\u00ebshtu m\u00eb ndodhi edhe mua n\u00eb takimin e par\u00eb t\u00eb drejt\u00ebprdrejt\u00eb n\u00eb kat\u00ebr sy me akademik Demiraj.<\/p>\n<p>Nga cila krahin\u00eb e Mal\u00ebsis\u00eb jeni me origjin\u00eb? , &#8211; m\u00eb pyeti.<\/p>\n<p>Nga Trieshi \u2013 u p\u00ebrgjigja.<\/p>\n<p>Kjo trev\u00eb shqiptare sidomos shquhet p\u00ebr\u00a0\u00a0 figura t\u00eb shquara komb\u00ebtare, si\u00e7 jan\u00eb v\u00ebllez\u00ebrit Ivanaj, m\u00eb tha.<\/p>\n<p>Po, iu p\u00ebrgjigja i k\u00ebnaqur me njohurit\u00eb q\u00eb profesori kishte p\u00ebr vendlindjen time, i cili ve\u00e7mas\u00a0\u00a0 u ndal n\u00eb disa kategori e ve\u00e7ori t\u00eb t\u00eb folmes karakteristike t\u00eb Trieshit, t\u00eb cilat me sa kuptova ishin objekt i kahersh\u00ebm i interesimit t\u00eb tij shkencor. Un\u00eb d\u00ebshiroja t\u00eb flisja gjat\u00eb me profesorin, por ai ishte tep\u00ebr i p\u00ebrkushtuar ndaj pun\u00ebs. Gjat\u00eb dit\u00ebve t\u00eb p\u00ebrbashk\u00ebta n\u00eb bibliotek\u00eb\u00a0\u00a0 komunikonim shkurt. Dit\u00ebn e largimit tim nga Biblioteka Komb\u00ebtare e Tiran\u00ebs profesor Demiraj\u00a0\u00a0 m\u00eb tha se tani e tutje mund t\u00eb komunikojm\u00eb n\u00ebp\u00ebrmjet post\u00ebs elektronike t\u00eb Akademis\u00eb s\u00eb Shkencave t\u00eb Tiran\u00ebs. E fal\u00ebnderova, duke i th\u00ebn\u00eb sinqerisht se ishte v\u00ebrtet nj\u00eb privilegj dhe nder i madh p\u00ebr mua q\u00eb e njoha.<\/p>\n<p><strong>\u00a0<\/strong><\/p>\n<p><strong>Vizita n\u00eb sht\u00ebpin\u00eb e tij n\u00eb Tiran\u00eb<\/strong><\/p>\n<p>&nbsp;<\/p>\n<p>Kishin kaluar tri vjet q\u00eb nuk e kisha takuar fizikisht profesor Demirajn, tashm\u00eb mikun tim. Kisha d\u00ebshir\u00eb ta takoj dhe t\u2019i dhuroj librin \u201c Prek\u00eb Cali \u2013piramid\u00eb e kufijve t\u00eb Shqip\u00ebris\u00eb, p\u00ebr t\u00eb cilin profesori gjat\u00eb shkrimit t\u00eb k\u00ebsaj vepre m\u00eb fliste fjal\u00eb miradie. P\u00ebrve\u00e7 k\u00ebsaj profesor Demiraj, n\u00eb pamund\u00ebsi sh\u00ebndet\u00ebsore q\u00eb t\u00eb vinte n\u00eb promovimin e k\u00ebtij libri n\u00eb Ulqin, \u00a0m\u00eb 9 prill 2005 m\u00eb d\u00ebrgoi nj\u00eb telegram urimi , n\u00eb t\u00eb cilin m\u00eb p\u00ebrg\u00ebzoi p\u00ebr k\u00ebt\u00eb arritje timen t\u00eb cil\u00ebn profesori e vler\u00ebsoi mjaft.<\/p>\n<p>K\u00ebto dhe shum\u00eb kujtime t\u00eb tjera t\u00eb bukura me profesor Demirajn , \u201c M\u00ebsues i Popullit\u201d dhe \u201c Mjesht\u00ebr i madh i pun\u00ebs\u201d m\u00eb detyruan q\u00eb nj\u00eb dit\u00eb ta vizitoj at\u00eb n\u00eb sht\u00ebpin\u00eb e tij n\u00eb Tiran\u00eb. Nga miqt\u00eb e tij isha njoftuar se ai kishte p\u00ebrjetuar nj\u00eb aksident\u00a0\u00a0 n\u00eb komunikacion, p\u00ebr fat pa pasoja t\u00eb m\u00ebdha p\u00ebr sh\u00ebndetin e tij. I brengosur dhe i shqet\u00ebsuar p\u00ebr k\u00ebt\u00eb lajm m\u00ebngjesin e 24 majit 2005 nga Ulqini mb\u00ebrrita\u00a0\u00a0 me autobus n\u00eb Shkod\u00ebr. Prej aty me furgon shkova n\u00eb Tiran\u00eb. Mora nj\u00eb taksi dhe menj\u00ebher\u00eb m\u00eb \u00e7oi para sht\u00ebpis\u00eb s\u00eb tij, n\u00eb Tiran\u00eb U ngjita shkall\u00ebve p\u00ebrpjet\u00eb. Trokita n\u00eb der\u00eb. Doli bashk\u00ebshortja e tij. I tregova se jam nj\u00eb mik i profesorit.<\/p>\n<p>-Vij nga Ulqini p\u00ebr t\u2019a vizituar &#8211; i thash\u00eb.<\/p>\n<p>Mir\u00eb se vini! Urdh\u00ebroni brenda! \u2013 shtoi ajo me nj\u00eb z\u00eb t\u00eb \u00ebmb\u00ebl e bujar.<\/p>\n<p>N\u00eb an\u00ebn e majt\u00eb t\u00eb der\u00ebs v\u00ebrej profesorin e ulur pran\u00eb tavolin\u00ebs, t\u00eb mbushur p\u00ebrplot\u00eb me libra dhe me nj\u00eb makin\u00eb t\u00eb vjet\u00ebr shkrimi. Pran\u00eb karriges nj\u00eb shkop. N\u00eb nj\u00ebr\u00ebn an\u00eb t\u00eb murit nj\u00eb vitrin\u00eb me libra , kurse n\u00eb an\u00ebn tjet\u00ebr t\u00eb murit nj\u00eb divan dhe dy piktura . Nj\u00eb ambijent mjaft modest p\u00ebr nj\u00eb njeri me merita kaq t\u00eb m\u00ebdha sikur Demiraj, mendova me vete.<\/p>\n<p>Profesori i g\u00ebzuar p\u00ebr vizit\u00ebn q\u00eb i b\u00ebra.U \u00e7ua me v\u00ebshtir\u00ebsi nga karrigia me ndihm\u00ebn e shkopit. U p\u00ebrsh\u00ebndet me mua dhe u ul\u00ebm s\u00eb bashku n\u00eb divan. M\u00eb prit\u00ebn jasht\u00ebzakonisht mir\u00eb, ashtu si\u00e7 din\u00eb vlonjat\u00ebt t\u00eb presin mysafirin e dashur. Biseduam rreth nj\u00eb ore. B\u00ebm\u00eb disa fotografi p\u00ebr kujtim. Un\u00eb i dhurova atij librin tim \u201c Prek\u00eb Cali, piramid\u00eb e kufijve t\u00eb shqip\u00ebris\u00eb\u201d, kurse ai m\u00eb dhuroi mua librin \u201c Gramatika historike e gjuh\u00ebs shqipe\u201d.<\/p>\n<p>&nbsp;<\/p>\n<p><strong>M\u00eb nderoi me thjesht\u00ebsin\u00eb e njeriut t\u00eb madh<\/strong><\/p>\n<p><strong>\u00a0<\/strong><\/p>\n<p>E njoftova , si\u00e7 thash\u00eb, duke punuar n\u00eb Bibliotek\u00ebn Komb\u00ebtare n\u00eb Tiran\u00ebs dhe pas ca vitesh p\u00ebs\u00ebri e takova duke punuar n\u00eb sht\u00ebpin\u00eb e tij n\u00eb Tiran\u00eb, edhe pse k\u00ebmb\u00ebn e kishte l\u00ebnduar jo pak. Shembull tipik i nj\u00eb shkenc\u00ebtari t\u00eb mir\u00ebfillt\u00eb, i cili t\u00ebr\u00eb jet\u00ebn ia kushtoi me dashuri gjuh\u00ebs shqipe. N\u00eb ndarje profesori me shkop n\u00eb dor\u00eb dhe bashk\u00ebshortja e tij , nj\u00eb zonj\u00eb e nderuar m\u00eb p\u00ebrcoll\u00ebn me nj\u00eb dashuri sikur prind\u00ebrore\u00a0\u00a0 deri n\u00eb oborrin e sht\u00ebpis\u00eb s\u00eb tyre.<\/p>\n<p>\u00c7far\u00eb kuptova n\u00eb ndarje nga z. Demiraj ?<\/p>\n<p>Sa m\u00eb i madh t\u00eb jet\u00eb personaliteti q\u00eb takon, aq m\u00eb i thjesht\u00eb \u00ebsht\u00eb si njeri. Ishte k\u00ebnaq\u00ebsi dhe nder p\u00ebr mua takimi dhe biseda me t\u00eb, i cili m\u00eb nderoi me mik\u00ebpritjen e dhe thjesht\u00ebsin\u00eb e tij.<\/p>\n<p>&nbsp;<\/p>\n<p><strong>P\u00ebrgjithmon\u00eb i fresk\u00ebt n\u00eb kujtimet e mia <\/strong><\/p>\n<p>&nbsp;<\/p>\n<p>At\u00eb dit\u00eb e sot nuk u pam\u00eb m\u00eb me k\u00ebt\u00eb personalitet t\u00eb dalluar, t\u00eb arsimit, t\u00eb shkoll\u00ebs, t\u00eb kultur\u00ebs dhe sidomos t\u00eb gjuh\u00ebsis\u00eb shqiptare. K\u00ebt\u00eb figur\u00eb t\u00eb njohur p\u00ebr shkenc\u00ebn gjuih\u00ebsore n\u00eb Ballkan dhe n\u00eb Europ\u00eb, i cili\u00a0\u00a0 p\u00ebr kontributin e madh, ka mbajtur titujt \u201c m\u00ebsues i popullit dhe mjesht\u00ebr i madh i pun\u00ebs\u201d, do ta kujtoj\u00eb p\u00ebrher\u00eb bota akademike shqiptare dhe jo vet\u00ebm. Ky kolos, nd\u00ebr m\u00eb t\u00eb m\u00ebdhenjt\u00eb n\u00eb mesin e albanolog\u00ebve shqiptar\u00eb, sikur A. Xhuvani.K. Kristoforidhi , K.Cipo. E \u00c7abej, S. Riza, A.Kostallari, S. Floqi, M. Hoti e t\u00eb tjer\u00eb, mbetet nj\u00eb shembull i rrall\u00eb i dijes shqiptare, nj\u00eb dijetar dhe studjues i thell\u00eb i dijeve t\u00eb albanologjis\u00eb, i pap\u00ebrs\u00ebritsh\u00ebm n\u00eb jet\u00ebn shkencore, nj\u00eb profesor me dinjitet t\u00eb rrall\u00eb, njeri i dijsh\u00ebm e i urt\u00eb , fjal\u00ebpak e pun\u00ebshum\u00eb. Nj\u00eb burr\u00eb i pavdeksh\u00ebm i kombit shqiptar . Kujtesa p\u00ebr k\u00ebt\u00eb njeri dhe shkenc\u00ebtar t\u00eb mrrekulluesh\u00ebm do t\u00eb mbetet gjithmon\u00eb e fresk\u00ebt n\u00eb mendjen time, kurse vepra e tij e madhe, nj\u00eb model i shk\u00eblqyesh\u00ebm jo vet\u00ebm p\u00ebr studiuesit e sot\u00ebm,por edhe p\u00ebr ata q\u00eb do t\u00eb vijn\u00eb.\u00a0\u00a0 Qeveris\u00eb\u00a0\u00a0 dhe Republik\u00ebs s\u00eb\u00a0\u00a0 Shqip\u00ebris\u00eb i mbetet t\u00eb mendojn\u00eb me p\u00ebrgjegj\u00ebsi t\u00eb madhe p\u00ebr t\u2019ju siguruar nj\u00eb jet\u00eb m\u00eb dinjitoze t\u00eb gjith\u00eb njer\u00ebzve t\u00eb kalibrit si\u00e7 ishte profesor Shaban Demiraj. K\u00ebt\u00eb shteti ua ka borxh t\u00eb gjith\u00eb atyre personaliteteve t\u00eb ndritura, t\u00eb cil\u00ebt l\u00ebn\u00eb pas vepra t\u00eb m\u00ebdha, pasuri shkencore, vlera t\u00eb m\u00ebdha komb\u00ebtare dhe pasuri monumentale p\u00ebr breza. I p\u00ebrjetsh\u00ebm qoft\u00eb kujtimi yn\u00eb p\u00ebr bardin, doajenin dhe klasikun e albanistik\u00ebs.<\/p>\n<p>&nbsp;<\/p>\n","protected":false},"excerpt":{"rendered":"<p>Gjek\u00eb Gjonaj M\u00ebngjesin e 31 gushtit t\u00eb k\u00ebtij viti , duke u hedhur nj\u00eb sy gazetave shqiptare n\u00eb faqet e internetit lexova me pik\u00ebllim lajmin se nj\u00eb dit\u00eb m\u00eb par\u00eb, pas viteve t\u00eb gjata t\u00eb l\u00ebngimit, ishte ndar\u00eb nga jeta studiuesi Shaban Demiraj, n\u00eb or\u00ebn 13:50 n\u00eb sht\u00ebpin\u00eb e tij n\u00eb Tiran\u00eb n\u00eb mosh\u00ebn 94 [&hellip;]<\/p>\n","protected":false},"author":1,"featured_media":0,"comment_status":"closed","ping_status":"closed","sticky":false,"template":"","format":"standard","meta":{"spay_email":"","jetpack_publicize_message":"","jetpack_is_tweetstorm":false,"jetpack_publicize_feature_enabled":true},"categories":[4,1],"tags":[],"jetpack_publicize_connections":[],"yoast_head":"<!-- This site is optimized with the Yoast SEO plugin v19.1 - https:\/\/yoast.com\/wordpress\/plugins\/seo\/ -->\n<title>Gjonaj: Takimet e mia me profesor  Shaban Demirajn - Lajme nga Ulqini<\/title>\n<meta name=\"description\" content=\"Gjek\u00eb Gjonaj M\u00ebngjesin e 31 gushtit t\u00eb k\u00ebtij viti , duke u hedhur nj\u00eb sy gazetave shqiptare n\u00eb faqet e internetit lexova me pik\u00ebllim lajmin se nj\u00eb dit\u00eb m\u00eb\" \/>\n<meta name=\"robots\" content=\"index, follow, max-snippet:-1, max-image-preview:large, max-video-preview:-1\" \/>\n<link rel=\"canonical\" href=\"https:\/\/www.visit-ulcinj.com\/blog\/2014\/09\/25\/gjonaj-takimet-e-mia-profesor-shaban-demirajn\/\" \/>\n<meta property=\"og:locale\" content=\"en_US\" \/>\n<meta property=\"og:type\" content=\"article\" \/>\n<meta property=\"og:title\" content=\"Gjonaj: Takimet e mia me profesor  Shaban Demirajn - Lajme nga Ulqini\" \/>\n<meta property=\"og:description\" content=\"Gjek\u00eb Gjonaj M\u00ebngjesin e 31 gushtit t\u00eb k\u00ebtij viti , duke u hedhur nj\u00eb sy gazetave shqiptare n\u00eb faqet e internetit lexova me pik\u00ebllim lajmin se nj\u00eb dit\u00eb m\u00eb\" \/>\n<meta property=\"og:url\" content=\"https:\/\/www.visit-ulcinj.com\/blog\/2014\/09\/25\/gjonaj-takimet-e-mia-profesor-shaban-demirajn\/\" \/>\n<meta property=\"og:site_name\" content=\"Lajme nga Ulqini\" \/>\n<meta property=\"article:published_time\" content=\"2014-09-25T06:30:23+00:00\" \/>\n<meta property=\"article:modified_time\" content=\"2014-09-25T17:26:22+00:00\" \/>\n<meta property=\"og:image\" content=\"http:\/\/www.visit-ulcinj.com\/blog\/wp-content\/uploads\/2014\/09\/Shaban-Demirajn.jpg\" \/>\n<meta name=\"twitter:label1\" content=\"Written by\" \/>\n\t<meta name=\"twitter:data1\" content=\"ulqini\" \/>\n\t<meta name=\"twitter:label2\" content=\"Est. reading time\" \/>\n\t<meta name=\"twitter:data2\" content=\"9 minutes\" \/>\n<script type=\"application\/ld+json\" class=\"yoast-schema-graph\">{\"@context\":\"https:\/\/schema.org\",\"@graph\":[{\"@type\":\"WebSite\",\"@id\":\"https:\/\/www.visit-ulcinj.com\/blog\/#website\",\"url\":\"https:\/\/www.visit-ulcinj.com\/blog\/\",\"name\":\"Lajme nga Ulqini\",\"description\":\"Lajme,Vijesti,Ulqini,Ulqin,Crna Gora,Mali i Zi\",\"potentialAction\":[{\"@type\":\"SearchAction\",\"target\":{\"@type\":\"EntryPoint\",\"urlTemplate\":\"https:\/\/www.visit-ulcinj.com\/blog\/?s={search_term_string}\"},\"query-input\":\"required name=search_term_string\"}],\"inLanguage\":\"en-US\"},{\"@type\":\"ImageObject\",\"inLanguage\":\"en-US\",\"@id\":\"https:\/\/www.visit-ulcinj.com\/blog\/2014\/09\/25\/gjonaj-takimet-e-mia-profesor-shaban-demirajn\/#primaryimage\",\"url\":\"https:\/\/www.visit-ulcinj.com\/blog\/wp-content\/uploads\/2014\/09\/Shaban-Demirajn.jpg\",\"contentUrl\":\"https:\/\/www.visit-ulcinj.com\/blog\/wp-content\/uploads\/2014\/09\/Shaban-Demirajn.jpg\",\"width\":324,\"height\":312},{\"@type\":\"WebPage\",\"@id\":\"https:\/\/www.visit-ulcinj.com\/blog\/2014\/09\/25\/gjonaj-takimet-e-mia-profesor-shaban-demirajn\/#webpage\",\"url\":\"https:\/\/www.visit-ulcinj.com\/blog\/2014\/09\/25\/gjonaj-takimet-e-mia-profesor-shaban-demirajn\/\",\"name\":\"Gjonaj: Takimet e mia me profesor Shaban Demirajn - Lajme nga Ulqini\",\"isPartOf\":{\"@id\":\"https:\/\/www.visit-ulcinj.com\/blog\/#website\"},\"primaryImageOfPage\":{\"@id\":\"https:\/\/www.visit-ulcinj.com\/blog\/2014\/09\/25\/gjonaj-takimet-e-mia-profesor-shaban-demirajn\/#primaryimage\"},\"datePublished\":\"2014-09-25T06:30:23+00:00\",\"dateModified\":\"2014-09-25T17:26:22+00:00\",\"author\":{\"@id\":\"https:\/\/www.visit-ulcinj.com\/blog\/#\/schema\/person\/dcab619c614d3038751c63bc2aadc06d\"},\"description\":\"Gjek\u00eb Gjonaj M\u00ebngjesin e 31 gushtit t\u00eb k\u00ebtij viti , duke u hedhur nj\u00eb sy gazetave shqiptare n\u00eb faqet e internetit lexova me pik\u00ebllim lajmin se nj\u00eb dit\u00eb m\u00eb\",\"breadcrumb\":{\"@id\":\"https:\/\/www.visit-ulcinj.com\/blog\/2014\/09\/25\/gjonaj-takimet-e-mia-profesor-shaban-demirajn\/#breadcrumb\"},\"inLanguage\":\"en-US\",\"potentialAction\":[{\"@type\":\"ReadAction\",\"target\":[\"https:\/\/www.visit-ulcinj.com\/blog\/2014\/09\/25\/gjonaj-takimet-e-mia-profesor-shaban-demirajn\/\"]}]},{\"@type\":\"BreadcrumbList\",\"@id\":\"https:\/\/www.visit-ulcinj.com\/blog\/2014\/09\/25\/gjonaj-takimet-e-mia-profesor-shaban-demirajn\/#breadcrumb\",\"itemListElement\":[{\"@type\":\"ListItem\",\"position\":1,\"name\":\"Gjonaj: Takimet e mia me profesor Shaban Demirajn\"}]},{\"@type\":\"Person\",\"@id\":\"https:\/\/www.visit-ulcinj.com\/blog\/#\/schema\/person\/dcab619c614d3038751c63bc2aadc06d\",\"name\":\"ulqini\",\"sameAs\":[\"http:\/\/www.visit-ulcinj.com\"],\"url\":\"https:\/\/www.visit-ulcinj.com\/blog\/author\/admin\/\"}]}<\/script>\n<!-- \/ Yoast SEO plugin. -->","yoast_head_json":{"title":"Gjonaj: Takimet e mia me profesor  Shaban Demirajn - Lajme nga Ulqini","description":"Gjek\u00eb Gjonaj M\u00ebngjesin e 31 gushtit t\u00eb k\u00ebtij viti , duke u hedhur nj\u00eb sy gazetave shqiptare n\u00eb faqet e internetit lexova me pik\u00ebllim lajmin se nj\u00eb dit\u00eb m\u00eb","robots":{"index":"index","follow":"follow","max-snippet":"max-snippet:-1","max-image-preview":"max-image-preview:large","max-video-preview":"max-video-preview:-1"},"canonical":"https:\/\/www.visit-ulcinj.com\/blog\/2014\/09\/25\/gjonaj-takimet-e-mia-profesor-shaban-demirajn\/","og_locale":"en_US","og_type":"article","og_title":"Gjonaj: Takimet e mia me profesor  Shaban Demirajn - Lajme nga Ulqini","og_description":"Gjek\u00eb Gjonaj M\u00ebngjesin e 31 gushtit t\u00eb k\u00ebtij viti , duke u hedhur nj\u00eb sy gazetave shqiptare n\u00eb faqet e internetit lexova me pik\u00ebllim lajmin se nj\u00eb dit\u00eb m\u00eb","og_url":"https:\/\/www.visit-ulcinj.com\/blog\/2014\/09\/25\/gjonaj-takimet-e-mia-profesor-shaban-demirajn\/","og_site_name":"Lajme nga Ulqini","article_published_time":"2014-09-25T06:30:23+00:00","article_modified_time":"2014-09-25T17:26:22+00:00","og_image":[{"url":"http:\/\/www.visit-ulcinj.com\/blog\/wp-content\/uploads\/2014\/09\/Shaban-Demirajn.jpg"}],"twitter_misc":{"Written by":"ulqini","Est. reading time":"9 minutes"},"schema":{"@context":"https:\/\/schema.org","@graph":[{"@type":"WebSite","@id":"https:\/\/www.visit-ulcinj.com\/blog\/#website","url":"https:\/\/www.visit-ulcinj.com\/blog\/","name":"Lajme nga Ulqini","description":"Lajme,Vijesti,Ulqini,Ulqin,Crna Gora,Mali i Zi","potentialAction":[{"@type":"SearchAction","target":{"@type":"EntryPoint","urlTemplate":"https:\/\/www.visit-ulcinj.com\/blog\/?s={search_term_string}"},"query-input":"required name=search_term_string"}],"inLanguage":"en-US"},{"@type":"ImageObject","inLanguage":"en-US","@id":"https:\/\/www.visit-ulcinj.com\/blog\/2014\/09\/25\/gjonaj-takimet-e-mia-profesor-shaban-demirajn\/#primaryimage","url":"https:\/\/www.visit-ulcinj.com\/blog\/wp-content\/uploads\/2014\/09\/Shaban-Demirajn.jpg","contentUrl":"https:\/\/www.visit-ulcinj.com\/blog\/wp-content\/uploads\/2014\/09\/Shaban-Demirajn.jpg","width":324,"height":312},{"@type":"WebPage","@id":"https:\/\/www.visit-ulcinj.com\/blog\/2014\/09\/25\/gjonaj-takimet-e-mia-profesor-shaban-demirajn\/#webpage","url":"https:\/\/www.visit-ulcinj.com\/blog\/2014\/09\/25\/gjonaj-takimet-e-mia-profesor-shaban-demirajn\/","name":"Gjonaj: Takimet e mia me profesor Shaban Demirajn - Lajme nga Ulqini","isPartOf":{"@id":"https:\/\/www.visit-ulcinj.com\/blog\/#website"},"primaryImageOfPage":{"@id":"https:\/\/www.visit-ulcinj.com\/blog\/2014\/09\/25\/gjonaj-takimet-e-mia-profesor-shaban-demirajn\/#primaryimage"},"datePublished":"2014-09-25T06:30:23+00:00","dateModified":"2014-09-25T17:26:22+00:00","author":{"@id":"https:\/\/www.visit-ulcinj.com\/blog\/#\/schema\/person\/dcab619c614d3038751c63bc2aadc06d"},"description":"Gjek\u00eb Gjonaj M\u00ebngjesin e 31 gushtit t\u00eb k\u00ebtij viti , duke u hedhur nj\u00eb sy gazetave shqiptare n\u00eb faqet e internetit lexova me pik\u00ebllim lajmin se nj\u00eb dit\u00eb m\u00eb","breadcrumb":{"@id":"https:\/\/www.visit-ulcinj.com\/blog\/2014\/09\/25\/gjonaj-takimet-e-mia-profesor-shaban-demirajn\/#breadcrumb"},"inLanguage":"en-US","potentialAction":[{"@type":"ReadAction","target":["https:\/\/www.visit-ulcinj.com\/blog\/2014\/09\/25\/gjonaj-takimet-e-mia-profesor-shaban-demirajn\/"]}]},{"@type":"BreadcrumbList","@id":"https:\/\/www.visit-ulcinj.com\/blog\/2014\/09\/25\/gjonaj-takimet-e-mia-profesor-shaban-demirajn\/#breadcrumb","itemListElement":[{"@type":"ListItem","position":1,"name":"Gjonaj: Takimet e mia me profesor Shaban Demirajn"}]},{"@type":"Person","@id":"https:\/\/www.visit-ulcinj.com\/blog\/#\/schema\/person\/dcab619c614d3038751c63bc2aadc06d","name":"ulqini","sameAs":["http:\/\/www.visit-ulcinj.com"],"url":"https:\/\/www.visit-ulcinj.com\/blog\/author\/admin\/"}]}},"jetpack_featured_media_url":"","jetpack_sharing_enabled":true,"jetpack_shortlink":"https:\/\/wp.me\/pe6lTn-meP","_links":{"self":[{"href":"https:\/\/www.visit-ulcinj.com\/blog\/wp-json\/wp\/v2\/posts\/85487"}],"collection":[{"href":"https:\/\/www.visit-ulcinj.com\/blog\/wp-json\/wp\/v2\/posts"}],"about":[{"href":"https:\/\/www.visit-ulcinj.com\/blog\/wp-json\/wp\/v2\/types\/post"}],"author":[{"embeddable":true,"href":"https:\/\/www.visit-ulcinj.com\/blog\/wp-json\/wp\/v2\/users\/1"}],"replies":[{"embeddable":true,"href":"https:\/\/www.visit-ulcinj.com\/blog\/wp-json\/wp\/v2\/comments?post=85487"}],"version-history":[{"count":1,"href":"https:\/\/www.visit-ulcinj.com\/blog\/wp-json\/wp\/v2\/posts\/85487\/revisions"}],"predecessor-version":[{"id":85489,"href":"https:\/\/www.visit-ulcinj.com\/blog\/wp-json\/wp\/v2\/posts\/85487\/revisions\/85489"}],"wp:attachment":[{"href":"https:\/\/www.visit-ulcinj.com\/blog\/wp-json\/wp\/v2\/media?parent=85487"}],"wp:term":[{"taxonomy":"category","embeddable":true,"href":"https:\/\/www.visit-ulcinj.com\/blog\/wp-json\/wp\/v2\/categories?post=85487"},{"taxonomy":"post_tag","embeddable":true,"href":"https:\/\/www.visit-ulcinj.com\/blog\/wp-json\/wp\/v2\/tags?post=85487"}],"curies":[{"name":"wp","href":"https:\/\/api.w.org\/{rel}","templated":true}]}}