{"id":85490,"date":"2014-09-25T18:21:39","date_gmt":"2014-09-25T17:21:39","guid":{"rendered":"http:\/\/www.visit-ulcinj.com\/blog\/?p=85490"},"modified":"2014-09-28T21:16:11","modified_gmt":"2014-09-28T20:16:11","slug":"memoriam-sadi-kanaqeviq-nga-ulqini","status":"publish","type":"post","link":"https:\/\/www.visit-ulcinj.com\/blog\/2014\/09\/25\/memoriam-sadi-kanaqeviq-nga-ulqini\/","title":{"rendered":"In Memoriam Sadi Kanaqeviq nga Ulqini"},"content":{"rendered":"<p><a href=\"http:\/\/www.visit-ulcinj.com\/blog\/wp-content\/uploads\/2014\/09\/In-Memoriam-Sadi-Kanaqeviq-nga-Ulqini.jpg\"><img loading=\"lazy\" class=\"alignleft wp-image-85491\" src=\"http:\/\/www.visit-ulcinj.com\/blog\/wp-content\/uploads\/2014\/09\/In-Memoriam-Sadi-Kanaqeviq-nga-Ulqini.jpg\" alt=\"In Memoriam Sadi Kanaqeviq nga Ulqini\" width=\"508\" height=\"381\" srcset=\"https:\/\/www.visit-ulcinj.com\/blog\/wp-content\/uploads\/2014\/09\/In-Memoriam-Sadi-Kanaqeviq-nga-Ulqini.jpg 960w, https:\/\/www.visit-ulcinj.com\/blog\/wp-content\/uploads\/2014\/09\/In-Memoriam-Sadi-Kanaqeviq-nga-Ulqini-300x225.jpg 300w\" sizes=\"(max-width: 508px) 100vw, 508px\" \/><\/a>Njoftojme te gjithe lexuesit qe sot n\u00eb Tivar n\u00eb mosh\u00ebn 44 vje\u00e7are u nda nga jeta \u00a0dhe vdes Sadi Kanaqeviq nga Ulqini<\/p>\n<p>Vdekja e parakohshme e Sadi Kanaqit \u00ebsht\u00eb nj\u00eb humbje e madhe p\u00ebr familjen, p\u00ebr shok\u00ebt e miqt\u00eb e tij t\u00eb shumt\u00eb q\u00eb i ka n\u00eb Ulqin por edhe n\u00eb mbar\u00eb bot\u00ebn, Amerik, Zvic\u00ebr, Gjermani.<br \/>\nSadi u nda prej nesh, por kujtimi i tij do t\u00eb mbetet i gdhendur n\u00eb mendjen e t\u00eb gjith\u00eb atyre q\u00eb e kan\u00eb njohur, ai do t\u00eb mbetet tek mendjet e zemrat e jona.<\/p>\n<p>Varrimi i t\u00eb ndjerit do b\u00ebhet neser n\u00eb Kraje ( Ostros), ku do t\u00eb niset xhenazja\u00a0 nga shtepija\u00a0 n\u00eb ora 14:00 nga Mali i\u00a0 Bardh Ulqin ku aji jetoj\u00eb, p\u00ebr ne Kraj\u00eb.<\/p>\n<p><a href=\"http:\/\/www.visit-ulcinj.com\/blog\/wp-content\/uploads\/2014\/09\/In-Memoriam-Sadi-Kanaqeviq-nga-Ulqini-1.jpg\"><img loading=\"lazy\" class=\"alignleft wp-image-85492\" src=\"http:\/\/www.visit-ulcinj.com\/blog\/wp-content\/uploads\/2014\/09\/In-Memoriam-Sadi-Kanaqeviq-nga-Ulqini-1.jpg\" alt=\"In Memoriam Sadi Kanaqeviq nga Ulqini-1\" width=\"508\" height=\"381\" srcset=\"https:\/\/www.visit-ulcinj.com\/blog\/wp-content\/uploads\/2014\/09\/In-Memoriam-Sadi-Kanaqeviq-nga-Ulqini-1.jpg 960w, https:\/\/www.visit-ulcinj.com\/blog\/wp-content\/uploads\/2014\/09\/In-Memoriam-Sadi-Kanaqeviq-nga-Ulqini-1-300x225.jpg 300w\" sizes=\"(max-width: 508px) 100vw, 508px\" \/><\/a><\/p>\n<p>Te pikelluarit: Bashkeshortja Esma Kraja Kanaqeviq, vellai, nana, dhe 4 varzat dhe mbare farefisi.<br \/>\nStafi i Lajmeve nga Ulqini dergon ngushllimet e sinqerta familjes\u00a0 Kanaqi n\u00eb Ulqin.<\/p>\n","protected":false},"excerpt":{"rendered":"<p>Njoftojme te gjithe lexuesit qe sot n\u00eb Tivar n\u00eb mosh\u00ebn 44 vje\u00e7are u nda nga jeta \u00a0dhe vdes Sadi Kanaqeviq nga Ulqini Vdekja e parakohshme e Sadi Kanaqit \u00ebsht\u00eb nj\u00eb humbje e madhe p\u00ebr familjen, p\u00ebr shok\u00ebt e miqt\u00eb e tij t\u00eb shumt\u00eb q\u00eb i ka n\u00eb Ulqin por edhe n\u00eb mbar\u00eb bot\u00ebn, Amerik, Zvic\u00ebr, [&hellip;]<\/p>\n","protected":false},"author":1,"featured_media":0,"comment_status":"closed","ping_status":"closed","sticky":false,"template":"","format":"standard","meta":{"spay_email":"","jetpack_publicize_message":"","jetpack_is_tweetstorm":false,"jetpack_publicize_feature_enabled":true},"categories":[1,12],"tags":[],"jetpack_publicize_connections":[],"yoast_head":"<!-- This site is optimized with the Yoast SEO plugin v19.1 - https:\/\/yoast.com\/wordpress\/plugins\/seo\/ -->\n<title>In Memoriam Sadi Kanaqeviq nga Ulqini - Lajme nga Ulqini<\/title>\n<meta name=\"description\" content=\"Njoftojme te gjithe lexuesit qe sot n\u00eb Tivar n\u00eb mosh\u00ebn 44 vje\u00e7are u nda nga jeta \u00a0dhe vdes Sadi Kanaqeviq nga Ulqini Vdekja e parakohshme e Sadi Kanaqit\" \/>\n<meta name=\"robots\" content=\"index, follow, max-snippet:-1, max-image-preview:large, max-video-preview:-1\" \/>\n<link rel=\"canonical\" href=\"https:\/\/www.visit-ulcinj.com\/blog\/2014\/09\/25\/memoriam-sadi-kanaqeviq-nga-ulqini\/\" \/>\n<meta property=\"og:locale\" content=\"en_US\" \/>\n<meta property=\"og:type\" content=\"article\" \/>\n<meta property=\"og:title\" content=\"In Memoriam Sadi Kanaqeviq nga Ulqini - Lajme nga Ulqini\" \/>\n<meta property=\"og:description\" content=\"Njoftojme te gjithe lexuesit qe sot n\u00eb Tivar n\u00eb mosh\u00ebn 44 vje\u00e7are u nda nga jeta \u00a0dhe vdes Sadi Kanaqeviq nga Ulqini Vdekja e parakohshme e Sadi Kanaqit\" \/>\n<meta property=\"og:url\" content=\"https:\/\/www.visit-ulcinj.com\/blog\/2014\/09\/25\/memoriam-sadi-kanaqeviq-nga-ulqini\/\" \/>\n<meta property=\"og:site_name\" content=\"Lajme nga Ulqini\" \/>\n<meta property=\"article:published_time\" content=\"2014-09-25T17:21:39+00:00\" \/>\n<meta property=\"article:modified_time\" content=\"2014-09-28T20:16:11+00:00\" \/>\n<meta property=\"og:image\" content=\"http:\/\/www.visit-ulcinj.com\/blog\/wp-content\/uploads\/2014\/09\/In-Memoriam-Sadi-Kanaqeviq-nga-Ulqini.jpg\" \/>\n<meta name=\"twitter:label1\" content=\"Written by\" \/>\n\t<meta name=\"twitter:data1\" content=\"ulqini\" \/>\n\t<meta name=\"twitter:label2\" content=\"Est. reading time\" \/>\n\t<meta name=\"twitter:data2\" content=\"1 minute\" \/>\n<script type=\"application\/ld+json\" class=\"yoast-schema-graph\">{\"@context\":\"https:\/\/schema.org\",\"@graph\":[{\"@type\":\"WebSite\",\"@id\":\"https:\/\/www.visit-ulcinj.com\/blog\/#website\",\"url\":\"https:\/\/www.visit-ulcinj.com\/blog\/\",\"name\":\"Lajme nga Ulqini\",\"description\":\"Lajme,Vijesti,Ulqini,Ulqin,Crna Gora,Mali i Zi\",\"potentialAction\":[{\"@type\":\"SearchAction\",\"target\":{\"@type\":\"EntryPoint\",\"urlTemplate\":\"https:\/\/www.visit-ulcinj.com\/blog\/?s={search_term_string}\"},\"query-input\":\"required name=search_term_string\"}],\"inLanguage\":\"en-US\"},{\"@type\":\"ImageObject\",\"inLanguage\":\"en-US\",\"@id\":\"https:\/\/www.visit-ulcinj.com\/blog\/2014\/09\/25\/memoriam-sadi-kanaqeviq-nga-ulqini\/#primaryimage\",\"url\":\"https:\/\/www.visit-ulcinj.com\/blog\/wp-content\/uploads\/2014\/09\/In-Memoriam-Sadi-Kanaqeviq-nga-Ulqini.jpg\",\"contentUrl\":\"https:\/\/www.visit-ulcinj.com\/blog\/wp-content\/uploads\/2014\/09\/In-Memoriam-Sadi-Kanaqeviq-nga-Ulqini.jpg\",\"width\":960,\"height\":720},{\"@type\":\"WebPage\",\"@id\":\"https:\/\/www.visit-ulcinj.com\/blog\/2014\/09\/25\/memoriam-sadi-kanaqeviq-nga-ulqini\/#webpage\",\"url\":\"https:\/\/www.visit-ulcinj.com\/blog\/2014\/09\/25\/memoriam-sadi-kanaqeviq-nga-ulqini\/\",\"name\":\"In Memoriam Sadi Kanaqeviq nga Ulqini - Lajme nga Ulqini\",\"isPartOf\":{\"@id\":\"https:\/\/www.visit-ulcinj.com\/blog\/#website\"},\"primaryImageOfPage\":{\"@id\":\"https:\/\/www.visit-ulcinj.com\/blog\/2014\/09\/25\/memoriam-sadi-kanaqeviq-nga-ulqini\/#primaryimage\"},\"datePublished\":\"2014-09-25T17:21:39+00:00\",\"dateModified\":\"2014-09-28T20:16:11+00:00\",\"author\":{\"@id\":\"https:\/\/www.visit-ulcinj.com\/blog\/#\/schema\/person\/dcab619c614d3038751c63bc2aadc06d\"},\"description\":\"Njoftojme te gjithe lexuesit qe sot n\u00eb Tivar n\u00eb mosh\u00ebn 44 vje\u00e7are u nda nga jeta \u00a0dhe vdes Sadi Kanaqeviq nga Ulqini Vdekja e parakohshme e Sadi Kanaqit\",\"breadcrumb\":{\"@id\":\"https:\/\/www.visit-ulcinj.com\/blog\/2014\/09\/25\/memoriam-sadi-kanaqeviq-nga-ulqini\/#breadcrumb\"},\"inLanguage\":\"en-US\",\"potentialAction\":[{\"@type\":\"ReadAction\",\"target\":[\"https:\/\/www.visit-ulcinj.com\/blog\/2014\/09\/25\/memoriam-sadi-kanaqeviq-nga-ulqini\/\"]}]},{\"@type\":\"BreadcrumbList\",\"@id\":\"https:\/\/www.visit-ulcinj.com\/blog\/2014\/09\/25\/memoriam-sadi-kanaqeviq-nga-ulqini\/#breadcrumb\",\"itemListElement\":[{\"@type\":\"ListItem\",\"position\":1,\"name\":\"In Memoriam Sadi Kanaqeviq nga Ulqini\"}]},{\"@type\":\"Person\",\"@id\":\"https:\/\/www.visit-ulcinj.com\/blog\/#\/schema\/person\/dcab619c614d3038751c63bc2aadc06d\",\"name\":\"ulqini\",\"sameAs\":[\"http:\/\/www.visit-ulcinj.com\"],\"url\":\"https:\/\/www.visit-ulcinj.com\/blog\/author\/admin\/\"}]}<\/script>\n<!-- \/ Yoast SEO plugin. -->","yoast_head_json":{"title":"In Memoriam Sadi Kanaqeviq nga Ulqini - Lajme nga Ulqini","description":"Njoftojme te gjithe lexuesit qe sot n\u00eb Tivar n\u00eb mosh\u00ebn 44 vje\u00e7are u nda nga jeta \u00a0dhe vdes Sadi Kanaqeviq nga Ulqini Vdekja e parakohshme e Sadi Kanaqit","robots":{"index":"index","follow":"follow","max-snippet":"max-snippet:-1","max-image-preview":"max-image-preview:large","max-video-preview":"max-video-preview:-1"},"canonical":"https:\/\/www.visit-ulcinj.com\/blog\/2014\/09\/25\/memoriam-sadi-kanaqeviq-nga-ulqini\/","og_locale":"en_US","og_type":"article","og_title":"In Memoriam Sadi Kanaqeviq nga Ulqini - Lajme nga Ulqini","og_description":"Njoftojme te gjithe lexuesit qe sot n\u00eb Tivar n\u00eb mosh\u00ebn 44 vje\u00e7are u nda nga jeta \u00a0dhe vdes Sadi Kanaqeviq nga Ulqini Vdekja e parakohshme e Sadi Kanaqit","og_url":"https:\/\/www.visit-ulcinj.com\/blog\/2014\/09\/25\/memoriam-sadi-kanaqeviq-nga-ulqini\/","og_site_name":"Lajme nga Ulqini","article_published_time":"2014-09-25T17:21:39+00:00","article_modified_time":"2014-09-28T20:16:11+00:00","og_image":[{"url":"http:\/\/www.visit-ulcinj.com\/blog\/wp-content\/uploads\/2014\/09\/In-Memoriam-Sadi-Kanaqeviq-nga-Ulqini.jpg"}],"twitter_misc":{"Written by":"ulqini","Est. reading time":"1 minute"},"schema":{"@context":"https:\/\/schema.org","@graph":[{"@type":"WebSite","@id":"https:\/\/www.visit-ulcinj.com\/blog\/#website","url":"https:\/\/www.visit-ulcinj.com\/blog\/","name":"Lajme nga Ulqini","description":"Lajme,Vijesti,Ulqini,Ulqin,Crna Gora,Mali i Zi","potentialAction":[{"@type":"SearchAction","target":{"@type":"EntryPoint","urlTemplate":"https:\/\/www.visit-ulcinj.com\/blog\/?s={search_term_string}"},"query-input":"required name=search_term_string"}],"inLanguage":"en-US"},{"@type":"ImageObject","inLanguage":"en-US","@id":"https:\/\/www.visit-ulcinj.com\/blog\/2014\/09\/25\/memoriam-sadi-kanaqeviq-nga-ulqini\/#primaryimage","url":"https:\/\/www.visit-ulcinj.com\/blog\/wp-content\/uploads\/2014\/09\/In-Memoriam-Sadi-Kanaqeviq-nga-Ulqini.jpg","contentUrl":"https:\/\/www.visit-ulcinj.com\/blog\/wp-content\/uploads\/2014\/09\/In-Memoriam-Sadi-Kanaqeviq-nga-Ulqini.jpg","width":960,"height":720},{"@type":"WebPage","@id":"https:\/\/www.visit-ulcinj.com\/blog\/2014\/09\/25\/memoriam-sadi-kanaqeviq-nga-ulqini\/#webpage","url":"https:\/\/www.visit-ulcinj.com\/blog\/2014\/09\/25\/memoriam-sadi-kanaqeviq-nga-ulqini\/","name":"In Memoriam Sadi Kanaqeviq nga Ulqini - Lajme nga Ulqini","isPartOf":{"@id":"https:\/\/www.visit-ulcinj.com\/blog\/#website"},"primaryImageOfPage":{"@id":"https:\/\/www.visit-ulcinj.com\/blog\/2014\/09\/25\/memoriam-sadi-kanaqeviq-nga-ulqini\/#primaryimage"},"datePublished":"2014-09-25T17:21:39+00:00","dateModified":"2014-09-28T20:16:11+00:00","author":{"@id":"https:\/\/www.visit-ulcinj.com\/blog\/#\/schema\/person\/dcab619c614d3038751c63bc2aadc06d"},"description":"Njoftojme te gjithe lexuesit qe sot n\u00eb Tivar n\u00eb mosh\u00ebn 44 vje\u00e7are u nda nga jeta \u00a0dhe vdes Sadi Kanaqeviq nga Ulqini Vdekja e parakohshme e Sadi Kanaqit","breadcrumb":{"@id":"https:\/\/www.visit-ulcinj.com\/blog\/2014\/09\/25\/memoriam-sadi-kanaqeviq-nga-ulqini\/#breadcrumb"},"inLanguage":"en-US","potentialAction":[{"@type":"ReadAction","target":["https:\/\/www.visit-ulcinj.com\/blog\/2014\/09\/25\/memoriam-sadi-kanaqeviq-nga-ulqini\/"]}]},{"@type":"BreadcrumbList","@id":"https:\/\/www.visit-ulcinj.com\/blog\/2014\/09\/25\/memoriam-sadi-kanaqeviq-nga-ulqini\/#breadcrumb","itemListElement":[{"@type":"ListItem","position":1,"name":"In Memoriam Sadi Kanaqeviq nga Ulqini"}]},{"@type":"Person","@id":"https:\/\/www.visit-ulcinj.com\/blog\/#\/schema\/person\/dcab619c614d3038751c63bc2aadc06d","name":"ulqini","sameAs":["http:\/\/www.visit-ulcinj.com"],"url":"https:\/\/www.visit-ulcinj.com\/blog\/author\/admin\/"}]}},"jetpack_featured_media_url":"","jetpack_sharing_enabled":true,"jetpack_shortlink":"https:\/\/wp.me\/pe6lTn-meS","_links":{"self":[{"href":"https:\/\/www.visit-ulcinj.com\/blog\/wp-json\/wp\/v2\/posts\/85490"}],"collection":[{"href":"https:\/\/www.visit-ulcinj.com\/blog\/wp-json\/wp\/v2\/posts"}],"about":[{"href":"https:\/\/www.visit-ulcinj.com\/blog\/wp-json\/wp\/v2\/types\/post"}],"author":[{"embeddable":true,"href":"https:\/\/www.visit-ulcinj.com\/blog\/wp-json\/wp\/v2\/users\/1"}],"replies":[{"embeddable":true,"href":"https:\/\/www.visit-ulcinj.com\/blog\/wp-json\/wp\/v2\/comments?post=85490"}],"version-history":[{"count":5,"href":"https:\/\/www.visit-ulcinj.com\/blog\/wp-json\/wp\/v2\/posts\/85490\/revisions"}],"predecessor-version":[{"id":85497,"href":"https:\/\/www.visit-ulcinj.com\/blog\/wp-json\/wp\/v2\/posts\/85490\/revisions\/85497"}],"wp:attachment":[{"href":"https:\/\/www.visit-ulcinj.com\/blog\/wp-json\/wp\/v2\/media?parent=85490"}],"wp:term":[{"taxonomy":"category","embeddable":true,"href":"https:\/\/www.visit-ulcinj.com\/blog\/wp-json\/wp\/v2\/categories?post=85490"},{"taxonomy":"post_tag","embeddable":true,"href":"https:\/\/www.visit-ulcinj.com\/blog\/wp-json\/wp\/v2\/tags?post=85490"}],"curies":[{"name":"wp","href":"https:\/\/api.w.org\/{rel}","templated":true}]}}