{"id":85504,"date":"2014-09-26T17:16:33","date_gmt":"2014-09-26T16:16:33","guid":{"rendered":"http:\/\/www.visit-ulcinj.com\/blog\/?p=85504"},"modified":"2014-09-26T17:16:33","modified_gmt":"2014-09-26T16:16:33","slug":"nika-te-miratohet-phu-ja-plani-hapesinor-ulqinit-ne-kuvend","status":"publish","type":"post","link":"https:\/\/www.visit-ulcinj.com\/blog\/2014\/09\/26\/nika-te-miratohet-phu-ja-plani-hapesinor-ulqinit-ne-kuvend\/","title":{"rendered":"Nika:  A do t\u00eb miratohet PHU-ja plani hap\u00ebsinor i Ulqinit), n\u00eb kuvend ?!!!"},"content":{"rendered":"<p><strong>Shkruan, Muhamet Nika<\/strong><\/p>\n<p><strong><em>Harta e PHU-s\u00eb- Numrat e rrethuar nga 1-13, n\u00eb plan tregojn\u00eb k\u00ebrkesat e Forc\u00ebs q\u00eb jan\u00eb miratuar. Partit\u00eb tjera nuk pat\u00ebn; OJQ-t\u00eb\u00a0\u00a0 t\u00eb pak\u00ebnaqura&#8230;?!!!<\/em><\/strong><\/p>\n<p><a href=\"http:\/\/www.visit-ulcinj.com\/blog\/wp-content\/uploads\/2014\/09\/PHU-ja-plani-hap\u00ebsinor-i-Ulqinit.jpg\"><img loading=\"lazy\" class=\"alignleft wp-image-85505\" src=\"http:\/\/www.visit-ulcinj.com\/blog\/wp-content\/uploads\/2014\/09\/PHU-ja-plani-hap\u00ebsinor-i-Ulqinit.jpg\" alt=\"PHU-ja plani hap\u00ebsinor i Ulqinit\" width=\"508\" height=\"602\" srcset=\"https:\/\/www.visit-ulcinj.com\/blog\/wp-content\/uploads\/2014\/09\/PHU-ja-plani-hap\u00ebsinor-i-Ulqinit.jpg 627w, https:\/\/www.visit-ulcinj.com\/blog\/wp-content\/uploads\/2014\/09\/PHU-ja-plani-hap\u00ebsinor-i-Ulqinit-253x300.jpg 253w\" sizes=\"(max-width: 508px) 100vw, 508px\" \/><\/a><\/p>\n<p><em>Pasi k\u00ebtyre dit\u00ebve, \u00ebsht\u00eb aktual miratimi i planit hap\u00ebsinor t\u00eb Ulqinit, q\u00eb ish- kryetari i komun\u00ebs Hajdinaga, ia besoi qeveris\u00eb n\u00eb rrethana jo krejt t\u00eb qarta,ky ka krijuar dilema tep\u00ebr t\u00eb m\u00ebdha n\u00eb opinion. Ato kryesisht lidhen me \u00e7\u00ebshtjen q\u00eb athua se kuvendi, do t\u00eb hedh posht\u00eb vendimin e ish- kryetarit, sepse vet\u00ebm kuvendit,i takon me ligj ta b\u00ebnte porosin\u00eb e kaheve t\u00eb zhvillimit p\u00ebr 20vjet\u00eb e ardhshme n\u00eb Ulqin?!! A por sipas tradit\u00ebs, do t\u00eb \u00e7oj\u00eb gisht qe nj\u00ebkoh\u00ebsisht \u201cfluturon edhe lopa edhe zogu&#8230;\u201d!!! K\u00ebshilltar\u00ebt, jan\u00eb bindur se nuk mund t\u00eb votohet kund\u00ebr, ve\u00e7 se t\u00eb i propozohet p\u00ebrpunuesit, do konkluza, q\u00eb t\u00eb pranohen edhe v\u00ebrejtjet tjera&#8230;?!!<\/em><\/p>\n<p><em> Ky plan q\u00eb prite t\u00eb jet\u00eb n\u00eb kuvend, buron nga plani hap\u00ebsinor i republik\u00ebs n\u00eb t\u00eb cilin , gjat\u00eb miratimit t\u00eb tij, Komuna &#8211; Kuvendi e Ulqinit nuk kish dh\u00ebn\u00eb si institucion v\u00ebrejtje, e as ishte mbledhur fare, p\u00ebr t\u00eb debatuar , rreth v\u00ebrejtjeve n\u00eb planin hap\u00ebsinor. Sepse u manipulua me paraleliz\u00ebm t\u00eb pozit\u00ebs dhe opozit\u00ebs e k\u00ebsaj po i kontribuonte edhe sektori civil. Votimi vet\u00ebm i konkluzave, n\u00eb k\u00ebt\u00eb situat\u00eb, d\u00ebshmon se ai \u00ebsht\u00eb shnd\u00ebrruar vet\u00ebm n\u00eb instrument, t\u00eb grupeve t\u00eb interesit, pa e p\u00ebrfillur popullin.<\/em><\/p>\n<p><em>Shtrohet pyetja , pse ndodhi e po ndodh i gjith\u00eb ky paraleliz\u00ebm?!! Puna po duket , nisi, n\u00eb momentin kur grupe t\u00eb interesit, qoft\u00eb t\u00eb pozit\u00ebs, qoft\u00eb t\u00eb opozit\u00ebs me sektorin civil, q\u00eb ishin t\u00eb interesuar p\u00ebr prurje t\u00eb planit, d.m.th. valorizimin e pron\u00ebs private dhe asaj shtet\u00ebrore, kishin inskenuar protesta e peticione n\u00eb em\u00ebr t\u00eb interesit t\u00eb p\u00ebrgjithsh\u00ebm. N\u00eb fakt, ky paraleliz\u00ebm b\u00ebhej nga\u201dgrupet e interesit\u201d se kishin frik\u00eb , t\u2019i n\u00ebnshtroheshin \u201cdetektorit t\u00eb dogan\u00ebs\u201d s\u00eb kuvendit. Ai fundi i fundit edhe mund t\u00eb zbulonte parregullsi t\u00eb ambicieve t\u00eb tyre me rastin e shit-blerjes q\u00eb pritej. Kurse, k\u00ebsaj i druhej edhe vet\u00eb qeveria. Nisur nga kjo situat\u00eb, qytetar\u00ebt e Ulqinit, t\u00eb paraprir\u00eb nga (para)politika) e koh\u00ebs, q\u00eb u paraprinte Xhemal Peroviq- si sektor civil, vendos\u00ebn, q\u00eb problemet me qeveri, ti zgjidhnin me \u201crixha\u201d, si dikur n\u00eb koh\u00ebn e krajlit&#8230;? Kryetari i kuvendit, bashk\u00eb me k\u00ebshilltar\u00ebt, si dukej , nuk pyetej fare m\u00eb, se \u201ckur ishte Bbajrami&#8230;\u201d?!!! <\/em><\/p>\n<p><strong><em>Koha kur qeveris\u00eb i hasi sharra n\u00eb gozhd\u00eb&#8230;?!!<\/em><\/strong><\/p>\n<p>Pas invazionit rus, shitja e tok\u00ebs, q\u00eb pritej t\u00eb b\u00ebhej n\u00eb m\u00ebnyr\u00eb masovike ndaj t\u00eb huajve, p\u00ebr qeverin\u00eb, si\u00e7 po duket, kish d\u00ebshtuar\u2026?! Dihet se t\u00eb huajt nga per\u00ebndimi, nuk blejn\u00eb tok\u00eb , ashtu si rus\u00ebt, q\u00eb blen edhe tok\u00ebn e huaj me kadast\u00ebr?! Ose, t\u00eb nacionalizuar- \u00a0p\u00ebr t\u00eb tret\u00ebn her\u00eb brenda nj\u00eb shekulli-totalisht, pa letra..?! Trembjes s\u00eb investitor\u00ebve, n\u00eb k\u00ebt\u00eb koh\u00eb, i kontribuoi edhe opozita ulqinake e identifikuar me biznes i vendit, ajo , pasi kish shti n\u00eb dor\u00eb , do zona atraktive t\u00eb qytetit-hap\u00ebsir\u00ebs, pa dijen dhe vullnetin e kuvendit t\u00eb komun\u00ebs, p\u00ebrpiqej ti valorizonte, para hap\u00ebsir\u00ebs s\u00eb qeveris\u00eb.<\/p>\n<p>Qeveria, e trembur nga ky kollaps q\u00eb po p\u00ebrjetonte n\u00eb shitje t\u00eb bregdetit, kompanive t\u00eb huaja dhe pa dijen e popullsis\u00eb. Ajo shihej q\u00eb kish ra n\u00eb hall q\u00eb t\u00eb binte investitor\u00ebt, rreth arsyes s\u00eb mos konsultimit t\u00eb kuvendi q\u00eb i takon me ligj planifikimi. Ndarja e sferave t\u00eb nd\u00ebrsjella t\u00eb interesit(Minist\u00ebr-Gvozdenoviq \u2013Forca), t\u00eb ndihmuar edhe nga sektori civil, si shihej nuk mjaftonte.<\/p>\n<p><strong><em> K\u00ebshtu e frik\u00ebsuar nxit Hajdinag\u00ebn t\u00eb kaloj\u00eb kompetencat ehartimit t\u00eb PHU-s\u00eb , prej komun\u00ebs n\u00eb Qeve, duke b\u00ebr\u00eb shpejt e shpejt tin\u00ebz parlamentit lokal?!!<\/em><\/strong><\/p>\n<p>Ky dokument , q\u00eb sillet m\u00eb posht\u00eb, i p\u00ebrb\u00ebr\u00eb prej 5 neneve shihet q\u00eb n\u00eb form\u00eb i mungon di\u00e7ka. Fjala \u00ebsht\u00eb p\u00ebr nenin 2 t\u00eb marr\u00ebveshjes i cili mungon dhe ndoshta\u00a0\u00a0 me q\u00ebllim shkap\u00ebrcehej sepse n\u00eb te me siguri do t\u00eb duhej t\u00eb figuronte nj\u00eb formulim p\u00ebr p\u00eblqim t\u00eb kuvendit n\u00eb k\u00ebt\u00eb marr\u00ebveshje i cili u tejkalua<strong>?!<\/strong><\/p>\n<p>Karakteristik\u00eb, tjet\u00ebr e k\u00ebtij dokumenti, \u00ebsht\u00eb se qeveria tha se i kish kushtuar 800 mij\u00eb euro, q\u00eb u trajtuan si donacion i qeveris\u00eb&#8230;.?!! Kjo t\u00eb duket e pabesueshme n\u00eb koh\u00ebn kur t\u00eb gjith\u00eb planet e komunave tjera- gjithsej 20plane, mund t\u00eb ken\u00eb kushtuar rreth 1milion eurove&#8230;?!!!<\/p>\n<p>Hajdinaga mori p\u00ebrsip\u00ebr t\u2019i paraqes\u00eb shkres\u00eb- informat\u00eb Kuvendit, p\u00ebr ta njoftuar at\u00eb , se nuk kish pasur p\u00ebr q\u00ebllim t\u00eb punoj\u00eb pas shpine, edhe pse kuvendi zyrtarisht, nuk dihet q\u00eb t\u00eb jet\u00eb ankuar. Informata drejtuar kuvendit, nr.01-2416\/1, dat\u00eb , 17,06.2011. duhej t\u00eb p\u00ebrligjte veprimet e pozit\u00ebs dhe opozit\u00ebs , q\u00eb kishin vepruar si grupe joformale dhe cekte duke arsyetuar, se:\u201d<strong>Ky aktivitet nuk mund t\u00eb jet\u00eb ekskluzivitet i\u00a0\u00a0 as nj\u00eb numri t\u00eb njer\u00ebzve pa pjes\u00ebmarrjen aktive\u2026(kupto , qytetar\u00ebve dhe kuvendit. V. Jon\u00eb), se: \u201d N\u00eb k\u00ebt\u00eb na obligon kreu i 9 i Ligjit t\u00eb Vet\u00ebqeverisjes Lokale\u201c( q\u00eb pjes\u00ebmarr\u00ebsit e p\u00ebrmendur joformal, shtireshin se e \u00a0kan\u00eb harruar..), me siguri q\u00eb brendia e letr\u00ebs ishte b\u00ebr\u00eb \u00a0nga\u00a0 p\u00ebrpunuesit e planit; Konzorciumi (\u201eARUP\u201c,\u201cSAVILS\u201cdhe\u201cCAU\u201c),..?!!!<\/strong><\/p>\n<p><strong>\u00a0<a href=\"http:\/\/www.visit-ulcinj.com\/blog\/wp-content\/uploads\/2014\/09\/DOKUMENT-1.jpg\"><img loading=\"lazy\" class=\"alignleft wp-image-85506\" src=\"http:\/\/www.visit-ulcinj.com\/blog\/wp-content\/uploads\/2014\/09\/DOKUMENT-1.jpg\" alt=\"DOKUMENT-1\" width=\"508\" height=\"640\" srcset=\"https:\/\/www.visit-ulcinj.com\/blog\/wp-content\/uploads\/2014\/09\/DOKUMENT-1.jpg 625w, https:\/\/www.visit-ulcinj.com\/blog\/wp-content\/uploads\/2014\/09\/DOKUMENT-1-238x300.jpg 238w\" sizes=\"(max-width: 508px) 100vw, 508px\" \/><\/a><\/strong><\/p>\n<p><strong><em>Kush koordinonte me grupin joformal e parapolitik ndaj kuvendit?!!<\/em><\/strong><\/p>\n<p>Ky komision\u00a0 n\u00eb at\u00eb koh\u00eb koordinohej nga sekretari i urbanizmit, Nazo Hoxha( q\u00eb si\u00e7 thavet\u00eb se kish marr\u00eb k\u00ebshilla nga kryetari Cungu&#8230;)?!!, disa arkitekt\u00eb n\u00eb z\u00eb\u00a0 t\u00eb qytetit, si Selim Reslbegu etj, \u2026 t\u00eb cil\u00ebt u tha- \u201cthan\u00eb p\u00ebr vet\u00ebn e tyre \u2013 se kishin miq t\u00eb fort\u00eb, n\u00eb Podgoric\u00eb, p\u00ebr t\u00eb kryer \u201c<strong><em>pun\u00ebt \u00a0e planit hap\u00ebsinor dhe p\u00ebrgatitjes p\u00ebr shitje t\u00eb Ulqinit, kuptohet t\u00eb pronave t\u00eb tyre&#8230;?!!<\/em><\/strong> \u00a0 Me ta, shkuan edhe disa eksper\u00eb t\u00eb planifikimi t\u00eb opozit\u00ebs s\u00eb\u00a0\u00a0 at\u00ebhershme -Forc\u00ebs),\u00a0\u00a0 q\u00eb \u00a0i kryesonte \u00a0Sektori Joqeveritar i Ulqinit, me n\u00eb krye Xhemal Peroviqin si\u201d Drejtor ekzekutiv i Monitoring grupit(MOGUL<strong>&#8211; drejtor, pa t\u00eb pun\u00ebsuar, si shum\u00eb t\u00eb tjer\u00eb t\u00eb k\u00ebtij sektori)???!<\/strong><\/p>\n<p>Edhe sot, kur epilogu po i ofrohet fundit ,ekziston -dilema enigm\u00eb q\u00eb \u00ebsht\u00eb, p\u00ebrse sektori civil i cili ishte i vet\u00ebdijsh\u00ebm p\u00ebr k\u00ebt\u00eb paraleliz\u00ebm, so kujtohet e i shkruan let\u00ebr Gjek\u00ebs dhe Haxhibeti(14 shtator 2014),<\/p>\n<p>p\u00ebr thirrjen e seanc\u00ebs s\u00eb jasht\u00eb zakonshme p\u00ebr t\u00eb debatuar p\u00ebr v\u00ebrejtjet n\u00eb \u201cPHU\u201d-n\u00eb.<\/p>\n<p>A thua sot jan\u00eb kujtuar q\u00eb t\u00eb shkruajn\u00eb \u201d Kjo \u00e7\u00ebshtje, patjet\u00ebr \u00ebsht\u00eb n\u00eb kompetenc\u00eb t\u00eb kuvendit t\u00eb komun\u00ebs dhe duke mos hyr\u00eb se si ky vendim n\u00eb vitin 2009 i \u00ebsht\u00eb dh\u00ebn\u00eb pushtetit qendror&#8230;\u201d<\/p>\n<p>Mendojm\u00eb , q\u00eb ata s\u00ebrish u duhet t\u00eb jen\u00eb nj\u00eb prapasken\u00eb e Forc\u00ebs, p\u00ebr t\u00eb b\u00ebr\u00eb presion te qeveria, q\u00eb t\u00eb miratohen edhe konkluzat e dal\u00eb n\u00eb Kuvend, ose k\u00ebt\u00eb e b\u00ebjn\u00eb sepse u duhet p\u00ebr t\u00eb arsyetuar mjete q\u00eb marrin nga industrialist\u00ebt gjerman n\u00eb em\u00ebr t\u00eb sht\u00ebpis\u00eb s\u00eb gjelb\u00eber, ose \u00ebsht\u00eb m\u00eb e keqja, k\u00ebta kur nuk kan\u00eb kujt ti b\u00ebjn\u00eb oponenc\u00eb, jan\u00eb oponenc\u00eb me vet\u00eb vet\u00ebn&#8230;?!!<\/p>\n","protected":false},"excerpt":{"rendered":"<p>Shkruan, Muhamet Nika Harta e PHU-s\u00eb- Numrat e rrethuar nga 1-13, n\u00eb plan tregojn\u00eb k\u00ebrkesat e Forc\u00ebs q\u00eb jan\u00eb miratuar. Partit\u00eb tjera nuk pat\u00ebn; OJQ-t\u00eb\u00a0\u00a0 t\u00eb pak\u00ebnaqura&#8230;?!!! Pasi k\u00ebtyre dit\u00ebve, \u00ebsht\u00eb aktual miratimi i planit hap\u00ebsinor t\u00eb Ulqinit, q\u00eb ish- kryetari i komun\u00ebs Hajdinaga, ia besoi qeveris\u00eb n\u00eb rrethana jo krejt t\u00eb qarta,ky ka krijuar [&hellip;]<\/p>\n","protected":false},"author":1,"featured_media":0,"comment_status":"closed","ping_status":"closed","sticky":false,"template":"","format":"standard","meta":{"spay_email":"","jetpack_publicize_message":"","jetpack_is_tweetstorm":false,"jetpack_publicize_feature_enabled":true},"categories":[8],"tags":[],"jetpack_publicize_connections":[],"yoast_head":"<!-- This site is optimized with the Yoast SEO plugin v19.1 - https:\/\/yoast.com\/wordpress\/plugins\/seo\/ -->\n<title>Nika: A do t\u00eb miratohet PHU-ja plani hap\u00ebsinor i Ulqinit), n\u00eb kuvend ?!!!    - Lajme nga Ulqini<\/title>\n<meta name=\"description\" content=\"Shkruan, Muhamet Nika Harta e PHU-s\u00eb- Numrat e rrethuar nga 1-13, n\u00eb plan tregojn\u00eb k\u00ebrkesat e Forc\u00ebs q\u00eb jan\u00eb miratuar. Partit\u00eb tjera nuk pat\u00ebn; OJQ-t\u00eb\u00a0\u00a0\" \/>\n<meta name=\"robots\" content=\"index, follow, max-snippet:-1, max-image-preview:large, max-video-preview:-1\" \/>\n<link rel=\"canonical\" href=\"https:\/\/www.visit-ulcinj.com\/blog\/2014\/09\/26\/nika-te-miratohet-phu-ja-plani-hapesinor-ulqinit-ne-kuvend\/\" \/>\n<meta property=\"og:locale\" content=\"en_US\" \/>\n<meta property=\"og:type\" content=\"article\" \/>\n<meta property=\"og:title\" content=\"Nika: A do t\u00eb miratohet PHU-ja plani hap\u00ebsinor i Ulqinit), n\u00eb kuvend ?!!!    - Lajme nga Ulqini\" \/>\n<meta property=\"og:description\" content=\"Shkruan, Muhamet Nika Harta e PHU-s\u00eb- Numrat e rrethuar nga 1-13, n\u00eb plan tregojn\u00eb k\u00ebrkesat e Forc\u00ebs q\u00eb jan\u00eb miratuar. Partit\u00eb tjera nuk pat\u00ebn; OJQ-t\u00eb\u00a0\u00a0\" \/>\n<meta property=\"og:url\" content=\"https:\/\/www.visit-ulcinj.com\/blog\/2014\/09\/26\/nika-te-miratohet-phu-ja-plani-hapesinor-ulqinit-ne-kuvend\/\" \/>\n<meta property=\"og:site_name\" content=\"Lajme nga Ulqini\" \/>\n<meta property=\"article:published_time\" content=\"2014-09-26T16:16:33+00:00\" \/>\n<meta property=\"og:image\" content=\"http:\/\/www.visit-ulcinj.com\/blog\/wp-content\/uploads\/2014\/09\/DOKUMENT-1.jpg\" \/>\n<meta name=\"twitter:label1\" content=\"Written by\" \/>\n\t<meta name=\"twitter:data1\" content=\"ulqini\" \/>\n\t<meta name=\"twitter:label2\" content=\"Est. reading time\" \/>\n\t<meta name=\"twitter:data2\" content=\"6 minutes\" \/>\n<script type=\"application\/ld+json\" class=\"yoast-schema-graph\">{\"@context\":\"https:\/\/schema.org\",\"@graph\":[{\"@type\":\"WebSite\",\"@id\":\"https:\/\/www.visit-ulcinj.com\/blog\/#website\",\"url\":\"https:\/\/www.visit-ulcinj.com\/blog\/\",\"name\":\"Lajme nga Ulqini\",\"description\":\"Lajme,Vijesti,Ulqini,Ulqin,Crna Gora,Mali i Zi\",\"potentialAction\":[{\"@type\":\"SearchAction\",\"target\":{\"@type\":\"EntryPoint\",\"urlTemplate\":\"https:\/\/www.visit-ulcinj.com\/blog\/?s={search_term_string}\"},\"query-input\":\"required name=search_term_string\"}],\"inLanguage\":\"en-US\"},{\"@type\":\"ImageObject\",\"inLanguage\":\"en-US\",\"@id\":\"https:\/\/www.visit-ulcinj.com\/blog\/2014\/09\/26\/nika-te-miratohet-phu-ja-plani-hapesinor-ulqinit-ne-kuvend\/#primaryimage\",\"url\":\"https:\/\/www.visit-ulcinj.com\/blog\/wp-content\/uploads\/2014\/09\/DOKUMENT-1.jpg\",\"contentUrl\":\"https:\/\/www.visit-ulcinj.com\/blog\/wp-content\/uploads\/2014\/09\/DOKUMENT-1.jpg\",\"width\":625,\"height\":787},{\"@type\":\"WebPage\",\"@id\":\"https:\/\/www.visit-ulcinj.com\/blog\/2014\/09\/26\/nika-te-miratohet-phu-ja-plani-hapesinor-ulqinit-ne-kuvend\/#webpage\",\"url\":\"https:\/\/www.visit-ulcinj.com\/blog\/2014\/09\/26\/nika-te-miratohet-phu-ja-plani-hapesinor-ulqinit-ne-kuvend\/\",\"name\":\"Nika: A do t\u00eb miratohet PHU-ja plani hap\u00ebsinor i Ulqinit), n\u00eb kuvend ?!!! - Lajme nga Ulqini\",\"isPartOf\":{\"@id\":\"https:\/\/www.visit-ulcinj.com\/blog\/#website\"},\"primaryImageOfPage\":{\"@id\":\"https:\/\/www.visit-ulcinj.com\/blog\/2014\/09\/26\/nika-te-miratohet-phu-ja-plani-hapesinor-ulqinit-ne-kuvend\/#primaryimage\"},\"datePublished\":\"2014-09-26T16:16:33+00:00\",\"dateModified\":\"2014-09-26T16:16:33+00:00\",\"author\":{\"@id\":\"https:\/\/www.visit-ulcinj.com\/blog\/#\/schema\/person\/dcab619c614d3038751c63bc2aadc06d\"},\"description\":\"Shkruan, Muhamet Nika Harta e PHU-s\u00eb- Numrat e rrethuar nga 1-13, n\u00eb plan tregojn\u00eb k\u00ebrkesat e Forc\u00ebs q\u00eb jan\u00eb miratuar. Partit\u00eb tjera nuk pat\u00ebn; OJQ-t\u00eb\u00a0\u00a0\",\"breadcrumb\":{\"@id\":\"https:\/\/www.visit-ulcinj.com\/blog\/2014\/09\/26\/nika-te-miratohet-phu-ja-plani-hapesinor-ulqinit-ne-kuvend\/#breadcrumb\"},\"inLanguage\":\"en-US\",\"potentialAction\":[{\"@type\":\"ReadAction\",\"target\":[\"https:\/\/www.visit-ulcinj.com\/blog\/2014\/09\/26\/nika-te-miratohet-phu-ja-plani-hapesinor-ulqinit-ne-kuvend\/\"]}]},{\"@type\":\"BreadcrumbList\",\"@id\":\"https:\/\/www.visit-ulcinj.com\/blog\/2014\/09\/26\/nika-te-miratohet-phu-ja-plani-hapesinor-ulqinit-ne-kuvend\/#breadcrumb\",\"itemListElement\":[{\"@type\":\"ListItem\",\"position\":1,\"name\":\"Nika: A do t\u00eb miratohet PHU-ja plani hap\u00ebsinor i Ulqinit), n\u00eb kuvend ?!!!\"}]},{\"@type\":\"Person\",\"@id\":\"https:\/\/www.visit-ulcinj.com\/blog\/#\/schema\/person\/dcab619c614d3038751c63bc2aadc06d\",\"name\":\"ulqini\",\"sameAs\":[\"http:\/\/www.visit-ulcinj.com\"],\"url\":\"https:\/\/www.visit-ulcinj.com\/blog\/author\/admin\/\"}]}<\/script>\n<!-- \/ Yoast SEO plugin. -->","yoast_head_json":{"title":"Nika: A do t\u00eb miratohet PHU-ja plani hap\u00ebsinor i Ulqinit), n\u00eb kuvend ?!!!    - Lajme nga Ulqini","description":"Shkruan, Muhamet Nika Harta e PHU-s\u00eb- Numrat e rrethuar nga 1-13, n\u00eb plan tregojn\u00eb k\u00ebrkesat e Forc\u00ebs q\u00eb jan\u00eb miratuar. Partit\u00eb tjera nuk pat\u00ebn; OJQ-t\u00eb\u00a0\u00a0","robots":{"index":"index","follow":"follow","max-snippet":"max-snippet:-1","max-image-preview":"max-image-preview:large","max-video-preview":"max-video-preview:-1"},"canonical":"https:\/\/www.visit-ulcinj.com\/blog\/2014\/09\/26\/nika-te-miratohet-phu-ja-plani-hapesinor-ulqinit-ne-kuvend\/","og_locale":"en_US","og_type":"article","og_title":"Nika: A do t\u00eb miratohet PHU-ja plani hap\u00ebsinor i Ulqinit), n\u00eb kuvend ?!!!    - Lajme nga Ulqini","og_description":"Shkruan, Muhamet Nika Harta e PHU-s\u00eb- Numrat e rrethuar nga 1-13, n\u00eb plan tregojn\u00eb k\u00ebrkesat e Forc\u00ebs q\u00eb jan\u00eb miratuar. Partit\u00eb tjera nuk pat\u00ebn; OJQ-t\u00eb\u00a0\u00a0","og_url":"https:\/\/www.visit-ulcinj.com\/blog\/2014\/09\/26\/nika-te-miratohet-phu-ja-plani-hapesinor-ulqinit-ne-kuvend\/","og_site_name":"Lajme nga Ulqini","article_published_time":"2014-09-26T16:16:33+00:00","og_image":[{"url":"http:\/\/www.visit-ulcinj.com\/blog\/wp-content\/uploads\/2014\/09\/DOKUMENT-1.jpg"}],"twitter_misc":{"Written by":"ulqini","Est. reading time":"6 minutes"},"schema":{"@context":"https:\/\/schema.org","@graph":[{"@type":"WebSite","@id":"https:\/\/www.visit-ulcinj.com\/blog\/#website","url":"https:\/\/www.visit-ulcinj.com\/blog\/","name":"Lajme nga Ulqini","description":"Lajme,Vijesti,Ulqini,Ulqin,Crna Gora,Mali i Zi","potentialAction":[{"@type":"SearchAction","target":{"@type":"EntryPoint","urlTemplate":"https:\/\/www.visit-ulcinj.com\/blog\/?s={search_term_string}"},"query-input":"required name=search_term_string"}],"inLanguage":"en-US"},{"@type":"ImageObject","inLanguage":"en-US","@id":"https:\/\/www.visit-ulcinj.com\/blog\/2014\/09\/26\/nika-te-miratohet-phu-ja-plani-hapesinor-ulqinit-ne-kuvend\/#primaryimage","url":"https:\/\/www.visit-ulcinj.com\/blog\/wp-content\/uploads\/2014\/09\/DOKUMENT-1.jpg","contentUrl":"https:\/\/www.visit-ulcinj.com\/blog\/wp-content\/uploads\/2014\/09\/DOKUMENT-1.jpg","width":625,"height":787},{"@type":"WebPage","@id":"https:\/\/www.visit-ulcinj.com\/blog\/2014\/09\/26\/nika-te-miratohet-phu-ja-plani-hapesinor-ulqinit-ne-kuvend\/#webpage","url":"https:\/\/www.visit-ulcinj.com\/blog\/2014\/09\/26\/nika-te-miratohet-phu-ja-plani-hapesinor-ulqinit-ne-kuvend\/","name":"Nika: A do t\u00eb miratohet PHU-ja plani hap\u00ebsinor i Ulqinit), n\u00eb kuvend ?!!! - Lajme nga Ulqini","isPartOf":{"@id":"https:\/\/www.visit-ulcinj.com\/blog\/#website"},"primaryImageOfPage":{"@id":"https:\/\/www.visit-ulcinj.com\/blog\/2014\/09\/26\/nika-te-miratohet-phu-ja-plani-hapesinor-ulqinit-ne-kuvend\/#primaryimage"},"datePublished":"2014-09-26T16:16:33+00:00","dateModified":"2014-09-26T16:16:33+00:00","author":{"@id":"https:\/\/www.visit-ulcinj.com\/blog\/#\/schema\/person\/dcab619c614d3038751c63bc2aadc06d"},"description":"Shkruan, Muhamet Nika Harta e PHU-s\u00eb- Numrat e rrethuar nga 1-13, n\u00eb plan tregojn\u00eb k\u00ebrkesat e Forc\u00ebs q\u00eb jan\u00eb miratuar. Partit\u00eb tjera nuk pat\u00ebn; OJQ-t\u00eb\u00a0\u00a0","breadcrumb":{"@id":"https:\/\/www.visit-ulcinj.com\/blog\/2014\/09\/26\/nika-te-miratohet-phu-ja-plani-hapesinor-ulqinit-ne-kuvend\/#breadcrumb"},"inLanguage":"en-US","potentialAction":[{"@type":"ReadAction","target":["https:\/\/www.visit-ulcinj.com\/blog\/2014\/09\/26\/nika-te-miratohet-phu-ja-plani-hapesinor-ulqinit-ne-kuvend\/"]}]},{"@type":"BreadcrumbList","@id":"https:\/\/www.visit-ulcinj.com\/blog\/2014\/09\/26\/nika-te-miratohet-phu-ja-plani-hapesinor-ulqinit-ne-kuvend\/#breadcrumb","itemListElement":[{"@type":"ListItem","position":1,"name":"Nika: A do t\u00eb miratohet PHU-ja plani hap\u00ebsinor i Ulqinit), n\u00eb kuvend ?!!!"}]},{"@type":"Person","@id":"https:\/\/www.visit-ulcinj.com\/blog\/#\/schema\/person\/dcab619c614d3038751c63bc2aadc06d","name":"ulqini","sameAs":["http:\/\/www.visit-ulcinj.com"],"url":"https:\/\/www.visit-ulcinj.com\/blog\/author\/admin\/"}]}},"jetpack_featured_media_url":"","jetpack_sharing_enabled":true,"jetpack_shortlink":"https:\/\/wp.me\/pe6lTn-mf6","_links":{"self":[{"href":"https:\/\/www.visit-ulcinj.com\/blog\/wp-json\/wp\/v2\/posts\/85504"}],"collection":[{"href":"https:\/\/www.visit-ulcinj.com\/blog\/wp-json\/wp\/v2\/posts"}],"about":[{"href":"https:\/\/www.visit-ulcinj.com\/blog\/wp-json\/wp\/v2\/types\/post"}],"author":[{"embeddable":true,"href":"https:\/\/www.visit-ulcinj.com\/blog\/wp-json\/wp\/v2\/users\/1"}],"replies":[{"embeddable":true,"href":"https:\/\/www.visit-ulcinj.com\/blog\/wp-json\/wp\/v2\/comments?post=85504"}],"version-history":[{"count":1,"href":"https:\/\/www.visit-ulcinj.com\/blog\/wp-json\/wp\/v2\/posts\/85504\/revisions"}],"predecessor-version":[{"id":85507,"href":"https:\/\/www.visit-ulcinj.com\/blog\/wp-json\/wp\/v2\/posts\/85504\/revisions\/85507"}],"wp:attachment":[{"href":"https:\/\/www.visit-ulcinj.com\/blog\/wp-json\/wp\/v2\/media?parent=85504"}],"wp:term":[{"taxonomy":"category","embeddable":true,"href":"https:\/\/www.visit-ulcinj.com\/blog\/wp-json\/wp\/v2\/categories?post=85504"},{"taxonomy":"post_tag","embeddable":true,"href":"https:\/\/www.visit-ulcinj.com\/blog\/wp-json\/wp\/v2\/tags?post=85504"}],"curies":[{"name":"wp","href":"https:\/\/api.w.org\/{rel}","templated":true}]}}