{"id":85511,"date":"2014-09-28T21:14:31","date_gmt":"2014-09-28T20:14:31","guid":{"rendered":"http:\/\/www.visit-ulcinj.com\/blog\/?p=85511"},"modified":"2014-09-30T07:37:52","modified_gmt":"2014-09-30T06:37:52","slug":"sabri-salaj-kompensimi-ulqinit-ceshtja-e-ulqinit-4","status":"publish","type":"post","link":"https:\/\/www.visit-ulcinj.com\/blog\/2014\/09\/28\/sabri-salaj-kompensimi-ulqinit-ceshtja-e-ulqinit-4\/","title":{"rendered":"SABRI SALAJ: ,, Kompensimi\u201d i Ulqinit  \u2013 \u00c7\u00cbSHTJA E ULQINIT (4)"},"content":{"rendered":"<p><a href=\"http:\/\/www.visit-ulcinj.com\/blog\/wp-content\/uploads\/2014\/09\/SABRI-SALAJ.jpg\"><img loading=\"lazy\" class=\"alignleft wp-image-84991\" src=\"http:\/\/www.visit-ulcinj.com\/blog\/wp-content\/uploads\/2014\/09\/SABRI-SALAJ.jpg\" alt=\"SABRI SALAJ\" width=\"508\" height=\"381\" srcset=\"https:\/\/www.visit-ulcinj.com\/blog\/wp-content\/uploads\/2014\/09\/SABRI-SALAJ.jpg 640w, https:\/\/www.visit-ulcinj.com\/blog\/wp-content\/uploads\/2014\/09\/SABRI-SALAJ-300x225.jpg 300w\" sizes=\"(max-width: 508px) 100vw, 508px\" \/><\/a>Italia e cila ishte n\u00eb rivalitet m\u00eb Austro-Hungarin\u00eb p\u00ebr zot\u00ebrimin e detit Adriatik dhe Jon\u00eb n\u00ebp\u00ebr mjet territorit t\u00eb Shqip\u00ebris\u00eb kishte edhe interesa t\u00eb p\u00ebrbashk\u00ebta q\u00eb faktorin shqiptar\u00eb ta ngrinin si dig\u00eb kund\u00ebr shtrirjeve sllave, drejt k\u00ebtyre zonave.<\/p>\n<p>Porta e Lart\u00eb nuk e pranonte iden\u00eb e autonomis\u00eb pavar\u00ebsisht se ishte nj\u00eb e drejt\u00eb legjitime q\u00eb kombi shqiptar e k\u00ebrkonte. Perandoria Osmane propozimet e Fuqive t\u00eb M\u00ebdha i shihte si nd\u00ebrhyrje n\u00eb pun\u00ebt e brendshme t\u00eb Perandoris\u00eb. Perandoria Osmane vazhdonte nj\u00eb politik\u00eb t\u00eb centralizimit t\u00eb administrat\u00ebs shtet\u00ebrore n\u00eb d\u00ebm t\u00eb autonomis\u00eb s\u00eb vilajeteve,e cila shkonte n\u00eb favor t\u00eb politik\u00ebs cariste prapa s\u00eb cil\u00ebs fshiheshin tendencat cariste t\u00eb Sh\u00ebn Stefanit, p\u00ebr Ballkan dhe Mesdhe.<\/p>\n<p>Fuqit\u00eb e M\u00ebdha nuk e vler\u00ebsuan situat\u00ebn ashtu si\u00e7 ishte n\u00eb realitet, sepse nuk ishte fjala vet\u00ebm p\u00ebr faktorin turk, por edhe p\u00ebr rezistenc\u00ebn e shqiptar\u00ebve t\u00eb cil\u00ebt nuk lejonin cop\u00ebtimin e tokave t\u00eb tyre.<\/p>\n<p>Gjat\u00eb dit\u00ebve q\u00eb Konferenca e Berlinit zhvilloi seancat e veta u mblodh n\u00eb Stamboll m\u00eb 26 qershor 1880 Konferenca e Ambasador\u00ebve t\u00eb Fuqive t\u00eb M\u00ebdha p\u00ebr t\u00eb vendosur p\u00ebrfundimisht mbi z\u00ebvend\u00ebsimin e viseve t\u00eb Hotit dhe t\u00eb Grud\u00ebs me qytetin dhe me rrethin e Ulqinit. Q\u00eb n\u00eb seanc\u00ebn e par\u00eb ran\u00eb dakord q\u00eb t\u00eb b\u00ebhet dor\u00ebzimi i Ulqinit, Malit t\u00eb Zi, por edhe k\u00ebtu zgjedhja e \u00e7\u00ebshtjes mbeti n\u00eb mes t\u00eb rrug\u00ebs sepse Konferenca, me gjith\u00eb k\u00ebrkes\u00ebn k\u00ebmb\u00ebngul\u00ebse t\u00eb p\u00ebrfaq\u00ebsuesit rus, nuk mori dot nj\u00eb vendim t\u00eb prer\u00eb rreth mjeteve ne t\u00eb cilat detyrohej Perandoria Osmane q\u00eb ta vinte n\u00eb zbatim vendimin e tyre.<\/p>\n<p>Gazeta \u201cel-Ahram\u201d n\u00eb nj\u00eb artikull me titull \u201cEvropa dhe Lindja\u201d trajton politik\u00ebn e shteteve t\u00eb m\u00ebdha ndaj Shqip\u00ebris\u00eb dhe refuzimin e shqiptar\u00ebve q\u00eb t\u00eb zbatojn\u00eb vendimet e Berlinit, ku p\u00ebrve\u00e7 tjerash thuhet: \u201cSi do t\u00eb jet\u00eb politika e shteteve t\u00eb m\u00ebdha ndaj k\u00ebsaj gjendjeje? Nuk ka dyshim se ata i din\u00eb se Turqia nuk i pranon vendimet e tyre dhe se shqiptar\u00ebt do t\u00eb p\u00ebrdorin forc\u00ebn kund\u00ebr Malit t\u00eb Zi dhe Greqis\u00eb. Nuk \u00ebsht\u00eb vet\u00ebm kjo por shtetet e m\u00ebdha nuk jan\u00eb dakord n\u00eb mes vete p\u00ebr nd\u00ebrhyrje nga frika se mos \u00e7\u00ebshtja do ta marr\u00eb drejtimin q\u00eb ato nuk d\u00ebshirojn\u00eb. Anglia d\u00ebshiron t\u00eb d\u00ebrgoj\u00eb n\u00eb Turqi ushtri evropiane, por ajo frik\u00ebsohej se mos do t\u2019i thuhej t\u2019i jap\u00eb anijet e saj q\u00eb t\u00eb zbarkoj\u00eb ushtar\u00eb rus\u00eb n\u00eb Thesali dhe Epir p\u00ebr t\u00eb zbatuar vendimet e Berlinit. Nuk \u00ebsht\u00eb dhe p\u00ebr tu habitur n\u00ebse Rusia do e k\u00ebrkoj nj\u00eb gj\u00eb t\u00eb till\u00eb, sepse ajo ka p\u00ebr q\u00ebllim dhe punon q\u00eb sa m\u00eb tep\u00ebr t\u00eb nd\u00ebrlikohet \u00e7\u00ebshtja e Lindjes. Sidoqoft\u00eb, politika e Rusis\u00eb dallohet nga politika e shteteve evropiane m\u00eb nj\u00eb gj\u00eb, n\u00eb at\u00eb se ajo di pse p\u00ebrpiqet dhe \u00e7far\u00eb q\u00ebllimi ka.<\/p>\n<p>Dalja n\u00eb sken\u00eb e \u00e7\u00ebshtjes s\u00eb Ulqinit dhe p\u00ebrcaktimi i vij\u00ebs kufitare m\u00eb Malin e Zi, p\u00ebr Fuqit\u00eb e M\u00ebdha jepte nj\u00eb avantazh p\u00ebrcaktimi i kufirit n\u00eb bregdet sepse n\u00eb k\u00ebt\u00eb rast kishin mund\u00ebsi t\u00eb d\u00ebrgonin forcat detare p\u00ebr t\u00eb siguruar zbatimin e vendimeve t\u00eb tyre. Dh\u00ebnia e Ulqinit arsyetohej me faktin se nga aspekti strategjiko-ushtarak, do t\u00eb mund t\u00eb pushtohej me sulm nga toka q\u00eb do t\u00eb ndihmohej me luftanije nga deti.<\/p>\n<p>Lidhur m\u00eb situat\u00ebn e krijuar gazeta \u201cGlas Crnogorca\u201d e 30 gushtit 1880 shkruante: \u201cUlqini u b\u00eb qend\u00ebr e v\u00ebmendjes n\u00eb t\u00eb cil\u00ebn e ka drejtuar shikimin t\u00ebr\u00eb bota politike. Ndjehet frika nga d\u00ebrgimi i flot\u00ebs s\u00eb bashkuar nd\u00ebrkomb\u00ebtare, sidomos t\u00eb shqiptar\u00ebt, gj\u00eb q\u00eb \u00ebsht\u00eb krejt normale, sepse turqit s\u2019kan\u00eb \u00e7ka t\u00eb humbin nga angazhimi eventual i flot\u00ebs, nd\u00ebrsa shqiptar\u00ebt humbin shum\u00eb\u201d. Gazeta \u201cGlas Crnogorca\u201d informonte se \u2018\u2019p\u00ebrball\u00eb flot\u00ebs s\u00eb bashkuar nd\u00ebrkomb\u00ebtare, forcave ushtarake t\u00eb Malit t\u00eb Zi dhe gatishm\u00ebris\u00eb s\u00eb Turqis\u00eb p\u00ebr ta dor\u00ebzuar Ulqinin, q\u00ebndronin forcat vullnetare shqiptare. \u00c7\u00ebshtja shqiptare kishte dal\u00eb nga suazat lokale dhe ishte shtruar para institucioneve nd\u00ebrkomb\u00ebtare sidomos n\u00eb Konferenc\u00ebn e Stambollit dhe t\u00eb Berlinit n\u00eb vitin 1880. Realisht, sipas prof. Zef Vizzolit, nga kriza e Ulqinit n\u00eb t\u00eb gjitha kabinetet evropiane do t\u00eb flitet p\u00ebr \u00e7\u00ebshtjen shqiptare.<\/p>\n<p>Kancelarit\u00eb e fuqive t\u00eb m\u00ebdha duke pasur frik\u00eb se mund t\u00eb d\u00ebshtoj\u00eb edhe \u00e7\u00ebshtja e \u201ckompensimit\u201d t\u00eb Ulqinit, vendos\u00ebn q\u00eb t\u00eb v\u00ebn\u00eb n\u00eb l\u00ebvizje flot\u00ebn e tyre t\u00eb stacionuar m\u00eb par\u00eb n\u00eb Portin e Dubrovnikut. P\u00ebrve\u00e7 k\u00ebsaj, Fuqit\u00eb e M\u00ebdha ran\u00eb dakord q\u00eb Malit t\u00eb Zi t\u2019i jepej ndihma material dhe ushtarake p\u00ebr t\u2019i p\u00ebrballuar sulmet e mundshme t\u00eb shqiptar\u00ebve duke arritur n\u00eb nj\u00eb p\u00ebrfundim q\u00eb pa arritur forcat malazeze n\u00eb vij\u00ebn e kufirit t\u00eb mos b\u00ebhet demonstrimi i flot\u00ebs s\u00eb tyre t\u00eb luft\u00ebs. M\u00eb 23 shtator admirali anglez Sejmur kishte shkuar n\u00eb Cetin\u00eb, ku pas nj\u00eb bisede t\u00eb shkurt\u00ebr q\u00eb b\u00ebri m\u00eb princ Nikoll\u00ebn, u kthye n\u00eb Raguz\u00eb e m\u00eb 26 qershor ishin v\u00ebn\u00eb n\u00eb l\u00ebvizje t\u00eb gjitha anijet n\u00eb drejtim t\u00eb Tivarit, ku pas nj\u00eb pushimi t\u00eb shkurt\u00ebr vazhduan rrug\u00ebn p\u00ebr n\u00eb Ulqin dhe n\u00eb mbr\u00ebmje t\u00eb po asaj dite arrit\u00ebn n\u00eb uj\u00ebrat e k\u00ebtij limani.<\/p>\n<p>Fuqit\u00eb e M\u00ebdha nd\u00ebrhynin n\u00eb m\u00ebnyr\u00eb diplomatike te Porta e Lart\u00eb, por si edhe m\u00eb par\u00eb duke mos dashur t\u00eb hyjn\u00eb n\u00eb luft\u00eb m\u00eb shqiptar\u00ebt. Perandoria zvarriste dor\u00ebzimin. P\u00ebr ta v\u00ebn\u00eb para aktit t\u00eb kryer Gladston &#8211; kryeminist\u00ebr i Anglis\u00eb, mendon t\u00eb b\u00ebj\u00eb kusurimin e porteve t\u00eb Perandoris\u00eb Osmane, e sidomos portin e Izmirit, me q\u00ebllim q\u00eb t\u2019i ken\u00eb si garanci material p\u00ebr Ulqinin. K\u00ebta hapa t\u00eb rinj t\u00eb fuqive t\u00eb m\u00ebdha e detyruan Turqin\u00eb q\u00eb t\u00eb nd\u00ebrmarr\u00eb masa serioze p\u00ebr dor\u00ebzimin e Ulqinit, Malit t\u00eb Zi. Frika e pushtimit t\u00eb Izmirit ku nxirreshin t\u00eb ardhurat doganore m\u00eb t\u00eb m\u00ebdha t\u00eb Perandoris\u00eb, e bindi Turqin\u00eb se \u00e7\u00ebshtja e Ulqinit s\u2019mund t\u00eb vazhdonte m\u00eb gjat\u00eb dhe u-p\u00ebrgjigj se do t\u00eb merrte masat p\u00ebr ta dor\u00ebzuar menj\u00ebher\u00eb.<\/p>\n<p>Frika nga pushtimi i Stambollit n\u00eb rast se nuk dor\u00ebzohet Ulqini, ishte raporti i kapiten Sale m\u00eb 10 n\u00ebntor 1880 ku thoshte se Dervish Pasha b\u00ebn apel t\u00eb shqiptar\u00ebt e Shkodr\u00ebs se duhet medoemos q\u00eb t\u00eb b\u00ebhet dor\u00ebzimi i Ulqinit.<\/p>\n<p>Lidhja Shqiptare nuk pranonte t\u00eb b\u00ebnte asnj\u00eb marr\u00ebveshje p\u00ebr trojet e veta, ku pavar\u00ebsisht veprimtaris\u00eb s\u00eb dendur diplomatike t\u00eb fuqive t\u00eb m\u00ebdha dhe Port\u00ebs s\u00eb Lart\u00eb, t\u00eb cil\u00ebt kishte si q\u00ebllim q\u00eb Shqiptar\u00ebt t\u00eb t\u00ebrhiqen nga mbrojtja e Ulqinit, duke iu b\u00ebr\u00eb nga premtimet m\u00eb t\u00eb ndryshme, populli shqiptar q\u00ebndroi me krenari dhe dinjitet n\u00eb mbrojtje t\u00eb vatanit. P\u00ebr ta ishte nj\u00eb nder i madh q\u00eb t\u00eb gjitha Fuqit\u00eb e M\u00ebdha kishin d\u00ebrguar flotat e tyre p\u00ebr ta pushtuar Ulqinin e vog\u00ebl.<\/p>\n<p>Sipas d\u00ebshmive t\u00eb ambasador\u00ebve t\u00eb Franc\u00ebs, Gjermanis\u00eb dhe t\u00eb Austro-Hungaris\u00eb n\u00eb Stamboll n\u00eb at\u00eb koh\u00eb Porta nuk ishte n\u00eb gjendje t\u00eb b\u00ebnte gj\u00eb kund\u00ebr vullnetit t\u00eb Lidhjes Shqiptare dhe druante m\u00eb tep\u00ebr kryengritjen e Shqiptar\u00ebve se sa demonstrat\u00ebn e flot\u00ebs nd\u00ebrkomb\u00ebtare. Fuqit\u00eb e M\u00ebdha donin q\u00eb Ulqini t\u00eb dor\u00ebzohej prej vet\u00eb Perandoris\u00eb.<\/p>\n<p>&nbsp;<\/p>\n<p>&nbsp;<\/p>\n","protected":false},"excerpt":{"rendered":"<p>Italia e cila ishte n\u00eb rivalitet m\u00eb Austro-Hungarin\u00eb p\u00ebr zot\u00ebrimin e detit Adriatik dhe Jon\u00eb n\u00ebp\u00ebr mjet territorit t\u00eb Shqip\u00ebris\u00eb kishte edhe interesa t\u00eb p\u00ebrbashk\u00ebta q\u00eb faktorin shqiptar\u00eb ta ngrinin si dig\u00eb kund\u00ebr shtrirjeve sllave, drejt k\u00ebtyre zonave. Porta e Lart\u00eb nuk e pranonte iden\u00eb e autonomis\u00eb pavar\u00ebsisht se ishte nj\u00eb e drejt\u00eb legjitime q\u00eb [&hellip;]<\/p>\n","protected":false},"author":1,"featured_media":0,"comment_status":"closed","ping_status":"closed","sticky":false,"template":"","format":"standard","meta":{"spay_email":"","jetpack_publicize_message":"","jetpack_is_tweetstorm":false,"jetpack_publicize_feature_enabled":true},"categories":[1,14249],"tags":[],"jetpack_publicize_connections":[],"yoast_head":"<!-- This site is optimized with the Yoast SEO plugin v19.1 - https:\/\/yoast.com\/wordpress\/plugins\/seo\/ -->\n<title>SABRI SALAJ: ,, Kompensimi\u201d i Ulqinit \u2013 \u00c7\u00cbSHTJA E ULQINIT (4) - Lajme nga Ulqini<\/title>\n<meta name=\"description\" content=\"Italia e cila ishte n\u00eb rivalitet m\u00eb Austro-Hungarin\u00eb p\u00ebr zot\u00ebrimin e detit Adriatik dhe Jon\u00eb n\u00ebp\u00ebr mjet territorit t\u00eb Shqip\u00ebris\u00eb kishte edhe interesa t\u00eb\" \/>\n<meta name=\"robots\" content=\"index, follow, max-snippet:-1, max-image-preview:large, max-video-preview:-1\" \/>\n<link rel=\"canonical\" href=\"https:\/\/www.visit-ulcinj.com\/blog\/2014\/09\/28\/sabri-salaj-kompensimi-ulqinit-ceshtja-e-ulqinit-4\/\" \/>\n<meta property=\"og:locale\" content=\"en_US\" \/>\n<meta property=\"og:type\" content=\"article\" \/>\n<meta property=\"og:title\" content=\"SABRI SALAJ: ,, Kompensimi\u201d i Ulqinit \u2013 \u00c7\u00cbSHTJA E ULQINIT (4) - Lajme nga Ulqini\" \/>\n<meta property=\"og:description\" content=\"Italia e cila ishte n\u00eb rivalitet m\u00eb Austro-Hungarin\u00eb p\u00ebr zot\u00ebrimin e detit Adriatik dhe Jon\u00eb n\u00ebp\u00ebr mjet territorit t\u00eb Shqip\u00ebris\u00eb kishte edhe interesa t\u00eb\" \/>\n<meta property=\"og:url\" content=\"https:\/\/www.visit-ulcinj.com\/blog\/2014\/09\/28\/sabri-salaj-kompensimi-ulqinit-ceshtja-e-ulqinit-4\/\" \/>\n<meta property=\"og:site_name\" content=\"Lajme nga Ulqini\" \/>\n<meta property=\"article:published_time\" content=\"2014-09-28T20:14:31+00:00\" \/>\n<meta property=\"article:modified_time\" content=\"2014-09-30T06:37:52+00:00\" \/>\n<meta property=\"og:image\" content=\"http:\/\/www.visit-ulcinj.com\/blog\/wp-content\/uploads\/2014\/09\/SABRI-SALAJ.jpg\" \/>\n<meta name=\"twitter:label1\" content=\"Written by\" \/>\n\t<meta name=\"twitter:data1\" content=\"ulqini\" \/>\n\t<meta name=\"twitter:label2\" content=\"Est. reading time\" \/>\n\t<meta name=\"twitter:data2\" content=\"6 minutes\" \/>\n<script type=\"application\/ld+json\" class=\"yoast-schema-graph\">{\"@context\":\"https:\/\/schema.org\",\"@graph\":[{\"@type\":\"WebSite\",\"@id\":\"https:\/\/www.visit-ulcinj.com\/blog\/#website\",\"url\":\"https:\/\/www.visit-ulcinj.com\/blog\/\",\"name\":\"Lajme nga Ulqini\",\"description\":\"Lajme,Vijesti,Ulqini,Ulqin,Crna Gora,Mali i Zi\",\"potentialAction\":[{\"@type\":\"SearchAction\",\"target\":{\"@type\":\"EntryPoint\",\"urlTemplate\":\"https:\/\/www.visit-ulcinj.com\/blog\/?s={search_term_string}\"},\"query-input\":\"required name=search_term_string\"}],\"inLanguage\":\"en-US\"},{\"@type\":\"ImageObject\",\"inLanguage\":\"en-US\",\"@id\":\"https:\/\/www.visit-ulcinj.com\/blog\/2014\/09\/28\/sabri-salaj-kompensimi-ulqinit-ceshtja-e-ulqinit-4\/#primaryimage\",\"url\":\"https:\/\/www.visit-ulcinj.com\/blog\/wp-content\/uploads\/2014\/09\/SABRI-SALAJ.jpg\",\"contentUrl\":\"https:\/\/www.visit-ulcinj.com\/blog\/wp-content\/uploads\/2014\/09\/SABRI-SALAJ.jpg\",\"width\":640,\"height\":480},{\"@type\":\"WebPage\",\"@id\":\"https:\/\/www.visit-ulcinj.com\/blog\/2014\/09\/28\/sabri-salaj-kompensimi-ulqinit-ceshtja-e-ulqinit-4\/#webpage\",\"url\":\"https:\/\/www.visit-ulcinj.com\/blog\/2014\/09\/28\/sabri-salaj-kompensimi-ulqinit-ceshtja-e-ulqinit-4\/\",\"name\":\"SABRI SALAJ: ,, Kompensimi\u201d i Ulqinit \u2013 \u00c7\u00cbSHTJA E ULQINIT (4) - Lajme nga Ulqini\",\"isPartOf\":{\"@id\":\"https:\/\/www.visit-ulcinj.com\/blog\/#website\"},\"primaryImageOfPage\":{\"@id\":\"https:\/\/www.visit-ulcinj.com\/blog\/2014\/09\/28\/sabri-salaj-kompensimi-ulqinit-ceshtja-e-ulqinit-4\/#primaryimage\"},\"datePublished\":\"2014-09-28T20:14:31+00:00\",\"dateModified\":\"2014-09-30T06:37:52+00:00\",\"author\":{\"@id\":\"https:\/\/www.visit-ulcinj.com\/blog\/#\/schema\/person\/dcab619c614d3038751c63bc2aadc06d\"},\"description\":\"Italia e cila ishte n\u00eb rivalitet m\u00eb Austro-Hungarin\u00eb p\u00ebr zot\u00ebrimin e detit Adriatik dhe Jon\u00eb n\u00ebp\u00ebr mjet territorit t\u00eb Shqip\u00ebris\u00eb kishte edhe interesa t\u00eb\",\"breadcrumb\":{\"@id\":\"https:\/\/www.visit-ulcinj.com\/blog\/2014\/09\/28\/sabri-salaj-kompensimi-ulqinit-ceshtja-e-ulqinit-4\/#breadcrumb\"},\"inLanguage\":\"en-US\",\"potentialAction\":[{\"@type\":\"ReadAction\",\"target\":[\"https:\/\/www.visit-ulcinj.com\/blog\/2014\/09\/28\/sabri-salaj-kompensimi-ulqinit-ceshtja-e-ulqinit-4\/\"]}]},{\"@type\":\"BreadcrumbList\",\"@id\":\"https:\/\/www.visit-ulcinj.com\/blog\/2014\/09\/28\/sabri-salaj-kompensimi-ulqinit-ceshtja-e-ulqinit-4\/#breadcrumb\",\"itemListElement\":[{\"@type\":\"ListItem\",\"position\":1,\"name\":\"SABRI SALAJ: ,, Kompensimi\u201d i Ulqinit \u2013 \u00c7\u00cbSHTJA E ULQINIT (4)\"}]},{\"@type\":\"Person\",\"@id\":\"https:\/\/www.visit-ulcinj.com\/blog\/#\/schema\/person\/dcab619c614d3038751c63bc2aadc06d\",\"name\":\"ulqini\",\"sameAs\":[\"http:\/\/www.visit-ulcinj.com\"],\"url\":\"https:\/\/www.visit-ulcinj.com\/blog\/author\/admin\/\"}]}<\/script>\n<!-- \/ Yoast SEO plugin. -->","yoast_head_json":{"title":"SABRI SALAJ: ,, Kompensimi\u201d i Ulqinit \u2013 \u00c7\u00cbSHTJA E ULQINIT (4) - Lajme nga Ulqini","description":"Italia e cila ishte n\u00eb rivalitet m\u00eb Austro-Hungarin\u00eb p\u00ebr zot\u00ebrimin e detit Adriatik dhe Jon\u00eb n\u00ebp\u00ebr mjet territorit t\u00eb Shqip\u00ebris\u00eb kishte edhe interesa t\u00eb","robots":{"index":"index","follow":"follow","max-snippet":"max-snippet:-1","max-image-preview":"max-image-preview:large","max-video-preview":"max-video-preview:-1"},"canonical":"https:\/\/www.visit-ulcinj.com\/blog\/2014\/09\/28\/sabri-salaj-kompensimi-ulqinit-ceshtja-e-ulqinit-4\/","og_locale":"en_US","og_type":"article","og_title":"SABRI SALAJ: ,, Kompensimi\u201d i Ulqinit \u2013 \u00c7\u00cbSHTJA E ULQINIT (4) - Lajme nga Ulqini","og_description":"Italia e cila ishte n\u00eb rivalitet m\u00eb Austro-Hungarin\u00eb p\u00ebr zot\u00ebrimin e detit Adriatik dhe Jon\u00eb n\u00ebp\u00ebr mjet territorit t\u00eb Shqip\u00ebris\u00eb kishte edhe interesa t\u00eb","og_url":"https:\/\/www.visit-ulcinj.com\/blog\/2014\/09\/28\/sabri-salaj-kompensimi-ulqinit-ceshtja-e-ulqinit-4\/","og_site_name":"Lajme nga Ulqini","article_published_time":"2014-09-28T20:14:31+00:00","article_modified_time":"2014-09-30T06:37:52+00:00","og_image":[{"url":"http:\/\/www.visit-ulcinj.com\/blog\/wp-content\/uploads\/2014\/09\/SABRI-SALAJ.jpg"}],"twitter_misc":{"Written by":"ulqini","Est. reading time":"6 minutes"},"schema":{"@context":"https:\/\/schema.org","@graph":[{"@type":"WebSite","@id":"https:\/\/www.visit-ulcinj.com\/blog\/#website","url":"https:\/\/www.visit-ulcinj.com\/blog\/","name":"Lajme nga Ulqini","description":"Lajme,Vijesti,Ulqini,Ulqin,Crna Gora,Mali i Zi","potentialAction":[{"@type":"SearchAction","target":{"@type":"EntryPoint","urlTemplate":"https:\/\/www.visit-ulcinj.com\/blog\/?s={search_term_string}"},"query-input":"required name=search_term_string"}],"inLanguage":"en-US"},{"@type":"ImageObject","inLanguage":"en-US","@id":"https:\/\/www.visit-ulcinj.com\/blog\/2014\/09\/28\/sabri-salaj-kompensimi-ulqinit-ceshtja-e-ulqinit-4\/#primaryimage","url":"https:\/\/www.visit-ulcinj.com\/blog\/wp-content\/uploads\/2014\/09\/SABRI-SALAJ.jpg","contentUrl":"https:\/\/www.visit-ulcinj.com\/blog\/wp-content\/uploads\/2014\/09\/SABRI-SALAJ.jpg","width":640,"height":480},{"@type":"WebPage","@id":"https:\/\/www.visit-ulcinj.com\/blog\/2014\/09\/28\/sabri-salaj-kompensimi-ulqinit-ceshtja-e-ulqinit-4\/#webpage","url":"https:\/\/www.visit-ulcinj.com\/blog\/2014\/09\/28\/sabri-salaj-kompensimi-ulqinit-ceshtja-e-ulqinit-4\/","name":"SABRI SALAJ: ,, Kompensimi\u201d i Ulqinit \u2013 \u00c7\u00cbSHTJA E ULQINIT (4) - Lajme nga Ulqini","isPartOf":{"@id":"https:\/\/www.visit-ulcinj.com\/blog\/#website"},"primaryImageOfPage":{"@id":"https:\/\/www.visit-ulcinj.com\/blog\/2014\/09\/28\/sabri-salaj-kompensimi-ulqinit-ceshtja-e-ulqinit-4\/#primaryimage"},"datePublished":"2014-09-28T20:14:31+00:00","dateModified":"2014-09-30T06:37:52+00:00","author":{"@id":"https:\/\/www.visit-ulcinj.com\/blog\/#\/schema\/person\/dcab619c614d3038751c63bc2aadc06d"},"description":"Italia e cila ishte n\u00eb rivalitet m\u00eb Austro-Hungarin\u00eb p\u00ebr zot\u00ebrimin e detit Adriatik dhe Jon\u00eb n\u00ebp\u00ebr mjet territorit t\u00eb Shqip\u00ebris\u00eb kishte edhe interesa t\u00eb","breadcrumb":{"@id":"https:\/\/www.visit-ulcinj.com\/blog\/2014\/09\/28\/sabri-salaj-kompensimi-ulqinit-ceshtja-e-ulqinit-4\/#breadcrumb"},"inLanguage":"en-US","potentialAction":[{"@type":"ReadAction","target":["https:\/\/www.visit-ulcinj.com\/blog\/2014\/09\/28\/sabri-salaj-kompensimi-ulqinit-ceshtja-e-ulqinit-4\/"]}]},{"@type":"BreadcrumbList","@id":"https:\/\/www.visit-ulcinj.com\/blog\/2014\/09\/28\/sabri-salaj-kompensimi-ulqinit-ceshtja-e-ulqinit-4\/#breadcrumb","itemListElement":[{"@type":"ListItem","position":1,"name":"SABRI SALAJ: ,, Kompensimi\u201d i Ulqinit \u2013 \u00c7\u00cbSHTJA E ULQINIT (4)"}]},{"@type":"Person","@id":"https:\/\/www.visit-ulcinj.com\/blog\/#\/schema\/person\/dcab619c614d3038751c63bc2aadc06d","name":"ulqini","sameAs":["http:\/\/www.visit-ulcinj.com"],"url":"https:\/\/www.visit-ulcinj.com\/blog\/author\/admin\/"}]}},"jetpack_featured_media_url":"","jetpack_sharing_enabled":true,"jetpack_shortlink":"https:\/\/wp.me\/pe6lTn-mfd","_links":{"self":[{"href":"https:\/\/www.visit-ulcinj.com\/blog\/wp-json\/wp\/v2\/posts\/85511"}],"collection":[{"href":"https:\/\/www.visit-ulcinj.com\/blog\/wp-json\/wp\/v2\/posts"}],"about":[{"href":"https:\/\/www.visit-ulcinj.com\/blog\/wp-json\/wp\/v2\/types\/post"}],"author":[{"embeddable":true,"href":"https:\/\/www.visit-ulcinj.com\/blog\/wp-json\/wp\/v2\/users\/1"}],"replies":[{"embeddable":true,"href":"https:\/\/www.visit-ulcinj.com\/blog\/wp-json\/wp\/v2\/comments?post=85511"}],"version-history":[{"count":1,"href":"https:\/\/www.visit-ulcinj.com\/blog\/wp-json\/wp\/v2\/posts\/85511\/revisions"}],"predecessor-version":[{"id":85512,"href":"https:\/\/www.visit-ulcinj.com\/blog\/wp-json\/wp\/v2\/posts\/85511\/revisions\/85512"}],"wp:attachment":[{"href":"https:\/\/www.visit-ulcinj.com\/blog\/wp-json\/wp\/v2\/media?parent=85511"}],"wp:term":[{"taxonomy":"category","embeddable":true,"href":"https:\/\/www.visit-ulcinj.com\/blog\/wp-json\/wp\/v2\/categories?post=85511"},{"taxonomy":"post_tag","embeddable":true,"href":"https:\/\/www.visit-ulcinj.com\/blog\/wp-json\/wp\/v2\/tags?post=85511"}],"curies":[{"name":"wp","href":"https:\/\/api.w.org\/{rel}","templated":true}]}}