{"id":85515,"date":"2014-09-30T07:08:12","date_gmt":"2014-09-30T06:08:12","guid":{"rendered":"http:\/\/www.visit-ulcinj.com\/blog\/?p=85515"},"modified":"2014-09-30T07:08:58","modified_gmt":"2014-09-30T06:08:58","slug":"komunalna-policija-saobracajni-znak-izaziva-cudenje-vecine-stanovnika-ulcinja","status":"publish","type":"post","link":"https:\/\/www.visit-ulcinj.com\/blog\/2014\/09\/30\/komunalna-policija-saobracajni-znak-izaziva-cudenje-vecine-stanovnika-ulcinja\/","title":{"rendered":"Komunalna policija: Saobra\u0107ajni znak koji izaziva \u010du\u0111enje ve\u0107ine stanovnika Ulcinja"},"content":{"rendered":"<p><a href=\"http:\/\/www.visit-ulcinj.com\/blog\/wp-content\/uploads\/2014\/09\/Komunalna-policija-Saobracajni-znak-Pristan-Ulcinj.jpg\"><img loading=\"lazy\" class=\"alignleft wp-image-85516\" src=\"http:\/\/www.visit-ulcinj.com\/blog\/wp-content\/uploads\/2014\/09\/Komunalna-policija-Saobracajni-znak-Pristan-Ulcinj.jpg\" alt=\"Komunalna policija-Saobracajni znak-Pristan-Ulcinj\" width=\"508\" height=\"381\" srcset=\"https:\/\/www.visit-ulcinj.com\/blog\/wp-content\/uploads\/2014\/09\/Komunalna-policija-Saobracajni-znak-Pristan-Ulcinj.jpg 960w, https:\/\/www.visit-ulcinj.com\/blog\/wp-content\/uploads\/2014\/09\/Komunalna-policija-Saobracajni-znak-Pristan-Ulcinj-300x225.jpg 300w\" sizes=\"(max-width: 508px) 100vw, 508px\" \/><\/a>Saobra\u0107ajni znak koji je izazivao i jo\u0161 uvijek izaziva \u010du\u0111enje ve\u0107ine stanovnika i \u017eitelja ovog dijela Pristana i Starog grada, dugo stoji tu na tom mjestu, mada je \u010dini mi se na po\u010detku svog &#8220;inaugurisanja&#8221;, bio sa druge strane ulice.<br \/>\nNo, svejedno, jer jo\u0161 uvijek stoji tu a, najmanje su ga po\u0161tovali oni koji su i inicirali njegovo postavljenje. Ko je od &#8220;Op\u0161tinskih mo\u0107nika&#8221; odlu\u010dio da ga postavi tu, zaista neznam, ali najvjerovatnije su ga postavili ljudi ko<span class=\"text_exposed_show\">ji rijetko i silaze do Pristana.<\/span><\/p>\n<p><span class=\"text_exposed_show\"><a href=\"http:\/\/www.visit-ulcinj.com\/blog\/wp-content\/uploads\/2014\/09\/Komunalna-policija-Saobracajni-znak-Pristan-Ulcinj-1.jpg\"><img loading=\"lazy\" class=\"alignleft wp-image-85517\" src=\"http:\/\/www.visit-ulcinj.com\/blog\/wp-content\/uploads\/2014\/09\/Komunalna-policija-Saobracajni-znak-Pristan-Ulcinj-1.jpg\" alt=\"Komunalna policija-Saobracajni znak-Pristan-Ulcinj-1\" width=\"508\" height=\"381\" srcset=\"https:\/\/www.visit-ulcinj.com\/blog\/wp-content\/uploads\/2014\/09\/Komunalna-policija-Saobracajni-znak-Pristan-Ulcinj-1.jpg 960w, https:\/\/www.visit-ulcinj.com\/blog\/wp-content\/uploads\/2014\/09\/Komunalna-policija-Saobracajni-znak-Pristan-Ulcinj-1-300x225.jpg 300w\" sizes=\"(max-width: 508px) 100vw, 508px\" \/><\/a><br \/>\nStanovnici Pristana, posebno \u017eitelji te ulice, kao i stanovnici Starog grada, obzirom da je Parking ispod Starog grada dat pod najam, nemaju gdje da parkiraju svoja vozila, dok je Pristani\u0161te bilo uvijek zauzeto od vozila turista koji borave u Starom gradu i na Pristanu, \u0161to je i u redu.<br \/>\nKomunalnoj policiji, kojoj su na\u017ealost, po mom skromnom mi\u0161ljenju zakonom data prevelika ovla\u0161\u0107enja, dato je pravo da primjenjuje kazne, sli\u010dno onima koje primjenjuje Saobra\u0107ajna policija. Ponekad je silazila i zapisivala brojeve automobila koja su se tada nalazila parkirana na ovom dijelu ulice, umjesto da se bavi problemima iz svog &#8220;bogatog&#8221; repertoara&#8230;<br \/>\nNo, na\u017ealost, ovakvu nelogiku je slabo ko po\u0161tovao, jer je nakon odlaska Komunalne policije, koji su rijetko silazili, ili Saobra\u0107ajne policije opet po\u010dinjalo parkiranje, \u0161to je i normalno ako se uzme u obzir konfiguracija terena i smjer ulice. I danas se to isto de\u0161ava. Danas sam slikao znak, koji zabranjuje parkiranje do kraja ulice, ali slika pokazuje ne\u0161to sasvim drugo. Zato gospodo uklonite znak, koji zaista nema nikakvog efekta, jer je postavljen na mjestu, gdje mu nije mjesto, a ka\u017enjavanje samo radi ka\u017enjavanja, zaista nema svrhe..To se tada naziva drugim imenom&#8230;<\/span><\/p>\n<p>&nbsp;<\/p>\n<p id=\"js_0\" class=\"_5pbw\" data-ft=\"{&quot;tn&quot;:&quot;C&quot;}\"><strong><span class=\"fcg\"><span class=\"fwb\"><a id=\"js_49\" class=\"profileLink _5f0v\" tabindex=\"0\" href=\"https:\/\/www.facebook.com\/ismet.karamanaga\" data-ft=\"{&quot;tn&quot;:&quot;l&quot;}\" data-hovercard=\"\/ajax\/hovercard\/user.php?id=1359492972\">Ismet Karamanaga Facebook<\/a><\/span><\/span><\/strong><\/p>\n","protected":false},"excerpt":{"rendered":"<p>Saobra\u0107ajni znak koji je izazivao i jo\u0161 uvijek izaziva \u010du\u0111enje ve\u0107ine stanovnika i \u017eitelja ovog dijela Pristana i Starog grada, dugo stoji tu na tom mjestu, mada je \u010dini mi se na po\u010detku svog &#8220;inaugurisanja&#8221;, bio sa druge strane ulice. No, svejedno, jer jo\u0161 uvijek stoji tu a, najmanje su ga po\u0161tovali oni koji su [&hellip;]<\/p>\n","protected":false},"author":1,"featured_media":0,"comment_status":"closed","ping_status":"closed","sticky":false,"template":"","format":"standard","meta":{"spay_email":"","jetpack_publicize_message":"","jetpack_is_tweetstorm":false,"jetpack_publicize_feature_enabled":true},"categories":[8337],"tags":[],"jetpack_publicize_connections":[],"yoast_head":"<!-- This site is optimized with the Yoast SEO plugin v19.1 - https:\/\/yoast.com\/wordpress\/plugins\/seo\/ -->\n<title>Komunalna policija: Saobra\u0107ajni znak koji izaziva \u010du\u0111enje ve\u0107ine stanovnika Ulcinja - Lajme nga Ulqini<\/title>\n<meta name=\"description\" content=\"Saobra\u0107ajni znak koji je izazivao i jo\u0161 uvijek izaziva \u010du\u0111enje ve\u0107ine stanovnika i \u017eitelja ovog dijela Pristana i Starog grada, dugo stoji tu na tom\" \/>\n<meta name=\"robots\" content=\"index, follow, max-snippet:-1, max-image-preview:large, max-video-preview:-1\" \/>\n<link rel=\"canonical\" href=\"https:\/\/www.visit-ulcinj.com\/blog\/2014\/09\/30\/komunalna-policija-saobracajni-znak-izaziva-cudenje-vecine-stanovnika-ulcinja\/\" \/>\n<meta property=\"og:locale\" content=\"en_US\" \/>\n<meta property=\"og:type\" content=\"article\" \/>\n<meta property=\"og:title\" content=\"Komunalna policija: Saobra\u0107ajni znak koji izaziva \u010du\u0111enje ve\u0107ine stanovnika Ulcinja - Lajme nga Ulqini\" \/>\n<meta property=\"og:description\" content=\"Saobra\u0107ajni znak koji je izazivao i jo\u0161 uvijek izaziva \u010du\u0111enje ve\u0107ine stanovnika i \u017eitelja ovog dijela Pristana i Starog grada, dugo stoji tu na tom\" \/>\n<meta property=\"og:url\" content=\"https:\/\/www.visit-ulcinj.com\/blog\/2014\/09\/30\/komunalna-policija-saobracajni-znak-izaziva-cudenje-vecine-stanovnika-ulcinja\/\" \/>\n<meta property=\"og:site_name\" content=\"Lajme nga Ulqini\" \/>\n<meta property=\"article:published_time\" content=\"2014-09-30T06:08:12+00:00\" \/>\n<meta property=\"article:modified_time\" content=\"2014-09-30T06:08:58+00:00\" \/>\n<meta property=\"og:image\" content=\"http:\/\/www.visit-ulcinj.com\/blog\/wp-content\/uploads\/2014\/09\/Komunalna-policija-Saobracajni-znak-Pristan-Ulcinj.jpg\" \/>\n<meta name=\"twitter:label1\" content=\"Written by\" \/>\n\t<meta name=\"twitter:data1\" content=\"ulqini\" \/>\n\t<meta name=\"twitter:label2\" content=\"Est. reading time\" \/>\n\t<meta name=\"twitter:data2\" content=\"2 minutes\" \/>\n<script type=\"application\/ld+json\" class=\"yoast-schema-graph\">{\"@context\":\"https:\/\/schema.org\",\"@graph\":[{\"@type\":\"WebSite\",\"@id\":\"https:\/\/www.visit-ulcinj.com\/blog\/#website\",\"url\":\"https:\/\/www.visit-ulcinj.com\/blog\/\",\"name\":\"Lajme nga Ulqini\",\"description\":\"Lajme,Vijesti,Ulqini,Ulqin,Crna Gora,Mali i Zi\",\"potentialAction\":[{\"@type\":\"SearchAction\",\"target\":{\"@type\":\"EntryPoint\",\"urlTemplate\":\"https:\/\/www.visit-ulcinj.com\/blog\/?s={search_term_string}\"},\"query-input\":\"required name=search_term_string\"}],\"inLanguage\":\"en-US\"},{\"@type\":\"ImageObject\",\"inLanguage\":\"en-US\",\"@id\":\"https:\/\/www.visit-ulcinj.com\/blog\/2014\/09\/30\/komunalna-policija-saobracajni-znak-izaziva-cudenje-vecine-stanovnika-ulcinja\/#primaryimage\",\"url\":\"https:\/\/www.visit-ulcinj.com\/blog\/wp-content\/uploads\/2014\/09\/Komunalna-policija-Saobracajni-znak-Pristan-Ulcinj.jpg\",\"contentUrl\":\"https:\/\/www.visit-ulcinj.com\/blog\/wp-content\/uploads\/2014\/09\/Komunalna-policija-Saobracajni-znak-Pristan-Ulcinj.jpg\",\"width\":960,\"height\":720},{\"@type\":\"WebPage\",\"@id\":\"https:\/\/www.visit-ulcinj.com\/blog\/2014\/09\/30\/komunalna-policija-saobracajni-znak-izaziva-cudenje-vecine-stanovnika-ulcinja\/#webpage\",\"url\":\"https:\/\/www.visit-ulcinj.com\/blog\/2014\/09\/30\/komunalna-policija-saobracajni-znak-izaziva-cudenje-vecine-stanovnika-ulcinja\/\",\"name\":\"Komunalna policija: Saobra\u0107ajni znak koji izaziva \u010du\u0111enje ve\u0107ine stanovnika Ulcinja - Lajme nga Ulqini\",\"isPartOf\":{\"@id\":\"https:\/\/www.visit-ulcinj.com\/blog\/#website\"},\"primaryImageOfPage\":{\"@id\":\"https:\/\/www.visit-ulcinj.com\/blog\/2014\/09\/30\/komunalna-policija-saobracajni-znak-izaziva-cudenje-vecine-stanovnika-ulcinja\/#primaryimage\"},\"datePublished\":\"2014-09-30T06:08:12+00:00\",\"dateModified\":\"2014-09-30T06:08:58+00:00\",\"author\":{\"@id\":\"https:\/\/www.visit-ulcinj.com\/blog\/#\/schema\/person\/dcab619c614d3038751c63bc2aadc06d\"},\"description\":\"Saobra\u0107ajni znak koji je izazivao i jo\u0161 uvijek izaziva \u010du\u0111enje ve\u0107ine stanovnika i \u017eitelja ovog dijela Pristana i Starog grada, dugo stoji tu na tom\",\"breadcrumb\":{\"@id\":\"https:\/\/www.visit-ulcinj.com\/blog\/2014\/09\/30\/komunalna-policija-saobracajni-znak-izaziva-cudenje-vecine-stanovnika-ulcinja\/#breadcrumb\"},\"inLanguage\":\"en-US\",\"potentialAction\":[{\"@type\":\"ReadAction\",\"target\":[\"https:\/\/www.visit-ulcinj.com\/blog\/2014\/09\/30\/komunalna-policija-saobracajni-znak-izaziva-cudenje-vecine-stanovnika-ulcinja\/\"]}]},{\"@type\":\"BreadcrumbList\",\"@id\":\"https:\/\/www.visit-ulcinj.com\/blog\/2014\/09\/30\/komunalna-policija-saobracajni-znak-izaziva-cudenje-vecine-stanovnika-ulcinja\/#breadcrumb\",\"itemListElement\":[{\"@type\":\"ListItem\",\"position\":1,\"name\":\"Komunalna policija: Saobra\u0107ajni znak koji izaziva \u010du\u0111enje ve\u0107ine stanovnika Ulcinja\"}]},{\"@type\":\"Person\",\"@id\":\"https:\/\/www.visit-ulcinj.com\/blog\/#\/schema\/person\/dcab619c614d3038751c63bc2aadc06d\",\"name\":\"ulqini\",\"sameAs\":[\"http:\/\/www.visit-ulcinj.com\"],\"url\":\"https:\/\/www.visit-ulcinj.com\/blog\/author\/admin\/\"}]}<\/script>\n<!-- \/ Yoast SEO plugin. -->","yoast_head_json":{"title":"Komunalna policija: Saobra\u0107ajni znak koji izaziva \u010du\u0111enje ve\u0107ine stanovnika Ulcinja - Lajme nga Ulqini","description":"Saobra\u0107ajni znak koji je izazivao i jo\u0161 uvijek izaziva \u010du\u0111enje ve\u0107ine stanovnika i \u017eitelja ovog dijela Pristana i Starog grada, dugo stoji tu na tom","robots":{"index":"index","follow":"follow","max-snippet":"max-snippet:-1","max-image-preview":"max-image-preview:large","max-video-preview":"max-video-preview:-1"},"canonical":"https:\/\/www.visit-ulcinj.com\/blog\/2014\/09\/30\/komunalna-policija-saobracajni-znak-izaziva-cudenje-vecine-stanovnika-ulcinja\/","og_locale":"en_US","og_type":"article","og_title":"Komunalna policija: Saobra\u0107ajni znak koji izaziva \u010du\u0111enje ve\u0107ine stanovnika Ulcinja - Lajme nga Ulqini","og_description":"Saobra\u0107ajni znak koji je izazivao i jo\u0161 uvijek izaziva \u010du\u0111enje ve\u0107ine stanovnika i \u017eitelja ovog dijela Pristana i Starog grada, dugo stoji tu na tom","og_url":"https:\/\/www.visit-ulcinj.com\/blog\/2014\/09\/30\/komunalna-policija-saobracajni-znak-izaziva-cudenje-vecine-stanovnika-ulcinja\/","og_site_name":"Lajme nga Ulqini","article_published_time":"2014-09-30T06:08:12+00:00","article_modified_time":"2014-09-30T06:08:58+00:00","og_image":[{"url":"http:\/\/www.visit-ulcinj.com\/blog\/wp-content\/uploads\/2014\/09\/Komunalna-policija-Saobracajni-znak-Pristan-Ulcinj.jpg"}],"twitter_misc":{"Written by":"ulqini","Est. reading time":"2 minutes"},"schema":{"@context":"https:\/\/schema.org","@graph":[{"@type":"WebSite","@id":"https:\/\/www.visit-ulcinj.com\/blog\/#website","url":"https:\/\/www.visit-ulcinj.com\/blog\/","name":"Lajme nga Ulqini","description":"Lajme,Vijesti,Ulqini,Ulqin,Crna Gora,Mali i Zi","potentialAction":[{"@type":"SearchAction","target":{"@type":"EntryPoint","urlTemplate":"https:\/\/www.visit-ulcinj.com\/blog\/?s={search_term_string}"},"query-input":"required name=search_term_string"}],"inLanguage":"en-US"},{"@type":"ImageObject","inLanguage":"en-US","@id":"https:\/\/www.visit-ulcinj.com\/blog\/2014\/09\/30\/komunalna-policija-saobracajni-znak-izaziva-cudenje-vecine-stanovnika-ulcinja\/#primaryimage","url":"https:\/\/www.visit-ulcinj.com\/blog\/wp-content\/uploads\/2014\/09\/Komunalna-policija-Saobracajni-znak-Pristan-Ulcinj.jpg","contentUrl":"https:\/\/www.visit-ulcinj.com\/blog\/wp-content\/uploads\/2014\/09\/Komunalna-policija-Saobracajni-znak-Pristan-Ulcinj.jpg","width":960,"height":720},{"@type":"WebPage","@id":"https:\/\/www.visit-ulcinj.com\/blog\/2014\/09\/30\/komunalna-policija-saobracajni-znak-izaziva-cudenje-vecine-stanovnika-ulcinja\/#webpage","url":"https:\/\/www.visit-ulcinj.com\/blog\/2014\/09\/30\/komunalna-policija-saobracajni-znak-izaziva-cudenje-vecine-stanovnika-ulcinja\/","name":"Komunalna policija: Saobra\u0107ajni znak koji izaziva \u010du\u0111enje ve\u0107ine stanovnika Ulcinja - Lajme nga Ulqini","isPartOf":{"@id":"https:\/\/www.visit-ulcinj.com\/blog\/#website"},"primaryImageOfPage":{"@id":"https:\/\/www.visit-ulcinj.com\/blog\/2014\/09\/30\/komunalna-policija-saobracajni-znak-izaziva-cudenje-vecine-stanovnika-ulcinja\/#primaryimage"},"datePublished":"2014-09-30T06:08:12+00:00","dateModified":"2014-09-30T06:08:58+00:00","author":{"@id":"https:\/\/www.visit-ulcinj.com\/blog\/#\/schema\/person\/dcab619c614d3038751c63bc2aadc06d"},"description":"Saobra\u0107ajni znak koji je izazivao i jo\u0161 uvijek izaziva \u010du\u0111enje ve\u0107ine stanovnika i \u017eitelja ovog dijela Pristana i Starog grada, dugo stoji tu na tom","breadcrumb":{"@id":"https:\/\/www.visit-ulcinj.com\/blog\/2014\/09\/30\/komunalna-policija-saobracajni-znak-izaziva-cudenje-vecine-stanovnika-ulcinja\/#breadcrumb"},"inLanguage":"en-US","potentialAction":[{"@type":"ReadAction","target":["https:\/\/www.visit-ulcinj.com\/blog\/2014\/09\/30\/komunalna-policija-saobracajni-znak-izaziva-cudenje-vecine-stanovnika-ulcinja\/"]}]},{"@type":"BreadcrumbList","@id":"https:\/\/www.visit-ulcinj.com\/blog\/2014\/09\/30\/komunalna-policija-saobracajni-znak-izaziva-cudenje-vecine-stanovnika-ulcinja\/#breadcrumb","itemListElement":[{"@type":"ListItem","position":1,"name":"Komunalna policija: Saobra\u0107ajni znak koji izaziva \u010du\u0111enje ve\u0107ine stanovnika Ulcinja"}]},{"@type":"Person","@id":"https:\/\/www.visit-ulcinj.com\/blog\/#\/schema\/person\/dcab619c614d3038751c63bc2aadc06d","name":"ulqini","sameAs":["http:\/\/www.visit-ulcinj.com"],"url":"https:\/\/www.visit-ulcinj.com\/blog\/author\/admin\/"}]}},"jetpack_featured_media_url":"","jetpack_sharing_enabled":true,"jetpack_shortlink":"https:\/\/wp.me\/pe6lTn-mfh","_links":{"self":[{"href":"https:\/\/www.visit-ulcinj.com\/blog\/wp-json\/wp\/v2\/posts\/85515"}],"collection":[{"href":"https:\/\/www.visit-ulcinj.com\/blog\/wp-json\/wp\/v2\/posts"}],"about":[{"href":"https:\/\/www.visit-ulcinj.com\/blog\/wp-json\/wp\/v2\/types\/post"}],"author":[{"embeddable":true,"href":"https:\/\/www.visit-ulcinj.com\/blog\/wp-json\/wp\/v2\/users\/1"}],"replies":[{"embeddable":true,"href":"https:\/\/www.visit-ulcinj.com\/blog\/wp-json\/wp\/v2\/comments?post=85515"}],"version-history":[{"count":2,"href":"https:\/\/www.visit-ulcinj.com\/blog\/wp-json\/wp\/v2\/posts\/85515\/revisions"}],"predecessor-version":[{"id":85519,"href":"https:\/\/www.visit-ulcinj.com\/blog\/wp-json\/wp\/v2\/posts\/85515\/revisions\/85519"}],"wp:attachment":[{"href":"https:\/\/www.visit-ulcinj.com\/blog\/wp-json\/wp\/v2\/media?parent=85515"}],"wp:term":[{"taxonomy":"category","embeddable":true,"href":"https:\/\/www.visit-ulcinj.com\/blog\/wp-json\/wp\/v2\/categories?post=85515"},{"taxonomy":"post_tag","embeddable":true,"href":"https:\/\/www.visit-ulcinj.com\/blog\/wp-json\/wp\/v2\/tags?post=85515"}],"curies":[{"name":"wp","href":"https:\/\/api.w.org\/{rel}","templated":true}]}}