{"id":85520,"date":"2014-09-30T07:35:55","date_gmt":"2014-09-30T06:35:55","guid":{"rendered":"http:\/\/www.visit-ulcinj.com\/blog\/?p=85520"},"modified":"2014-09-30T19:50:08","modified_gmt":"2014-09-30T18:50:08","slug":"richard-lukaj-nderohet-urdherin-nderi-kombit-nga-presidenti-nishani","status":"publish","type":"post","link":"https:\/\/www.visit-ulcinj.com\/blog\/2014\/09\/30\/richard-lukaj-nderohet-urdherin-nderi-kombit-nga-presidenti-nishani\/","title":{"rendered":"Richard Lukaj nderohet me urdh\u00ebrin \u201cNderi i Kombit\u201d nga presidenti Nishani"},"content":{"rendered":"<p><a href=\"http:\/\/www.visit-ulcinj.com\/blog\/wp-content\/uploads\/2014\/09\/Richard-Lukaj-Bujar-Nishani-.jpg\"><img loading=\"lazy\" class=\"alignleft wp-image-85528\" src=\"http:\/\/www.visit-ulcinj.com\/blog\/wp-content\/uploads\/2014\/09\/Richard-Lukaj-Bujar-Nishani-.jpg\" alt=\"Richard-Lukaj-Bujar-Nishani-\" width=\"508\" height=\"409\" srcset=\"https:\/\/www.visit-ulcinj.com\/blog\/wp-content\/uploads\/2014\/09\/Richard-Lukaj-Bujar-Nishani-.jpg 960w, https:\/\/www.visit-ulcinj.com\/blog\/wp-content\/uploads\/2014\/09\/Richard-Lukaj-Bujar-Nishani--300x241.jpg 300w\" sizes=\"(max-width: 508px) 100vw, 508px\" \/><br \/>\n<\/a>Presidenti i Shqip\u00ebris\u00eb zoti Bujar Nishani ka dekoruar KKSHA-n\u00eb me urdh\u00ebrin \u201cGjergj Kastrioti\u201d si dhe me \u201cNderi i Kombit\u201d aktivist\u00ebt: Anthony Athanas (pas vdekjes), Nikolla Pano, Harry Bajraktari, Richard Lukaj dhe Jim Xhema.<\/p>\n<p><strong>NGA BEQIR SINA, New York City\/<\/strong><\/p>\n<p>BIG APPLE NYC : Presidenti i Shqip\u00ebris\u00eb Bujar Nishani, n\u00eb dit\u00ebn e fundit t\u00eb q\u00ebndrimit t\u00eb tij n\u00eb Nju Jork, nderoi mbr\u00ebm\u00eb n\u00eb lokalin e njohur Russian Tea Room n\u00eb Nju Jork, me medalje dhe urdhra nj\u00eb organizat\u00eb dhe 5 personalitete t\u00eb dalluara t\u00eb diaspor\u00ebs shqiptare n\u00eb Amerik\u00eb.<br \/>\nN\u00eb nj\u00eb ceremoni t\u00eb organizuar nga Misioni i Shqip\u00ebris\u00eb pran\u00eb Kombeve t\u00eb Bashkuara, zoti Nishani falenderoi dhe vler\u00ebsoi lart kontributin e shqiptar\u00ebve t\u00eb Amerik\u00ebs, n\u00eb dobi t\u00eb \u00e7\u00ebshtjes komb\u00ebtare si dhe nderoi me k\u00ebt\u00eb rast figurat e shquara t\u00eb komunitetit shqiptaro-amerikan dhe sidomos disa personalitete t\u00eb dalluara n\u00eb diaspor\u00eb, p\u00ebr kontributin e tyre n\u00eb \u00e7\u00ebshtjen komb\u00ebtare.<br \/>\nPresidenti i Shqip\u00ebris\u00eb Bujar Nishani me k\u00ebt\u00eb rast u shprehu mir\u00ebnjohjen shqiptaro-amerikan\u00ebve p\u00ebr ndihmes\u00ebn e tyre n\u00eb krijimin dhe mbrojtjen e shtetit shqiptar, pavar\u00ebsin\u00eb e Shqip\u00ebris\u00eb dhe Kosov\u00ebs, p\u00ebr lirin\u00eb dhe demokracin\u00eb, mbrojtjen e t\u00eb drejtave t\u00eb shqiptar\u00ebve n\u00eb Mal t\u00eb Zi, Lugin\u00ebn e Preshev\u00ebs dhe Maqedoni dhe n\u00eb afrimin m\u00eb t\u00eb madh mes shqiptar\u00ebve dhe popullit amerikan.<\/p>\n<p><a href=\"http:\/\/www.visit-ulcinj.com\/blog\/wp-content\/uploads\/2014\/09\/Richard-Lukaj-Bujar-Nishani-2.jpg\"><img loading=\"lazy\" class=\"alignleft wp-image-85522\" src=\"http:\/\/www.visit-ulcinj.com\/blog\/wp-content\/uploads\/2014\/09\/Richard-Lukaj-Bujar-Nishani-2.jpg\" alt=\"Richard Lukaj-Bujar-Nishani-2\" width=\"508\" height=\"381\" srcset=\"https:\/\/www.visit-ulcinj.com\/blog\/wp-content\/uploads\/2014\/09\/Richard-Lukaj-Bujar-Nishani-2.jpg 960w, https:\/\/www.visit-ulcinj.com\/blog\/wp-content\/uploads\/2014\/09\/Richard-Lukaj-Bujar-Nishani-2-300x225.jpg 300w\" sizes=\"(max-width: 508px) 100vw, 508px\" \/><\/a><\/p>\n<p>N\u00eb fillim t\u00eb fjal\u00ebs s\u00eb tij duke th\u00ebn\u00eb se vizita e tij n\u00eb vendin m\u00eb t\u00eb madh t\u00eb demokracis\u00eb, e ka inspiruar gjithmon\u00eb, at\u00eb, ai tha:<br \/>\n\u201cAndaj e ndjej\u00eb si obligim ta p\u00ebrs\u00ebris\u00eb k\u00ebnaq\u00ebsin time dhe t\u00eb vendit tim\u00eb \u2013 Shqip\u00ebris\u00eb, dhe t\u00eb gjith\u00eb shqiptar\u00ebve p\u00ebr rolin dhe kontributin historik t\u00eb gjith\u00eb diaspor\u00ebs shqiptare n\u00eb SHBA \u2013 p\u00ebr t\u00eb mb\u00ebshtetur fort t\u00eb gjitha \u00e7\u00ebshtjet komb\u00ebtare shqiptare \u2013 Pavar\u00ebsin\u00eb e Shqip\u00ebris\u00eb , pavar\u00ebsin\u00eb e Kosov\u00ebs p\u00ebr t\u00eb drejtat e shqiptar\u00ebve n\u00eb Maqedoni , Lugin\u00ebn\u00eb e Preshev\u00ebs n\u00eb Mal t\u00eb Zi dhe kudo ku jan\u00eb shqiptar\u00ebt\u201d.<br \/>\nZoti Nishani tha se vler\u00ebsonte me nota t\u00eb larta kontributin e diaspor\u00ebs shqiptare n\u00eb Amerik\u00eb n\u00eb sfidat e v\u00ebshtira q\u00eb kaloi kombi shqiptar n\u00eb vitet e izolimit total komunist, sidomos n\u00eb Shqip\u00ebri.<br \/>\n\u201cGjat\u00eb periudh\u00ebs s\u00eb izolimit t\u00eb plot\u00eb absurd t\u00eb Shqip\u00ebris\u00eb komuniste, shqiptar\u00ebt e Amerik\u00ebs ishin i vetmi z\u00eb q\u00eb artikulonte interesat e shqiptar\u00ebve kudo n\u00eb bot\u00eb. Ata u kthyen n\u00eb ambasador\u00eb t\u00eb aspiratave tona p\u00ebr liri dhe demokraci dhe zhvillim. Dhe, kurr nuk u dekurajuan nga sulmi plot vrer dhe itiketimet me baza ideologjike, q\u00eb vinin n\u00eb at\u00eb koh\u00eb nga elita komuniste.\u201d<br \/>\nAi foli m\u00eb pas edhe p\u00ebr rolin e Shteteve t\u00eb Bashkuara n\u00eb p\u00ebrparimin e shqiptar\u00ebve n\u00eb Ballkan, miq\u00ebsin e madhe mes popullit amerikan dhe shqip\u00ebtar, kontributin historik t\u00eb shqiptar\u00ebve t\u00eb Amerik\u00ebs t\u00eb cil\u00ebt tha Presidenti Nishani vendos\u00ebn urat e lidhjes s\u00eb k\u00ebsaj miq\u00ebsie, q\u00eb i ka themelet e saj prej nga Presidenti Uillsion dhe deri n\u00eb dit\u00ebt e sotme.<br \/>\n\u201cSot \u00ebsht\u00eb rasti t\u00eb themi q\u00eb jemi miku i madh dhe i p\u00ebrjet\u00ebsh\u00ebm i SHBA, aleat\u00eb n\u00eb NATO, jemi partner\u00eb strategjik\u00eb, dhe jemi vazhdimisht n\u00eb nj\u00eb bashkudh\u00ebtim q\u00eb do ta \u00e7oj\u00eb Shqip\u00ebrin\u00eb n\u00eb arritje t\u00eb reja\u201d.<br \/>\nPresidenti i Shqip\u00ebris\u00eb zoti Nishani falenderoi m\u00eb pas dhe foli p\u00ebr figurat e shquara shqiptaro-amerikane, personalitetet e nderuara n\u00eb mbr\u00ebmjen kushtuar shqiptar\u00ebve t\u00eb Amerik\u00ebs, duke dekoruar KKSHA-n\u00eb me urdh\u00ebrin \u201cGjergj Kastrioti\u201d si dhe me \u201cNderi i Kombit\u201d aktivist\u00ebt: Anthony Athanas (pas vdekjes), Nikolla Pano, Harry Bajraktari, Richard Lukaj dhe Jim Xhema.<br \/>\nGazeta shqiptaro amerikane Illyria shkruan sot se Presdenti Nishani u prezantua mbr\u00ebm\u00eb \u201cSi nj\u00eb president i t\u00eb gjith\u00eb shqiptar\u00ebve\u201d<br \/>\nMbasi si thot\u00eb editori i saj Ruben Avxhiu, n\u00eb fjalimin e tij t\u00eb mbr\u00ebmjes, presidenti Nishani ishte gjith\u00ebp\u00ebrfshir\u00ebs, ndon\u00ebse urdh\u00ebrat dhe nderimet po b\u00ebheshin n\u00eb em\u00ebr t\u00eb shtetit t\u00eb Shqip\u00ebris\u00eb, argumenti mb\u00ebshtet\u00ebs ishte mbar\u00ebshqiptar.<\/p>\n<p><a href=\"http:\/\/www.visit-ulcinj.com\/blog\/wp-content\/uploads\/2014\/09\/Richard-Lukaj-Bujar-Nishani-01.jpg\"><img loading=\"lazy\" class=\"alignleft wp-image-85531\" src=\"http:\/\/www.visit-ulcinj.com\/blog\/wp-content\/uploads\/2014\/09\/Richard-Lukaj-Bujar-Nishani-01.jpg\" alt=\"Richard-Lukaj-Bujar-Nishani-01\" width=\"508\" height=\"585\" srcset=\"https:\/\/www.visit-ulcinj.com\/blog\/wp-content\/uploads\/2014\/09\/Richard-Lukaj-Bujar-Nishani-01.jpg 833w, https:\/\/www.visit-ulcinj.com\/blog\/wp-content\/uploads\/2014\/09\/Richard-Lukaj-Bujar-Nishani-01-260x300.jpg 260w\" sizes=\"(max-width: 508px) 100vw, 508px\" \/><\/a><\/p>\n<div>\u201cNga fati i Kosov\u00ebs, te shqiptar\u00ebt e Preshev\u00ebs, te faktori shtetformues n\u00eb Maqedoni, apo te komuniteti n\u00eb Malin e Zi, t\u00eb gjith\u00eb u p\u00ebrmend\u00ebn disa her\u00eb dhe n\u00eb fakt, kontributi i atyre q\u00eb u nderuan nuk \u00ebsht\u00eb penguar nga kufijt\u00eb ekzistues. Ku ka pasur shqiptar\u00eb ka pasur nj\u00eb kauz\u00eb p\u00ebr t\u00eb mbrojtur\u201d, tha ai.<br \/>\nN\u00eb fakt, nd\u00ebrsa profesori Pano dhe i ndjeri Athanas erdh\u00ebn nga jugu i Shqip\u00ebris\u00eb, Jim Xhema \u00ebsht\u00eb nga Lugina, Harry Bajraktari nga Kosova, nd\u00ebrsa Richard Lukaj nga Mali i Zi. KKSHA q\u00eb u nderua ka p\u00ebr President Bordi, nj\u00eb shqiptar nga Mali i Zi, Martin Shkreli, nd\u00ebrsa z\u00ebvend\u00ebs Ilir Rusin nga Dibra e shqiptar\u00ebve t\u00eb Maqedonis\u00eb. Drejtori ekzekutiv \u00ebsht\u00eb Avni Mustafaj nga Tropoja e zonat n\u00eb Kosov\u00eb e Shqip\u00ebri.<br \/>\nK\u00ebshtuq\u00eb n\u00eb aktivitetin e t\u00eb nderuarve nuk ka pasur dallime krahinore, fetare, ideologjike e partiake. Ka qen\u00eb nj\u00eb aktivitet komb\u00ebtar e qytet\u00ebrues, demokratik e liridash\u00ebs, n\u00eb em\u00ebr t\u00eb paqes e begatis\u00eb.<br \/>\nPresidenti Nishani vler\u00ebsoi faktin q\u00eb shqiptar\u00ebt e Amerik\u00ebs nuk e humb\u00ebn shpres\u00ebn dhe p\u00ebrkushtimin, as n\u00eb 50 vitet q\u00eb vet\u00eb Shqip\u00ebria i la jasht\u00eb, n\u00eb koh\u00ebn e sundimit komunist. Ai u tha t\u00eb pranishm\u00ebve se shteti dhe shoq\u00ebria shqiptare u mbetet mir\u00ebnjoh\u00ebse shqiptar\u00ebve t\u00eb Am\u00ebrik\u00ebs p\u00ebr gjithshka q\u00eb kan\u00eb b\u00ebr\u00eb.<br \/>\nPresidenti Nishani e dekoroi KKSHA-n\u00eb (National Albanian American Council) me urdh\u00ebrin \u201cGjergj Kastrioti\u201d, p\u00ebr t\u00eb vijuar m\u00eb pas me nderimin e pes\u00eb individ\u00ebve t\u00eb tjer\u00eb, veprimtaria e t\u00eb cil\u00ebve n\u00eb periudha t\u00eb caktuara lidhet gjithashtu me k\u00ebt\u00eb organizat\u00eb.<br \/>\nAntoni Athanasin (Pas vdekjes) me motivacionin: \u201cVeprimtarit t\u00eb shquar t\u00eb emigracionit shqiptar n\u00eb Shtetet e Bashkuara t\u00eb Amerik\u00ebs, i cili gjith\u00eb jet\u00ebn q\u00ebndroi i lidhur fort me fatet e kombit dhe t\u00eb vendit t\u00eb tij e q\u00eb der\u00ebn e mbajti hapur p\u00ebr k\u00ebdo bashk\u00ebkomb\u00ebs q\u00eb kishte nevoj\u00eb p\u00ebr mb\u00ebshtetje dhe ndihm\u00eb \u2013 P\u00ebr kontribut t\u00eb \u00e7muar n\u00eb zgjerimin dhe forcimin e veprimtaris\u00eb s\u00eb Federat\u00ebs \u201cVATRA\u201d, p\u00ebr ruajtjen e frym\u00ebs komb\u00ebtare tek shqiptar\u00ebt n\u00eb Shtetet e Bashkuara t\u00eb Amerik\u00ebs e t\u00eb p\u00ebrkushtimit t\u00eb tyre ndaj vendit am\u00eb\u201d.<br \/>\nHarry Bajraktari ka qen\u00eb qysh n\u00eb vitet e para e deri sot, nj\u00eb nga figurat m\u00eb t\u00eb angazhuara. Themelues i gazet\u00ebs \u201cIllyria\u201d dhe biznesmen i suksessh\u00ebm, ai ia p\u00ebrkushtoi suksesin e tij veprimtaris\u00eb lobuese n\u00eb \u00cbashington.<\/div>\n<p><a href=\"http:\/\/www.visit-ulcinj.com\/blog\/wp-content\/uploads\/2014\/09\/Richard-Lukaj-Bujar-Nishani-3.jpg\"><img loading=\"lazy\" class=\"alignleft wp-image-85524\" src=\"http:\/\/www.visit-ulcinj.com\/blog\/wp-content\/uploads\/2014\/09\/Richard-Lukaj-Bujar-Nishani-3.jpg\" alt=\"Richard Lukaj-Bujar-Nishani-3\" width=\"508\" height=\"339\" srcset=\"https:\/\/www.visit-ulcinj.com\/blog\/wp-content\/uploads\/2014\/09\/Richard-Lukaj-Bujar-Nishani-3.jpg 960w, https:\/\/www.visit-ulcinj.com\/blog\/wp-content\/uploads\/2014\/09\/Richard-Lukaj-Bujar-Nishani-3-300x200.jpg 300w\" sizes=\"(max-width: 508px) 100vw, 508px\" \/><\/a><\/p>\n<p>Ai kujtoi se sa e panjohur ishte kauza shqiptare 25 vjet m\u00eb par\u00eb kur bashk\u00eb me miqt\u00eb e tij kishte filluar angazhimin e drejtp\u00ebrdrejt\u00eb n\u00eb kryeqytetin amerikan p\u00ebr t\u00eb edukuar politikan\u00ebt e diplomat\u00ebt amerikan\u00eb me t\u00eb v\u00ebrtet\u00ebn p\u00ebr shqiptar\u00ebt dhe Ballkanin.<br \/>\nHarry Bajraktari p\u00ebrmendi n\u00eb ve\u00e7anti kongresistin Eliot Engel me t\u00eb cilin kan\u00eb tashm\u00eb nj\u00eb bashk\u00ebpunim prej nj\u00eb \u00e7erekshekulli si shembull t\u00eb miqve t\u00eb r\u00ebnd\u00ebsish\u00ebm q\u00eb shqiptar\u00ebt b\u00ebn\u00eb n\u00eb \u00cbashington e me t\u00eb cil\u00ebt bashk\u00ebpunuan n\u00eb vite.<br \/>\nVet\u00eb kongresisti Engel q\u00eb kishte ardhur p\u00ebr t\u00eb ndjekur ceremonin\u00eb, mori fjal\u00ebn dhe kujtoi takimin e tij t\u00eb par\u00eb me Harry Bajraktarin dhe bised\u00ebn e tyre t\u00eb par\u00eb p\u00ebr Kosov\u00ebn.<br \/>\nEngel, ky \u201cAmerikano-Shqiptar\u201d si\u00e7 e etiketoi Presidenti Nishani, \u00ebsht\u00eb tashm\u00eb nj\u00eb figur\u00eb e pandar\u00eb e veprimtaris\u00eb shqiptare n\u00eb SHBA.<br \/>\nEdhe Avni Mustafaj nga KKSHA kujtoi nj\u00eb episod udh\u00ebtimi me Engelin dhe bashk\u00ebkryetaren e asaj kohe t\u00eb Kaukusit Shqiptar n\u00eb Kongresin Amerikan, nj\u00eb grup kongresist\u00ebsh t\u00eb themeluar nga Engel, q\u00eb vepron edhe sot.<br \/>\nI jasht\u00ebzakonsh\u00ebm n\u00eb kontribute po kurr\u00eb i gjendur n\u00eb ndonj\u00eb podium, aktivisti Jim Xhema nuk u pa t\u00eb merrte \u00e7mimin dhe nuk ishte i pranish\u00ebm n\u00eb ceremoni. Mir\u00ebpo, m\u00eb i riu n\u00eb mosh\u00eb nga t\u00eb nderuarit, Richard Lukaj, e quajti gati t\u00eb pabesuesh\u00ebm q\u00eb po shpallej \u201cNderi i Kombit\u201d. Bankieri i njohur q\u00eb priti pak dit\u00eb m\u00eb par\u00eb n\u00eb sht\u00ebpin\u00eb e tij, zv-presidentin Joe Biden, kujtoi edhe ai angazhimin e hersh\u00ebm dhe takimin me Anthony Athanas, nj\u00eb takim t\u00eb cilin e kishte shtyr\u00eb nga droja p\u00ebr t\u00eb takuar nj\u00eb njeri aq t\u00eb njohur dhe pastaj kishte zbuluar se ai jo vet\u00ebm q\u00eb e njihte por kishte pasur d\u00ebshir\u00ebn vet\u00eb q\u00eb ta takonte.<br \/>\n<a href=\"http:\/\/www.visit-ulcinj.com\/blog\/wp-content\/uploads\/2014\/09\/Richard-Lukaj-Bujar-Nishani-4.jpg\"><img loading=\"lazy\" class=\"alignleft wp-image-85525\" src=\"http:\/\/www.visit-ulcinj.com\/blog\/wp-content\/uploads\/2014\/09\/Richard-Lukaj-Bujar-Nishani-4.jpg\" alt=\"Richard Lukaj-Bujar-Nishani-4\" width=\"508\" height=\"600\" \/><\/a><br \/>\nN\u00eb kontrast prej tij, djali i madh i Anthony Athanas-it e pranoi nderimin e babait pa b\u00ebr\u00eb asnj\u00eb koment.<br \/>\nProfesor Nikolla Pano e plot\u00ebsonte t\u00eb mozaik figurash t\u00eb komunitetit. Eksperti i \u00e7\u00ebshtjeve shqiptare dhe studiuesi serioz ka nj\u00eb kontribut t\u00eb gjat\u00eb n\u00eb jet\u00ebn e komunitetit dhe t\u00ebakademis\u00eb amerikane. Tashm\u00eb n\u00eb pension pas nj\u00eb karriere t\u00eb gjat\u00eb, ai foli n\u00eb shqip, me emocion, duke marr\u00eb nderimin dhe duke premtuar se do t\u00eb mbetej krenar q\u00eb ishte shqiptar deri n\u00eb dit\u00ebn e fundit t\u00eb jet\u00ebs s\u00eb tij.<br \/>\nP\u00ebr k\u00ebta njer\u00ebz, shqiptar\u00ebt dhe Shqip\u00ebria jan\u00eb nj\u00eb, pavar\u00ebsisht kufijve shtet\u00ebror\u00eb e ndarjeve t\u00eb tjera. Ky sentiment shprehej m\u00eb s\u00eb miri n\u00eb fjal\u00ebt e Harry Bajraktarit kushtuar k\u00ebtij nderimi.<br \/>\n\u201cVendlindja ime ishte jasht\u00eb kufijve shtet\u00ebror\u00eb t\u00eb Shqip\u00ebris\u00eb nd\u00ebrsa un\u00eb u rrita n\u00eb Amerik\u00eb. Por, Shqip\u00ebria ka qen\u00eb gjithnj\u00eb n\u00eb zemr\u00ebn dhe shpirtin tim dhe gjithmon\u00eb jam prezantuar me krenari si Shqiptar\u201d, tha ai. \u201cHistoria na ka ndar\u00eb n\u00eb disa shtete p\u00ebr m\u00eb shum\u00eb se 100, po kemi mbetur t\u00eb bashkuar si nj\u00eb komb, nj\u00eb shpirt dhe n\u00eb vizion\u201d.<br \/>\nShembull i k\u00ebsaj ishte edhe fakti q\u00eb nj\u00eb shqiptaro-amerikan me origjin\u00eb nga Kosova merrte urdh\u00ebrin \u201cNderi i Kombit\u201d nga Presidenti i Shqip\u00ebris\u00eb.<br \/>\nKjo ceremoni u mbyll\u00eb kur pothuajse \u00e7do i pranish\u00ebm \u201crr\u00ebmbeu\u201d nj\u00eb fotografi kujtime t\u00eb paharruar me \u00e7fitin presidencial Bujar e Odeta Nishani si dhe me performinin e dy artist\u00ebve t\u00eb mir\u00ebnjohur t\u00eb komunitetit t\u00eb cil\u00ebt do t\u00eb riktheheshin n\u00eb sken\u00eb p\u00ebr t\u00eb ofruar nj\u00eb repertor muzikor q\u00eb do ta mbyllte mbr\u00ebmjen me klasin q\u00eb u shkon ceremonive t\u00eb tilla presidenciale.<\/p>\n<p><strong>Gazeta Dielli<\/strong><\/p>\n\n\t\t<style type=\"text\/css\">\n\t\t\t#gallery-1 {\n\t\t\t\tmargin: auto;\n\t\t\t}\n\t\t\t#gallery-1 .gallery-item {\n\t\t\t\tfloat: left;\n\t\t\t\tmargin-top: 10px;\n\t\t\t\ttext-align: center;\n\t\t\t\twidth: 33%;\n\t\t\t}\n\t\t\t#gallery-1 img {\n\t\t\t\tborder: 2px solid #cfcfcf;\n\t\t\t}\n\t\t\t#gallery-1 .gallery-caption {\n\t\t\t\tmargin-left: 0;\n\t\t\t}\n\t\t\t\/* see gallery_shortcode() in wp-includes\/media.php *\/\n\t\t<\/style>\n\t\t<div id='gallery-1' class='gallery galleryid-85520 gallery-columns-3 gallery-size-thumbnail'><dl class='gallery-item'>\n\t\t\t<dt class='gallery-icon portrait'>\n\t\t\t\t<a href='https:\/\/www.visit-ulcinj.com\/blog\/2014\/09\/30\/richard-lukaj-nderohet-urdherin-nderi-kombit-nga-presidenti-nishani\/richard-lukaj-bujar-nishani-02\/'><img width=\"150\" height=\"150\" src=\"https:\/\/www.visit-ulcinj.com\/blog\/wp-content\/uploads\/2014\/09\/Richard-Lukaj-Bujar-Nishani-02-150x150.jpg\" class=\"attachment-thumbnail size-thumbnail\" alt=\"\" loading=\"lazy\" \/><\/a>\n\t\t\t<\/dt><\/dl><dl class='gallery-item'>\n\t\t\t<dt class='gallery-icon portrait'>\n\t\t\t\t<a href='https:\/\/www.visit-ulcinj.com\/blog\/2014\/09\/30\/richard-lukaj-nderohet-urdherin-nderi-kombit-nga-presidenti-nishani\/richard-lukaj-bujar-nishani-03\/'><img width=\"150\" height=\"150\" src=\"https:\/\/www.visit-ulcinj.com\/blog\/wp-content\/uploads\/2014\/09\/Richard-Lukaj-Bujar-Nishani-03-150x150.jpg\" class=\"attachment-thumbnail size-thumbnail\" alt=\"\" loading=\"lazy\" \/><\/a>\n\t\t\t<\/dt><\/dl><dl class='gallery-item'>\n\t\t\t<dt class='gallery-icon portrait'>\n\t\t\t\t<a href='https:\/\/www.visit-ulcinj.com\/blog\/2014\/09\/30\/richard-lukaj-nderohet-urdherin-nderi-kombit-nga-presidenti-nishani\/richard-lukaj-bujar-nishani-04\/'><img width=\"150\" height=\"150\" src=\"https:\/\/www.visit-ulcinj.com\/blog\/wp-content\/uploads\/2014\/09\/Richard-Lukaj-Bujar-Nishani-04-150x150.jpg\" class=\"attachment-thumbnail size-thumbnail\" alt=\"\" loading=\"lazy\" \/><\/a>\n\t\t\t<\/dt><\/dl><br style=\"clear: both\" \/><dl class='gallery-item'>\n\t\t\t<dt class='gallery-icon portrait'>\n\t\t\t\t<a href='https:\/\/www.visit-ulcinj.com\/blog\/2014\/09\/30\/richard-lukaj-nderohet-urdherin-nderi-kombit-nga-presidenti-nishani\/richard-lukaj-bujar-nishani-01\/'><img width=\"150\" height=\"150\" src=\"https:\/\/www.visit-ulcinj.com\/blog\/wp-content\/uploads\/2014\/09\/Richard-Lukaj-Bujar-Nishani-01-150x150.jpg\" class=\"attachment-thumbnail size-thumbnail\" alt=\"\" loading=\"lazy\" \/><\/a>\n\t\t\t<\/dt><\/dl><dl class='gallery-item'>\n\t\t\t<dt class='gallery-icon landscape'>\n\t\t\t\t<a href='https:\/\/www.visit-ulcinj.com\/blog\/2014\/09\/30\/richard-lukaj-nderohet-urdherin-nderi-kombit-nga-presidenti-nishani\/richard-lukaj-bujar-nishani-5\/'><img width=\"150\" height=\"150\" src=\"https:\/\/www.visit-ulcinj.com\/blog\/wp-content\/uploads\/2014\/09\/Richard-Lukaj-Bujar-Nishani--150x150.jpg\" class=\"attachment-thumbnail size-thumbnail\" alt=\"\" loading=\"lazy\" \/><\/a>\n\t\t\t<\/dt><\/dl><dl class='gallery-item'>\n\t\t\t<dt class='gallery-icon portrait'>\n\t\t\t\t<a href='https:\/\/www.visit-ulcinj.com\/blog\/2014\/09\/30\/richard-lukaj-nderohet-urdherin-nderi-kombit-nga-presidenti-nishani\/richard-lukaj-bujar-nishani-4\/'><img width=\"150\" height=\"150\" src=\"https:\/\/www.visit-ulcinj.com\/blog\/wp-content\/uploads\/2014\/09\/Richard-Lukaj-Bujar-Nishani-4-150x150.jpg\" class=\"attachment-thumbnail size-thumbnail\" alt=\"\" loading=\"lazy\" \/><\/a>\n\t\t\t<\/dt><\/dl><br style=\"clear: both\" \/>\n\t\t<\/div>\n\n","protected":false},"excerpt":{"rendered":"<p>Presidenti i Shqip\u00ebris\u00eb zoti Bujar Nishani ka dekoruar KKSHA-n\u00eb me urdh\u00ebrin \u201cGjergj Kastrioti\u201d si dhe me \u201cNderi i Kombit\u201d aktivist\u00ebt: Anthony Athanas (pas vdekjes), Nikolla Pano, Harry Bajraktari, Richard Lukaj dhe Jim Xhema. NGA BEQIR SINA, New York City\/ BIG APPLE NYC : Presidenti i Shqip\u00ebris\u00eb Bujar Nishani, n\u00eb dit\u00ebn e fundit t\u00eb q\u00ebndrimit t\u00eb [&hellip;]<\/p>\n","protected":false},"author":1,"featured_media":0,"comment_status":"closed","ping_status":"closed","sticky":false,"template":"","format":"standard","meta":{"spay_email":"","jetpack_publicize_message":"","jetpack_is_tweetstorm":false,"jetpack_publicize_feature_enabled":true},"categories":[1],"tags":[],"jetpack_publicize_connections":[],"yoast_head":"<!-- This site is optimized with the Yoast SEO plugin v19.1 - https:\/\/yoast.com\/wordpress\/plugins\/seo\/ -->\n<title>Richard Lukaj nderohet me urdh\u00ebrin \u201cNderi i Kombit\u201d nga presidenti Nishani - Lajme nga Ulqini<\/title>\n<meta name=\"description\" content=\"Presidenti i Shqip\u00ebris\u00eb zoti Bujar Nishani ka dekoruar KKSHA-n\u00eb me urdh\u00ebrin \u201cGjergj Kastrioti\u201d si dhe me \u201cNderi i Kombit\u201d aktivist\u00ebt: Anthony Athanas (pas\" \/>\n<meta name=\"robots\" content=\"index, follow, max-snippet:-1, max-image-preview:large, max-video-preview:-1\" \/>\n<link rel=\"canonical\" href=\"https:\/\/www.visit-ulcinj.com\/blog\/2014\/09\/30\/richard-lukaj-nderohet-urdherin-nderi-kombit-nga-presidenti-nishani\/\" \/>\n<meta property=\"og:locale\" content=\"en_US\" \/>\n<meta property=\"og:type\" content=\"article\" \/>\n<meta property=\"og:title\" content=\"Richard Lukaj nderohet me urdh\u00ebrin \u201cNderi i Kombit\u201d nga presidenti Nishani - Lajme nga Ulqini\" \/>\n<meta property=\"og:description\" content=\"Presidenti i Shqip\u00ebris\u00eb zoti Bujar Nishani ka dekoruar KKSHA-n\u00eb me urdh\u00ebrin \u201cGjergj Kastrioti\u201d si dhe me \u201cNderi i Kombit\u201d aktivist\u00ebt: Anthony Athanas (pas\" \/>\n<meta property=\"og:url\" content=\"https:\/\/www.visit-ulcinj.com\/blog\/2014\/09\/30\/richard-lukaj-nderohet-urdherin-nderi-kombit-nga-presidenti-nishani\/\" \/>\n<meta property=\"og:site_name\" content=\"Lajme nga Ulqini\" \/>\n<meta property=\"article:published_time\" content=\"2014-09-30T06:35:55+00:00\" \/>\n<meta property=\"article:modified_time\" content=\"2014-09-30T18:50:08+00:00\" \/>\n<meta property=\"og:image\" content=\"https:\/\/www.visit-ulcinj.com\/blog\/wp-content\/uploads\/2014\/09\/Richard-Lukaj-Bujar-Nishani-02-150x150.jpg\" \/>\n<meta name=\"twitter:label1\" content=\"Written by\" \/>\n\t<meta name=\"twitter:data1\" content=\"ulqini\" \/>\n\t<meta name=\"twitter:label2\" content=\"Est. reading time\" \/>\n\t<meta name=\"twitter:data2\" content=\"9 minutes\" \/>\n<script type=\"application\/ld+json\" class=\"yoast-schema-graph\">{\"@context\":\"https:\/\/schema.org\",\"@graph\":[{\"@type\":\"WebSite\",\"@id\":\"https:\/\/www.visit-ulcinj.com\/blog\/#website\",\"url\":\"https:\/\/www.visit-ulcinj.com\/blog\/\",\"name\":\"Lajme nga Ulqini\",\"description\":\"Lajme,Vijesti,Ulqini,Ulqin,Crna Gora,Mali i Zi\",\"potentialAction\":[{\"@type\":\"SearchAction\",\"target\":{\"@type\":\"EntryPoint\",\"urlTemplate\":\"https:\/\/www.visit-ulcinj.com\/blog\/?s={search_term_string}\"},\"query-input\":\"required name=search_term_string\"}],\"inLanguage\":\"en-US\"},{\"@type\":\"ImageObject\",\"inLanguage\":\"en-US\",\"@id\":\"https:\/\/www.visit-ulcinj.com\/blog\/2014\/09\/30\/richard-lukaj-nderohet-urdherin-nderi-kombit-nga-presidenti-nishani\/#primaryimage\",\"url\":\"https:\/\/www.visit-ulcinj.com\/blog\/wp-content\/uploads\/2014\/09\/Richard-Lukaj-Bujar-Nishani-.jpg\",\"contentUrl\":\"https:\/\/www.visit-ulcinj.com\/blog\/wp-content\/uploads\/2014\/09\/Richard-Lukaj-Bujar-Nishani-.jpg\",\"width\":960,\"height\":773},{\"@type\":\"WebPage\",\"@id\":\"https:\/\/www.visit-ulcinj.com\/blog\/2014\/09\/30\/richard-lukaj-nderohet-urdherin-nderi-kombit-nga-presidenti-nishani\/#webpage\",\"url\":\"https:\/\/www.visit-ulcinj.com\/blog\/2014\/09\/30\/richard-lukaj-nderohet-urdherin-nderi-kombit-nga-presidenti-nishani\/\",\"name\":\"Richard Lukaj nderohet me urdh\u00ebrin \u201cNderi i Kombit\u201d nga presidenti Nishani - Lajme nga Ulqini\",\"isPartOf\":{\"@id\":\"https:\/\/www.visit-ulcinj.com\/blog\/#website\"},\"primaryImageOfPage\":{\"@id\":\"https:\/\/www.visit-ulcinj.com\/blog\/2014\/09\/30\/richard-lukaj-nderohet-urdherin-nderi-kombit-nga-presidenti-nishani\/#primaryimage\"},\"datePublished\":\"2014-09-30T06:35:55+00:00\",\"dateModified\":\"2014-09-30T18:50:08+00:00\",\"author\":{\"@id\":\"https:\/\/www.visit-ulcinj.com\/blog\/#\/schema\/person\/dcab619c614d3038751c63bc2aadc06d\"},\"description\":\"Presidenti i Shqip\u00ebris\u00eb zoti Bujar Nishani ka dekoruar KKSHA-n\u00eb me urdh\u00ebrin \u201cGjergj Kastrioti\u201d si dhe me \u201cNderi i Kombit\u201d aktivist\u00ebt: Anthony Athanas (pas\",\"breadcrumb\":{\"@id\":\"https:\/\/www.visit-ulcinj.com\/blog\/2014\/09\/30\/richard-lukaj-nderohet-urdherin-nderi-kombit-nga-presidenti-nishani\/#breadcrumb\"},\"inLanguage\":\"en-US\",\"potentialAction\":[{\"@type\":\"ReadAction\",\"target\":[\"https:\/\/www.visit-ulcinj.com\/blog\/2014\/09\/30\/richard-lukaj-nderohet-urdherin-nderi-kombit-nga-presidenti-nishani\/\"]}]},{\"@type\":\"BreadcrumbList\",\"@id\":\"https:\/\/www.visit-ulcinj.com\/blog\/2014\/09\/30\/richard-lukaj-nderohet-urdherin-nderi-kombit-nga-presidenti-nishani\/#breadcrumb\",\"itemListElement\":[{\"@type\":\"ListItem\",\"position\":1,\"name\":\"Richard Lukaj nderohet me urdh\u00ebrin \u201cNderi i Kombit\u201d nga presidenti Nishani\"}]},{\"@type\":\"Person\",\"@id\":\"https:\/\/www.visit-ulcinj.com\/blog\/#\/schema\/person\/dcab619c614d3038751c63bc2aadc06d\",\"name\":\"ulqini\",\"sameAs\":[\"http:\/\/www.visit-ulcinj.com\"],\"url\":\"https:\/\/www.visit-ulcinj.com\/blog\/author\/admin\/\"}]}<\/script>\n<!-- \/ Yoast SEO plugin. -->","yoast_head_json":{"title":"Richard Lukaj nderohet me urdh\u00ebrin \u201cNderi i Kombit\u201d nga presidenti Nishani - Lajme nga Ulqini","description":"Presidenti i Shqip\u00ebris\u00eb zoti Bujar Nishani ka dekoruar KKSHA-n\u00eb me urdh\u00ebrin \u201cGjergj Kastrioti\u201d si dhe me \u201cNderi i Kombit\u201d aktivist\u00ebt: Anthony Athanas (pas","robots":{"index":"index","follow":"follow","max-snippet":"max-snippet:-1","max-image-preview":"max-image-preview:large","max-video-preview":"max-video-preview:-1"},"canonical":"https:\/\/www.visit-ulcinj.com\/blog\/2014\/09\/30\/richard-lukaj-nderohet-urdherin-nderi-kombit-nga-presidenti-nishani\/","og_locale":"en_US","og_type":"article","og_title":"Richard Lukaj nderohet me urdh\u00ebrin \u201cNderi i Kombit\u201d nga presidenti Nishani - Lajme nga Ulqini","og_description":"Presidenti i Shqip\u00ebris\u00eb zoti Bujar Nishani ka dekoruar KKSHA-n\u00eb me urdh\u00ebrin \u201cGjergj Kastrioti\u201d si dhe me \u201cNderi i Kombit\u201d aktivist\u00ebt: Anthony Athanas (pas","og_url":"https:\/\/www.visit-ulcinj.com\/blog\/2014\/09\/30\/richard-lukaj-nderohet-urdherin-nderi-kombit-nga-presidenti-nishani\/","og_site_name":"Lajme nga Ulqini","article_published_time":"2014-09-30T06:35:55+00:00","article_modified_time":"2014-09-30T18:50:08+00:00","og_image":[{"url":"https:\/\/www.visit-ulcinj.com\/blog\/wp-content\/uploads\/2014\/09\/Richard-Lukaj-Bujar-Nishani-02-150x150.jpg"}],"twitter_misc":{"Written by":"ulqini","Est. reading time":"9 minutes"},"schema":{"@context":"https:\/\/schema.org","@graph":[{"@type":"WebSite","@id":"https:\/\/www.visit-ulcinj.com\/blog\/#website","url":"https:\/\/www.visit-ulcinj.com\/blog\/","name":"Lajme nga Ulqini","description":"Lajme,Vijesti,Ulqini,Ulqin,Crna Gora,Mali i Zi","potentialAction":[{"@type":"SearchAction","target":{"@type":"EntryPoint","urlTemplate":"https:\/\/www.visit-ulcinj.com\/blog\/?s={search_term_string}"},"query-input":"required name=search_term_string"}],"inLanguage":"en-US"},{"@type":"ImageObject","inLanguage":"en-US","@id":"https:\/\/www.visit-ulcinj.com\/blog\/2014\/09\/30\/richard-lukaj-nderohet-urdherin-nderi-kombit-nga-presidenti-nishani\/#primaryimage","url":"https:\/\/www.visit-ulcinj.com\/blog\/wp-content\/uploads\/2014\/09\/Richard-Lukaj-Bujar-Nishani-.jpg","contentUrl":"https:\/\/www.visit-ulcinj.com\/blog\/wp-content\/uploads\/2014\/09\/Richard-Lukaj-Bujar-Nishani-.jpg","width":960,"height":773},{"@type":"WebPage","@id":"https:\/\/www.visit-ulcinj.com\/blog\/2014\/09\/30\/richard-lukaj-nderohet-urdherin-nderi-kombit-nga-presidenti-nishani\/#webpage","url":"https:\/\/www.visit-ulcinj.com\/blog\/2014\/09\/30\/richard-lukaj-nderohet-urdherin-nderi-kombit-nga-presidenti-nishani\/","name":"Richard Lukaj nderohet me urdh\u00ebrin \u201cNderi i Kombit\u201d nga presidenti Nishani - Lajme nga Ulqini","isPartOf":{"@id":"https:\/\/www.visit-ulcinj.com\/blog\/#website"},"primaryImageOfPage":{"@id":"https:\/\/www.visit-ulcinj.com\/blog\/2014\/09\/30\/richard-lukaj-nderohet-urdherin-nderi-kombit-nga-presidenti-nishani\/#primaryimage"},"datePublished":"2014-09-30T06:35:55+00:00","dateModified":"2014-09-30T18:50:08+00:00","author":{"@id":"https:\/\/www.visit-ulcinj.com\/blog\/#\/schema\/person\/dcab619c614d3038751c63bc2aadc06d"},"description":"Presidenti i Shqip\u00ebris\u00eb zoti Bujar Nishani ka dekoruar KKSHA-n\u00eb me urdh\u00ebrin \u201cGjergj Kastrioti\u201d si dhe me \u201cNderi i Kombit\u201d aktivist\u00ebt: Anthony Athanas (pas","breadcrumb":{"@id":"https:\/\/www.visit-ulcinj.com\/blog\/2014\/09\/30\/richard-lukaj-nderohet-urdherin-nderi-kombit-nga-presidenti-nishani\/#breadcrumb"},"inLanguage":"en-US","potentialAction":[{"@type":"ReadAction","target":["https:\/\/www.visit-ulcinj.com\/blog\/2014\/09\/30\/richard-lukaj-nderohet-urdherin-nderi-kombit-nga-presidenti-nishani\/"]}]},{"@type":"BreadcrumbList","@id":"https:\/\/www.visit-ulcinj.com\/blog\/2014\/09\/30\/richard-lukaj-nderohet-urdherin-nderi-kombit-nga-presidenti-nishani\/#breadcrumb","itemListElement":[{"@type":"ListItem","position":1,"name":"Richard Lukaj nderohet me urdh\u00ebrin \u201cNderi i Kombit\u201d nga presidenti Nishani"}]},{"@type":"Person","@id":"https:\/\/www.visit-ulcinj.com\/blog\/#\/schema\/person\/dcab619c614d3038751c63bc2aadc06d","name":"ulqini","sameAs":["http:\/\/www.visit-ulcinj.com"],"url":"https:\/\/www.visit-ulcinj.com\/blog\/author\/admin\/"}]}},"jetpack_featured_media_url":"","jetpack_sharing_enabled":true,"jetpack_shortlink":"https:\/\/wp.me\/pe6lTn-mfm","_links":{"self":[{"href":"https:\/\/www.visit-ulcinj.com\/blog\/wp-json\/wp\/v2\/posts\/85520"}],"collection":[{"href":"https:\/\/www.visit-ulcinj.com\/blog\/wp-json\/wp\/v2\/posts"}],"about":[{"href":"https:\/\/www.visit-ulcinj.com\/blog\/wp-json\/wp\/v2\/types\/post"}],"author":[{"embeddable":true,"href":"https:\/\/www.visit-ulcinj.com\/blog\/wp-json\/wp\/v2\/users\/1"}],"replies":[{"embeddable":true,"href":"https:\/\/www.visit-ulcinj.com\/blog\/wp-json\/wp\/v2\/comments?post=85520"}],"version-history":[{"count":9,"href":"https:\/\/www.visit-ulcinj.com\/blog\/wp-json\/wp\/v2\/posts\/85520\/revisions"}],"predecessor-version":[{"id":85539,"href":"https:\/\/www.visit-ulcinj.com\/blog\/wp-json\/wp\/v2\/posts\/85520\/revisions\/85539"}],"wp:attachment":[{"href":"https:\/\/www.visit-ulcinj.com\/blog\/wp-json\/wp\/v2\/media?parent=85520"}],"wp:term":[{"taxonomy":"category","embeddable":true,"href":"https:\/\/www.visit-ulcinj.com\/blog\/wp-json\/wp\/v2\/categories?post=85520"},{"taxonomy":"post_tag","embeddable":true,"href":"https:\/\/www.visit-ulcinj.com\/blog\/wp-json\/wp\/v2\/tags?post=85520"}],"curies":[{"name":"wp","href":"https:\/\/api.w.org\/{rel}","templated":true}]}}