{"id":85540,"date":"2014-09-30T19:55:37","date_gmt":"2014-09-30T18:55:37","guid":{"rendered":"http:\/\/www.visit-ulcinj.com\/blog\/?p=85540"},"modified":"2014-09-30T19:55:37","modified_gmt":"2014-09-30T18:55:37","slug":"dritan-abazovic-crnoj-gori-treba-politicki-rifres","status":"publish","type":"post","link":"https:\/\/www.visit-ulcinj.com\/blog\/2014\/09\/30\/dritan-abazovic-crnoj-gori-treba-politicki-rifres\/","title":{"rendered":"Dritan Abazovi\u0107: Crnoj Gori treba politi\u010dki rifre\u0161"},"content":{"rendered":"<p><a href=\"http:\/\/www.visit-ulcinj.com\/blog\/wp-content\/uploads\/2014\/09\/Dritan-Abazovic-ulqin.jpg\"><img loading=\"lazy\" class=\"alignleft wp-image-85541\" src=\"http:\/\/www.visit-ulcinj.com\/blog\/wp-content\/uploads\/2014\/09\/Dritan-Abazovic-ulqin.jpg\" alt=\"Dritan-Abazovic-ulqin\" width=\"508\" height=\"338\" srcset=\"https:\/\/www.visit-ulcinj.com\/blog\/wp-content\/uploads\/2014\/09\/Dritan-Abazovic-ulqin.jpg 573w, https:\/\/www.visit-ulcinj.com\/blog\/wp-content\/uploads\/2014\/09\/Dritan-Abazovic-ulqin-300x199.jpg 300w\" sizes=\"(max-width: 508px) 100vw, 508px\" \/><\/a>U Crnoj Gori je sazrela situacija za formiranje jedinstvenog bloka koji \u0107e donijeti neophodne promjene i, osim opozicionih politi\u010dkih subjekata, okupiti predstavnike civilnog sektora, sindikata, radnika i drugih slojeva dru\u0161tva, smatra poslanik Pozitivne Crne Gore, Dritan Abazovi\u0107.<\/p>\n<div class=\"body-text\">\n<p>On je apelovao na sve politi\u010dke lidere da podr\u017ee takvu ideju, ocjenjuju\u0107i da bi predsjednik Demokratskog fronta, Miodrag Leki\u0107, kao lider najve\u0107eg opozicionog politi\u010dkog subjekta, trebalo da je pokrene i vidi da li postoji raspolo\u017eenje za njenu realizaciju.<\/p>\n<p>Abazovi\u0107 je agenciji MINA kazao da su definitivno sazreli uslovi za okupljanje opozicije, odnosno za jedinstveni blok ili alijansu, koja bi mogla da bude konkretna ponuda gra\u0111anima u stvaranju promjena, prijeko potrebnih crnogorskom dru\u0161tvu.<\/p>\n<p>&#8220;Ne mislim na okupljanje samo opozicionih subjekata koji trenutno djeluju u parlamentu Crne Gore ili van njega, nego na sve ljude, na rdnike koji gladuju i one koji \u0107e, po svemu sude\u0107i, tek gladovati, na sindikate, na civilni sektor, na ljude koji nijesu u ovom momentu \u017eeljni nekog politi\u010dkog anga\u017emana\u201c, pojasnio je on.<\/p>\n<p>Prema njegovim rije\u010dima, situacija u Crnoj Gori zahtijeva &#8220;da se napravi jedan politi\u010dki rifre\u0161\u201c.<\/p>\n<p>Abazovi\u0107 smatra da se transformacija Crne Gore mora desiti kroz dva koraka.<\/p>\n<p>&#8220;Prvi je smjena vlasti na izborima, jasnom ponudom, bez pretjeranih filozofiranja, nejasnih poruka i puteva. Drugi korak je ideolo\u0161ka i programska podjela stranaka koje \u0107e kasnije mo\u0107i da uspostave kvalitativnu vlast\u201c, precizirao je on.<\/p>\n<p>Abazovi\u0107 je naglasio da se ne mo\u017ee o\u010dekivati da se odmah dobije kavalitetna vlada koja \u0107e sve generisane probleme mo\u0107i da promijeni jednim potezom.<\/p>\n<p>&#8220;Ne, nama treba prvi uslov demokratije, a to je smjenjivost vlasti\u201c, kazao je on.<\/p>\n<p>Najve\u0107i problem je, smatra Abazovi\u0107, ko treba da odradi to okupljanje.<\/p>\n<p>&#8220;Moj je apel svim liderima, a pogotovu Leki\u0107u kao lideru najve\u0107eg politi\u010dkog subjekta, koji bi mo\u017eda prvi trebalo da istupi sa idejom i vidi da li zaista postoji \u017eelja i volja kod drugih politi\u010dara, i civilnog sektora, da takvu ideju podr\u017ee, s obzirom na to da je neumjesno da najmla\u0111i poslanik to zatra\u017ei\u201c, naveo je Abazovi\u0107.<\/p>\n<p>On je dodao da je, u su\u0161tini, nebitno na koji na\u010din \u0107e se formirati ta struktura, koja bi u po\u010detku predstavljala labavi savez.<\/p>\n<p>Abazovi\u0107 je kazao da je, nakon de\u0161avanja oko formiranja vlasti u Podgorici, situacija prili\u010dno jasna &#8211; &#8220;postoji DPS i anti-DPS Crna Gora\u201c.<\/p>\n<p>&#8220;Siguran sam, iz razgovora sa gra\u0111anima, da je to \u0161to oni tra\u017ee, da im je dosta i politi\u010dara i stranaka, i nedefinisanih politika, da tra\u017ee neku sigurnost, odnosno subjekat koji \u0107e imati relevantnu snagu da se suprostavi svim nepravdama u Crnoj Gori, bilo u politi\u010dkom smislu, bilo u ekonomskom, gdje je stanje sve gore\u201c, naveo je on.<\/p>\n<p>Abazovi\u0107 je naglasio da to nije nikakav poziv na proteste, nerede ili neke nedemokratske metode.<\/p>\n<p>&#8220;Ali, generalno, Crna Gora je zrela da se generi\u0161e na pravi na\u010din, da gra\u0111ani konstatuju da nas podjele na nacionalnoj, vjerskoj ili bilo kojoj drugoj osnovi, ne vode u Evropu\u201c, kazao je on.<\/p>\n<p>Prema njegovim rije\u010dima, evropska perspektiva podrazumijeva da svi moraju biti uklju\u010deni i zajedno uspostaviti novi sistem vrijednosti koji \u0107e, kroz odre\u0111eni vremenski period, dati odre\u0111ene rezultate.<\/p>\n<p>&#8220;I aktuelni protesti radnika i \u0161trajkovi gla\u0111u, sve to navodi na zaklju\u010dak da smo dotakli ta\u010dku kad treba ostaviti po strani na\u0161e sujete, podjele, na\u0161e politi\u010dke i psiholo\u0161ke razlike koje su potpuno prirodne, i da treba svi da se okupimo, primarno oko ideje promjena\u201c, naveo je Abazovi\u0107.<\/p>\n<p>Kako je kazao, preduslov za to je prihvatanje univerzalnih evropskih vrijednosti.<\/p>\n<p>&#8220;Da se pobunimo protiv nepravde i zlo\u010dina i da ih sankcioni\u0161emo, a da pravdu, solidarnost i jednakost prihvatimo kao univerzalne vrijednosti\u201c, pojasnio je Abazovi\u0107.<\/p>\n<p>On smatra da je pravi momenat za razmatranje te ideje.<\/p>\n<p>&#8220;Parlamentarni izbori nijesu blizu, ali to ne zna\u010di da opozicija treba da sjedi skr\u0161tenih ruku. Treba da se ugledamo na kolege iz Hrvatske, koji se godinu pred izbore pripremaju i okupljaju u razli\u010dite saveze, kako bi momenat raspisivanja izbora do\u010dekalo spremni\u201c, kazao je Abazovi\u0107.<\/p>\n<p>On je ocijenio da treba napraviti dodatni pritisak da se parlamentarni izbori odr\u017ee \u0161to prije.<\/p>\n<p>&#8220;S obzirom na to da \u0107e, po svemu sude\u0107i, i izvje\u0161taj Evropske komisije biti stro\u017eiji, a mislim da \u0107e i ekonomska situacija biti sve slo\u017eenija i da \u0107e sve te\u017ee biti trpjeti socijalni pritisak\u201c, dodao je Abazovi\u0107.<\/p>\n<p>Zato je, smatra on, pravi momenat da se otvori \u0161iroki dijalog.<\/p>\n<p>&#8220;I da pozovemo sve ljude koji ovu zemlju mogu da zamisle kvalitetnijom, organizovanijom, boljom za \u017eivot svih gra\u0111ana, gra\u0111anskom Crnom Gorom, okupljenom oko zajedni\u010dke ideje koja mo\u017ee dovesti do promjena. A nakon toga, svako mo\u017ee da prezentira i implementira svoju politiku\u201c, kazao je Abazovi\u0107.<\/p>\n<p><strong>Izvor: CDM<\/strong><\/p>\n<\/div>\n","protected":false},"excerpt":{"rendered":"<p>U Crnoj Gori je sazrela situacija za formiranje jedinstvenog bloka koji \u0107e donijeti neophodne promjene i, osim opozicionih politi\u010dkih subjekata, okupiti predstavnike civilnog sektora, sindikata, radnika i drugih slojeva dru\u0161tva, smatra poslanik Pozitivne Crne Gore, Dritan Abazovi\u0107. On je apelovao na sve politi\u010dke lidere da podr\u017ee takvu ideju, ocjenjuju\u0107i da bi predsjednik Demokratskog fronta, Miodrag [&hellip;]<\/p>\n","protected":false},"author":1,"featured_media":0,"comment_status":"closed","ping_status":"closed","sticky":false,"template":"","format":"standard","meta":{"spay_email":"","jetpack_publicize_message":"","jetpack_is_tweetstorm":false,"jetpack_publicize_feature_enabled":true},"categories":[8337],"tags":[],"jetpack_publicize_connections":[],"yoast_head":"<!-- This site is optimized with the Yoast SEO plugin v19.1 - https:\/\/yoast.com\/wordpress\/plugins\/seo\/ -->\n<title>Dritan Abazovi\u0107: Crnoj Gori treba politi\u010dki rifre\u0161 - Lajme nga Ulqini<\/title>\n<meta name=\"description\" content=\"U Crnoj Gori je sazrela situacija za formiranje jedinstvenog bloka koji \u0107e donijeti neophodne promjene i, osim opozicionih politi\u010dkih subjekata, okupiti\" \/>\n<meta name=\"robots\" content=\"index, follow, max-snippet:-1, max-image-preview:large, max-video-preview:-1\" \/>\n<link rel=\"canonical\" href=\"https:\/\/www.visit-ulcinj.com\/blog\/2014\/09\/30\/dritan-abazovic-crnoj-gori-treba-politicki-rifres\/\" \/>\n<meta property=\"og:locale\" content=\"en_US\" \/>\n<meta property=\"og:type\" content=\"article\" \/>\n<meta property=\"og:title\" content=\"Dritan Abazovi\u0107: Crnoj Gori treba politi\u010dki rifre\u0161 - Lajme nga Ulqini\" \/>\n<meta property=\"og:description\" content=\"U Crnoj Gori je sazrela situacija za formiranje jedinstvenog bloka koji \u0107e donijeti neophodne promjene i, osim opozicionih politi\u010dkih subjekata, okupiti\" \/>\n<meta property=\"og:url\" content=\"https:\/\/www.visit-ulcinj.com\/blog\/2014\/09\/30\/dritan-abazovic-crnoj-gori-treba-politicki-rifres\/\" \/>\n<meta property=\"og:site_name\" content=\"Lajme nga Ulqini\" \/>\n<meta property=\"article:published_time\" content=\"2014-09-30T18:55:37+00:00\" \/>\n<meta property=\"og:image\" content=\"http:\/\/www.visit-ulcinj.com\/blog\/wp-content\/uploads\/2014\/09\/Dritan-Abazovic-ulqin.jpg\" \/>\n<meta name=\"twitter:label1\" content=\"Written by\" \/>\n\t<meta name=\"twitter:data1\" content=\"ulqini\" \/>\n\t<meta name=\"twitter:label2\" content=\"Est. reading time\" \/>\n\t<meta name=\"twitter:data2\" content=\"4 minutes\" \/>\n<script type=\"application\/ld+json\" class=\"yoast-schema-graph\">{\"@context\":\"https:\/\/schema.org\",\"@graph\":[{\"@type\":\"WebSite\",\"@id\":\"https:\/\/www.visit-ulcinj.com\/blog\/#website\",\"url\":\"https:\/\/www.visit-ulcinj.com\/blog\/\",\"name\":\"Lajme nga Ulqini\",\"description\":\"Lajme,Vijesti,Ulqini,Ulqin,Crna Gora,Mali i Zi\",\"potentialAction\":[{\"@type\":\"SearchAction\",\"target\":{\"@type\":\"EntryPoint\",\"urlTemplate\":\"https:\/\/www.visit-ulcinj.com\/blog\/?s={search_term_string}\"},\"query-input\":\"required name=search_term_string\"}],\"inLanguage\":\"en-US\"},{\"@type\":\"ImageObject\",\"inLanguage\":\"en-US\",\"@id\":\"https:\/\/www.visit-ulcinj.com\/blog\/2014\/09\/30\/dritan-abazovic-crnoj-gori-treba-politicki-rifres\/#primaryimage\",\"url\":\"https:\/\/www.visit-ulcinj.com\/blog\/wp-content\/uploads\/2014\/09\/Dritan-Abazovic-ulqin.jpg\",\"contentUrl\":\"https:\/\/www.visit-ulcinj.com\/blog\/wp-content\/uploads\/2014\/09\/Dritan-Abazovic-ulqin.jpg\",\"width\":573,\"height\":381},{\"@type\":\"WebPage\",\"@id\":\"https:\/\/www.visit-ulcinj.com\/blog\/2014\/09\/30\/dritan-abazovic-crnoj-gori-treba-politicki-rifres\/#webpage\",\"url\":\"https:\/\/www.visit-ulcinj.com\/blog\/2014\/09\/30\/dritan-abazovic-crnoj-gori-treba-politicki-rifres\/\",\"name\":\"Dritan Abazovi\u0107: Crnoj Gori treba politi\u010dki rifre\u0161 - Lajme nga Ulqini\",\"isPartOf\":{\"@id\":\"https:\/\/www.visit-ulcinj.com\/blog\/#website\"},\"primaryImageOfPage\":{\"@id\":\"https:\/\/www.visit-ulcinj.com\/blog\/2014\/09\/30\/dritan-abazovic-crnoj-gori-treba-politicki-rifres\/#primaryimage\"},\"datePublished\":\"2014-09-30T18:55:37+00:00\",\"dateModified\":\"2014-09-30T18:55:37+00:00\",\"author\":{\"@id\":\"https:\/\/www.visit-ulcinj.com\/blog\/#\/schema\/person\/dcab619c614d3038751c63bc2aadc06d\"},\"description\":\"U Crnoj Gori je sazrela situacija za formiranje jedinstvenog bloka koji \u0107e donijeti neophodne promjene i, osim opozicionih politi\u010dkih subjekata, okupiti\",\"breadcrumb\":{\"@id\":\"https:\/\/www.visit-ulcinj.com\/blog\/2014\/09\/30\/dritan-abazovic-crnoj-gori-treba-politicki-rifres\/#breadcrumb\"},\"inLanguage\":\"en-US\",\"potentialAction\":[{\"@type\":\"ReadAction\",\"target\":[\"https:\/\/www.visit-ulcinj.com\/blog\/2014\/09\/30\/dritan-abazovic-crnoj-gori-treba-politicki-rifres\/\"]}]},{\"@type\":\"BreadcrumbList\",\"@id\":\"https:\/\/www.visit-ulcinj.com\/blog\/2014\/09\/30\/dritan-abazovic-crnoj-gori-treba-politicki-rifres\/#breadcrumb\",\"itemListElement\":[{\"@type\":\"ListItem\",\"position\":1,\"name\":\"Dritan Abazovi\u0107: Crnoj Gori treba politi\u010dki rifre\u0161\"}]},{\"@type\":\"Person\",\"@id\":\"https:\/\/www.visit-ulcinj.com\/blog\/#\/schema\/person\/dcab619c614d3038751c63bc2aadc06d\",\"name\":\"ulqini\",\"sameAs\":[\"http:\/\/www.visit-ulcinj.com\"],\"url\":\"https:\/\/www.visit-ulcinj.com\/blog\/author\/admin\/\"}]}<\/script>\n<!-- \/ Yoast SEO plugin. -->","yoast_head_json":{"title":"Dritan Abazovi\u0107: Crnoj Gori treba politi\u010dki rifre\u0161 - Lajme nga Ulqini","description":"U Crnoj Gori je sazrela situacija za formiranje jedinstvenog bloka koji \u0107e donijeti neophodne promjene i, osim opozicionih politi\u010dkih subjekata, okupiti","robots":{"index":"index","follow":"follow","max-snippet":"max-snippet:-1","max-image-preview":"max-image-preview:large","max-video-preview":"max-video-preview:-1"},"canonical":"https:\/\/www.visit-ulcinj.com\/blog\/2014\/09\/30\/dritan-abazovic-crnoj-gori-treba-politicki-rifres\/","og_locale":"en_US","og_type":"article","og_title":"Dritan Abazovi\u0107: Crnoj Gori treba politi\u010dki rifre\u0161 - Lajme nga Ulqini","og_description":"U Crnoj Gori je sazrela situacija za formiranje jedinstvenog bloka koji \u0107e donijeti neophodne promjene i, osim opozicionih politi\u010dkih subjekata, okupiti","og_url":"https:\/\/www.visit-ulcinj.com\/blog\/2014\/09\/30\/dritan-abazovic-crnoj-gori-treba-politicki-rifres\/","og_site_name":"Lajme nga Ulqini","article_published_time":"2014-09-30T18:55:37+00:00","og_image":[{"url":"http:\/\/www.visit-ulcinj.com\/blog\/wp-content\/uploads\/2014\/09\/Dritan-Abazovic-ulqin.jpg"}],"twitter_misc":{"Written by":"ulqini","Est. reading time":"4 minutes"},"schema":{"@context":"https:\/\/schema.org","@graph":[{"@type":"WebSite","@id":"https:\/\/www.visit-ulcinj.com\/blog\/#website","url":"https:\/\/www.visit-ulcinj.com\/blog\/","name":"Lajme nga Ulqini","description":"Lajme,Vijesti,Ulqini,Ulqin,Crna Gora,Mali i Zi","potentialAction":[{"@type":"SearchAction","target":{"@type":"EntryPoint","urlTemplate":"https:\/\/www.visit-ulcinj.com\/blog\/?s={search_term_string}"},"query-input":"required name=search_term_string"}],"inLanguage":"en-US"},{"@type":"ImageObject","inLanguage":"en-US","@id":"https:\/\/www.visit-ulcinj.com\/blog\/2014\/09\/30\/dritan-abazovic-crnoj-gori-treba-politicki-rifres\/#primaryimage","url":"https:\/\/www.visit-ulcinj.com\/blog\/wp-content\/uploads\/2014\/09\/Dritan-Abazovic-ulqin.jpg","contentUrl":"https:\/\/www.visit-ulcinj.com\/blog\/wp-content\/uploads\/2014\/09\/Dritan-Abazovic-ulqin.jpg","width":573,"height":381},{"@type":"WebPage","@id":"https:\/\/www.visit-ulcinj.com\/blog\/2014\/09\/30\/dritan-abazovic-crnoj-gori-treba-politicki-rifres\/#webpage","url":"https:\/\/www.visit-ulcinj.com\/blog\/2014\/09\/30\/dritan-abazovic-crnoj-gori-treba-politicki-rifres\/","name":"Dritan Abazovi\u0107: Crnoj Gori treba politi\u010dki rifre\u0161 - Lajme nga Ulqini","isPartOf":{"@id":"https:\/\/www.visit-ulcinj.com\/blog\/#website"},"primaryImageOfPage":{"@id":"https:\/\/www.visit-ulcinj.com\/blog\/2014\/09\/30\/dritan-abazovic-crnoj-gori-treba-politicki-rifres\/#primaryimage"},"datePublished":"2014-09-30T18:55:37+00:00","dateModified":"2014-09-30T18:55:37+00:00","author":{"@id":"https:\/\/www.visit-ulcinj.com\/blog\/#\/schema\/person\/dcab619c614d3038751c63bc2aadc06d"},"description":"U Crnoj Gori je sazrela situacija za formiranje jedinstvenog bloka koji \u0107e donijeti neophodne promjene i, osim opozicionih politi\u010dkih subjekata, okupiti","breadcrumb":{"@id":"https:\/\/www.visit-ulcinj.com\/blog\/2014\/09\/30\/dritan-abazovic-crnoj-gori-treba-politicki-rifres\/#breadcrumb"},"inLanguage":"en-US","potentialAction":[{"@type":"ReadAction","target":["https:\/\/www.visit-ulcinj.com\/blog\/2014\/09\/30\/dritan-abazovic-crnoj-gori-treba-politicki-rifres\/"]}]},{"@type":"BreadcrumbList","@id":"https:\/\/www.visit-ulcinj.com\/blog\/2014\/09\/30\/dritan-abazovic-crnoj-gori-treba-politicki-rifres\/#breadcrumb","itemListElement":[{"@type":"ListItem","position":1,"name":"Dritan Abazovi\u0107: Crnoj Gori treba politi\u010dki rifre\u0161"}]},{"@type":"Person","@id":"https:\/\/www.visit-ulcinj.com\/blog\/#\/schema\/person\/dcab619c614d3038751c63bc2aadc06d","name":"ulqini","sameAs":["http:\/\/www.visit-ulcinj.com"],"url":"https:\/\/www.visit-ulcinj.com\/blog\/author\/admin\/"}]}},"jetpack_featured_media_url":"","jetpack_sharing_enabled":true,"jetpack_shortlink":"https:\/\/wp.me\/pe6lTn-mfG","_links":{"self":[{"href":"https:\/\/www.visit-ulcinj.com\/blog\/wp-json\/wp\/v2\/posts\/85540"}],"collection":[{"href":"https:\/\/www.visit-ulcinj.com\/blog\/wp-json\/wp\/v2\/posts"}],"about":[{"href":"https:\/\/www.visit-ulcinj.com\/blog\/wp-json\/wp\/v2\/types\/post"}],"author":[{"embeddable":true,"href":"https:\/\/www.visit-ulcinj.com\/blog\/wp-json\/wp\/v2\/users\/1"}],"replies":[{"embeddable":true,"href":"https:\/\/www.visit-ulcinj.com\/blog\/wp-json\/wp\/v2\/comments?post=85540"}],"version-history":[{"count":1,"href":"https:\/\/www.visit-ulcinj.com\/blog\/wp-json\/wp\/v2\/posts\/85540\/revisions"}],"predecessor-version":[{"id":85542,"href":"https:\/\/www.visit-ulcinj.com\/blog\/wp-json\/wp\/v2\/posts\/85540\/revisions\/85542"}],"wp:attachment":[{"href":"https:\/\/www.visit-ulcinj.com\/blog\/wp-json\/wp\/v2\/media?parent=85540"}],"wp:term":[{"taxonomy":"category","embeddable":true,"href":"https:\/\/www.visit-ulcinj.com\/blog\/wp-json\/wp\/v2\/categories?post=85540"},{"taxonomy":"post_tag","embeddable":true,"href":"https:\/\/www.visit-ulcinj.com\/blog\/wp-json\/wp\/v2\/tags?post=85540"}],"curies":[{"name":"wp","href":"https:\/\/api.w.org\/{rel}","templated":true}]}}