{"id":85549,"date":"2014-10-03T19:41:21","date_gmt":"2014-10-03T18:41:21","guid":{"rendered":"http:\/\/www.visit-ulcinj.com\/blog\/?p=85549"},"modified":"2014-10-05T21:54:28","modified_gmt":"2014-10-05T20:54:28","slug":"kryetari-fatmir-gjeka-uron-festen-e-kurban-bajramit","status":"publish","type":"post","link":"https:\/\/www.visit-ulcinj.com\/blog\/2014\/10\/03\/kryetari-fatmir-gjeka-uron-festen-e-kurban-bajramit\/","title":{"rendered":"Kryetari Fatmir Gjeka uron Fest\u00ebn e Kurban Bajramit"},"content":{"rendered":"<p><a href=\"http:\/\/www.visit-ulcinj.com\/blog\/wp-content\/uploads\/2014\/08\/Fatmir-Gjeka-Ulqin.jpg\"><img loading=\"lazy\" class=\"alignleft wp-image-84634\" src=\"http:\/\/www.visit-ulcinj.com\/blog\/wp-content\/uploads\/2014\/08\/Fatmir-Gjeka-Ulqin.jpg\" alt=\"Fatmir-Gjeka-Ulqin\" width=\"508\" height=\"381\" srcset=\"https:\/\/www.visit-ulcinj.com\/blog\/wp-content\/uploads\/2014\/08\/Fatmir-Gjeka-Ulqin.jpg 960w, https:\/\/www.visit-ulcinj.com\/blog\/wp-content\/uploads\/2014\/08\/Fatmir-Gjeka-Ulqin-300x225.jpg 300w\" sizes=\"(max-width: 508px) 100vw, 508px\" \/><\/a>Kryetari i Komunes se Ulqinit\u00a0 z.Fatmir\u00a0 Gjeka, ka uruar\u00a0 besimtar\u00ebt\u00a0 musliman me rastin e festes se\u00a0 Kurban\u00a0 Bajramit . N\u00eb mesazhin e tij nd\u00ebr t\u00eb tjera thuhet .<\/p>\n<p>&nbsp;<\/p>\n<p>\u00cbsht\u00eb rasti, q\u00eb n\u00eb \u00a0k\u00ebt\u00eb dit\u00eb t\u00eb shenjt\u00eb, t\u2019u d\u00ebrgoj, urimet e mia m\u00eb t\u00eb p\u00ebrzem\u00ebrta<\/p>\n<p>Ju uroj\u00a0,\u00a0shendet , mireqenije dhe\u00a0 mbaresi. N\u00eb k\u00ebt\u00eb dit\u00eb t\u00eb sakrific\u00ebs,le te\u00a0 mbizoteroje\u00a0 paqja, tolerance \u00a0dhe rrespekti.<\/p>\n<p>&nbsp;<\/p>\n<p>Sinqerisht i juaji<\/p>\n<p>Fatmir Gjeka<\/p>\n","protected":false},"excerpt":{"rendered":"<p>Kryetari i Komunes se Ulqinit\u00a0 z.Fatmir\u00a0 Gjeka, ka uruar\u00a0 besimtar\u00ebt\u00a0 musliman me rastin e festes se\u00a0 Kurban\u00a0 Bajramit . N\u00eb mesazhin e tij nd\u00ebr t\u00eb tjera thuhet . &nbsp; \u00cbsht\u00eb rasti, q\u00eb n\u00eb \u00a0k\u00ebt\u00eb dit\u00eb t\u00eb shenjt\u00eb, t\u2019u d\u00ebrgoj, urimet e mia m\u00eb t\u00eb p\u00ebrzem\u00ebrta Ju uroj\u00a0,\u00a0shendet , mireqenije dhe\u00a0 mbaresi. N\u00eb k\u00ebt\u00eb dit\u00eb t\u00eb [&hellip;]<\/p>\n","protected":false},"author":1,"featured_media":0,"comment_status":"closed","ping_status":"closed","sticky":false,"template":"","format":"standard","meta":{"spay_email":"","jetpack_publicize_message":"","jetpack_is_tweetstorm":false,"jetpack_publicize_feature_enabled":true},"categories":[1,11],"tags":[],"jetpack_publicize_connections":[],"yoast_head":"<!-- This site is optimized with the Yoast SEO plugin v19.1 - https:\/\/yoast.com\/wordpress\/plugins\/seo\/ -->\n<title>Kryetari Fatmir Gjeka uron Fest\u00ebn e Kurban Bajramit - Lajme nga Ulqini<\/title>\n<meta name=\"description\" content=\"Kryetari i Komunes se Ulqinit\u00a0 z.Fatmir\u00a0 Gjeka, ka uruar\u00a0 besimtar\u00ebt\u00a0 musliman me rastin e festes se\u00a0 Kurban\u00a0 Bajramit . N\u00eb mesazhin e tij nd\u00ebr t\u00eb tjera\" \/>\n<meta name=\"robots\" content=\"index, follow, max-snippet:-1, max-image-preview:large, max-video-preview:-1\" \/>\n<link rel=\"canonical\" href=\"https:\/\/www.visit-ulcinj.com\/blog\/2014\/10\/03\/kryetari-fatmir-gjeka-uron-festen-e-kurban-bajramit\/\" \/>\n<meta property=\"og:locale\" content=\"en_US\" \/>\n<meta property=\"og:type\" content=\"article\" \/>\n<meta property=\"og:title\" content=\"Kryetari Fatmir Gjeka uron Fest\u00ebn e Kurban Bajramit - Lajme nga Ulqini\" \/>\n<meta property=\"og:description\" content=\"Kryetari i Komunes se Ulqinit\u00a0 z.Fatmir\u00a0 Gjeka, ka uruar\u00a0 besimtar\u00ebt\u00a0 musliman me rastin e festes se\u00a0 Kurban\u00a0 Bajramit . N\u00eb mesazhin e tij nd\u00ebr t\u00eb tjera\" \/>\n<meta property=\"og:url\" content=\"https:\/\/www.visit-ulcinj.com\/blog\/2014\/10\/03\/kryetari-fatmir-gjeka-uron-festen-e-kurban-bajramit\/\" \/>\n<meta property=\"og:site_name\" content=\"Lajme nga Ulqini\" \/>\n<meta property=\"article:published_time\" content=\"2014-10-03T18:41:21+00:00\" \/>\n<meta property=\"article:modified_time\" content=\"2014-10-05T20:54:28+00:00\" \/>\n<meta property=\"og:image\" content=\"http:\/\/www.visit-ulcinj.com\/blog\/wp-content\/uploads\/2014\/08\/Fatmir-Gjeka-Ulqin.jpg\" \/>\n<meta name=\"twitter:label1\" content=\"Written by\" \/>\n\t<meta name=\"twitter:data1\" content=\"ulqini\" \/>\n<script type=\"application\/ld+json\" class=\"yoast-schema-graph\">{\"@context\":\"https:\/\/schema.org\",\"@graph\":[{\"@type\":\"WebSite\",\"@id\":\"https:\/\/www.visit-ulcinj.com\/blog\/#website\",\"url\":\"https:\/\/www.visit-ulcinj.com\/blog\/\",\"name\":\"Lajme nga Ulqini\",\"description\":\"Lajme,Vijesti,Ulqini,Ulqin,Crna Gora,Mali i Zi\",\"potentialAction\":[{\"@type\":\"SearchAction\",\"target\":{\"@type\":\"EntryPoint\",\"urlTemplate\":\"https:\/\/www.visit-ulcinj.com\/blog\/?s={search_term_string}\"},\"query-input\":\"required name=search_term_string\"}],\"inLanguage\":\"en-US\"},{\"@type\":\"ImageObject\",\"inLanguage\":\"en-US\",\"@id\":\"https:\/\/www.visit-ulcinj.com\/blog\/2014\/10\/03\/kryetari-fatmir-gjeka-uron-festen-e-kurban-bajramit\/#primaryimage\",\"url\":\"https:\/\/www.visit-ulcinj.com\/blog\/wp-content\/uploads\/2014\/08\/Fatmir-Gjeka-Ulqin.jpg\",\"contentUrl\":\"https:\/\/www.visit-ulcinj.com\/blog\/wp-content\/uploads\/2014\/08\/Fatmir-Gjeka-Ulqin.jpg\",\"width\":960,\"height\":720},{\"@type\":\"WebPage\",\"@id\":\"https:\/\/www.visit-ulcinj.com\/blog\/2014\/10\/03\/kryetari-fatmir-gjeka-uron-festen-e-kurban-bajramit\/#webpage\",\"url\":\"https:\/\/www.visit-ulcinj.com\/blog\/2014\/10\/03\/kryetari-fatmir-gjeka-uron-festen-e-kurban-bajramit\/\",\"name\":\"Kryetari Fatmir Gjeka uron Fest\u00ebn e Kurban Bajramit - Lajme nga Ulqini\",\"isPartOf\":{\"@id\":\"https:\/\/www.visit-ulcinj.com\/blog\/#website\"},\"primaryImageOfPage\":{\"@id\":\"https:\/\/www.visit-ulcinj.com\/blog\/2014\/10\/03\/kryetari-fatmir-gjeka-uron-festen-e-kurban-bajramit\/#primaryimage\"},\"datePublished\":\"2014-10-03T18:41:21+00:00\",\"dateModified\":\"2014-10-05T20:54:28+00:00\",\"author\":{\"@id\":\"https:\/\/www.visit-ulcinj.com\/blog\/#\/schema\/person\/dcab619c614d3038751c63bc2aadc06d\"},\"description\":\"Kryetari i Komunes se Ulqinit\u00a0 z.Fatmir\u00a0 Gjeka, ka uruar\u00a0 besimtar\u00ebt\u00a0 musliman me rastin e festes se\u00a0 Kurban\u00a0 Bajramit . N\u00eb mesazhin e tij nd\u00ebr t\u00eb tjera\",\"breadcrumb\":{\"@id\":\"https:\/\/www.visit-ulcinj.com\/blog\/2014\/10\/03\/kryetari-fatmir-gjeka-uron-festen-e-kurban-bajramit\/#breadcrumb\"},\"inLanguage\":\"en-US\",\"potentialAction\":[{\"@type\":\"ReadAction\",\"target\":[\"https:\/\/www.visit-ulcinj.com\/blog\/2014\/10\/03\/kryetari-fatmir-gjeka-uron-festen-e-kurban-bajramit\/\"]}]},{\"@type\":\"BreadcrumbList\",\"@id\":\"https:\/\/www.visit-ulcinj.com\/blog\/2014\/10\/03\/kryetari-fatmir-gjeka-uron-festen-e-kurban-bajramit\/#breadcrumb\",\"itemListElement\":[{\"@type\":\"ListItem\",\"position\":1,\"name\":\"Kryetari Fatmir Gjeka uron Fest\u00ebn e Kurban Bajramit\"}]},{\"@type\":\"Person\",\"@id\":\"https:\/\/www.visit-ulcinj.com\/blog\/#\/schema\/person\/dcab619c614d3038751c63bc2aadc06d\",\"name\":\"ulqini\",\"sameAs\":[\"http:\/\/www.visit-ulcinj.com\"],\"url\":\"https:\/\/www.visit-ulcinj.com\/blog\/author\/admin\/\"}]}<\/script>\n<!-- \/ Yoast SEO plugin. -->","yoast_head_json":{"title":"Kryetari Fatmir Gjeka uron Fest\u00ebn e Kurban Bajramit - Lajme nga Ulqini","description":"Kryetari i Komunes se Ulqinit\u00a0 z.Fatmir\u00a0 Gjeka, ka uruar\u00a0 besimtar\u00ebt\u00a0 musliman me rastin e festes se\u00a0 Kurban\u00a0 Bajramit . N\u00eb mesazhin e tij nd\u00ebr t\u00eb tjera","robots":{"index":"index","follow":"follow","max-snippet":"max-snippet:-1","max-image-preview":"max-image-preview:large","max-video-preview":"max-video-preview:-1"},"canonical":"https:\/\/www.visit-ulcinj.com\/blog\/2014\/10\/03\/kryetari-fatmir-gjeka-uron-festen-e-kurban-bajramit\/","og_locale":"en_US","og_type":"article","og_title":"Kryetari Fatmir Gjeka uron Fest\u00ebn e Kurban Bajramit - Lajme nga Ulqini","og_description":"Kryetari i Komunes se Ulqinit\u00a0 z.Fatmir\u00a0 Gjeka, ka uruar\u00a0 besimtar\u00ebt\u00a0 musliman me rastin e festes se\u00a0 Kurban\u00a0 Bajramit . N\u00eb mesazhin e tij nd\u00ebr t\u00eb tjera","og_url":"https:\/\/www.visit-ulcinj.com\/blog\/2014\/10\/03\/kryetari-fatmir-gjeka-uron-festen-e-kurban-bajramit\/","og_site_name":"Lajme nga Ulqini","article_published_time":"2014-10-03T18:41:21+00:00","article_modified_time":"2014-10-05T20:54:28+00:00","og_image":[{"url":"http:\/\/www.visit-ulcinj.com\/blog\/wp-content\/uploads\/2014\/08\/Fatmir-Gjeka-Ulqin.jpg"}],"twitter_misc":{"Written by":"ulqini"},"schema":{"@context":"https:\/\/schema.org","@graph":[{"@type":"WebSite","@id":"https:\/\/www.visit-ulcinj.com\/blog\/#website","url":"https:\/\/www.visit-ulcinj.com\/blog\/","name":"Lajme nga Ulqini","description":"Lajme,Vijesti,Ulqini,Ulqin,Crna Gora,Mali i Zi","potentialAction":[{"@type":"SearchAction","target":{"@type":"EntryPoint","urlTemplate":"https:\/\/www.visit-ulcinj.com\/blog\/?s={search_term_string}"},"query-input":"required name=search_term_string"}],"inLanguage":"en-US"},{"@type":"ImageObject","inLanguage":"en-US","@id":"https:\/\/www.visit-ulcinj.com\/blog\/2014\/10\/03\/kryetari-fatmir-gjeka-uron-festen-e-kurban-bajramit\/#primaryimage","url":"https:\/\/www.visit-ulcinj.com\/blog\/wp-content\/uploads\/2014\/08\/Fatmir-Gjeka-Ulqin.jpg","contentUrl":"https:\/\/www.visit-ulcinj.com\/blog\/wp-content\/uploads\/2014\/08\/Fatmir-Gjeka-Ulqin.jpg","width":960,"height":720},{"@type":"WebPage","@id":"https:\/\/www.visit-ulcinj.com\/blog\/2014\/10\/03\/kryetari-fatmir-gjeka-uron-festen-e-kurban-bajramit\/#webpage","url":"https:\/\/www.visit-ulcinj.com\/blog\/2014\/10\/03\/kryetari-fatmir-gjeka-uron-festen-e-kurban-bajramit\/","name":"Kryetari Fatmir Gjeka uron Fest\u00ebn e Kurban Bajramit - Lajme nga Ulqini","isPartOf":{"@id":"https:\/\/www.visit-ulcinj.com\/blog\/#website"},"primaryImageOfPage":{"@id":"https:\/\/www.visit-ulcinj.com\/blog\/2014\/10\/03\/kryetari-fatmir-gjeka-uron-festen-e-kurban-bajramit\/#primaryimage"},"datePublished":"2014-10-03T18:41:21+00:00","dateModified":"2014-10-05T20:54:28+00:00","author":{"@id":"https:\/\/www.visit-ulcinj.com\/blog\/#\/schema\/person\/dcab619c614d3038751c63bc2aadc06d"},"description":"Kryetari i Komunes se Ulqinit\u00a0 z.Fatmir\u00a0 Gjeka, ka uruar\u00a0 besimtar\u00ebt\u00a0 musliman me rastin e festes se\u00a0 Kurban\u00a0 Bajramit . N\u00eb mesazhin e tij nd\u00ebr t\u00eb tjera","breadcrumb":{"@id":"https:\/\/www.visit-ulcinj.com\/blog\/2014\/10\/03\/kryetari-fatmir-gjeka-uron-festen-e-kurban-bajramit\/#breadcrumb"},"inLanguage":"en-US","potentialAction":[{"@type":"ReadAction","target":["https:\/\/www.visit-ulcinj.com\/blog\/2014\/10\/03\/kryetari-fatmir-gjeka-uron-festen-e-kurban-bajramit\/"]}]},{"@type":"BreadcrumbList","@id":"https:\/\/www.visit-ulcinj.com\/blog\/2014\/10\/03\/kryetari-fatmir-gjeka-uron-festen-e-kurban-bajramit\/#breadcrumb","itemListElement":[{"@type":"ListItem","position":1,"name":"Kryetari Fatmir Gjeka uron Fest\u00ebn e Kurban Bajramit"}]},{"@type":"Person","@id":"https:\/\/www.visit-ulcinj.com\/blog\/#\/schema\/person\/dcab619c614d3038751c63bc2aadc06d","name":"ulqini","sameAs":["http:\/\/www.visit-ulcinj.com"],"url":"https:\/\/www.visit-ulcinj.com\/blog\/author\/admin\/"}]}},"jetpack_featured_media_url":"","jetpack_sharing_enabled":true,"jetpack_shortlink":"https:\/\/wp.me\/pe6lTn-mfP","_links":{"self":[{"href":"https:\/\/www.visit-ulcinj.com\/blog\/wp-json\/wp\/v2\/posts\/85549"}],"collection":[{"href":"https:\/\/www.visit-ulcinj.com\/blog\/wp-json\/wp\/v2\/posts"}],"about":[{"href":"https:\/\/www.visit-ulcinj.com\/blog\/wp-json\/wp\/v2\/types\/post"}],"author":[{"embeddable":true,"href":"https:\/\/www.visit-ulcinj.com\/blog\/wp-json\/wp\/v2\/users\/1"}],"replies":[{"embeddable":true,"href":"https:\/\/www.visit-ulcinj.com\/blog\/wp-json\/wp\/v2\/comments?post=85549"}],"version-history":[{"count":1,"href":"https:\/\/www.visit-ulcinj.com\/blog\/wp-json\/wp\/v2\/posts\/85549\/revisions"}],"predecessor-version":[{"id":85550,"href":"https:\/\/www.visit-ulcinj.com\/blog\/wp-json\/wp\/v2\/posts\/85549\/revisions\/85550"}],"wp:attachment":[{"href":"https:\/\/www.visit-ulcinj.com\/blog\/wp-json\/wp\/v2\/media?parent=85549"}],"wp:term":[{"taxonomy":"category","embeddable":true,"href":"https:\/\/www.visit-ulcinj.com\/blog\/wp-json\/wp\/v2\/categories?post=85549"},{"taxonomy":"post_tag","embeddable":true,"href":"https:\/\/www.visit-ulcinj.com\/blog\/wp-json\/wp\/v2\/tags?post=85549"}],"curies":[{"name":"wp","href":"https:\/\/api.w.org\/{rel}","templated":true}]}}