{"id":85551,"date":"2014-10-03T19:51:48","date_gmt":"2014-10-03T18:51:48","guid":{"rendered":"http:\/\/www.visit-ulcinj.com\/blog\/?p=85551"},"modified":"2014-10-03T19:51:48","modified_gmt":"2014-10-03T18:51:48","slug":"udsh-urime-festa-e-kurban-bajramit-3","status":"publish","type":"post","link":"https:\/\/www.visit-ulcinj.com\/blog\/2014\/10\/03\/udsh-urime-festa-e-kurban-bajramit-3\/","title":{"rendered":"UDSH: Urime Festa e Kurban Bajramit"},"content":{"rendered":"<p><strong><a href=\"http:\/\/www.visit-ulcinj.com\/blog\/wp-content\/uploads\/2013\/10\/Udsh-ja-me-fat-kurban-bajrami.jpg\"><img loading=\"lazy\" class=\"alignleft wp-image-75295\" src=\"http:\/\/www.visit-ulcinj.com\/blog\/wp-content\/uploads\/2013\/10\/Udsh-ja-me-fat-kurban-bajrami.jpg\" alt=\"Udsh-ja-me-fat-kurban-bajrami\" width=\"508\" height=\"350\" srcset=\"https:\/\/www.visit-ulcinj.com\/blog\/wp-content\/uploads\/2013\/10\/Udsh-ja-me-fat-kurban-bajrami.jpg 603w, https:\/\/www.visit-ulcinj.com\/blog\/wp-content\/uploads\/2013\/10\/Udsh-ja-me-fat-kurban-bajrami-300x206.jpg 300w\" sizes=\"(max-width: 508px) 100vw, 508px\" \/><\/a>UNIONI DEMOKRATIK I SHQIPTAR\u00cbVE\u00a0\u00a0\u00a0\u00a0\u00a0 <\/strong><\/p>\n<p><strong>Ulqin, m\u00eb 03.10.2014<\/strong><\/p>\n<p style=\"text-align: center;\"><strong>URIM P\u00cbR\u00a0 FESTEN E KURBAN BAJRAMIT<\/strong><\/p>\n<p>&nbsp;<\/p>\n<p>&nbsp;<\/p>\n<p><strong>Me rastin e fest\u00ebs s\u00eb Kurban Bajramit, kryetari i Unionit Demokratik t\u00eb Shqiptar\u00ebve, z.Mehmed Zenka, n\u00eb em\u00ebr t\u00eb partis\u00eb dhe n\u00eb emrin e tij personal i p\u00ebrg\u00ebzon\u00a0 t\u00eb gjith\u00eb besimtar\u00ebt t\u00eb fes\u00eb Islame<\/strong><strong> kudo q\u00eb ndodhen<\/strong><strong> , <\/strong><strong>fest\u00ebn e Kurban Bajramit me d\u00ebshir\u00eb q\u00eb kjo dit\u00eb e sh\u00ebnuar t\u00eb jet\u00eb dit\u00eb e p\u00ebrforcimit ton\u00eb ndaj besimit, sakrific\u00ebs dhe toleranc\u00ebs<\/strong><strong>.<\/strong><\/p>\n<p><strong>Urojm\u00eb q\u00eb kjo fest\u00eb t\u00eb kaloj\u00eb n\u00eb harmoni, solidaritet, begati dhe mir\u00ebqenien n\u00eb familjet e \u00e7do besimtari. Le t\u00eb na sh\u00ebrbej\u00eb kjo fest\u00eb si moment i vet\u00ebdijesimit ton\u00eb, q\u00eb ta respektojm\u00eb nj\u00ebri-tjetrin, dinjitetin dhe vlerat e p\u00ebrgjithshme njer\u00ebzore.<\/strong><\/p>\n<p><strong>\u00a0<\/strong><\/p>\n<p><strong>\u00a0<\/strong><\/p>\n<p><strong>Urime fest\u00ebn e Kurban Bajramit !<\/strong><\/p>\n<p>&nbsp;<\/p>\n<p>&nbsp;<\/p>\n<p>&nbsp;<\/p>\n<p><em>Sh\u00ebrbimi informativ t\u00eb UDSH-s\u00eb<\/em><\/p>\n","protected":false},"excerpt":{"rendered":"<p>UNIONI DEMOKRATIK I SHQIPTAR\u00cbVE\u00a0\u00a0\u00a0\u00a0\u00a0 Ulqin, m\u00eb 03.10.2014 URIM P\u00cbR\u00a0 FESTEN E KURBAN BAJRAMIT &nbsp; &nbsp; Me rastin e fest\u00ebs s\u00eb Kurban Bajramit, kryetari i Unionit Demokratik t\u00eb Shqiptar\u00ebve, z.Mehmed Zenka, n\u00eb em\u00ebr t\u00eb partis\u00eb dhe n\u00eb emrin e tij personal i p\u00ebrg\u00ebzon\u00a0 t\u00eb gjith\u00eb besimtar\u00ebt t\u00eb fes\u00eb Islame kudo q\u00eb ndodhen , fest\u00ebn e Kurban [&hellip;]<\/p>\n","protected":false},"author":1,"featured_media":0,"comment_status":"closed","ping_status":"closed","sticky":false,"template":"","format":"standard","meta":{"spay_email":"","jetpack_publicize_message":"","jetpack_is_tweetstorm":false,"jetpack_publicize_feature_enabled":true},"categories":[6950],"tags":[],"jetpack_publicize_connections":[],"yoast_head":"<!-- This site is optimized with the Yoast SEO plugin v19.1 - https:\/\/yoast.com\/wordpress\/plugins\/seo\/ -->\n<title>UDSH: Urime Festa e Kurban Bajramit - Lajme nga Ulqini<\/title>\n<meta name=\"description\" content=\"UNIONI DEMOKRATIK I SHQIPTAR\u00cbVE\u00a0\u00a0\u00a0\u00a0\u00a0 Ulqin, m\u00eb 03.10.2014 URIM P\u00cbR\u00a0 FESTEN E KURBAN BAJRAMIT &nbsp; &nbsp; Me rastin e fest\u00ebs s\u00eb Kurban Bajramit, kryetari\" \/>\n<meta name=\"robots\" content=\"index, follow, max-snippet:-1, max-image-preview:large, max-video-preview:-1\" \/>\n<link rel=\"canonical\" href=\"https:\/\/www.visit-ulcinj.com\/blog\/2014\/10\/03\/udsh-urime-festa-e-kurban-bajramit-3\/\" \/>\n<meta property=\"og:locale\" content=\"en_US\" \/>\n<meta property=\"og:type\" content=\"article\" \/>\n<meta property=\"og:title\" content=\"UDSH: Urime Festa e Kurban Bajramit - Lajme nga Ulqini\" \/>\n<meta property=\"og:description\" content=\"UNIONI DEMOKRATIK I SHQIPTAR\u00cbVE\u00a0\u00a0\u00a0\u00a0\u00a0 Ulqin, m\u00eb 03.10.2014 URIM P\u00cbR\u00a0 FESTEN E KURBAN BAJRAMIT &nbsp; &nbsp; Me rastin e fest\u00ebs s\u00eb Kurban Bajramit, kryetari\" \/>\n<meta property=\"og:url\" content=\"https:\/\/www.visit-ulcinj.com\/blog\/2014\/10\/03\/udsh-urime-festa-e-kurban-bajramit-3\/\" \/>\n<meta property=\"og:site_name\" content=\"Lajme nga Ulqini\" \/>\n<meta property=\"article:published_time\" content=\"2014-10-03T18:51:48+00:00\" \/>\n<meta property=\"og:image\" content=\"http:\/\/www.visit-ulcinj.com\/blog\/wp-content\/uploads\/2013\/10\/Udsh-ja-me-fat-kurban-bajrami.jpg\" \/>\n<meta name=\"twitter:label1\" content=\"Written by\" \/>\n\t<meta name=\"twitter:data1\" content=\"ulqini\" \/>\n\t<meta name=\"twitter:label2\" content=\"Est. reading time\" \/>\n\t<meta name=\"twitter:data2\" content=\"1 minute\" \/>\n<script type=\"application\/ld+json\" class=\"yoast-schema-graph\">{\"@context\":\"https:\/\/schema.org\",\"@graph\":[{\"@type\":\"WebSite\",\"@id\":\"https:\/\/www.visit-ulcinj.com\/blog\/#website\",\"url\":\"https:\/\/www.visit-ulcinj.com\/blog\/\",\"name\":\"Lajme nga Ulqini\",\"description\":\"Lajme,Vijesti,Ulqini,Ulqin,Crna Gora,Mali i Zi\",\"potentialAction\":[{\"@type\":\"SearchAction\",\"target\":{\"@type\":\"EntryPoint\",\"urlTemplate\":\"https:\/\/www.visit-ulcinj.com\/blog\/?s={search_term_string}\"},\"query-input\":\"required name=search_term_string\"}],\"inLanguage\":\"en-US\"},{\"@type\":\"ImageObject\",\"inLanguage\":\"en-US\",\"@id\":\"https:\/\/www.visit-ulcinj.com\/blog\/2014\/10\/03\/udsh-urime-festa-e-kurban-bajramit-3\/#primaryimage\",\"url\":\"https:\/\/www.visit-ulcinj.com\/blog\/wp-content\/uploads\/2013\/10\/Udsh-ja-me-fat-kurban-bajrami.jpg\",\"contentUrl\":\"https:\/\/www.visit-ulcinj.com\/blog\/wp-content\/uploads\/2013\/10\/Udsh-ja-me-fat-kurban-bajrami.jpg\",\"width\":603,\"height\":415},{\"@type\":\"WebPage\",\"@id\":\"https:\/\/www.visit-ulcinj.com\/blog\/2014\/10\/03\/udsh-urime-festa-e-kurban-bajramit-3\/#webpage\",\"url\":\"https:\/\/www.visit-ulcinj.com\/blog\/2014\/10\/03\/udsh-urime-festa-e-kurban-bajramit-3\/\",\"name\":\"UDSH: Urime Festa e Kurban Bajramit - Lajme nga Ulqini\",\"isPartOf\":{\"@id\":\"https:\/\/www.visit-ulcinj.com\/blog\/#website\"},\"primaryImageOfPage\":{\"@id\":\"https:\/\/www.visit-ulcinj.com\/blog\/2014\/10\/03\/udsh-urime-festa-e-kurban-bajramit-3\/#primaryimage\"},\"datePublished\":\"2014-10-03T18:51:48+00:00\",\"dateModified\":\"2014-10-03T18:51:48+00:00\",\"author\":{\"@id\":\"https:\/\/www.visit-ulcinj.com\/blog\/#\/schema\/person\/dcab619c614d3038751c63bc2aadc06d\"},\"description\":\"UNIONI DEMOKRATIK I SHQIPTAR\u00cbVE\u00a0\u00a0\u00a0\u00a0\u00a0 Ulqin, m\u00eb 03.10.2014 URIM P\u00cbR\u00a0 FESTEN E KURBAN BAJRAMIT &nbsp; &nbsp; Me rastin e fest\u00ebs s\u00eb Kurban Bajramit, kryetari\",\"breadcrumb\":{\"@id\":\"https:\/\/www.visit-ulcinj.com\/blog\/2014\/10\/03\/udsh-urime-festa-e-kurban-bajramit-3\/#breadcrumb\"},\"inLanguage\":\"en-US\",\"potentialAction\":[{\"@type\":\"ReadAction\",\"target\":[\"https:\/\/www.visit-ulcinj.com\/blog\/2014\/10\/03\/udsh-urime-festa-e-kurban-bajramit-3\/\"]}]},{\"@type\":\"BreadcrumbList\",\"@id\":\"https:\/\/www.visit-ulcinj.com\/blog\/2014\/10\/03\/udsh-urime-festa-e-kurban-bajramit-3\/#breadcrumb\",\"itemListElement\":[{\"@type\":\"ListItem\",\"position\":1,\"name\":\"UDSH: Urime Festa e Kurban Bajramit\"}]},{\"@type\":\"Person\",\"@id\":\"https:\/\/www.visit-ulcinj.com\/blog\/#\/schema\/person\/dcab619c614d3038751c63bc2aadc06d\",\"name\":\"ulqini\",\"sameAs\":[\"http:\/\/www.visit-ulcinj.com\"],\"url\":\"https:\/\/www.visit-ulcinj.com\/blog\/author\/admin\/\"}]}<\/script>\n<!-- \/ Yoast SEO plugin. -->","yoast_head_json":{"title":"UDSH: Urime Festa e Kurban Bajramit - Lajme nga Ulqini","description":"UNIONI DEMOKRATIK I SHQIPTAR\u00cbVE\u00a0\u00a0\u00a0\u00a0\u00a0 Ulqin, m\u00eb 03.10.2014 URIM P\u00cbR\u00a0 FESTEN E KURBAN BAJRAMIT &nbsp; &nbsp; Me rastin e fest\u00ebs s\u00eb Kurban Bajramit, kryetari","robots":{"index":"index","follow":"follow","max-snippet":"max-snippet:-1","max-image-preview":"max-image-preview:large","max-video-preview":"max-video-preview:-1"},"canonical":"https:\/\/www.visit-ulcinj.com\/blog\/2014\/10\/03\/udsh-urime-festa-e-kurban-bajramit-3\/","og_locale":"en_US","og_type":"article","og_title":"UDSH: Urime Festa e Kurban Bajramit - Lajme nga Ulqini","og_description":"UNIONI DEMOKRATIK I SHQIPTAR\u00cbVE\u00a0\u00a0\u00a0\u00a0\u00a0 Ulqin, m\u00eb 03.10.2014 URIM P\u00cbR\u00a0 FESTEN E KURBAN BAJRAMIT &nbsp; &nbsp; Me rastin e fest\u00ebs s\u00eb Kurban Bajramit, kryetari","og_url":"https:\/\/www.visit-ulcinj.com\/blog\/2014\/10\/03\/udsh-urime-festa-e-kurban-bajramit-3\/","og_site_name":"Lajme nga Ulqini","article_published_time":"2014-10-03T18:51:48+00:00","og_image":[{"url":"http:\/\/www.visit-ulcinj.com\/blog\/wp-content\/uploads\/2013\/10\/Udsh-ja-me-fat-kurban-bajrami.jpg"}],"twitter_misc":{"Written by":"ulqini","Est. reading time":"1 minute"},"schema":{"@context":"https:\/\/schema.org","@graph":[{"@type":"WebSite","@id":"https:\/\/www.visit-ulcinj.com\/blog\/#website","url":"https:\/\/www.visit-ulcinj.com\/blog\/","name":"Lajme nga Ulqini","description":"Lajme,Vijesti,Ulqini,Ulqin,Crna Gora,Mali i Zi","potentialAction":[{"@type":"SearchAction","target":{"@type":"EntryPoint","urlTemplate":"https:\/\/www.visit-ulcinj.com\/blog\/?s={search_term_string}"},"query-input":"required name=search_term_string"}],"inLanguage":"en-US"},{"@type":"ImageObject","inLanguage":"en-US","@id":"https:\/\/www.visit-ulcinj.com\/blog\/2014\/10\/03\/udsh-urime-festa-e-kurban-bajramit-3\/#primaryimage","url":"https:\/\/www.visit-ulcinj.com\/blog\/wp-content\/uploads\/2013\/10\/Udsh-ja-me-fat-kurban-bajrami.jpg","contentUrl":"https:\/\/www.visit-ulcinj.com\/blog\/wp-content\/uploads\/2013\/10\/Udsh-ja-me-fat-kurban-bajrami.jpg","width":603,"height":415},{"@type":"WebPage","@id":"https:\/\/www.visit-ulcinj.com\/blog\/2014\/10\/03\/udsh-urime-festa-e-kurban-bajramit-3\/#webpage","url":"https:\/\/www.visit-ulcinj.com\/blog\/2014\/10\/03\/udsh-urime-festa-e-kurban-bajramit-3\/","name":"UDSH: Urime Festa e Kurban Bajramit - Lajme nga Ulqini","isPartOf":{"@id":"https:\/\/www.visit-ulcinj.com\/blog\/#website"},"primaryImageOfPage":{"@id":"https:\/\/www.visit-ulcinj.com\/blog\/2014\/10\/03\/udsh-urime-festa-e-kurban-bajramit-3\/#primaryimage"},"datePublished":"2014-10-03T18:51:48+00:00","dateModified":"2014-10-03T18:51:48+00:00","author":{"@id":"https:\/\/www.visit-ulcinj.com\/blog\/#\/schema\/person\/dcab619c614d3038751c63bc2aadc06d"},"description":"UNIONI DEMOKRATIK I SHQIPTAR\u00cbVE\u00a0\u00a0\u00a0\u00a0\u00a0 Ulqin, m\u00eb 03.10.2014 URIM P\u00cbR\u00a0 FESTEN E KURBAN BAJRAMIT &nbsp; &nbsp; Me rastin e fest\u00ebs s\u00eb Kurban Bajramit, kryetari","breadcrumb":{"@id":"https:\/\/www.visit-ulcinj.com\/blog\/2014\/10\/03\/udsh-urime-festa-e-kurban-bajramit-3\/#breadcrumb"},"inLanguage":"en-US","potentialAction":[{"@type":"ReadAction","target":["https:\/\/www.visit-ulcinj.com\/blog\/2014\/10\/03\/udsh-urime-festa-e-kurban-bajramit-3\/"]}]},{"@type":"BreadcrumbList","@id":"https:\/\/www.visit-ulcinj.com\/blog\/2014\/10\/03\/udsh-urime-festa-e-kurban-bajramit-3\/#breadcrumb","itemListElement":[{"@type":"ListItem","position":1,"name":"UDSH: Urime Festa e Kurban Bajramit"}]},{"@type":"Person","@id":"https:\/\/www.visit-ulcinj.com\/blog\/#\/schema\/person\/dcab619c614d3038751c63bc2aadc06d","name":"ulqini","sameAs":["http:\/\/www.visit-ulcinj.com"],"url":"https:\/\/www.visit-ulcinj.com\/blog\/author\/admin\/"}]}},"jetpack_featured_media_url":"","jetpack_sharing_enabled":true,"jetpack_shortlink":"https:\/\/wp.me\/pe6lTn-mfR","_links":{"self":[{"href":"https:\/\/www.visit-ulcinj.com\/blog\/wp-json\/wp\/v2\/posts\/85551"}],"collection":[{"href":"https:\/\/www.visit-ulcinj.com\/blog\/wp-json\/wp\/v2\/posts"}],"about":[{"href":"https:\/\/www.visit-ulcinj.com\/blog\/wp-json\/wp\/v2\/types\/post"}],"author":[{"embeddable":true,"href":"https:\/\/www.visit-ulcinj.com\/blog\/wp-json\/wp\/v2\/users\/1"}],"replies":[{"embeddable":true,"href":"https:\/\/www.visit-ulcinj.com\/blog\/wp-json\/wp\/v2\/comments?post=85551"}],"version-history":[{"count":1,"href":"https:\/\/www.visit-ulcinj.com\/blog\/wp-json\/wp\/v2\/posts\/85551\/revisions"}],"predecessor-version":[{"id":85552,"href":"https:\/\/www.visit-ulcinj.com\/blog\/wp-json\/wp\/v2\/posts\/85551\/revisions\/85552"}],"wp:attachment":[{"href":"https:\/\/www.visit-ulcinj.com\/blog\/wp-json\/wp\/v2\/media?parent=85551"}],"wp:term":[{"taxonomy":"category","embeddable":true,"href":"https:\/\/www.visit-ulcinj.com\/blog\/wp-json\/wp\/v2\/categories?post=85551"},{"taxonomy":"post_tag","embeddable":true,"href":"https:\/\/www.visit-ulcinj.com\/blog\/wp-json\/wp\/v2\/tags?post=85551"}],"curies":[{"name":"wp","href":"https:\/\/api.w.org\/{rel}","templated":true}]}}