{"id":85557,"date":"2014-10-03T20:06:54","date_gmt":"2014-10-03T19:06:54","guid":{"rendered":"http:\/\/www.visit-ulcinj.com\/blog\/?p=85557"},"modified":"2014-10-03T20:06:54","modified_gmt":"2014-10-03T19:06:54","slug":"urime-kurban-bajrami-kksh-mz","status":"publish","type":"post","link":"https:\/\/www.visit-ulcinj.com\/blog\/2014\/10\/03\/urime-kurban-bajrami-kksh-mz\/","title":{"rendered":"Urime Kurban Bajrami &#8211; KKSH &#8211; MZ"},"content":{"rendered":"<p><a href=\"http:\/\/www.visit-ulcinj.com\/blog\/wp-content\/uploads\/2012\/10\/KNSHMZ-ME-FAT-KURBAN-BAJRAMI.jpg\"><img loading=\"lazy\" class=\"alignleft wp-image-65061\" src=\"http:\/\/www.visit-ulcinj.com\/blog\/wp-content\/uploads\/2012\/10\/KNSHMZ-ME-FAT-KURBAN-BAJRAMI.jpg\" alt=\"KNSHMZ - ME FAT KURBAN BAJRAMI\" width=\"508\" height=\"380\" \/><\/a><br \/>\n<strong>K\u00cbSHILLI KOMB\u00cbTAR I SHQIPTAR\u00cbVE N\u00cb MALIN E ZI<\/strong><\/p>\n<p><strong>NACIONALNI SAVJET ALBANACA U CRNOJ GORI<\/strong><br \/>\n<strong>ALBANIAN \u00a0 NATIONAL COUNCIL IN MONTENEGRO<\/strong><\/p>\n<p><strong>Nr. 116 \/14<\/strong><\/p>\n<p><strong>Ulqin, me 03.10. 2014<\/strong><\/p>\n<p>&nbsp;<\/p>\n<p><strong>\u00a0<\/strong><\/p>\n<p style=\"text-align: center;\"><strong>Mesazh Urimi p\u00ebr Kurban Bajramin<\/strong><\/p>\n<p>&nbsp;<\/p>\n<p><strong>Kryetari i K\u00ebshillit Komb\u00ebtar t\u00eb Shqiptar\u00ebve n\u00eb Malin e Zi, Zt. Genci Nimanbegu ju uron t\u00eb gjith\u00eb besimtar\u00ebve mysliman g\u00ebzuar fest\u00ebn e Kurban Bajramit.<\/strong><\/p>\n<p><strong>\u00a0<\/strong><\/p>\n<p><strong>T<\/strong><strong>\u00eb<\/strong> <strong>nderuar besimtar mysliman, <\/strong><\/p>\n<p><strong>\u00a0<\/strong><\/p>\n<p><strong>Uroj q\u00eb festa e Kurban Bajramit t<\/strong><strong>\u00eb sjell\u00eb fat, mbar\u00ebsi dhe begati p\u00ebr t\u00eb gjith\u00eb besimtaret mysliman kudo q\u00eb ndodhen<\/strong><strong>. <\/strong><\/p>\n<p><strong>\u00a0<\/strong><\/p>\n<p><strong>T\u00eb nderuar besimtar, le t\u00eb sh\u00ebrbej kjo fest\u00eb si nj\u00eb rast i mir\u00eb p\u00ebr t\u2019i ofruar Shqiptar\u00ebt m\u00eb pran\u00eb nj\u00ebri tjetrit pa dallime fetare e krahinore. Harmonia dhe toleranca nd\u00ebrfetare \u00ebsht\u00eb virtyt i pa\u00e7muar e popullit shqiptar, andaj si e tille duhet ruajtu dhe vlersuar shum\u00eb.<\/strong><\/p>\n<p><strong>\u00a0<\/strong><\/p>\n<p><strong>Gjat\u00eb k\u00ebtyre dit\u00ebve, t\u00eb shfrytzojm\u00eb rastin, t\u00eb b\u00ebjm\u00eb vizita t\u00eb nd\u00ebrsjellta, t\u00eb d\u00ebrgojm\u00eb mesazhe urimi, t\u00eb respektojm\u00eb nj\u00ebri-tjetrin, ashtu si\u00e7 \u00ebsht\u00eb tradita e shqiptar\u00ebve.<\/strong><\/p>\n<p><strong>\u00a0<\/strong><\/p>\n<p><strong>N\u00eb emrin tim personal dhe t\u00eb institucionit q\u00eb drejtoj, uroj q\u00eb t\u00eb kaloni sa m\u00eb bukur pran\u00eb miq\u00ebve dhe t\u00eb dashurve tuaj n\u00eb k\u00ebto dit\u00eb feste.<\/strong><\/p>\n<p><strong>\u00a0<\/strong><\/p>\n<p><strong>\u00a0<\/strong><\/p>\n<p><strong>G\u00ebzuar ! <\/strong><\/p>\n<p><strong>\u00a0<\/strong><\/p>\n<p><strong>Me respekt, <\/strong><\/p>\n<p><strong>\u00a0<\/strong><\/p>\n<p><strong>Kryetari, <\/strong><\/p>\n<p><strong>Genci Nimanbegu<\/strong><\/p>\n<p><strong>\u00a0<\/strong><\/p>\n<p>K\u00cbSHILLI KOMB\u00cbTAR I SHQIPTAR\u00cbVE N\u00cb MALIN E ZI &#8211; NACIONALNI SAVJET ALBANACA U CRNOJ GORI &#8211; ALBANIAN NATIONAL COUNCIL IN MONTENEGRO<\/p>\n<p>Maili i Zi &#8211; Crna Gora \u2013 Montenegro, 85360 Ulqin-Ulcinj, bul. Gjergj Kastrioti Skenderbeu p.n-b.b , Tel\/fax +382 30 411 302 , mob.+382 67 747 707, + 382 69 333 663<\/p>\n<p>Web: www.knsh.me , E-mail: knsh@t-com.me<\/p>\n","protected":false},"excerpt":{"rendered":"<p>K\u00cbSHILLI KOMB\u00cbTAR I SHQIPTAR\u00cbVE N\u00cb MALIN E ZI NACIONALNI SAVJET ALBANACA U CRNOJ GORI ALBANIAN \u00a0 NATIONAL COUNCIL IN MONTENEGRO Nr. 116 \/14 Ulqin, me 03.10. 2014 &nbsp; \u00a0 Mesazh Urimi p\u00ebr Kurban Bajramin &nbsp; Kryetari i K\u00ebshillit Komb\u00ebtar t\u00eb Shqiptar\u00ebve n\u00eb Malin e Zi, Zt. Genci Nimanbegu ju uron t\u00eb gjith\u00eb besimtar\u00ebve mysliman g\u00ebzuar [&hellip;]<\/p>\n","protected":false},"author":1,"featured_media":0,"comment_status":"closed","ping_status":"closed","sticky":false,"template":"","format":"standard","meta":{"spay_email":"","jetpack_publicize_message":"","jetpack_is_tweetstorm":false,"jetpack_publicize_feature_enabled":true},"categories":[6950],"tags":[],"jetpack_publicize_connections":[],"yoast_head":"<!-- This site is optimized with the Yoast SEO plugin v19.1 - https:\/\/yoast.com\/wordpress\/plugins\/seo\/ -->\n<title>Urime Kurban Bajrami - KKSH - MZ - Lajme nga Ulqini<\/title>\n<meta name=\"description\" content=\"K\u00cbSHILLI KOMB\u00cbTAR I SHQIPTAR\u00cbVE N\u00cb MALIN E ZI NACIONALNI SAVJET ALBANACA U CRNOJ GORI ALBANIAN \u00a0 NATIONAL COUNCIL IN MONTENEGRO Nr. 116 \/14 Ulqin, me\" \/>\n<meta name=\"robots\" content=\"index, follow, max-snippet:-1, max-image-preview:large, max-video-preview:-1\" \/>\n<link rel=\"canonical\" href=\"https:\/\/www.visit-ulcinj.com\/blog\/2014\/10\/03\/urime-kurban-bajrami-kksh-mz\/\" \/>\n<meta property=\"og:locale\" content=\"en_US\" \/>\n<meta property=\"og:type\" content=\"article\" \/>\n<meta property=\"og:title\" content=\"Urime Kurban Bajrami - KKSH - MZ - Lajme nga Ulqini\" \/>\n<meta property=\"og:description\" content=\"K\u00cbSHILLI KOMB\u00cbTAR I SHQIPTAR\u00cbVE N\u00cb MALIN E ZI NACIONALNI SAVJET ALBANACA U CRNOJ GORI ALBANIAN \u00a0 NATIONAL COUNCIL IN MONTENEGRO Nr. 116 \/14 Ulqin, me\" \/>\n<meta property=\"og:url\" content=\"https:\/\/www.visit-ulcinj.com\/blog\/2014\/10\/03\/urime-kurban-bajrami-kksh-mz\/\" \/>\n<meta property=\"og:site_name\" content=\"Lajme nga Ulqini\" \/>\n<meta property=\"article:published_time\" content=\"2014-10-03T19:06:54+00:00\" \/>\n<meta property=\"og:image\" content=\"http:\/\/www.visit-ulcinj.com\/blog\/wp-content\/uploads\/2012\/10\/KNSHMZ-ME-FAT-KURBAN-BAJRAMI.jpg\" \/>\n<meta name=\"twitter:label1\" content=\"Written by\" \/>\n\t<meta name=\"twitter:data1\" content=\"ulqini\" \/>\n\t<meta name=\"twitter:label2\" content=\"Est. reading time\" \/>\n\t<meta name=\"twitter:data2\" content=\"1 minute\" \/>\n<script type=\"application\/ld+json\" class=\"yoast-schema-graph\">{\"@context\":\"https:\/\/schema.org\",\"@graph\":[{\"@type\":\"WebSite\",\"@id\":\"https:\/\/www.visit-ulcinj.com\/blog\/#website\",\"url\":\"https:\/\/www.visit-ulcinj.com\/blog\/\",\"name\":\"Lajme nga Ulqini\",\"description\":\"Lajme,Vijesti,Ulqini,Ulqin,Crna Gora,Mali i Zi\",\"potentialAction\":[{\"@type\":\"SearchAction\",\"target\":{\"@type\":\"EntryPoint\",\"urlTemplate\":\"https:\/\/www.visit-ulcinj.com\/blog\/?s={search_term_string}\"},\"query-input\":\"required name=search_term_string\"}],\"inLanguage\":\"en-US\"},{\"@type\":\"ImageObject\",\"inLanguage\":\"en-US\",\"@id\":\"https:\/\/www.visit-ulcinj.com\/blog\/2014\/10\/03\/urime-kurban-bajrami-kksh-mz\/#primaryimage\",\"url\":\"https:\/\/www.visit-ulcinj.com\/blog\/wp-content\/uploads\/2012\/10\/KNSHMZ-ME-FAT-KURBAN-BAJRAMI.jpg\",\"contentUrl\":\"https:\/\/www.visit-ulcinj.com\/blog\/wp-content\/uploads\/2012\/10\/KNSHMZ-ME-FAT-KURBAN-BAJRAMI.jpg\",\"width\":\"1113\",\"height\":\"717\"},{\"@type\":\"WebPage\",\"@id\":\"https:\/\/www.visit-ulcinj.com\/blog\/2014\/10\/03\/urime-kurban-bajrami-kksh-mz\/#webpage\",\"url\":\"https:\/\/www.visit-ulcinj.com\/blog\/2014\/10\/03\/urime-kurban-bajrami-kksh-mz\/\",\"name\":\"Urime Kurban Bajrami - KKSH - MZ - Lajme nga Ulqini\",\"isPartOf\":{\"@id\":\"https:\/\/www.visit-ulcinj.com\/blog\/#website\"},\"primaryImageOfPage\":{\"@id\":\"https:\/\/www.visit-ulcinj.com\/blog\/2014\/10\/03\/urime-kurban-bajrami-kksh-mz\/#primaryimage\"},\"datePublished\":\"2014-10-03T19:06:54+00:00\",\"dateModified\":\"2014-10-03T19:06:54+00:00\",\"author\":{\"@id\":\"https:\/\/www.visit-ulcinj.com\/blog\/#\/schema\/person\/dcab619c614d3038751c63bc2aadc06d\"},\"description\":\"K\u00cbSHILLI KOMB\u00cbTAR I SHQIPTAR\u00cbVE N\u00cb MALIN E ZI NACIONALNI SAVJET ALBANACA U CRNOJ GORI ALBANIAN \u00a0 NATIONAL COUNCIL IN MONTENEGRO Nr. 116 \/14 Ulqin, me\",\"breadcrumb\":{\"@id\":\"https:\/\/www.visit-ulcinj.com\/blog\/2014\/10\/03\/urime-kurban-bajrami-kksh-mz\/#breadcrumb\"},\"inLanguage\":\"en-US\",\"potentialAction\":[{\"@type\":\"ReadAction\",\"target\":[\"https:\/\/www.visit-ulcinj.com\/blog\/2014\/10\/03\/urime-kurban-bajrami-kksh-mz\/\"]}]},{\"@type\":\"BreadcrumbList\",\"@id\":\"https:\/\/www.visit-ulcinj.com\/blog\/2014\/10\/03\/urime-kurban-bajrami-kksh-mz\/#breadcrumb\",\"itemListElement\":[{\"@type\":\"ListItem\",\"position\":1,\"name\":\"Urime Kurban Bajrami &#8211; KKSH &#8211; MZ\"}]},{\"@type\":\"Person\",\"@id\":\"https:\/\/www.visit-ulcinj.com\/blog\/#\/schema\/person\/dcab619c614d3038751c63bc2aadc06d\",\"name\":\"ulqini\",\"sameAs\":[\"http:\/\/www.visit-ulcinj.com\"],\"url\":\"https:\/\/www.visit-ulcinj.com\/blog\/author\/admin\/\"}]}<\/script>\n<!-- \/ Yoast SEO plugin. -->","yoast_head_json":{"title":"Urime Kurban Bajrami - KKSH - MZ - Lajme nga Ulqini","description":"K\u00cbSHILLI KOMB\u00cbTAR I SHQIPTAR\u00cbVE N\u00cb MALIN E ZI NACIONALNI SAVJET ALBANACA U CRNOJ GORI ALBANIAN \u00a0 NATIONAL COUNCIL IN MONTENEGRO Nr. 116 \/14 Ulqin, me","robots":{"index":"index","follow":"follow","max-snippet":"max-snippet:-1","max-image-preview":"max-image-preview:large","max-video-preview":"max-video-preview:-1"},"canonical":"https:\/\/www.visit-ulcinj.com\/blog\/2014\/10\/03\/urime-kurban-bajrami-kksh-mz\/","og_locale":"en_US","og_type":"article","og_title":"Urime Kurban Bajrami - KKSH - MZ - Lajme nga Ulqini","og_description":"K\u00cbSHILLI KOMB\u00cbTAR I SHQIPTAR\u00cbVE N\u00cb MALIN E ZI NACIONALNI SAVJET ALBANACA U CRNOJ GORI ALBANIAN \u00a0 NATIONAL COUNCIL IN MONTENEGRO Nr. 116 \/14 Ulqin, me","og_url":"https:\/\/www.visit-ulcinj.com\/blog\/2014\/10\/03\/urime-kurban-bajrami-kksh-mz\/","og_site_name":"Lajme nga Ulqini","article_published_time":"2014-10-03T19:06:54+00:00","og_image":[{"url":"http:\/\/www.visit-ulcinj.com\/blog\/wp-content\/uploads\/2012\/10\/KNSHMZ-ME-FAT-KURBAN-BAJRAMI.jpg"}],"twitter_misc":{"Written by":"ulqini","Est. reading time":"1 minute"},"schema":{"@context":"https:\/\/schema.org","@graph":[{"@type":"WebSite","@id":"https:\/\/www.visit-ulcinj.com\/blog\/#website","url":"https:\/\/www.visit-ulcinj.com\/blog\/","name":"Lajme nga Ulqini","description":"Lajme,Vijesti,Ulqini,Ulqin,Crna Gora,Mali i Zi","potentialAction":[{"@type":"SearchAction","target":{"@type":"EntryPoint","urlTemplate":"https:\/\/www.visit-ulcinj.com\/blog\/?s={search_term_string}"},"query-input":"required name=search_term_string"}],"inLanguage":"en-US"},{"@type":"ImageObject","inLanguage":"en-US","@id":"https:\/\/www.visit-ulcinj.com\/blog\/2014\/10\/03\/urime-kurban-bajrami-kksh-mz\/#primaryimage","url":"https:\/\/www.visit-ulcinj.com\/blog\/wp-content\/uploads\/2012\/10\/KNSHMZ-ME-FAT-KURBAN-BAJRAMI.jpg","contentUrl":"https:\/\/www.visit-ulcinj.com\/blog\/wp-content\/uploads\/2012\/10\/KNSHMZ-ME-FAT-KURBAN-BAJRAMI.jpg","width":"1113","height":"717"},{"@type":"WebPage","@id":"https:\/\/www.visit-ulcinj.com\/blog\/2014\/10\/03\/urime-kurban-bajrami-kksh-mz\/#webpage","url":"https:\/\/www.visit-ulcinj.com\/blog\/2014\/10\/03\/urime-kurban-bajrami-kksh-mz\/","name":"Urime Kurban Bajrami - KKSH - MZ - Lajme nga Ulqini","isPartOf":{"@id":"https:\/\/www.visit-ulcinj.com\/blog\/#website"},"primaryImageOfPage":{"@id":"https:\/\/www.visit-ulcinj.com\/blog\/2014\/10\/03\/urime-kurban-bajrami-kksh-mz\/#primaryimage"},"datePublished":"2014-10-03T19:06:54+00:00","dateModified":"2014-10-03T19:06:54+00:00","author":{"@id":"https:\/\/www.visit-ulcinj.com\/blog\/#\/schema\/person\/dcab619c614d3038751c63bc2aadc06d"},"description":"K\u00cbSHILLI KOMB\u00cbTAR I SHQIPTAR\u00cbVE N\u00cb MALIN E ZI NACIONALNI SAVJET ALBANACA U CRNOJ GORI ALBANIAN \u00a0 NATIONAL COUNCIL IN MONTENEGRO Nr. 116 \/14 Ulqin, me","breadcrumb":{"@id":"https:\/\/www.visit-ulcinj.com\/blog\/2014\/10\/03\/urime-kurban-bajrami-kksh-mz\/#breadcrumb"},"inLanguage":"en-US","potentialAction":[{"@type":"ReadAction","target":["https:\/\/www.visit-ulcinj.com\/blog\/2014\/10\/03\/urime-kurban-bajrami-kksh-mz\/"]}]},{"@type":"BreadcrumbList","@id":"https:\/\/www.visit-ulcinj.com\/blog\/2014\/10\/03\/urime-kurban-bajrami-kksh-mz\/#breadcrumb","itemListElement":[{"@type":"ListItem","position":1,"name":"Urime Kurban Bajrami &#8211; KKSH &#8211; MZ"}]},{"@type":"Person","@id":"https:\/\/www.visit-ulcinj.com\/blog\/#\/schema\/person\/dcab619c614d3038751c63bc2aadc06d","name":"ulqini","sameAs":["http:\/\/www.visit-ulcinj.com"],"url":"https:\/\/www.visit-ulcinj.com\/blog\/author\/admin\/"}]}},"jetpack_featured_media_url":"","jetpack_sharing_enabled":true,"jetpack_shortlink":"https:\/\/wp.me\/pe6lTn-mfX","_links":{"self":[{"href":"https:\/\/www.visit-ulcinj.com\/blog\/wp-json\/wp\/v2\/posts\/85557"}],"collection":[{"href":"https:\/\/www.visit-ulcinj.com\/blog\/wp-json\/wp\/v2\/posts"}],"about":[{"href":"https:\/\/www.visit-ulcinj.com\/blog\/wp-json\/wp\/v2\/types\/post"}],"author":[{"embeddable":true,"href":"https:\/\/www.visit-ulcinj.com\/blog\/wp-json\/wp\/v2\/users\/1"}],"replies":[{"embeddable":true,"href":"https:\/\/www.visit-ulcinj.com\/blog\/wp-json\/wp\/v2\/comments?post=85557"}],"version-history":[{"count":1,"href":"https:\/\/www.visit-ulcinj.com\/blog\/wp-json\/wp\/v2\/posts\/85557\/revisions"}],"predecessor-version":[{"id":85558,"href":"https:\/\/www.visit-ulcinj.com\/blog\/wp-json\/wp\/v2\/posts\/85557\/revisions\/85558"}],"wp:attachment":[{"href":"https:\/\/www.visit-ulcinj.com\/blog\/wp-json\/wp\/v2\/media?parent=85557"}],"wp:term":[{"taxonomy":"category","embeddable":true,"href":"https:\/\/www.visit-ulcinj.com\/blog\/wp-json\/wp\/v2\/categories?post=85557"},{"taxonomy":"post_tag","embeddable":true,"href":"https:\/\/www.visit-ulcinj.com\/blog\/wp-json\/wp\/v2\/tags?post=85557"}],"curies":[{"name":"wp","href":"https:\/\/api.w.org\/{rel}","templated":true}]}}