{"id":85566,"date":"2014-10-03T20:38:22","date_gmt":"2014-10-03T19:38:22","guid":{"rendered":"http:\/\/www.visit-ulcinj.com\/blog\/?p=85566"},"modified":"2014-10-03T20:38:38","modified_gmt":"2014-10-03T19:38:38","slug":"qindra-karanfila-me-rastin-e-festes-se-kurban-bajramit","status":"publish","type":"post","link":"https:\/\/www.visit-ulcinj.com\/blog\/2014\/10\/03\/qindra-karanfila-me-rastin-e-festes-se-kurban-bajramit\/","title":{"rendered":"Qindra karanfila me rastin e fest\u00ebs s\u00eb Kurban Bajramit"},"content":{"rendered":"<p><span class=\"fbPhotoCaptionText\"><a href=\"http:\/\/www.visit-ulcinj.com\/blog\/wp-content\/uploads\/2014\/10\/Qindra-karanfila-Forumi-rinor-xhamia-klleznes-Kurban-Bajrami-.jpg\"><img loading=\"lazy\" class=\"alignleft wp-image-85568\" src=\"http:\/\/www.visit-ulcinj.com\/blog\/wp-content\/uploads\/2014\/10\/Qindra-karanfila-Forumi-rinor-xhamia-klleznes-Kurban-Bajrami-.jpg\" alt=\"Qindra karanfila-Forumi-rinor-xhamia-klleznes-Kurban-Bajrami-\" width=\"508\" height=\"381\" srcset=\"https:\/\/www.visit-ulcinj.com\/blog\/wp-content\/uploads\/2014\/10\/Qindra-karanfila-Forumi-rinor-xhamia-klleznes-Kurban-Bajrami-.jpg 960w, https:\/\/www.visit-ulcinj.com\/blog\/wp-content\/uploads\/2014\/10\/Qindra-karanfila-Forumi-rinor-xhamia-klleznes-Kurban-Bajrami--300x225.jpg 300w\" sizes=\"(max-width: 508px) 100vw, 508px\" \/><\/a>N\u00eb nat\u00ebn e Kurban Bajramit, sot dit\u00ebn e xhuma, Forumi Rinor i Xhamis\u00eb s\u00eb Kllezn\u00ebs, p\u00ebr her\u00eb t\u00eb par\u00eb t\u00eb k\u00ebtij lloji n\u00eb qytetin ton\u00eb, organizoj kampanj\u00ebn p\u00ebr nder t\u00eb fest\u00ebs s\u00eb Kurban Bajramit, ku u shp\u00ebrndan\u00eb 200 karanfila dhe mbi 500 kartolina me mesazhe t\u00eb t\u00eb D\u00ebrguarit t\u00eb Zotit Muhamedit a.s. me fjal\u00eb shum\u00eb dometh\u00ebn\u00ebse dhe motivuese.<\/span><\/p>\n<p>Karanfilat dhe kartolinat u shp\u00ebrndan\u00eb n\u00eb disa pika t\u00eb qytetit dhe n\u00eb An\u00eb t\u00eb Malit, konkretisht n\u00eb Kat\u00ebrkoll\u00eb.<\/p>\n<p>Me an\u00eb t\u00eb k\u00ebtij aktiviteti aktivist\u00ebt dhe aktivistet e Forumit Rinor t\u00eb xhamis\u00eb s\u00eb Kllezn\u00ebs, treguan dhe uruan qytetar\u00ebt e pranish\u00ebm dhe kalimtar\u00ebt e rastit duke e ndar\u00eb s\u00eb bashku g\u00ebzimin dhe festimin e k\u00ebsaj feste madh\u00ebshtore, p\u00ebrmes ndarjes s\u00eb karanfilave dhe duke p\u00ebr\u00e7uar p\u00ebrmes kartolinave mesazhet hyjnore dhe dashurin\u00eb q\u00eb ka Krijuesi jon\u00eb ndaj krijes\u00ebs njeri. Nj\u00ebherazi duke p\u00ebrcjell edhe vlerat Islame si fe e paqes, toleranc\u00ebs, dashuris\u00eb e lumturis\u00eb.<\/p>\n<p>Disa nga mesazhet e shp\u00ebrndara dhe shum\u00eb t\u00eb mir\u00ebpritura nga qytetar\u00ebt ishin edhe k\u00ebto th\u00ebnie t\u00eb pejgamberit Muhamed a.s. i cili ka th\u00ebn\u00eb:<br \/>\n\u201cM\u00eb i miri n\u00eb mesin e njer\u00ebzve \u00ebsht\u00eb ai i cili \u00ebsht\u00eb m\u00eb i dobish\u00ebm p\u00ebr njer\u00ebzit!\u201c \u201cAi q\u00eb nuk shfaq dashuri ndaj njer\u00ebzve, oti nuk do ta m\u00ebshiroj\u201d \u201cNuk ka besuar n\u00eb mua ai i cili fle i ngopur, kurse fqinji pran\u00eb tij \u00ebsht\u00eb i uritur, e ky e di p\u00ebr t\u00eb\u201d \u201cD\u00ebshiro p\u00ebr t\u00eb tjer\u00ebt at\u00eb q\u00eb d\u00ebshiron p\u00ebr vete\u201d<\/p>\n<p>Kjo kampanj\u00eb, ky aktivitet, mbase i thjesht\u00eb por kuptimplot\u00eb, ngjalli interesim jasht\u00ebzakonisht t\u00eb madh tek qytetar\u00ebt e komun\u00ebs s\u00eb Ulqinit, shum\u00eb prej t\u00eb cil\u00ebve p\u00ebrg\u00ebzuan Forumin Rinor p\u00ebr k\u00ebto ide kreative dhe mesazhet inkurajuese.<br \/>\nGjithashtu gjat\u00eb k\u00ebsaj jave, dje, dit\u00ebn e enjte, po ashtu kemi b\u00ebr\u00eb shp\u00ebrndarjen e 60 Shportave t\u00eb Bajramit n\u00eb 60 familje me nevoj\u00eb n\u00eb t\u00ebr\u00eb territorin e komun\u00ebs s\u00eb Ulqinit.<\/p>\n<p>Pun\u00ebt me t\u00eb dashura p\u00ebr Zotin jan\u00eb pun\u00ebt e vazhdueshme edhe n\u00ebse jan\u00eb t\u00eb vogla, andaj ne, shpresojm\u00eb n\u00eb vazhdim\u00ebsin\u00eb e pun\u00ebs dhe aktiviteteve tona n\u00eb t\u00eb mir\u00eb t\u00eb qytetar\u00ebve tan\u00eb.<\/p>\n<p>N\u00eb em\u00ebr t\u00eb Forumit Rinor\u00eb t\u00eb xhamis\u00eb s\u00eb Kllezn\u00ebs fal\u00ebnderojm\u00eb t\u00eb gjith\u00eb donator\u00ebt dhe bashk\u00ebpun\u00ebtor\u00ebt q\u00eb ndihmuan realizimin me sukses t\u00eb k\u00ebsaj kampanje.<br \/>\nGjith\u00eb besimtar\u00ebve t\u00eb besimit islam iu urojm\u00eb fest\u00ebn e Kurban Bajramit.<br \/>\nPa\u00e7i sh\u00ebndet, lumturi, dashuri dhe begati n\u00eb familjet e juaja.<\/p>\n<p>Me respekt.<br \/>\n<strong>Kryesia e Forumit Rinor t\u00eb xhamis\u00eb s\u00eb Kllezn\u00ebs<\/strong><\/p>\n<p><strong>Me shum\u00eb Foto nga manifestimi n\u00eb:<\/strong><\/p>\n<p class=\"_5pbw\" data-ft=\"{&quot;tn&quot;:&quot;C&quot;}\"><strong><span class=\"fcg\"><span class=\"fwb\"><a id=\"js_13\" class=\"profileLink\" tabindex=\"0\" href=\"https:\/\/www.facebook.com\/xhamiaklleznes\" data-ft=\"{&quot;tn&quot;:&quot;l&quot;}\" data-hovercard=\"\/ajax\/hovercard\/user.php?id=100004174742969\">Xhamia Klleznes Ulqin<\/a><\/span>\u00a0 &#8211; <a href=\"https:\/\/www.facebook.com\/media\/set\/?set=a.367950423354113.1073741867.100004174742969&amp;type=1\">QINDRA KARANFILA ME RASTIN E FEST\u00cbS S\u00cb KURBAN BAJRAMIT<\/a>.<\/span><\/strong><\/p>\n","protected":false},"excerpt":{"rendered":"<p>N\u00eb nat\u00ebn e Kurban Bajramit, sot dit\u00ebn e xhuma, Forumi Rinor i Xhamis\u00eb s\u00eb Kllezn\u00ebs, p\u00ebr her\u00eb t\u00eb par\u00eb t\u00eb k\u00ebtij lloji n\u00eb qytetin ton\u00eb, organizoj kampanj\u00ebn p\u00ebr nder t\u00eb fest\u00ebs s\u00eb Kurban Bajramit, ku u shp\u00ebrndan\u00eb 200 karanfila dhe mbi 500 kartolina me mesazhe t\u00eb t\u00eb D\u00ebrguarit t\u00eb Zotit Muhamedit a.s. me fjal\u00eb shum\u00eb [&hellip;]<\/p>\n","protected":false},"author":1,"featured_media":0,"comment_status":"closed","ping_status":"closed","sticky":false,"template":"","format":"standard","meta":{"spay_email":"","jetpack_publicize_message":"","jetpack_is_tweetstorm":false,"jetpack_publicize_feature_enabled":true},"categories":[12],"tags":[],"jetpack_publicize_connections":[],"yoast_head":"<!-- This site is optimized with the Yoast SEO plugin v19.1 - https:\/\/yoast.com\/wordpress\/plugins\/seo\/ -->\n<title>Qindra karanfila me rastin e fest\u00ebs s\u00eb Kurban Bajramit - Lajme nga Ulqini<\/title>\n<meta name=\"description\" content=\"N\u00eb nat\u00ebn e Kurban Bajramit, sot dit\u00ebn e xhuma, Forumi Rinor i Xhamis\u00eb s\u00eb Kllezn\u00ebs, p\u00ebr her\u00eb t\u00eb par\u00eb t\u00eb k\u00ebtij lloji n\u00eb qytetin ton\u00eb, organizoj kampanj\u00ebn\" \/>\n<meta name=\"robots\" content=\"index, follow, max-snippet:-1, max-image-preview:large, max-video-preview:-1\" \/>\n<link rel=\"canonical\" href=\"https:\/\/www.visit-ulcinj.com\/blog\/2014\/10\/03\/qindra-karanfila-me-rastin-e-festes-se-kurban-bajramit\/\" \/>\n<meta property=\"og:locale\" content=\"en_US\" \/>\n<meta property=\"og:type\" content=\"article\" \/>\n<meta property=\"og:title\" content=\"Qindra karanfila me rastin e fest\u00ebs s\u00eb Kurban Bajramit - Lajme nga Ulqini\" \/>\n<meta property=\"og:description\" content=\"N\u00eb nat\u00ebn e Kurban Bajramit, sot dit\u00ebn e xhuma, Forumi Rinor i Xhamis\u00eb s\u00eb Kllezn\u00ebs, p\u00ebr her\u00eb t\u00eb par\u00eb t\u00eb k\u00ebtij lloji n\u00eb qytetin ton\u00eb, organizoj kampanj\u00ebn\" \/>\n<meta property=\"og:url\" content=\"https:\/\/www.visit-ulcinj.com\/blog\/2014\/10\/03\/qindra-karanfila-me-rastin-e-festes-se-kurban-bajramit\/\" \/>\n<meta property=\"og:site_name\" content=\"Lajme nga Ulqini\" \/>\n<meta property=\"article:published_time\" content=\"2014-10-03T19:38:22+00:00\" \/>\n<meta property=\"article:modified_time\" content=\"2014-10-03T19:38:38+00:00\" \/>\n<meta property=\"og:image\" content=\"http:\/\/www.visit-ulcinj.com\/blog\/wp-content\/uploads\/2014\/10\/Qindra-karanfila-Forumi-rinor-xhamia-klleznes-Kurban-Bajrami-.jpg\" \/>\n<meta name=\"twitter:label1\" content=\"Written by\" \/>\n\t<meta name=\"twitter:data1\" content=\"ulqini\" \/>\n\t<meta name=\"twitter:label2\" content=\"Est. reading time\" \/>\n\t<meta name=\"twitter:data2\" content=\"2 minutes\" \/>\n<script type=\"application\/ld+json\" class=\"yoast-schema-graph\">{\"@context\":\"https:\/\/schema.org\",\"@graph\":[{\"@type\":\"WebSite\",\"@id\":\"https:\/\/www.visit-ulcinj.com\/blog\/#website\",\"url\":\"https:\/\/www.visit-ulcinj.com\/blog\/\",\"name\":\"Lajme nga Ulqini\",\"description\":\"Lajme,Vijesti,Ulqini,Ulqin,Crna Gora,Mali i Zi\",\"potentialAction\":[{\"@type\":\"SearchAction\",\"target\":{\"@type\":\"EntryPoint\",\"urlTemplate\":\"https:\/\/www.visit-ulcinj.com\/blog\/?s={search_term_string}\"},\"query-input\":\"required name=search_term_string\"}],\"inLanguage\":\"en-US\"},{\"@type\":\"ImageObject\",\"inLanguage\":\"en-US\",\"@id\":\"https:\/\/www.visit-ulcinj.com\/blog\/2014\/10\/03\/qindra-karanfila-me-rastin-e-festes-se-kurban-bajramit\/#primaryimage\",\"url\":\"https:\/\/www.visit-ulcinj.com\/blog\/wp-content\/uploads\/2014\/10\/Qindra-karanfila-Forumi-rinor-xhamia-klleznes-Kurban-Bajrami-.jpg\",\"contentUrl\":\"https:\/\/www.visit-ulcinj.com\/blog\/wp-content\/uploads\/2014\/10\/Qindra-karanfila-Forumi-rinor-xhamia-klleznes-Kurban-Bajrami-.jpg\",\"width\":960,\"height\":720},{\"@type\":\"WebPage\",\"@id\":\"https:\/\/www.visit-ulcinj.com\/blog\/2014\/10\/03\/qindra-karanfila-me-rastin-e-festes-se-kurban-bajramit\/#webpage\",\"url\":\"https:\/\/www.visit-ulcinj.com\/blog\/2014\/10\/03\/qindra-karanfila-me-rastin-e-festes-se-kurban-bajramit\/\",\"name\":\"Qindra karanfila me rastin e fest\u00ebs s\u00eb Kurban Bajramit - Lajme nga Ulqini\",\"isPartOf\":{\"@id\":\"https:\/\/www.visit-ulcinj.com\/blog\/#website\"},\"primaryImageOfPage\":{\"@id\":\"https:\/\/www.visit-ulcinj.com\/blog\/2014\/10\/03\/qindra-karanfila-me-rastin-e-festes-se-kurban-bajramit\/#primaryimage\"},\"datePublished\":\"2014-10-03T19:38:22+00:00\",\"dateModified\":\"2014-10-03T19:38:38+00:00\",\"author\":{\"@id\":\"https:\/\/www.visit-ulcinj.com\/blog\/#\/schema\/person\/dcab619c614d3038751c63bc2aadc06d\"},\"description\":\"N\u00eb nat\u00ebn e Kurban Bajramit, sot dit\u00ebn e xhuma, Forumi Rinor i Xhamis\u00eb s\u00eb Kllezn\u00ebs, p\u00ebr her\u00eb t\u00eb par\u00eb t\u00eb k\u00ebtij lloji n\u00eb qytetin ton\u00eb, organizoj kampanj\u00ebn\",\"breadcrumb\":{\"@id\":\"https:\/\/www.visit-ulcinj.com\/blog\/2014\/10\/03\/qindra-karanfila-me-rastin-e-festes-se-kurban-bajramit\/#breadcrumb\"},\"inLanguage\":\"en-US\",\"potentialAction\":[{\"@type\":\"ReadAction\",\"target\":[\"https:\/\/www.visit-ulcinj.com\/blog\/2014\/10\/03\/qindra-karanfila-me-rastin-e-festes-se-kurban-bajramit\/\"]}]},{\"@type\":\"BreadcrumbList\",\"@id\":\"https:\/\/www.visit-ulcinj.com\/blog\/2014\/10\/03\/qindra-karanfila-me-rastin-e-festes-se-kurban-bajramit\/#breadcrumb\",\"itemListElement\":[{\"@type\":\"ListItem\",\"position\":1,\"name\":\"Qindra karanfila me rastin e fest\u00ebs s\u00eb Kurban Bajramit\"}]},{\"@type\":\"Person\",\"@id\":\"https:\/\/www.visit-ulcinj.com\/blog\/#\/schema\/person\/dcab619c614d3038751c63bc2aadc06d\",\"name\":\"ulqini\",\"sameAs\":[\"http:\/\/www.visit-ulcinj.com\"],\"url\":\"https:\/\/www.visit-ulcinj.com\/blog\/author\/admin\/\"}]}<\/script>\n<!-- \/ Yoast SEO plugin. -->","yoast_head_json":{"title":"Qindra karanfila me rastin e fest\u00ebs s\u00eb Kurban Bajramit - Lajme nga Ulqini","description":"N\u00eb nat\u00ebn e Kurban Bajramit, sot dit\u00ebn e xhuma, Forumi Rinor i Xhamis\u00eb s\u00eb Kllezn\u00ebs, p\u00ebr her\u00eb t\u00eb par\u00eb t\u00eb k\u00ebtij lloji n\u00eb qytetin ton\u00eb, organizoj kampanj\u00ebn","robots":{"index":"index","follow":"follow","max-snippet":"max-snippet:-1","max-image-preview":"max-image-preview:large","max-video-preview":"max-video-preview:-1"},"canonical":"https:\/\/www.visit-ulcinj.com\/blog\/2014\/10\/03\/qindra-karanfila-me-rastin-e-festes-se-kurban-bajramit\/","og_locale":"en_US","og_type":"article","og_title":"Qindra karanfila me rastin e fest\u00ebs s\u00eb Kurban Bajramit - Lajme nga Ulqini","og_description":"N\u00eb nat\u00ebn e Kurban Bajramit, sot dit\u00ebn e xhuma, Forumi Rinor i Xhamis\u00eb s\u00eb Kllezn\u00ebs, p\u00ebr her\u00eb t\u00eb par\u00eb t\u00eb k\u00ebtij lloji n\u00eb qytetin ton\u00eb, organizoj kampanj\u00ebn","og_url":"https:\/\/www.visit-ulcinj.com\/blog\/2014\/10\/03\/qindra-karanfila-me-rastin-e-festes-se-kurban-bajramit\/","og_site_name":"Lajme nga Ulqini","article_published_time":"2014-10-03T19:38:22+00:00","article_modified_time":"2014-10-03T19:38:38+00:00","og_image":[{"url":"http:\/\/www.visit-ulcinj.com\/blog\/wp-content\/uploads\/2014\/10\/Qindra-karanfila-Forumi-rinor-xhamia-klleznes-Kurban-Bajrami-.jpg"}],"twitter_misc":{"Written by":"ulqini","Est. reading time":"2 minutes"},"schema":{"@context":"https:\/\/schema.org","@graph":[{"@type":"WebSite","@id":"https:\/\/www.visit-ulcinj.com\/blog\/#website","url":"https:\/\/www.visit-ulcinj.com\/blog\/","name":"Lajme nga Ulqini","description":"Lajme,Vijesti,Ulqini,Ulqin,Crna Gora,Mali i Zi","potentialAction":[{"@type":"SearchAction","target":{"@type":"EntryPoint","urlTemplate":"https:\/\/www.visit-ulcinj.com\/blog\/?s={search_term_string}"},"query-input":"required name=search_term_string"}],"inLanguage":"en-US"},{"@type":"ImageObject","inLanguage":"en-US","@id":"https:\/\/www.visit-ulcinj.com\/blog\/2014\/10\/03\/qindra-karanfila-me-rastin-e-festes-se-kurban-bajramit\/#primaryimage","url":"https:\/\/www.visit-ulcinj.com\/blog\/wp-content\/uploads\/2014\/10\/Qindra-karanfila-Forumi-rinor-xhamia-klleznes-Kurban-Bajrami-.jpg","contentUrl":"https:\/\/www.visit-ulcinj.com\/blog\/wp-content\/uploads\/2014\/10\/Qindra-karanfila-Forumi-rinor-xhamia-klleznes-Kurban-Bajrami-.jpg","width":960,"height":720},{"@type":"WebPage","@id":"https:\/\/www.visit-ulcinj.com\/blog\/2014\/10\/03\/qindra-karanfila-me-rastin-e-festes-se-kurban-bajramit\/#webpage","url":"https:\/\/www.visit-ulcinj.com\/blog\/2014\/10\/03\/qindra-karanfila-me-rastin-e-festes-se-kurban-bajramit\/","name":"Qindra karanfila me rastin e fest\u00ebs s\u00eb Kurban Bajramit - Lajme nga Ulqini","isPartOf":{"@id":"https:\/\/www.visit-ulcinj.com\/blog\/#website"},"primaryImageOfPage":{"@id":"https:\/\/www.visit-ulcinj.com\/blog\/2014\/10\/03\/qindra-karanfila-me-rastin-e-festes-se-kurban-bajramit\/#primaryimage"},"datePublished":"2014-10-03T19:38:22+00:00","dateModified":"2014-10-03T19:38:38+00:00","author":{"@id":"https:\/\/www.visit-ulcinj.com\/blog\/#\/schema\/person\/dcab619c614d3038751c63bc2aadc06d"},"description":"N\u00eb nat\u00ebn e Kurban Bajramit, sot dit\u00ebn e xhuma, Forumi Rinor i Xhamis\u00eb s\u00eb Kllezn\u00ebs, p\u00ebr her\u00eb t\u00eb par\u00eb t\u00eb k\u00ebtij lloji n\u00eb qytetin ton\u00eb, organizoj kampanj\u00ebn","breadcrumb":{"@id":"https:\/\/www.visit-ulcinj.com\/blog\/2014\/10\/03\/qindra-karanfila-me-rastin-e-festes-se-kurban-bajramit\/#breadcrumb"},"inLanguage":"en-US","potentialAction":[{"@type":"ReadAction","target":["https:\/\/www.visit-ulcinj.com\/blog\/2014\/10\/03\/qindra-karanfila-me-rastin-e-festes-se-kurban-bajramit\/"]}]},{"@type":"BreadcrumbList","@id":"https:\/\/www.visit-ulcinj.com\/blog\/2014\/10\/03\/qindra-karanfila-me-rastin-e-festes-se-kurban-bajramit\/#breadcrumb","itemListElement":[{"@type":"ListItem","position":1,"name":"Qindra karanfila me rastin e fest\u00ebs s\u00eb Kurban Bajramit"}]},{"@type":"Person","@id":"https:\/\/www.visit-ulcinj.com\/blog\/#\/schema\/person\/dcab619c614d3038751c63bc2aadc06d","name":"ulqini","sameAs":["http:\/\/www.visit-ulcinj.com"],"url":"https:\/\/www.visit-ulcinj.com\/blog\/author\/admin\/"}]}},"jetpack_featured_media_url":"","jetpack_sharing_enabled":true,"jetpack_shortlink":"https:\/\/wp.me\/pe6lTn-mg6","_links":{"self":[{"href":"https:\/\/www.visit-ulcinj.com\/blog\/wp-json\/wp\/v2\/posts\/85566"}],"collection":[{"href":"https:\/\/www.visit-ulcinj.com\/blog\/wp-json\/wp\/v2\/posts"}],"about":[{"href":"https:\/\/www.visit-ulcinj.com\/blog\/wp-json\/wp\/v2\/types\/post"}],"author":[{"embeddable":true,"href":"https:\/\/www.visit-ulcinj.com\/blog\/wp-json\/wp\/v2\/users\/1"}],"replies":[{"embeddable":true,"href":"https:\/\/www.visit-ulcinj.com\/blog\/wp-json\/wp\/v2\/comments?post=85566"}],"version-history":[{"count":2,"href":"https:\/\/www.visit-ulcinj.com\/blog\/wp-json\/wp\/v2\/posts\/85566\/revisions"}],"predecessor-version":[{"id":85570,"href":"https:\/\/www.visit-ulcinj.com\/blog\/wp-json\/wp\/v2\/posts\/85566\/revisions\/85570"}],"wp:attachment":[{"href":"https:\/\/www.visit-ulcinj.com\/blog\/wp-json\/wp\/v2\/media?parent=85566"}],"wp:term":[{"taxonomy":"category","embeddable":true,"href":"https:\/\/www.visit-ulcinj.com\/blog\/wp-json\/wp\/v2\/categories?post=85566"},{"taxonomy":"post_tag","embeddable":true,"href":"https:\/\/www.visit-ulcinj.com\/blog\/wp-json\/wp\/v2\/tags?post=85566"}],"curies":[{"name":"wp","href":"https:\/\/api.w.org\/{rel}","templated":true}]}}