{"id":85571,"date":"2014-10-03T20:45:43","date_gmt":"2014-10-03T19:45:43","guid":{"rendered":"http:\/\/www.visit-ulcinj.com\/blog\/?p=85571"},"modified":"2014-10-03T20:47:20","modified_gmt":"2014-10-03T19:47:20","slug":"60-shporta-te-kurban-bajramit-per-familjet-ne-nevoje","status":"publish","type":"post","link":"https:\/\/www.visit-ulcinj.com\/blog\/2014\/10\/03\/60-shporta-te-kurban-bajramit-per-familjet-ne-nevoje\/","title":{"rendered":"60 Shporta t\u00eb Kurban Bajramit p\u00ebr familjet n\u00eb nevoj\u00eb"},"content":{"rendered":"<p><a href=\"http:\/\/www.visit-ulcinj.com\/blog\/wp-content\/uploads\/2014\/10\/60-Shporta-t\u00eb-Kurban-Bajrami-Xhamia-Klleznes.jpg\"><img loading=\"lazy\" class=\"alignleft wp-image-85572\" src=\"http:\/\/www.visit-ulcinj.com\/blog\/wp-content\/uploads\/2014\/10\/60-Shporta-t\u00eb-Kurban-Bajrami-Xhamia-Klleznes.jpg\" alt=\"60 Shporta t\u00eb Kurban Bajrami-Xhamia-Klleznes\" width=\"508\" height=\"381\" srcset=\"https:\/\/www.visit-ulcinj.com\/blog\/wp-content\/uploads\/2014\/10\/60-Shporta-t\u00eb-Kurban-Bajrami-Xhamia-Klleznes.jpg 960w, https:\/\/www.visit-ulcinj.com\/blog\/wp-content\/uploads\/2014\/10\/60-Shporta-t\u00eb-Kurban-Bajrami-Xhamia-Klleznes-300x225.jpg 300w\" sizes=\"(max-width: 508px) 100vw, 508px\" \/><\/a>N\u00eb aspektin e bamir\u00ebsis\u00eb dhe humanizmit, p\u00ebrmes nj\u00eb organizimi, tashm\u00eb t\u00eb r\u00ebndomt\u00eb, n\u00eb prag t\u00eb nat\u00ebs s\u00eb Kurban Bajramit, K\u00ebshilli i Xhamis\u00eb s\u00eb Kllezn\u00ebs dhe Forumi Rinor i Xhamis\u00eb s\u00eb Kllezn\u00ebs, me rastin e fest\u00ebs s\u00eb Kurban Bajramit, shp\u00ebrndan\u00eb SHPORT\u00cbN E BAJRAMIT si aksion humanitar\u00eb bamir\u00ebs n\u00eb ndarjen e ndihmave q\u00eb iu dedikua familjeve me gjendje ekonomike t\u00eb r\u00ebnduar n\u00eb t\u00ebr\u00eb territorin e komun\u00ebs s\u00eb Ulqinit me rrethin\u00eb.<\/p>\n<p>Dit<span class=\"text_exposed_show\">\u00ebn e Enjte me 02.10.2014, Xhamia e Kllezn\u00ebs shp\u00ebrndau 60 Shporta t\u00eb Bajramit p\u00ebr 60 familje, ku Shporta festive p\u00ebrmbante gj\u00ebrat elementare ushqimore dhe ato higjienike.<\/span><\/p>\n<div class=\"text_exposed_show\">\n<p>Ju njoftojm\u00eb se, Shporta e Bajramit kishte po t\u00eb nj\u00ebjtat produkte ushqimore si\u00e7 kishte Shporta e Ramazanit, ku gjat\u00eb muajit ramazan u shp\u00ebrndan 220 shporta t\u00eb ramazanit p\u00ebr 220 familje, dhe pjesa e mbetur e t\u00eb hollave nga donator\u00ebt e shumt\u00eb q\u00eb kontribuuan gjat\u00eb muajit ramazan, u shp\u00ebrnda n\u00eb 60 familje n\u00eb prag t\u00eb fest\u00ebs s\u00eb Kurban Bajramit.<\/p>\n<p>Andaj kemi obligim moral si para Zotit t\u00eb Plotfuqish\u00ebm dhe para donator\u00ebve ku amanetin e tyre, pasurin\u00eb e tyre q\u00eb na besuan neve si xhami e Kllezn\u00ebs n\u00eb shp\u00ebrndarjen e ndihmave, e p\u00ebrfunduam me angazhimin maksimal, sinqeritet t\u00eb plot\u00eb dhe me bindje se shp\u00ebrblimin do ta kemi tek Zoti i Madh\u00ebruar, p\u00ebr t\u00eb gjith\u00eb ato q\u00eb kontribuuan n\u00eb forma t\u00eb ndryshme.<\/p>\n<p><a href=\"http:\/\/www.visit-ulcinj.com\/blog\/wp-content\/uploads\/2014\/10\/60-Shporta-t\u00eb-Kurban-Bajrami-Xhamia-Klleznes-1.jpg\"><img loading=\"lazy\" class=\"alignleft wp-image-85573\" src=\"http:\/\/www.visit-ulcinj.com\/blog\/wp-content\/uploads\/2014\/10\/60-Shporta-t\u00eb-Kurban-Bajrami-Xhamia-Klleznes-1.jpg\" alt=\"60 Shporta t\u00eb Kurban Bajrami-Xhamia-Klleznes-1\" width=\"508\" height=\"381\" srcset=\"https:\/\/www.visit-ulcinj.com\/blog\/wp-content\/uploads\/2014\/10\/60-Shporta-t\u00eb-Kurban-Bajrami-Xhamia-Klleznes-1.jpg 960w, https:\/\/www.visit-ulcinj.com\/blog\/wp-content\/uploads\/2014\/10\/60-Shporta-t\u00eb-Kurban-Bajrami-Xhamia-Klleznes-1-300x225.jpg 300w\" sizes=\"(max-width: 508px) 100vw, 508px\" \/><\/a><\/p>\n<p>Andaj edhe nj\u00ebher\u00eb i fal\u00ebnderojm\u00eb nga zemra t\u00eb gjith\u00eb ato q\u00eb kan\u00eb kontribuar n\u00eb forma t\u00eb ndryshme, si ato vendas por edhe m\u00ebrgimtar\u00ebt tan\u00eb, duke e lutur Zotin e Plotfuqish\u00ebm q\u00eb t\u00eb i shp\u00ebrblej me t\u00eb mirat e Tij, dhe ju shtoft\u00eb g\u00ebzimin n\u00eb familjet e tyre ashtu si\u00e7 soll\u00ebn g\u00ebzimin dhe buz\u00ebqeshjen n\u00eb familjet e k\u00ebtyre familjeve n\u00eb nevoj\u00eb, sidomos n\u00eb prag t\u00eb k\u00ebsaj feste t\u00eb bekuar t\u00eb Kurban Bajramit.<\/p>\n<p>Gjat\u00eb k\u00ebsaj jave t\u00eb kaluar, vlen t\u00eb p\u00ebrmendet aktiviteti dhe angazhimi maksimal i t\u00eb gjith\u00eb aktivist\u00ebve dhe an\u00ebtar\u00ebve t\u00eb Forumit Rinor, K\u00ebshillit t\u00eb Xhamis\u00eb dhe vet Imamit t\u00eb nderuar, t\u00eb cil\u00ebt nuk kursyen veten dhe koh\u00ebn e tyre p\u00ebr t\u2019i realizuar t\u00eb gjitha k\u00ebto aktivitete.<br \/>\nDhe n\u00eb fund n\u00eb em\u00ebr t\u00eb t\u00eb gjith\u00eb neve,<br \/>\nGjith\u00eb besimtar\u00ebve t\u00eb besimit islam iu urojm\u00eb fest\u00ebn e Kurban Bajramit.<br \/>\nPa\u00e7i sh\u00ebndet, lumturi, dashuri dhe begati n\u00eb familjet e juaja.<\/p>\n<p>Me respekt<br \/>\n<strong>K\u00ebshilli i Xhamis\u00eb s\u00eb Kllezn\u00ebs<\/strong><\/p>\n<p>Me tep\u00ebr Fotografi:<\/p>\n<p class=\"_5pbw\" data-ft=\"{&quot;tn&quot;:&quot;C&quot;}\"><span class=\"fcg\"><span class=\"fwb\"><a class=\"profileLink\" href=\"https:\/\/www.facebook.com\/xhamiaklleznes\" data-ft=\"{&quot;tn&quot;:&quot;l&quot;}\" data-hovercard=\"\/ajax\/hovercard\/user.php?id=100004174742969\">Xhamia Klleznes Ulqin Facebook<\/a><\/span> &#8211;\u00a0 <a href=\"https:\/\/www.facebook.com\/media\/set\/?set=a.367537993395356.1073741866.100004174742969&amp;type=1\">60 SHPORTA T\u00cb KURBAN BAJRAMIT P\u00cbR 60 FAMILJE N\u00cb NEVOJ\u00cb<\/a>.<br \/>\n<\/span>ose<br \/>\n<strong>www.xhamiaeklleznes.com<\/strong><\/p>\n<\/div>\n","protected":false},"excerpt":{"rendered":"<p>N\u00eb aspektin e bamir\u00ebsis\u00eb dhe humanizmit, p\u00ebrmes nj\u00eb organizimi, tashm\u00eb t\u00eb r\u00ebndomt\u00eb, n\u00eb prag t\u00eb nat\u00ebs s\u00eb Kurban Bajramit, K\u00ebshilli i Xhamis\u00eb s\u00eb Kllezn\u00ebs dhe Forumi Rinor i Xhamis\u00eb s\u00eb Kllezn\u00ebs, me rastin e fest\u00ebs s\u00eb Kurban Bajramit, shp\u00ebrndan\u00eb SHPORT\u00cbN E BAJRAMIT si aksion humanitar\u00eb bamir\u00ebs n\u00eb ndarjen e ndihmave q\u00eb iu dedikua familjeve me [&hellip;]<\/p>\n","protected":false},"author":1,"featured_media":0,"comment_status":"closed","ping_status":"closed","sticky":false,"template":"","format":"standard","meta":{"spay_email":"","jetpack_publicize_message":"","jetpack_is_tweetstorm":false,"jetpack_publicize_feature_enabled":true},"categories":[14],"tags":[],"jetpack_publicize_connections":[],"yoast_head":"<!-- This site is optimized with the Yoast SEO plugin v19.1 - https:\/\/yoast.com\/wordpress\/plugins\/seo\/ -->\n<title>60 Shporta t\u00eb Kurban Bajramit p\u00ebr familjet n\u00eb nevoj\u00eb - Lajme nga Ulqini<\/title>\n<meta name=\"description\" content=\"N\u00eb aspektin e bamir\u00ebsis\u00eb dhe humanizmit, p\u00ebrmes nj\u00eb organizimi, tashm\u00eb t\u00eb r\u00ebndomt\u00eb, n\u00eb prag t\u00eb nat\u00ebs s\u00eb Kurban Bajramit, K\u00ebshilli i Xhamis\u00eb s\u00eb Kllezn\u00ebs\" \/>\n<meta name=\"robots\" content=\"index, follow, max-snippet:-1, max-image-preview:large, max-video-preview:-1\" \/>\n<link rel=\"canonical\" href=\"https:\/\/www.visit-ulcinj.com\/blog\/2014\/10\/03\/60-shporta-te-kurban-bajramit-per-familjet-ne-nevoje\/\" \/>\n<meta property=\"og:locale\" content=\"en_US\" \/>\n<meta property=\"og:type\" content=\"article\" \/>\n<meta property=\"og:title\" content=\"60 Shporta t\u00eb Kurban Bajramit p\u00ebr familjet n\u00eb nevoj\u00eb - Lajme nga Ulqini\" \/>\n<meta property=\"og:description\" content=\"N\u00eb aspektin e bamir\u00ebsis\u00eb dhe humanizmit, p\u00ebrmes nj\u00eb organizimi, tashm\u00eb t\u00eb r\u00ebndomt\u00eb, n\u00eb prag t\u00eb nat\u00ebs s\u00eb Kurban Bajramit, K\u00ebshilli i Xhamis\u00eb s\u00eb Kllezn\u00ebs\" \/>\n<meta property=\"og:url\" content=\"https:\/\/www.visit-ulcinj.com\/blog\/2014\/10\/03\/60-shporta-te-kurban-bajramit-per-familjet-ne-nevoje\/\" \/>\n<meta property=\"og:site_name\" content=\"Lajme nga Ulqini\" \/>\n<meta property=\"article:published_time\" content=\"2014-10-03T19:45:43+00:00\" \/>\n<meta property=\"article:modified_time\" content=\"2014-10-03T19:47:20+00:00\" \/>\n<meta name=\"twitter:label1\" content=\"Written by\" \/>\n\t<meta name=\"twitter:data1\" content=\"ulqini\" \/>\n\t<meta name=\"twitter:label2\" content=\"Est. reading time\" \/>\n\t<meta name=\"twitter:data2\" content=\"2 minutes\" \/>\n<script type=\"application\/ld+json\" class=\"yoast-schema-graph\">{\"@context\":\"https:\/\/schema.org\",\"@graph\":[{\"@type\":\"WebSite\",\"@id\":\"https:\/\/www.visit-ulcinj.com\/blog\/#website\",\"url\":\"https:\/\/www.visit-ulcinj.com\/blog\/\",\"name\":\"Lajme nga Ulqini\",\"description\":\"Lajme,Vijesti,Ulqini,Ulqin,Crna Gora,Mali i Zi\",\"potentialAction\":[{\"@type\":\"SearchAction\",\"target\":{\"@type\":\"EntryPoint\",\"urlTemplate\":\"https:\/\/www.visit-ulcinj.com\/blog\/?s={search_term_string}\"},\"query-input\":\"required name=search_term_string\"}],\"inLanguage\":\"en-US\"},{\"@type\":\"WebPage\",\"@id\":\"https:\/\/www.visit-ulcinj.com\/blog\/2014\/10\/03\/60-shporta-te-kurban-bajramit-per-familjet-ne-nevoje\/#webpage\",\"url\":\"https:\/\/www.visit-ulcinj.com\/blog\/2014\/10\/03\/60-shporta-te-kurban-bajramit-per-familjet-ne-nevoje\/\",\"name\":\"60 Shporta t\u00eb Kurban Bajramit p\u00ebr familjet n\u00eb nevoj\u00eb - Lajme nga Ulqini\",\"isPartOf\":{\"@id\":\"https:\/\/www.visit-ulcinj.com\/blog\/#website\"},\"datePublished\":\"2014-10-03T19:45:43+00:00\",\"dateModified\":\"2014-10-03T19:47:20+00:00\",\"author\":{\"@id\":\"https:\/\/www.visit-ulcinj.com\/blog\/#\/schema\/person\/dcab619c614d3038751c63bc2aadc06d\"},\"description\":\"N\u00eb aspektin e bamir\u00ebsis\u00eb dhe humanizmit, p\u00ebrmes nj\u00eb organizimi, tashm\u00eb t\u00eb r\u00ebndomt\u00eb, n\u00eb prag t\u00eb nat\u00ebs s\u00eb Kurban Bajramit, K\u00ebshilli i Xhamis\u00eb s\u00eb Kllezn\u00ebs\",\"breadcrumb\":{\"@id\":\"https:\/\/www.visit-ulcinj.com\/blog\/2014\/10\/03\/60-shporta-te-kurban-bajramit-per-familjet-ne-nevoje\/#breadcrumb\"},\"inLanguage\":\"en-US\",\"potentialAction\":[{\"@type\":\"ReadAction\",\"target\":[\"https:\/\/www.visit-ulcinj.com\/blog\/2014\/10\/03\/60-shporta-te-kurban-bajramit-per-familjet-ne-nevoje\/\"]}]},{\"@type\":\"BreadcrumbList\",\"@id\":\"https:\/\/www.visit-ulcinj.com\/blog\/2014\/10\/03\/60-shporta-te-kurban-bajramit-per-familjet-ne-nevoje\/#breadcrumb\",\"itemListElement\":[{\"@type\":\"ListItem\",\"position\":1,\"name\":\"60 Shporta t\u00eb Kurban Bajramit p\u00ebr familjet n\u00eb nevoj\u00eb\"}]},{\"@type\":\"Person\",\"@id\":\"https:\/\/www.visit-ulcinj.com\/blog\/#\/schema\/person\/dcab619c614d3038751c63bc2aadc06d\",\"name\":\"ulqini\",\"sameAs\":[\"http:\/\/www.visit-ulcinj.com\"],\"url\":\"https:\/\/www.visit-ulcinj.com\/blog\/author\/admin\/\"}]}<\/script>\n<!-- \/ Yoast SEO plugin. -->","yoast_head_json":{"title":"60 Shporta t\u00eb Kurban Bajramit p\u00ebr familjet n\u00eb nevoj\u00eb - Lajme nga Ulqini","description":"N\u00eb aspektin e bamir\u00ebsis\u00eb dhe humanizmit, p\u00ebrmes nj\u00eb organizimi, tashm\u00eb t\u00eb r\u00ebndomt\u00eb, n\u00eb prag t\u00eb nat\u00ebs s\u00eb Kurban Bajramit, K\u00ebshilli i Xhamis\u00eb s\u00eb Kllezn\u00ebs","robots":{"index":"index","follow":"follow","max-snippet":"max-snippet:-1","max-image-preview":"max-image-preview:large","max-video-preview":"max-video-preview:-1"},"canonical":"https:\/\/www.visit-ulcinj.com\/blog\/2014\/10\/03\/60-shporta-te-kurban-bajramit-per-familjet-ne-nevoje\/","og_locale":"en_US","og_type":"article","og_title":"60 Shporta t\u00eb Kurban Bajramit p\u00ebr familjet n\u00eb nevoj\u00eb - Lajme nga Ulqini","og_description":"N\u00eb aspektin e bamir\u00ebsis\u00eb dhe humanizmit, p\u00ebrmes nj\u00eb organizimi, tashm\u00eb t\u00eb r\u00ebndomt\u00eb, n\u00eb prag t\u00eb nat\u00ebs s\u00eb Kurban Bajramit, K\u00ebshilli i Xhamis\u00eb s\u00eb Kllezn\u00ebs","og_url":"https:\/\/www.visit-ulcinj.com\/blog\/2014\/10\/03\/60-shporta-te-kurban-bajramit-per-familjet-ne-nevoje\/","og_site_name":"Lajme nga Ulqini","article_published_time":"2014-10-03T19:45:43+00:00","article_modified_time":"2014-10-03T19:47:20+00:00","twitter_misc":{"Written by":"ulqini","Est. reading time":"2 minutes"},"schema":{"@context":"https:\/\/schema.org","@graph":[{"@type":"WebSite","@id":"https:\/\/www.visit-ulcinj.com\/blog\/#website","url":"https:\/\/www.visit-ulcinj.com\/blog\/","name":"Lajme nga Ulqini","description":"Lajme,Vijesti,Ulqini,Ulqin,Crna Gora,Mali i Zi","potentialAction":[{"@type":"SearchAction","target":{"@type":"EntryPoint","urlTemplate":"https:\/\/www.visit-ulcinj.com\/blog\/?s={search_term_string}"},"query-input":"required name=search_term_string"}],"inLanguage":"en-US"},{"@type":"WebPage","@id":"https:\/\/www.visit-ulcinj.com\/blog\/2014\/10\/03\/60-shporta-te-kurban-bajramit-per-familjet-ne-nevoje\/#webpage","url":"https:\/\/www.visit-ulcinj.com\/blog\/2014\/10\/03\/60-shporta-te-kurban-bajramit-per-familjet-ne-nevoje\/","name":"60 Shporta t\u00eb Kurban Bajramit p\u00ebr familjet n\u00eb nevoj\u00eb - Lajme nga Ulqini","isPartOf":{"@id":"https:\/\/www.visit-ulcinj.com\/blog\/#website"},"datePublished":"2014-10-03T19:45:43+00:00","dateModified":"2014-10-03T19:47:20+00:00","author":{"@id":"https:\/\/www.visit-ulcinj.com\/blog\/#\/schema\/person\/dcab619c614d3038751c63bc2aadc06d"},"description":"N\u00eb aspektin e bamir\u00ebsis\u00eb dhe humanizmit, p\u00ebrmes nj\u00eb organizimi, tashm\u00eb t\u00eb r\u00ebndomt\u00eb, n\u00eb prag t\u00eb nat\u00ebs s\u00eb Kurban Bajramit, K\u00ebshilli i Xhamis\u00eb s\u00eb Kllezn\u00ebs","breadcrumb":{"@id":"https:\/\/www.visit-ulcinj.com\/blog\/2014\/10\/03\/60-shporta-te-kurban-bajramit-per-familjet-ne-nevoje\/#breadcrumb"},"inLanguage":"en-US","potentialAction":[{"@type":"ReadAction","target":["https:\/\/www.visit-ulcinj.com\/blog\/2014\/10\/03\/60-shporta-te-kurban-bajramit-per-familjet-ne-nevoje\/"]}]},{"@type":"BreadcrumbList","@id":"https:\/\/www.visit-ulcinj.com\/blog\/2014\/10\/03\/60-shporta-te-kurban-bajramit-per-familjet-ne-nevoje\/#breadcrumb","itemListElement":[{"@type":"ListItem","position":1,"name":"60 Shporta t\u00eb Kurban Bajramit p\u00ebr familjet n\u00eb nevoj\u00eb"}]},{"@type":"Person","@id":"https:\/\/www.visit-ulcinj.com\/blog\/#\/schema\/person\/dcab619c614d3038751c63bc2aadc06d","name":"ulqini","sameAs":["http:\/\/www.visit-ulcinj.com"],"url":"https:\/\/www.visit-ulcinj.com\/blog\/author\/admin\/"}]}},"jetpack_featured_media_url":"","jetpack_sharing_enabled":true,"jetpack_shortlink":"https:\/\/wp.me\/pe6lTn-mgb","_links":{"self":[{"href":"https:\/\/www.visit-ulcinj.com\/blog\/wp-json\/wp\/v2\/posts\/85571"}],"collection":[{"href":"https:\/\/www.visit-ulcinj.com\/blog\/wp-json\/wp\/v2\/posts"}],"about":[{"href":"https:\/\/www.visit-ulcinj.com\/blog\/wp-json\/wp\/v2\/types\/post"}],"author":[{"embeddable":true,"href":"https:\/\/www.visit-ulcinj.com\/blog\/wp-json\/wp\/v2\/users\/1"}],"replies":[{"embeddable":true,"href":"https:\/\/www.visit-ulcinj.com\/blog\/wp-json\/wp\/v2\/comments?post=85571"}],"version-history":[{"count":1,"href":"https:\/\/www.visit-ulcinj.com\/blog\/wp-json\/wp\/v2\/posts\/85571\/revisions"}],"predecessor-version":[{"id":85574,"href":"https:\/\/www.visit-ulcinj.com\/blog\/wp-json\/wp\/v2\/posts\/85571\/revisions\/85574"}],"wp:attachment":[{"href":"https:\/\/www.visit-ulcinj.com\/blog\/wp-json\/wp\/v2\/media?parent=85571"}],"wp:term":[{"taxonomy":"category","embeddable":true,"href":"https:\/\/www.visit-ulcinj.com\/blog\/wp-json\/wp\/v2\/categories?post=85571"},{"taxonomy":"post_tag","embeddable":true,"href":"https:\/\/www.visit-ulcinj.com\/blog\/wp-json\/wp\/v2\/tags?post=85571"}],"curies":[{"name":"wp","href":"https:\/\/api.w.org\/{rel}","templated":true}]}}