{"id":85575,"date":"2014-10-03T20:57:24","date_gmt":"2014-10-03T19:57:24","guid":{"rendered":"http:\/\/www.visit-ulcinj.com\/blog\/?p=85575"},"modified":"2014-10-03T20:57:24","modified_gmt":"2014-10-03T19:57:24","slug":"dan-anetaret-e-rebeluar-te-pds-se-fituan-punen-pastaj-heshten","status":"publish","type":"post","link":"https:\/\/www.visit-ulcinj.com\/blog\/2014\/10\/03\/dan-anetaret-e-rebeluar-te-pds-se-fituan-punen-pastaj-heshten\/","title":{"rendered":"\u201cDan\u201d: An\u00ebtar\u00ebt e rebeluar t\u00eb PDS-s\u00eb fituan pun\u00ebn, pastaj hesht\u00ebn"},"content":{"rendered":"<p><a href=\"http:\/\/www.visit-ulcinj.com\/blog\/wp-content\/uploads\/2014\/10\/PDS-UlCINJ-ULQIN.jpg\"><img loading=\"lazy\" class=\"alignleft wp-image-85576\" src=\"http:\/\/www.visit-ulcinj.com\/blog\/wp-content\/uploads\/2014\/10\/PDS-UlCINJ-ULQIN.jpg\" alt=\"PDS-UlCINJ-ULQIN\" width=\"508\" height=\"339\" srcset=\"https:\/\/www.visit-ulcinj.com\/blog\/wp-content\/uploads\/2014\/10\/PDS-UlCINJ-ULQIN.jpg 960w, https:\/\/www.visit-ulcinj.com\/blog\/wp-content\/uploads\/2014\/10\/PDS-UlCINJ-ULQIN-300x200.jpg 300w\" sizes=\"(max-width: 508px) 100vw, 508px\" \/><\/a>Edhe pse i kan\u00eb shkruar letra kreut t\u00eb partis\u00eb duke pohuar q\u00eb kryetari i K\u00ebshillit komunal t\u00eb Partis\u00eb demokratike t\u00eb socialist\u00ebve Loro Nrekiq \u00ebsht\u00eb kujdesur vet\u00ebm p\u00ebr vete dhe t\u00eb af\u00ebrmit e tij, nd\u00ebrsa ka l\u00ebn\u00eb pas dore interesat e an\u00ebtar\u00ebsis\u00eb, an\u00ebtar\u00ebt e rebeluar t\u00eb k\u00ebsaj parti t\u00eb grumbulluar rreth Muhamed Spuzhes n\u00eb mbledhjen e t\u00eb m\u00ebrkur\u00ebs u t\u00ebrhoq\u00ebn dhe i dhan\u00eb p\u00ebrkrahje politik\u00ebs s\u00eb Nrekiqit, shkruan \u201cDan\u201d, kurse n\u00eb gjuh\u00ebn shqipe transmeton portali informatif Ul.info.<\/p>\n<p><a href=\"http:\/\/www.visit-ulcinj.com\/blog\/wp-content\/uploads\/2014\/10\/Muhamed-Spuzha-Ulqin.jpg\"><img loading=\"lazy\" class=\"alignleft wp-image-85577\" src=\"http:\/\/www.visit-ulcinj.com\/blog\/wp-content\/uploads\/2014\/10\/Muhamed-Spuzha-Ulqin.jpg\" alt=\"Muhamed-Spuzha-Ulqin\" width=\"508\" height=\"381\" srcset=\"https:\/\/www.visit-ulcinj.com\/blog\/wp-content\/uploads\/2014\/10\/Muhamed-Spuzha-Ulqin.jpg 600w, https:\/\/www.visit-ulcinj.com\/blog\/wp-content\/uploads\/2014\/10\/Muhamed-Spuzha-Ulqin-300x225.jpg 300w\" sizes=\"(max-width: 508px) 100vw, 508px\" \/><\/a><\/p>\n<p>Si arsye p\u00ebr veprim t\u00eb till\u00eb kjo gazet\u00eb e gjen n\u00eb informacionin q\u00eb Spuzha, mbas zgjedhjes s\u00eb ministrit t\u00eb ri t\u00eb arsimit, duhet t\u00eb pun\u00ebsohet n\u00eb ndonj\u00eb institucion arsimor.<\/p>\n<p>\u201cPDS-ja ka patentuar m\u00ebnyr\u00ebn e re t\u00eb qet\u00ebsimit t\u00eb konflikteve brendapartiake \u2013 n\u00eb m\u00ebnyr\u00eb q\u00eb pun\u00ebson an\u00ebtar\u00ebt e rebeluar dhe zgjidh problemet e tyre materiale\u201d, shkruan \u201cDan\u201d.<\/p>\n<p><strong>Ul.info<\/strong><\/p>\n","protected":false},"excerpt":{"rendered":"<p>Edhe pse i kan\u00eb shkruar letra kreut t\u00eb partis\u00eb duke pohuar q\u00eb kryetari i K\u00ebshillit komunal t\u00eb Partis\u00eb demokratike t\u00eb socialist\u00ebve Loro Nrekiq \u00ebsht\u00eb kujdesur vet\u00ebm p\u00ebr vete dhe t\u00eb af\u00ebrmit e tij, nd\u00ebrsa ka l\u00ebn\u00eb pas dore interesat e an\u00ebtar\u00ebsis\u00eb, an\u00ebtar\u00ebt e rebeluar t\u00eb k\u00ebsaj parti t\u00eb grumbulluar rreth Muhamed Spuzhes n\u00eb mbledhjen e [&hellip;]<\/p>\n","protected":false},"author":1,"featured_media":0,"comment_status":"closed","ping_status":"closed","sticky":false,"template":"","format":"standard","meta":{"spay_email":"","jetpack_publicize_message":"","jetpack_is_tweetstorm":false,"jetpack_publicize_feature_enabled":true},"categories":[6],"tags":[],"jetpack_publicize_connections":[],"yoast_head":"<!-- This site is optimized with the Yoast SEO plugin v19.1 - https:\/\/yoast.com\/wordpress\/plugins\/seo\/ -->\n<title>\u201cDan\u201d: An\u00ebtar\u00ebt e rebeluar t\u00eb PDS-s\u00eb fituan pun\u00ebn, pastaj hesht\u00ebn - Lajme nga Ulqini<\/title>\n<meta name=\"description\" content=\"Edhe pse i kan\u00eb shkruar letra kreut t\u00eb partis\u00eb duke pohuar q\u00eb kryetari i K\u00ebshillit komunal t\u00eb Partis\u00eb demokratike t\u00eb socialist\u00ebve Loro Nrekiq \u00ebsht\u00eb\" \/>\n<meta name=\"robots\" content=\"index, follow, max-snippet:-1, max-image-preview:large, max-video-preview:-1\" \/>\n<link rel=\"canonical\" href=\"https:\/\/www.visit-ulcinj.com\/blog\/2014\/10\/03\/dan-anetaret-e-rebeluar-te-pds-se-fituan-punen-pastaj-heshten\/\" \/>\n<meta property=\"og:locale\" content=\"en_US\" \/>\n<meta property=\"og:type\" content=\"article\" \/>\n<meta property=\"og:title\" content=\"\u201cDan\u201d: An\u00ebtar\u00ebt e rebeluar t\u00eb PDS-s\u00eb fituan pun\u00ebn, pastaj hesht\u00ebn - Lajme nga Ulqini\" \/>\n<meta property=\"og:description\" content=\"Edhe pse i kan\u00eb shkruar letra kreut t\u00eb partis\u00eb duke pohuar q\u00eb kryetari i K\u00ebshillit komunal t\u00eb Partis\u00eb demokratike t\u00eb socialist\u00ebve Loro Nrekiq \u00ebsht\u00eb\" \/>\n<meta property=\"og:url\" content=\"https:\/\/www.visit-ulcinj.com\/blog\/2014\/10\/03\/dan-anetaret-e-rebeluar-te-pds-se-fituan-punen-pastaj-heshten\/\" \/>\n<meta property=\"og:site_name\" content=\"Lajme nga Ulqini\" \/>\n<meta property=\"article:published_time\" content=\"2014-10-03T19:57:24+00:00\" \/>\n<meta property=\"og:image\" content=\"http:\/\/www.visit-ulcinj.com\/blog\/wp-content\/uploads\/2014\/10\/PDS-UlCINJ-ULQIN.jpg\" \/>\n<meta name=\"twitter:label1\" content=\"Written by\" \/>\n\t<meta name=\"twitter:data1\" content=\"ulqini\" \/>\n\t<meta name=\"twitter:label2\" content=\"Est. reading time\" \/>\n\t<meta name=\"twitter:data2\" content=\"1 minute\" \/>\n<script type=\"application\/ld+json\" class=\"yoast-schema-graph\">{\"@context\":\"https:\/\/schema.org\",\"@graph\":[{\"@type\":\"WebSite\",\"@id\":\"https:\/\/www.visit-ulcinj.com\/blog\/#website\",\"url\":\"https:\/\/www.visit-ulcinj.com\/blog\/\",\"name\":\"Lajme nga Ulqini\",\"description\":\"Lajme,Vijesti,Ulqini,Ulqin,Crna Gora,Mali i Zi\",\"potentialAction\":[{\"@type\":\"SearchAction\",\"target\":{\"@type\":\"EntryPoint\",\"urlTemplate\":\"https:\/\/www.visit-ulcinj.com\/blog\/?s={search_term_string}\"},\"query-input\":\"required name=search_term_string\"}],\"inLanguage\":\"en-US\"},{\"@type\":\"ImageObject\",\"inLanguage\":\"en-US\",\"@id\":\"https:\/\/www.visit-ulcinj.com\/blog\/2014\/10\/03\/dan-anetaret-e-rebeluar-te-pds-se-fituan-punen-pastaj-heshten\/#primaryimage\",\"url\":\"https:\/\/www.visit-ulcinj.com\/blog\/wp-content\/uploads\/2014\/10\/PDS-UlCINJ-ULQIN.jpg\",\"contentUrl\":\"https:\/\/www.visit-ulcinj.com\/blog\/wp-content\/uploads\/2014\/10\/PDS-UlCINJ-ULQIN.jpg\",\"width\":960,\"height\":640},{\"@type\":\"WebPage\",\"@id\":\"https:\/\/www.visit-ulcinj.com\/blog\/2014\/10\/03\/dan-anetaret-e-rebeluar-te-pds-se-fituan-punen-pastaj-heshten\/#webpage\",\"url\":\"https:\/\/www.visit-ulcinj.com\/blog\/2014\/10\/03\/dan-anetaret-e-rebeluar-te-pds-se-fituan-punen-pastaj-heshten\/\",\"name\":\"\u201cDan\u201d: An\u00ebtar\u00ebt e rebeluar t\u00eb PDS-s\u00eb fituan pun\u00ebn, pastaj hesht\u00ebn - Lajme nga Ulqini\",\"isPartOf\":{\"@id\":\"https:\/\/www.visit-ulcinj.com\/blog\/#website\"},\"primaryImageOfPage\":{\"@id\":\"https:\/\/www.visit-ulcinj.com\/blog\/2014\/10\/03\/dan-anetaret-e-rebeluar-te-pds-se-fituan-punen-pastaj-heshten\/#primaryimage\"},\"datePublished\":\"2014-10-03T19:57:24+00:00\",\"dateModified\":\"2014-10-03T19:57:24+00:00\",\"author\":{\"@id\":\"https:\/\/www.visit-ulcinj.com\/blog\/#\/schema\/person\/dcab619c614d3038751c63bc2aadc06d\"},\"description\":\"Edhe pse i kan\u00eb shkruar letra kreut t\u00eb partis\u00eb duke pohuar q\u00eb kryetari i K\u00ebshillit komunal t\u00eb Partis\u00eb demokratike t\u00eb socialist\u00ebve Loro Nrekiq \u00ebsht\u00eb\",\"breadcrumb\":{\"@id\":\"https:\/\/www.visit-ulcinj.com\/blog\/2014\/10\/03\/dan-anetaret-e-rebeluar-te-pds-se-fituan-punen-pastaj-heshten\/#breadcrumb\"},\"inLanguage\":\"en-US\",\"potentialAction\":[{\"@type\":\"ReadAction\",\"target\":[\"https:\/\/www.visit-ulcinj.com\/blog\/2014\/10\/03\/dan-anetaret-e-rebeluar-te-pds-se-fituan-punen-pastaj-heshten\/\"]}]},{\"@type\":\"BreadcrumbList\",\"@id\":\"https:\/\/www.visit-ulcinj.com\/blog\/2014\/10\/03\/dan-anetaret-e-rebeluar-te-pds-se-fituan-punen-pastaj-heshten\/#breadcrumb\",\"itemListElement\":[{\"@type\":\"ListItem\",\"position\":1,\"name\":\"\u201cDan\u201d: An\u00ebtar\u00ebt e rebeluar t\u00eb PDS-s\u00eb fituan pun\u00ebn, pastaj hesht\u00ebn\"}]},{\"@type\":\"Person\",\"@id\":\"https:\/\/www.visit-ulcinj.com\/blog\/#\/schema\/person\/dcab619c614d3038751c63bc2aadc06d\",\"name\":\"ulqini\",\"sameAs\":[\"http:\/\/www.visit-ulcinj.com\"],\"url\":\"https:\/\/www.visit-ulcinj.com\/blog\/author\/admin\/\"}]}<\/script>\n<!-- \/ Yoast SEO plugin. -->","yoast_head_json":{"title":"\u201cDan\u201d: An\u00ebtar\u00ebt e rebeluar t\u00eb PDS-s\u00eb fituan pun\u00ebn, pastaj hesht\u00ebn - Lajme nga Ulqini","description":"Edhe pse i kan\u00eb shkruar letra kreut t\u00eb partis\u00eb duke pohuar q\u00eb kryetari i K\u00ebshillit komunal t\u00eb Partis\u00eb demokratike t\u00eb socialist\u00ebve Loro Nrekiq \u00ebsht\u00eb","robots":{"index":"index","follow":"follow","max-snippet":"max-snippet:-1","max-image-preview":"max-image-preview:large","max-video-preview":"max-video-preview:-1"},"canonical":"https:\/\/www.visit-ulcinj.com\/blog\/2014\/10\/03\/dan-anetaret-e-rebeluar-te-pds-se-fituan-punen-pastaj-heshten\/","og_locale":"en_US","og_type":"article","og_title":"\u201cDan\u201d: An\u00ebtar\u00ebt e rebeluar t\u00eb PDS-s\u00eb fituan pun\u00ebn, pastaj hesht\u00ebn - Lajme nga Ulqini","og_description":"Edhe pse i kan\u00eb shkruar letra kreut t\u00eb partis\u00eb duke pohuar q\u00eb kryetari i K\u00ebshillit komunal t\u00eb Partis\u00eb demokratike t\u00eb socialist\u00ebve Loro Nrekiq \u00ebsht\u00eb","og_url":"https:\/\/www.visit-ulcinj.com\/blog\/2014\/10\/03\/dan-anetaret-e-rebeluar-te-pds-se-fituan-punen-pastaj-heshten\/","og_site_name":"Lajme nga Ulqini","article_published_time":"2014-10-03T19:57:24+00:00","og_image":[{"url":"http:\/\/www.visit-ulcinj.com\/blog\/wp-content\/uploads\/2014\/10\/PDS-UlCINJ-ULQIN.jpg"}],"twitter_misc":{"Written by":"ulqini","Est. reading time":"1 minute"},"schema":{"@context":"https:\/\/schema.org","@graph":[{"@type":"WebSite","@id":"https:\/\/www.visit-ulcinj.com\/blog\/#website","url":"https:\/\/www.visit-ulcinj.com\/blog\/","name":"Lajme nga Ulqini","description":"Lajme,Vijesti,Ulqini,Ulqin,Crna Gora,Mali i Zi","potentialAction":[{"@type":"SearchAction","target":{"@type":"EntryPoint","urlTemplate":"https:\/\/www.visit-ulcinj.com\/blog\/?s={search_term_string}"},"query-input":"required name=search_term_string"}],"inLanguage":"en-US"},{"@type":"ImageObject","inLanguage":"en-US","@id":"https:\/\/www.visit-ulcinj.com\/blog\/2014\/10\/03\/dan-anetaret-e-rebeluar-te-pds-se-fituan-punen-pastaj-heshten\/#primaryimage","url":"https:\/\/www.visit-ulcinj.com\/blog\/wp-content\/uploads\/2014\/10\/PDS-UlCINJ-ULQIN.jpg","contentUrl":"https:\/\/www.visit-ulcinj.com\/blog\/wp-content\/uploads\/2014\/10\/PDS-UlCINJ-ULQIN.jpg","width":960,"height":640},{"@type":"WebPage","@id":"https:\/\/www.visit-ulcinj.com\/blog\/2014\/10\/03\/dan-anetaret-e-rebeluar-te-pds-se-fituan-punen-pastaj-heshten\/#webpage","url":"https:\/\/www.visit-ulcinj.com\/blog\/2014\/10\/03\/dan-anetaret-e-rebeluar-te-pds-se-fituan-punen-pastaj-heshten\/","name":"\u201cDan\u201d: An\u00ebtar\u00ebt e rebeluar t\u00eb PDS-s\u00eb fituan pun\u00ebn, pastaj hesht\u00ebn - Lajme nga Ulqini","isPartOf":{"@id":"https:\/\/www.visit-ulcinj.com\/blog\/#website"},"primaryImageOfPage":{"@id":"https:\/\/www.visit-ulcinj.com\/blog\/2014\/10\/03\/dan-anetaret-e-rebeluar-te-pds-se-fituan-punen-pastaj-heshten\/#primaryimage"},"datePublished":"2014-10-03T19:57:24+00:00","dateModified":"2014-10-03T19:57:24+00:00","author":{"@id":"https:\/\/www.visit-ulcinj.com\/blog\/#\/schema\/person\/dcab619c614d3038751c63bc2aadc06d"},"description":"Edhe pse i kan\u00eb shkruar letra kreut t\u00eb partis\u00eb duke pohuar q\u00eb kryetari i K\u00ebshillit komunal t\u00eb Partis\u00eb demokratike t\u00eb socialist\u00ebve Loro Nrekiq \u00ebsht\u00eb","breadcrumb":{"@id":"https:\/\/www.visit-ulcinj.com\/blog\/2014\/10\/03\/dan-anetaret-e-rebeluar-te-pds-se-fituan-punen-pastaj-heshten\/#breadcrumb"},"inLanguage":"en-US","potentialAction":[{"@type":"ReadAction","target":["https:\/\/www.visit-ulcinj.com\/blog\/2014\/10\/03\/dan-anetaret-e-rebeluar-te-pds-se-fituan-punen-pastaj-heshten\/"]}]},{"@type":"BreadcrumbList","@id":"https:\/\/www.visit-ulcinj.com\/blog\/2014\/10\/03\/dan-anetaret-e-rebeluar-te-pds-se-fituan-punen-pastaj-heshten\/#breadcrumb","itemListElement":[{"@type":"ListItem","position":1,"name":"\u201cDan\u201d: An\u00ebtar\u00ebt e rebeluar t\u00eb PDS-s\u00eb fituan pun\u00ebn, pastaj hesht\u00ebn"}]},{"@type":"Person","@id":"https:\/\/www.visit-ulcinj.com\/blog\/#\/schema\/person\/dcab619c614d3038751c63bc2aadc06d","name":"ulqini","sameAs":["http:\/\/www.visit-ulcinj.com"],"url":"https:\/\/www.visit-ulcinj.com\/blog\/author\/admin\/"}]}},"jetpack_featured_media_url":"","jetpack_sharing_enabled":true,"jetpack_shortlink":"https:\/\/wp.me\/pe6lTn-mgf","_links":{"self":[{"href":"https:\/\/www.visit-ulcinj.com\/blog\/wp-json\/wp\/v2\/posts\/85575"}],"collection":[{"href":"https:\/\/www.visit-ulcinj.com\/blog\/wp-json\/wp\/v2\/posts"}],"about":[{"href":"https:\/\/www.visit-ulcinj.com\/blog\/wp-json\/wp\/v2\/types\/post"}],"author":[{"embeddable":true,"href":"https:\/\/www.visit-ulcinj.com\/blog\/wp-json\/wp\/v2\/users\/1"}],"replies":[{"embeddable":true,"href":"https:\/\/www.visit-ulcinj.com\/blog\/wp-json\/wp\/v2\/comments?post=85575"}],"version-history":[{"count":1,"href":"https:\/\/www.visit-ulcinj.com\/blog\/wp-json\/wp\/v2\/posts\/85575\/revisions"}],"predecessor-version":[{"id":85578,"href":"https:\/\/www.visit-ulcinj.com\/blog\/wp-json\/wp\/v2\/posts\/85575\/revisions\/85578"}],"wp:attachment":[{"href":"https:\/\/www.visit-ulcinj.com\/blog\/wp-json\/wp\/v2\/media?parent=85575"}],"wp:term":[{"taxonomy":"category","embeddable":true,"href":"https:\/\/www.visit-ulcinj.com\/blog\/wp-json\/wp\/v2\/categories?post=85575"},{"taxonomy":"post_tag","embeddable":true,"href":"https:\/\/www.visit-ulcinj.com\/blog\/wp-json\/wp\/v2\/tags?post=85575"}],"curies":[{"name":"wp","href":"https:\/\/api.w.org\/{rel}","templated":true}]}}