{"id":85581,"date":"2014-10-04T07:30:24","date_gmt":"2014-10-04T06:30:24","guid":{"rendered":"http:\/\/www.visit-ulcinj.com\/blog\/?p=85581"},"modified":"2014-10-04T07:30:24","modified_gmt":"2014-10-04T06:30:24","slug":"instituti-idea-telegram-urimi-per-kurban-bajram","status":"publish","type":"post","link":"https:\/\/www.visit-ulcinj.com\/blog\/2014\/10\/04\/instituti-idea-telegram-urimi-per-kurban-bajram\/","title":{"rendered":"Instituti IDEA: Telegram urimi p\u00ebr Kurban Bajram"},"content":{"rendered":"<div class=\"entry\">\n<p style=\"text-align: center;\"><strong><a href=\"http:\/\/www.visit-ulcinj.com\/blog\/wp-content\/uploads\/2014\/10\/Instituti-IDEA-Telegram-urimi-p\u00ebr-Kurban-Bajram.jpg\"><img loading=\"lazy\" class=\"alignleft wp-image-85582\" src=\"http:\/\/www.visit-ulcinj.com\/blog\/wp-content\/uploads\/2014\/10\/Instituti-IDEA-Telegram-urimi-p\u00ebr-Kurban-Bajram.jpg\" alt=\"Instituti IDEA-Telegram urimi p\u00ebr Kurban Bajram\" width=\"508\" height=\"262\" srcset=\"https:\/\/www.visit-ulcinj.com\/blog\/wp-content\/uploads\/2014\/10\/Instituti-IDEA-Telegram-urimi-p\u00ebr-Kurban-Bajram.jpg 640w, https:\/\/www.visit-ulcinj.com\/blog\/wp-content\/uploads\/2014\/10\/Instituti-IDEA-Telegram-urimi-p\u00ebr-Kurban-Bajram-300x154.jpg 300w\" sizes=\"(max-width: 508px) 100vw, 508px\" \/><\/a>Telegram urimi<\/strong><br \/>\n<strong>T\u00eb nderuar besimtar\u00eb t\u00eb besimit islam<\/strong><\/p>\n<p>&nbsp;<\/p>\n<p>Nes\u00ebr \u00ebsht\u00eb dita e par\u00eb e fest\u00ebs s\u00eb Kurban \u2013 Bajramit, ndaj na lejoni q\u00eb n\u00eb em\u00ebr t\u00eb bordit drejtues t\u00eb Institutit IDEA t\u00eb gjith\u00eb besimtar\u00ebve t\u00eb besimit Islam t\u2019ju urojm\u00eb fest\u00ebn e Kurban \u2013 Bajramit, me d\u00ebshirat m\u00eb t\u00eb mira p\u00ebr sh\u00ebndetin dhe lumturin tuaj dhe familjeve tuaja.<\/p>\n<p>Kurban Bajrami, \u00ebsht\u00eb fest\u00eb q\u00eb ka n\u00eb vete vler\u00ebn e sakrific\u00ebs, devotshm\u00ebris\u00eb, solidaritetit, humanitetit, drejt\u00ebsis\u00eb e barazis\u00eb mes njer\u00ebzve, me vete bart\u00eb porosin\u00eb e mir\u00ebqenies dhe paqes mbar njer\u00ebzore.<\/p>\n<p>Prandaj \u00e7do njeri duhet t\u00eb kuptoj se jeton p\u00ebr t\u00eb b\u00ebr\u00eb vepra t\u00eb mira dhe p\u00ebr ta luftuar t\u00eb keq\u00ebn. \u00c7do njeri ka p\u00ebr obligim t\u00eb promovoj vlera t\u00eb dashuris\u00eb, t\u00eb p\u00ebrhap respekt, harmoni dhe k\u00ebnaq\u00ebsi te t\u00eb gjith\u00eb ata q\u00eb jetojn\u00eb pran\u00eb tij, pavar\u00ebsisht p\u00ebrkat\u00ebsis\u00eb nacionale apo besimit q\u00eb i p\u00ebrkasin.<\/p>\n<p>N\u00eb k\u00ebt\u00eb dit\u00eb feste madh\u00ebshtore th\u00ebrras t\u00eb gjith\u00eb njer\u00ebzit e vullnetit t\u00eb mir\u00eb q\u00eb t\u00eb jen\u00eb m\u00eb human e solidar\u00eb, m\u00eb m\u00ebshirues e tolerant, t\u00eb ndihmojm\u00eb nj\u00ebri tjetrin, skamnor\u00ebt, jetim\u00ebt, t\u00eb vetmuarit dhe t\u00eb gjith\u00eb ata q\u00eb kan\u00eb nevoj\u00eb.<\/p>\n<p>edhe me k\u00ebt\u00eb rast t\u2019ju p\u00ebrkujtoj se festat tona mund ti b\u00ebjm\u00eb edhe m\u00eb madh\u00ebshtore duke kultivuar marr\u00ebdh\u00ebnie t\u00eb mira fqinj\u00ebsore, duke i tejkaluar mos marr\u00ebveshjet eventuale mes nesh, duke qen\u00eb t\u00eb m\u00ebshirsh\u00ebm ndaj f\u00ebmij\u00ebve jetim, ndaj familjeve t\u00eb varfra, skamnor\u00ebve dhe duke respektuar t\u00eb vjetrit, sepse k\u00ebto jan\u00eb parime Islame, q\u00eb burojn\u00eb nga Kurani dhe th\u00ebniet e Muhamedit a.s.<\/p>\n<p><em>\u00a0<\/em><\/p>\n<p><strong><em>T\u00eb dashur besimtar\u00eb!<\/em><\/strong><\/p>\n<p>Sofra e Bajramit \u00ebsht\u00eb simbol q\u00eb bashkon dhe ofron familjet mes vete, shton respektin dhe nderin mes besimtar\u00ebve, shton dashurin ndaj Krijuesit, rikujton fal\u00ebnderimin e vazhduesh\u00ebm q\u00eb duhet t\u00eb b\u00ebjm\u00eb p\u00ebr t\u00eb mirat e dhuruara nga i Madhi Zot, i Cili thot\u00eb.<\/p>\n<p><strong><em>\u201cNe, v\u00ebrtet t\u00eb dham\u00eb ty shum\u00eb t\u00eb mira. Andaj ti falu dhe prej kurban p\u00ebr hir t\u00eb Zotit t\u00ebnd!\u201d.<\/em><\/strong><\/p>\n<p>Ruajtja e paqes s\u00eb p\u00ebrbashk\u00ebt \u00ebsht\u00eb parim fetar\u00eb, \u00ebsht\u00eb p\u00ebrgjegj\u00ebsi e t\u00eb gjith\u00ebve, megjithat\u00eb shum\u00eb nga f\u00ebmij\u00ebt e vendeve t\u00eb ndryshme neper bot\u00eb ku sot mungon paqja, nuk mund ti g\u00ebzohen fest\u00ebs s\u00eb Kurban \u2013 Bajramit, p\u00ebr shkak t\u00eb dhun\u00ebs e luft\u00ebs. Syt\u00eb e k\u00ebtyre f\u00ebmij\u00ebve jan\u00eb p\u00ebrplot lot e frik\u00eb, dhun\u00eb, tortura e presion. Lusim Allahun xh. sh. q\u00eb t\u00eb largoi \u00e7do k\u00ebrc\u00ebnim q\u00eb e v\u00ebshtir\u00ebson sigurin\u00eb dhe paqen, dhe n\u00eb bot\u00ebn mbar\u00eb t\u00eb mbret\u00ebroi paqja dhe harmonia mes njer\u00ebzve.<\/p>\n<p>N\u00eb fund m\u00eb lejoni q\u00eb edhe nj\u00ebher\u00eb tua uroi fest\u00ebn e Kurban \u2013 Bajramit t\u00eb gjith\u00eb v\u00ebllez\u00ebrve e motrave tan\u00eb si n\u00eb vendin ton\u00eb, brenda trojeve tona etnike, si dhe diaspor\u00ebs kudo q\u00eb ata gjenden.<\/p>\n<p>Urime festa e Kurban Bajramit !<br \/>\nE g\u00ebzofshim p\u00ebr shum\u00eb mote !<\/p>\n<p><em>\u00a0<\/em><\/p>\n<p><strong>Departamenti i Institutit IDEA<\/strong><br \/>\n<strong> Zyra p\u00ebr informim, Ulqin \u2013 Mali i Zi<\/strong><\/p>\n<\/div>\n","protected":false},"excerpt":{"rendered":"<p>Telegram urimi T\u00eb nderuar besimtar\u00eb t\u00eb besimit islam &nbsp; Nes\u00ebr \u00ebsht\u00eb dita e par\u00eb e fest\u00ebs s\u00eb Kurban \u2013 Bajramit, ndaj na lejoni q\u00eb n\u00eb em\u00ebr t\u00eb bordit drejtues t\u00eb Institutit IDEA t\u00eb gjith\u00eb besimtar\u00ebve t\u00eb besimit Islam t\u2019ju urojm\u00eb fest\u00ebn e Kurban \u2013 Bajramit, me d\u00ebshirat m\u00eb t\u00eb mira p\u00ebr sh\u00ebndetin dhe lumturin tuaj [&hellip;]<\/p>\n","protected":false},"author":1,"featured_media":0,"comment_status":"closed","ping_status":"closed","sticky":false,"template":"","format":"standard","meta":{"spay_email":"","jetpack_publicize_message":"","jetpack_is_tweetstorm":false,"jetpack_publicize_feature_enabled":true},"categories":[6950],"tags":[],"jetpack_publicize_connections":[],"yoast_head":"<!-- This site is optimized with the Yoast SEO plugin v19.1 - https:\/\/yoast.com\/wordpress\/plugins\/seo\/ -->\n<title>Instituti IDEA: Telegram urimi p\u00ebr Kurban Bajram - Lajme nga Ulqini<\/title>\n<meta name=\"description\" content=\"Telegram urimi T\u00eb nderuar besimtar\u00eb t\u00eb besimit islam &nbsp; Nes\u00ebr \u00ebsht\u00eb dita e par\u00eb e fest\u00ebs s\u00eb Kurban \u2013 Bajramit, ndaj na lejoni q\u00eb n\u00eb em\u00ebr t\u00eb bordit\" \/>\n<meta name=\"robots\" content=\"index, follow, max-snippet:-1, max-image-preview:large, max-video-preview:-1\" \/>\n<link rel=\"canonical\" href=\"https:\/\/www.visit-ulcinj.com\/blog\/2014\/10\/04\/instituti-idea-telegram-urimi-per-kurban-bajram\/\" \/>\n<meta property=\"og:locale\" content=\"en_US\" \/>\n<meta property=\"og:type\" content=\"article\" \/>\n<meta property=\"og:title\" content=\"Instituti IDEA: Telegram urimi p\u00ebr Kurban Bajram - Lajme nga Ulqini\" \/>\n<meta property=\"og:description\" content=\"Telegram urimi T\u00eb nderuar besimtar\u00eb t\u00eb besimit islam &nbsp; Nes\u00ebr \u00ebsht\u00eb dita e par\u00eb e fest\u00ebs s\u00eb Kurban \u2013 Bajramit, ndaj na lejoni q\u00eb n\u00eb em\u00ebr t\u00eb bordit\" \/>\n<meta property=\"og:url\" content=\"https:\/\/www.visit-ulcinj.com\/blog\/2014\/10\/04\/instituti-idea-telegram-urimi-per-kurban-bajram\/\" \/>\n<meta property=\"og:site_name\" content=\"Lajme nga Ulqini\" \/>\n<meta property=\"article:published_time\" content=\"2014-10-04T06:30:24+00:00\" \/>\n<meta name=\"twitter:label1\" content=\"Written by\" \/>\n\t<meta name=\"twitter:data1\" content=\"ulqini\" \/>\n\t<meta name=\"twitter:label2\" content=\"Est. reading time\" \/>\n\t<meta name=\"twitter:data2\" content=\"3 minutes\" \/>\n<script type=\"application\/ld+json\" class=\"yoast-schema-graph\">{\"@context\":\"https:\/\/schema.org\",\"@graph\":[{\"@type\":\"WebSite\",\"@id\":\"https:\/\/www.visit-ulcinj.com\/blog\/#website\",\"url\":\"https:\/\/www.visit-ulcinj.com\/blog\/\",\"name\":\"Lajme nga Ulqini\",\"description\":\"Lajme,Vijesti,Ulqini,Ulqin,Crna Gora,Mali i Zi\",\"potentialAction\":[{\"@type\":\"SearchAction\",\"target\":{\"@type\":\"EntryPoint\",\"urlTemplate\":\"https:\/\/www.visit-ulcinj.com\/blog\/?s={search_term_string}\"},\"query-input\":\"required name=search_term_string\"}],\"inLanguage\":\"en-US\"},{\"@type\":\"WebPage\",\"@id\":\"https:\/\/www.visit-ulcinj.com\/blog\/2014\/10\/04\/instituti-idea-telegram-urimi-per-kurban-bajram\/#webpage\",\"url\":\"https:\/\/www.visit-ulcinj.com\/blog\/2014\/10\/04\/instituti-idea-telegram-urimi-per-kurban-bajram\/\",\"name\":\"Instituti IDEA: Telegram urimi p\u00ebr Kurban Bajram - Lajme nga Ulqini\",\"isPartOf\":{\"@id\":\"https:\/\/www.visit-ulcinj.com\/blog\/#website\"},\"datePublished\":\"2014-10-04T06:30:24+00:00\",\"dateModified\":\"2014-10-04T06:30:24+00:00\",\"author\":{\"@id\":\"https:\/\/www.visit-ulcinj.com\/blog\/#\/schema\/person\/dcab619c614d3038751c63bc2aadc06d\"},\"description\":\"Telegram urimi T\u00eb nderuar besimtar\u00eb t\u00eb besimit islam &nbsp; Nes\u00ebr \u00ebsht\u00eb dita e par\u00eb e fest\u00ebs s\u00eb Kurban \u2013 Bajramit, ndaj na lejoni q\u00eb n\u00eb em\u00ebr t\u00eb bordit\",\"breadcrumb\":{\"@id\":\"https:\/\/www.visit-ulcinj.com\/blog\/2014\/10\/04\/instituti-idea-telegram-urimi-per-kurban-bajram\/#breadcrumb\"},\"inLanguage\":\"en-US\",\"potentialAction\":[{\"@type\":\"ReadAction\",\"target\":[\"https:\/\/www.visit-ulcinj.com\/blog\/2014\/10\/04\/instituti-idea-telegram-urimi-per-kurban-bajram\/\"]}]},{\"@type\":\"BreadcrumbList\",\"@id\":\"https:\/\/www.visit-ulcinj.com\/blog\/2014\/10\/04\/instituti-idea-telegram-urimi-per-kurban-bajram\/#breadcrumb\",\"itemListElement\":[{\"@type\":\"ListItem\",\"position\":1,\"name\":\"Instituti IDEA: Telegram urimi p\u00ebr Kurban Bajram\"}]},{\"@type\":\"Person\",\"@id\":\"https:\/\/www.visit-ulcinj.com\/blog\/#\/schema\/person\/dcab619c614d3038751c63bc2aadc06d\",\"name\":\"ulqini\",\"sameAs\":[\"http:\/\/www.visit-ulcinj.com\"],\"url\":\"https:\/\/www.visit-ulcinj.com\/blog\/author\/admin\/\"}]}<\/script>\n<!-- \/ Yoast SEO plugin. -->","yoast_head_json":{"title":"Instituti IDEA: Telegram urimi p\u00ebr Kurban Bajram - Lajme nga Ulqini","description":"Telegram urimi T\u00eb nderuar besimtar\u00eb t\u00eb besimit islam &nbsp; Nes\u00ebr \u00ebsht\u00eb dita e par\u00eb e fest\u00ebs s\u00eb Kurban \u2013 Bajramit, ndaj na lejoni q\u00eb n\u00eb em\u00ebr t\u00eb bordit","robots":{"index":"index","follow":"follow","max-snippet":"max-snippet:-1","max-image-preview":"max-image-preview:large","max-video-preview":"max-video-preview:-1"},"canonical":"https:\/\/www.visit-ulcinj.com\/blog\/2014\/10\/04\/instituti-idea-telegram-urimi-per-kurban-bajram\/","og_locale":"en_US","og_type":"article","og_title":"Instituti IDEA: Telegram urimi p\u00ebr Kurban Bajram - Lajme nga Ulqini","og_description":"Telegram urimi T\u00eb nderuar besimtar\u00eb t\u00eb besimit islam &nbsp; Nes\u00ebr \u00ebsht\u00eb dita e par\u00eb e fest\u00ebs s\u00eb Kurban \u2013 Bajramit, ndaj na lejoni q\u00eb n\u00eb em\u00ebr t\u00eb bordit","og_url":"https:\/\/www.visit-ulcinj.com\/blog\/2014\/10\/04\/instituti-idea-telegram-urimi-per-kurban-bajram\/","og_site_name":"Lajme nga Ulqini","article_published_time":"2014-10-04T06:30:24+00:00","twitter_misc":{"Written by":"ulqini","Est. reading time":"3 minutes"},"schema":{"@context":"https:\/\/schema.org","@graph":[{"@type":"WebSite","@id":"https:\/\/www.visit-ulcinj.com\/blog\/#website","url":"https:\/\/www.visit-ulcinj.com\/blog\/","name":"Lajme nga Ulqini","description":"Lajme,Vijesti,Ulqini,Ulqin,Crna Gora,Mali i Zi","potentialAction":[{"@type":"SearchAction","target":{"@type":"EntryPoint","urlTemplate":"https:\/\/www.visit-ulcinj.com\/blog\/?s={search_term_string}"},"query-input":"required name=search_term_string"}],"inLanguage":"en-US"},{"@type":"WebPage","@id":"https:\/\/www.visit-ulcinj.com\/blog\/2014\/10\/04\/instituti-idea-telegram-urimi-per-kurban-bajram\/#webpage","url":"https:\/\/www.visit-ulcinj.com\/blog\/2014\/10\/04\/instituti-idea-telegram-urimi-per-kurban-bajram\/","name":"Instituti IDEA: Telegram urimi p\u00ebr Kurban Bajram - Lajme nga Ulqini","isPartOf":{"@id":"https:\/\/www.visit-ulcinj.com\/blog\/#website"},"datePublished":"2014-10-04T06:30:24+00:00","dateModified":"2014-10-04T06:30:24+00:00","author":{"@id":"https:\/\/www.visit-ulcinj.com\/blog\/#\/schema\/person\/dcab619c614d3038751c63bc2aadc06d"},"description":"Telegram urimi T\u00eb nderuar besimtar\u00eb t\u00eb besimit islam &nbsp; Nes\u00ebr \u00ebsht\u00eb dita e par\u00eb e fest\u00ebs s\u00eb Kurban \u2013 Bajramit, ndaj na lejoni q\u00eb n\u00eb em\u00ebr t\u00eb bordit","breadcrumb":{"@id":"https:\/\/www.visit-ulcinj.com\/blog\/2014\/10\/04\/instituti-idea-telegram-urimi-per-kurban-bajram\/#breadcrumb"},"inLanguage":"en-US","potentialAction":[{"@type":"ReadAction","target":["https:\/\/www.visit-ulcinj.com\/blog\/2014\/10\/04\/instituti-idea-telegram-urimi-per-kurban-bajram\/"]}]},{"@type":"BreadcrumbList","@id":"https:\/\/www.visit-ulcinj.com\/blog\/2014\/10\/04\/instituti-idea-telegram-urimi-per-kurban-bajram\/#breadcrumb","itemListElement":[{"@type":"ListItem","position":1,"name":"Instituti IDEA: Telegram urimi p\u00ebr Kurban Bajram"}]},{"@type":"Person","@id":"https:\/\/www.visit-ulcinj.com\/blog\/#\/schema\/person\/dcab619c614d3038751c63bc2aadc06d","name":"ulqini","sameAs":["http:\/\/www.visit-ulcinj.com"],"url":"https:\/\/www.visit-ulcinj.com\/blog\/author\/admin\/"}]}},"jetpack_featured_media_url":"","jetpack_sharing_enabled":true,"jetpack_shortlink":"https:\/\/wp.me\/pe6lTn-mgl","_links":{"self":[{"href":"https:\/\/www.visit-ulcinj.com\/blog\/wp-json\/wp\/v2\/posts\/85581"}],"collection":[{"href":"https:\/\/www.visit-ulcinj.com\/blog\/wp-json\/wp\/v2\/posts"}],"about":[{"href":"https:\/\/www.visit-ulcinj.com\/blog\/wp-json\/wp\/v2\/types\/post"}],"author":[{"embeddable":true,"href":"https:\/\/www.visit-ulcinj.com\/blog\/wp-json\/wp\/v2\/users\/1"}],"replies":[{"embeddable":true,"href":"https:\/\/www.visit-ulcinj.com\/blog\/wp-json\/wp\/v2\/comments?post=85581"}],"version-history":[{"count":1,"href":"https:\/\/www.visit-ulcinj.com\/blog\/wp-json\/wp\/v2\/posts\/85581\/revisions"}],"predecessor-version":[{"id":85583,"href":"https:\/\/www.visit-ulcinj.com\/blog\/wp-json\/wp\/v2\/posts\/85581\/revisions\/85583"}],"wp:attachment":[{"href":"https:\/\/www.visit-ulcinj.com\/blog\/wp-json\/wp\/v2\/media?parent=85581"}],"wp:term":[{"taxonomy":"category","embeddable":true,"href":"https:\/\/www.visit-ulcinj.com\/blog\/wp-json\/wp\/v2\/categories?post=85581"},{"taxonomy":"post_tag","embeddable":true,"href":"https:\/\/www.visit-ulcinj.com\/blog\/wp-json\/wp\/v2\/tags?post=85581"}],"curies":[{"name":"wp","href":"https:\/\/api.w.org\/{rel}","templated":true}]}}