{"id":85587,"date":"2014-10-04T10:00:49","date_gmt":"2014-10-04T09:00:49","guid":{"rendered":"http:\/\/www.visit-ulcinj.com\/blog\/?p=85587"},"modified":"2014-10-04T10:00:49","modified_gmt":"2014-10-04T09:00:49","slug":"snp-ulcinj-plan-ne-zadovoljava-potrebe-grada","status":"publish","type":"post","link":"https:\/\/www.visit-ulcinj.com\/blog\/2014\/10\/04\/snp-ulcinj-plan-ne-zadovoljava-potrebe-grada\/","title":{"rendered":"SNP Ulcinj: Plan ne zadovoljava potrebe grada"},"content":{"rendered":"<p align=\"justify\"><a href=\"http:\/\/www.visit-ulcinj.com\/blog\/wp-content\/uploads\/2014\/10\/Andrija-Cetkovic-SNP-ULCINJ.jpg\"><img loading=\"lazy\" class=\"alignleft wp-image-85588\" src=\"http:\/\/www.visit-ulcinj.com\/blog\/wp-content\/uploads\/2014\/10\/Andrija-Cetkovic-SNP-ULCINJ.jpg\" alt=\"Andrija-Cetkovic-SNP-ULCINJ\" width=\"508\" height=\"365\" srcset=\"https:\/\/www.visit-ulcinj.com\/blog\/wp-content\/uploads\/2014\/10\/Andrija-Cetkovic-SNP-ULCINJ.jpg 640w, https:\/\/www.visit-ulcinj.com\/blog\/wp-content\/uploads\/2014\/10\/Andrija-Cetkovic-SNP-ULCINJ-300x215.jpg 300w\" sizes=\"(max-width: 508px) 100vw, 508px\" \/><\/a>ULCINj \u2013 Odbornik Pozitivne Crne Gore i poslanik te partije u Skup\u0161tini Crne Gore Dritan Abazovi\u0107, na sjednici SO Ulcinj, odr\u017eanoj 30. septembra, ocijenio je da su obra\u0111iva\u010di Prostorno-urbanisti\u010dkog plana zanemarili \u010dinjenicu da su Op\u0161tina i gra\u0111ani Ulcinja naru\u010dioci tog planskog dokumenta i da u tom smislu ubudu\u0107e moraju raditi kako im se ka\u017ee. \u2013 U pitanju je jednostavna logika. Dakle, ako ja gradim ku\u0107u i \u017eelim tri spava\u0107e sobe, nemojte me ubje\u0111ivati da treba da imam dvije ili \u010detiri. Va\u0161e je da sugeri\u0161ete, na\u0161e je da prihavtimo ili ne. Ovaj plan nema \u0161iroku javnu podr\u0161ku. Naprotiv, ima kontroverze i \u0161iroko suprotstavljanje. Ima preko 200 primjedbi na koje \u0107ete morati da odgovorite, ali ne na na\u010din da ka\u017eete: ovu prihvatamo, ovu ne prihvatamo. Jer, mi to tako ne \u017eelimo. Mi ho\u0107emo da se na\u0161a zajednica razvija onako kako mi mislimo da treba. Zbog toga nam i treba komisija koja \u0107e odluke donositi konsenzusom \u2013 kazao je Abazovi\u0107, uo\u010di usvajanja zaklju\u010daka o PUP-u u lokalnom parlamentu.<\/p>\n<p>Podsje\u0107amo da je SO Ulcinj, kasno po podne u utorak, 30. septembra, jednoglasno usvojila set zaklju\u010daka o Nacrtu PUP-a, kojim se od obra\u0111iva\u010da tra\u017ei izmjena ponu\u0111enih planskih rje\u0161enja, na koja su tokom dvomjese\u010dne javne rasprave, gra\u0111ani i civilni sektor uputili veliki broj primjedbi. Skup\u0161tina je obavezala predsjednika op\u0161tine Fatmira \u0110eku da, u saradnji sa Ministarstvom turizma i odr\u017eivog razvoja, aktivira rad i a\u017eurira sastav savjeta i Izvr\u0161nog tima koji je sporazumom iz 2009. godine trebalo da konsenzusom dogovara predlo\u017eena planska rje\u0161enja. \u0110eka je zaklju\u010dcima obavezan da formira stru\u010dnu komisiju koja \u0107e razmatrati predlo\u017eeni Nacrt PUP-a i primjedbe iznijete u toku javne rasprave i biti savjetodavno tijelo nadle\u017enom organu i predstavnicima Savjeta i Izvr\u0161nog tima. Tokom skup\u0161tinske rasprave odbornici su skoro bili jednoglasni u ocjenama da predlo\u017eena planska rje\u0161enja nijesu u interesu Ulcinja.<\/p>\n<p>Odbornik SNP-a Andrija \u0106etkovi\u0107 rekao je da je sporazumom iz 2009. kojim je Op\u0161tina izradu i usvajanje PUP-a prebacila u nadle\u017enost Vlade bila predvi\u0111ena komisija koja je trebalo da konsenzusom usvaja rje\u0161enja.<\/p>\n<p>\u2013Ta komisija je i obrazovana, a neki \u010dlanovi sada sjede i u Skup\u0161tini. Ipak, koliko sam upoznat, ona se nije sastajala i radila ono \u0161to je trebalo, te zato danas imamo ovakav nacrt PUP-a. Sada se krivica prebacuje tamo gdje ne postoji, a jasno da je postojala mogu\u0107nost da se i te kako uti\u010de na izradu plana. Istina, neki iz vlasti i jesu uticali u dijelu da valorizuju svoju imovinu, odnosno interese. \u010cinjenica je da plan ne zadovoljava potrebe ovog grada, jer nije te\u0161ko zaklju\u010diti da je ovo jedini primorski grad koji se razvija kao kontinentalni \u2013 rekao je, izme\u0111u ostalog \u0106etkovi\u0107.<\/p>\n<p align=\"justify\"><strong>Izvor: Dan online<\/strong><\/p>\n","protected":false},"excerpt":{"rendered":"<p>ULCINj \u2013 Odbornik Pozitivne Crne Gore i poslanik te partije u Skup\u0161tini Crne Gore Dritan Abazovi\u0107, na sjednici SO Ulcinj, odr\u017eanoj 30. septembra, ocijenio je da su obra\u0111iva\u010di Prostorno-urbanisti\u010dkog plana zanemarili \u010dinjenicu da su Op\u0161tina i gra\u0111ani Ulcinja naru\u010dioci tog planskog dokumenta i da u tom smislu ubudu\u0107e moraju raditi kako im se ka\u017ee. \u2013 [&hellip;]<\/p>\n","protected":false},"author":1,"featured_media":0,"comment_status":"closed","ping_status":"closed","sticky":false,"template":"","format":"standard","meta":{"spay_email":"","jetpack_publicize_message":"","jetpack_is_tweetstorm":false,"jetpack_publicize_feature_enabled":true},"categories":[2451],"tags":[],"jetpack_publicize_connections":[],"yoast_head":"<!-- This site is optimized with the Yoast SEO plugin v19.1 - https:\/\/yoast.com\/wordpress\/plugins\/seo\/ -->\n<title>SNP Ulcinj: Plan ne zadovoljava potrebe grada - Lajme nga Ulqini<\/title>\n<meta name=\"description\" content=\"ULCINj \u2013 Odbornik Pozitivne Crne Gore i poslanik te partije u Skup\u0161tini Crne Gore Dritan Abazovi\u0107, na sjednici SO Ulcinj, odr\u017eanoj 30. septembra, ocijenio\" \/>\n<meta name=\"robots\" content=\"index, follow, max-snippet:-1, max-image-preview:large, max-video-preview:-1\" \/>\n<link rel=\"canonical\" href=\"https:\/\/www.visit-ulcinj.com\/blog\/2014\/10\/04\/snp-ulcinj-plan-ne-zadovoljava-potrebe-grada\/\" \/>\n<meta property=\"og:locale\" content=\"en_US\" \/>\n<meta property=\"og:type\" content=\"article\" \/>\n<meta property=\"og:title\" content=\"SNP Ulcinj: Plan ne zadovoljava potrebe grada - Lajme nga Ulqini\" \/>\n<meta property=\"og:description\" content=\"ULCINj \u2013 Odbornik Pozitivne Crne Gore i poslanik te partije u Skup\u0161tini Crne Gore Dritan Abazovi\u0107, na sjednici SO Ulcinj, odr\u017eanoj 30. septembra, ocijenio\" \/>\n<meta property=\"og:url\" content=\"https:\/\/www.visit-ulcinj.com\/blog\/2014\/10\/04\/snp-ulcinj-plan-ne-zadovoljava-potrebe-grada\/\" \/>\n<meta property=\"og:site_name\" content=\"Lajme nga Ulqini\" \/>\n<meta property=\"article:published_time\" content=\"2014-10-04T09:00:49+00:00\" \/>\n<meta property=\"og:image\" content=\"http:\/\/www.visit-ulcinj.com\/blog\/wp-content\/uploads\/2014\/10\/Andrija-Cetkovic-SNP-ULCINJ.jpg\" \/>\n<meta name=\"twitter:label1\" content=\"Written by\" \/>\n\t<meta name=\"twitter:data1\" content=\"ulqini\" \/>\n\t<meta name=\"twitter:label2\" content=\"Est. reading time\" \/>\n\t<meta name=\"twitter:data2\" content=\"2 minutes\" \/>\n<script type=\"application\/ld+json\" class=\"yoast-schema-graph\">{\"@context\":\"https:\/\/schema.org\",\"@graph\":[{\"@type\":\"WebSite\",\"@id\":\"https:\/\/www.visit-ulcinj.com\/blog\/#website\",\"url\":\"https:\/\/www.visit-ulcinj.com\/blog\/\",\"name\":\"Lajme nga Ulqini\",\"description\":\"Lajme,Vijesti,Ulqini,Ulqin,Crna Gora,Mali i Zi\",\"potentialAction\":[{\"@type\":\"SearchAction\",\"target\":{\"@type\":\"EntryPoint\",\"urlTemplate\":\"https:\/\/www.visit-ulcinj.com\/blog\/?s={search_term_string}\"},\"query-input\":\"required name=search_term_string\"}],\"inLanguage\":\"en-US\"},{\"@type\":\"ImageObject\",\"inLanguage\":\"en-US\",\"@id\":\"https:\/\/www.visit-ulcinj.com\/blog\/2014\/10\/04\/snp-ulcinj-plan-ne-zadovoljava-potrebe-grada\/#primaryimage\",\"url\":\"https:\/\/www.visit-ulcinj.com\/blog\/wp-content\/uploads\/2014\/10\/Andrija-Cetkovic-SNP-ULCINJ.jpg\",\"contentUrl\":\"https:\/\/www.visit-ulcinj.com\/blog\/wp-content\/uploads\/2014\/10\/Andrija-Cetkovic-SNP-ULCINJ.jpg\",\"width\":640,\"height\":460},{\"@type\":\"WebPage\",\"@id\":\"https:\/\/www.visit-ulcinj.com\/blog\/2014\/10\/04\/snp-ulcinj-plan-ne-zadovoljava-potrebe-grada\/#webpage\",\"url\":\"https:\/\/www.visit-ulcinj.com\/blog\/2014\/10\/04\/snp-ulcinj-plan-ne-zadovoljava-potrebe-grada\/\",\"name\":\"SNP Ulcinj: Plan ne zadovoljava potrebe grada - Lajme nga Ulqini\",\"isPartOf\":{\"@id\":\"https:\/\/www.visit-ulcinj.com\/blog\/#website\"},\"primaryImageOfPage\":{\"@id\":\"https:\/\/www.visit-ulcinj.com\/blog\/2014\/10\/04\/snp-ulcinj-plan-ne-zadovoljava-potrebe-grada\/#primaryimage\"},\"datePublished\":\"2014-10-04T09:00:49+00:00\",\"dateModified\":\"2014-10-04T09:00:49+00:00\",\"author\":{\"@id\":\"https:\/\/www.visit-ulcinj.com\/blog\/#\/schema\/person\/dcab619c614d3038751c63bc2aadc06d\"},\"description\":\"ULCINj \u2013 Odbornik Pozitivne Crne Gore i poslanik te partije u Skup\u0161tini Crne Gore Dritan Abazovi\u0107, na sjednici SO Ulcinj, odr\u017eanoj 30. septembra, ocijenio\",\"breadcrumb\":{\"@id\":\"https:\/\/www.visit-ulcinj.com\/blog\/2014\/10\/04\/snp-ulcinj-plan-ne-zadovoljava-potrebe-grada\/#breadcrumb\"},\"inLanguage\":\"en-US\",\"potentialAction\":[{\"@type\":\"ReadAction\",\"target\":[\"https:\/\/www.visit-ulcinj.com\/blog\/2014\/10\/04\/snp-ulcinj-plan-ne-zadovoljava-potrebe-grada\/\"]}]},{\"@type\":\"BreadcrumbList\",\"@id\":\"https:\/\/www.visit-ulcinj.com\/blog\/2014\/10\/04\/snp-ulcinj-plan-ne-zadovoljava-potrebe-grada\/#breadcrumb\",\"itemListElement\":[{\"@type\":\"ListItem\",\"position\":1,\"name\":\"SNP Ulcinj: Plan ne zadovoljava potrebe grada\"}]},{\"@type\":\"Person\",\"@id\":\"https:\/\/www.visit-ulcinj.com\/blog\/#\/schema\/person\/dcab619c614d3038751c63bc2aadc06d\",\"name\":\"ulqini\",\"sameAs\":[\"http:\/\/www.visit-ulcinj.com\"],\"url\":\"https:\/\/www.visit-ulcinj.com\/blog\/author\/admin\/\"}]}<\/script>\n<!-- \/ Yoast SEO plugin. -->","yoast_head_json":{"title":"SNP Ulcinj: Plan ne zadovoljava potrebe grada - Lajme nga Ulqini","description":"ULCINj \u2013 Odbornik Pozitivne Crne Gore i poslanik te partije u Skup\u0161tini Crne Gore Dritan Abazovi\u0107, na sjednici SO Ulcinj, odr\u017eanoj 30. septembra, ocijenio","robots":{"index":"index","follow":"follow","max-snippet":"max-snippet:-1","max-image-preview":"max-image-preview:large","max-video-preview":"max-video-preview:-1"},"canonical":"https:\/\/www.visit-ulcinj.com\/blog\/2014\/10\/04\/snp-ulcinj-plan-ne-zadovoljava-potrebe-grada\/","og_locale":"en_US","og_type":"article","og_title":"SNP Ulcinj: Plan ne zadovoljava potrebe grada - Lajme nga Ulqini","og_description":"ULCINj \u2013 Odbornik Pozitivne Crne Gore i poslanik te partije u Skup\u0161tini Crne Gore Dritan Abazovi\u0107, na sjednici SO Ulcinj, odr\u017eanoj 30. septembra, ocijenio","og_url":"https:\/\/www.visit-ulcinj.com\/blog\/2014\/10\/04\/snp-ulcinj-plan-ne-zadovoljava-potrebe-grada\/","og_site_name":"Lajme nga Ulqini","article_published_time":"2014-10-04T09:00:49+00:00","og_image":[{"url":"http:\/\/www.visit-ulcinj.com\/blog\/wp-content\/uploads\/2014\/10\/Andrija-Cetkovic-SNP-ULCINJ.jpg"}],"twitter_misc":{"Written by":"ulqini","Est. reading time":"2 minutes"},"schema":{"@context":"https:\/\/schema.org","@graph":[{"@type":"WebSite","@id":"https:\/\/www.visit-ulcinj.com\/blog\/#website","url":"https:\/\/www.visit-ulcinj.com\/blog\/","name":"Lajme nga Ulqini","description":"Lajme,Vijesti,Ulqini,Ulqin,Crna Gora,Mali i Zi","potentialAction":[{"@type":"SearchAction","target":{"@type":"EntryPoint","urlTemplate":"https:\/\/www.visit-ulcinj.com\/blog\/?s={search_term_string}"},"query-input":"required name=search_term_string"}],"inLanguage":"en-US"},{"@type":"ImageObject","inLanguage":"en-US","@id":"https:\/\/www.visit-ulcinj.com\/blog\/2014\/10\/04\/snp-ulcinj-plan-ne-zadovoljava-potrebe-grada\/#primaryimage","url":"https:\/\/www.visit-ulcinj.com\/blog\/wp-content\/uploads\/2014\/10\/Andrija-Cetkovic-SNP-ULCINJ.jpg","contentUrl":"https:\/\/www.visit-ulcinj.com\/blog\/wp-content\/uploads\/2014\/10\/Andrija-Cetkovic-SNP-ULCINJ.jpg","width":640,"height":460},{"@type":"WebPage","@id":"https:\/\/www.visit-ulcinj.com\/blog\/2014\/10\/04\/snp-ulcinj-plan-ne-zadovoljava-potrebe-grada\/#webpage","url":"https:\/\/www.visit-ulcinj.com\/blog\/2014\/10\/04\/snp-ulcinj-plan-ne-zadovoljava-potrebe-grada\/","name":"SNP Ulcinj: Plan ne zadovoljava potrebe grada - Lajme nga Ulqini","isPartOf":{"@id":"https:\/\/www.visit-ulcinj.com\/blog\/#website"},"primaryImageOfPage":{"@id":"https:\/\/www.visit-ulcinj.com\/blog\/2014\/10\/04\/snp-ulcinj-plan-ne-zadovoljava-potrebe-grada\/#primaryimage"},"datePublished":"2014-10-04T09:00:49+00:00","dateModified":"2014-10-04T09:00:49+00:00","author":{"@id":"https:\/\/www.visit-ulcinj.com\/blog\/#\/schema\/person\/dcab619c614d3038751c63bc2aadc06d"},"description":"ULCINj \u2013 Odbornik Pozitivne Crne Gore i poslanik te partije u Skup\u0161tini Crne Gore Dritan Abazovi\u0107, na sjednici SO Ulcinj, odr\u017eanoj 30. septembra, ocijenio","breadcrumb":{"@id":"https:\/\/www.visit-ulcinj.com\/blog\/2014\/10\/04\/snp-ulcinj-plan-ne-zadovoljava-potrebe-grada\/#breadcrumb"},"inLanguage":"en-US","potentialAction":[{"@type":"ReadAction","target":["https:\/\/www.visit-ulcinj.com\/blog\/2014\/10\/04\/snp-ulcinj-plan-ne-zadovoljava-potrebe-grada\/"]}]},{"@type":"BreadcrumbList","@id":"https:\/\/www.visit-ulcinj.com\/blog\/2014\/10\/04\/snp-ulcinj-plan-ne-zadovoljava-potrebe-grada\/#breadcrumb","itemListElement":[{"@type":"ListItem","position":1,"name":"SNP Ulcinj: Plan ne zadovoljava potrebe grada"}]},{"@type":"Person","@id":"https:\/\/www.visit-ulcinj.com\/blog\/#\/schema\/person\/dcab619c614d3038751c63bc2aadc06d","name":"ulqini","sameAs":["http:\/\/www.visit-ulcinj.com"],"url":"https:\/\/www.visit-ulcinj.com\/blog\/author\/admin\/"}]}},"jetpack_featured_media_url":"","jetpack_sharing_enabled":true,"jetpack_shortlink":"https:\/\/wp.me\/pe6lTn-mgr","_links":{"self":[{"href":"https:\/\/www.visit-ulcinj.com\/blog\/wp-json\/wp\/v2\/posts\/85587"}],"collection":[{"href":"https:\/\/www.visit-ulcinj.com\/blog\/wp-json\/wp\/v2\/posts"}],"about":[{"href":"https:\/\/www.visit-ulcinj.com\/blog\/wp-json\/wp\/v2\/types\/post"}],"author":[{"embeddable":true,"href":"https:\/\/www.visit-ulcinj.com\/blog\/wp-json\/wp\/v2\/users\/1"}],"replies":[{"embeddable":true,"href":"https:\/\/www.visit-ulcinj.com\/blog\/wp-json\/wp\/v2\/comments?post=85587"}],"version-history":[{"count":1,"href":"https:\/\/www.visit-ulcinj.com\/blog\/wp-json\/wp\/v2\/posts\/85587\/revisions"}],"predecessor-version":[{"id":85589,"href":"https:\/\/www.visit-ulcinj.com\/blog\/wp-json\/wp\/v2\/posts\/85587\/revisions\/85589"}],"wp:attachment":[{"href":"https:\/\/www.visit-ulcinj.com\/blog\/wp-json\/wp\/v2\/media?parent=85587"}],"wp:term":[{"taxonomy":"category","embeddable":true,"href":"https:\/\/www.visit-ulcinj.com\/blog\/wp-json\/wp\/v2\/categories?post=85587"},{"taxonomy":"post_tag","embeddable":true,"href":"https:\/\/www.visit-ulcinj.com\/blog\/wp-json\/wp\/v2\/tags?post=85587"}],"curies":[{"name":"wp","href":"https:\/\/api.w.org\/{rel}","templated":true}]}}