{"id":85590,"date":"2014-10-05T21:14:10","date_gmt":"2014-10-05T20:14:10","guid":{"rendered":"http:\/\/www.visit-ulcinj.com\/blog\/?p=85590"},"modified":"2014-10-05T21:14:10","modified_gmt":"2014-10-05T20:14:10","slug":"haxhi-zeneli-java-e-filmit-shqiptar-ne-new-york","status":"publish","type":"post","link":"https:\/\/www.visit-ulcinj.com\/blog\/2014\/10\/05\/haxhi-zeneli-java-e-filmit-shqiptar-ne-new-york\/","title":{"rendered":"Haxhi Zeneli: Java e filmit shqiptar  ne New York"},"content":{"rendered":"<p><strong><a href=\"http:\/\/www.visit-ulcinj.com\/blog\/wp-content\/uploads\/2014\/10\/Filmi-shqiptar.jpg\"><img loading=\"lazy\" class=\"alignleft wp-image-85591 size-full\" src=\"http:\/\/www.visit-ulcinj.com\/blog\/wp-content\/uploads\/2014\/10\/Filmi-shqiptar.jpg\" alt=\"Filmi-shqiptar\" width=\"167\" height=\"218\" \/><\/a>Shkruan Haxhi Zeneli<\/strong><\/p>\n<p>&nbsp;<\/p>\n<p>JAVA E FILMIT SHQIPTAR NE NEW YORK<\/p>\n<p>&nbsp;<\/p>\n<p>Me dat\u00ebn 2 Tetor 2014,n\u00eb New York filloj\u00eb :Java e Filmit Shqiptar\u00eb,i cili do t\u00eb zgjas\u00eb deri me dat\u00ebn 9 Tetor 2014.<\/p>\n<p>Ky aktivitet kulturor,i cili organizoh\u00ebt disa vite me radh\u00eb,q\u00eb tashti pothuajse \u00ebsht\u00eb b\u00ebr\u00eb tradicional.Si her\u00ebt tjera edhe k\u00ebt\u00eb vit i jep\u00ebt mund\u00ebsia artist\u00ebve dhe regjisor\u00ebve shqiptar\u00eb,q\u00eb para publikut n\u00eb qendrat &#8220;Producers Club&#8221; dhe &#8220;SVA Theater&#8221; n\u00eb Menhattan,t\u00eb prezentoh\u00ebn me filmat e tyre q\u00eb kan\u00eb sjellur k\u00ebtu p\u00ebr ti shfaqur dhe promovuar,pun\u00ebn e tyre t\u00eb artit kinomotografik\u00eb.<\/p>\n<p>Ky aktivitet i r\u00ebnd\u00ebsish\u00ebm p\u00ebr bot\u00ebn e filmit shqiptar\u00eb u mund\u00ebsua nga&#8221;Albanian Artists Association&#8221;me themeluesin dhe aktorin e komunitetit Arjot Myrtaj,s\u00eb bashku me stafin:Arsen Gurabardhi,Bukurije Navon,Theodhora Rexhepi,Kastriot Xhakli,Granit Limani,Jeton Laj\u00e7i,Rina Lila,Vincent Nebrida,Julian Zyla dhe Blerta Alikaj kurse n\u00eb ekipin vullnetar n\u00eb ndihm\u00ebn e k\u00ebti festivali u radhit\u00ebn:Kristina Dabovic,Antigona Komoni,Brikena Zeneli,G\u00ebzim Laj\u00e7i,Veton Boga dhe Vijona Malota.Kuptoh\u00ebt se p\u00ebr t\u00eb realizuar nj\u00eb projekt t\u00eb till patjet\u00ebr duhet nj\u00eb pun\u00eb e madhe dhe mjete financiare,ku pa k\u00ebto nuk do ishte e mundur realizimi i k\u00ebti projekti madh\u00ebshtor.Fal\u00eb sponzorues\u00ebve q\u00eb ky festival gjeti mirkuptimin e atyre q\u00eb din vlerat e k\u00ebti arti,t\u00eb cil\u00ebt p\u00ebr fat t\u00eb mir\u00eb nuk munguan me ndihmat e tyre.<\/p>\n<p>Vler\u00ebson fakti t\u00eb p\u00ebrmendim nj\u00eb nga sponzoruesit kryesor t\u00eb k\u00ebti projekti si\u00e7 \u00ebsht\u00eb biznismeni,Florim Laj\u00e7i,q\u00eb b\u00ebri t\u00eb gjitha:q\u00eb ky projekt mos t\u00eb shkoj\u00eb huq por t\u00eb realizoh\u00ebt me sukses.P\u00ebr ti ngritur madh\u00ebshtin e nj\u00eb festivali t\u00eb v\u00ebrtet\u00eb,n\u00eb jav\u00ebn e filmit jan\u00eb ftuar regjisor dhe aktor t\u00eb mir\u00ebnjohur t\u00eb bot\u00ebs shqiptare si\u00e7 jan\u00eb:aktor\u00ebt e mir\u00ebnjohur Tinka Kurti &#8220;Artiste e Popullit&#8221;,\u00c7un\u00eb Laj\u00e7i e t\u00eb tjer\u00eb.N\u00eb k\u00ebt festival t\u00eb filmit,p\u00ebrve\u00e7 filmave t\u00eb metrazhit t\u00eb gjat\u00eb,k\u00ebtu jan\u00eb duke u shfaqur edhe 23 filma t\u00eb metrazhit t\u00eb shkurt\u00ebr.<\/p>\n<p>Nat\u00ebn e par\u00eb t\u00eb hapjes s\u00eb k\u00ebti manifestimi,salla ishte p\u00ebrplot\u00eb e mbushur me adhuruesit e artit kinomotografik.P\u00ebr hapjen e festivali, k\u00ebt\u00eb nat\u00eb \u00ebsht\u00eb rradhitur filmit artistik nga Kosova:&#8221;Heroi&#8221; n\u00eb regjin e Luan Kryeziut,n\u00eb rolet kryesore:Adriana Morina dhe Arban Bajraktari.<\/p>\n<p>Prodhim i vitin 2013.<\/p>\n<p><a href=\"http:\/\/www.visit-ulcinj.com\/blog\/wp-content\/uploads\/2014\/10\/The-Last-Wish.jpg\"><img loading=\"lazy\" class=\"alignleft size-full wp-image-85592\" src=\"http:\/\/www.visit-ulcinj.com\/blog\/wp-content\/uploads\/2014\/10\/The-Last-Wish.jpg\" alt=\"The Last Wish\" width=\"412\" height=\"204\" srcset=\"https:\/\/www.visit-ulcinj.com\/blog\/wp-content\/uploads\/2014\/10\/The-Last-Wish.jpg 412w, https:\/\/www.visit-ulcinj.com\/blog\/wp-content\/uploads\/2014\/10\/The-Last-Wish-300x148.jpg 300w\" sizes=\"(max-width: 412px) 100vw, 412px\" \/><\/a><\/p>\n<p>Kurse nat\u00ebn e dyt\u00eb p\u00ebr spektator\u00ebt u \u00e7faq\u00eb filmi Amaneti\/The Last Wish<\/p>\n<p>i regjisorit Namik Ajazi,n\u00eb rol\u00ebt kryesore interpretuan:aktor mjaft t\u00eb njohur t\u00eb Kinomotografis Shqiptare,si Muzafer Zilfaj,Eva Alikaj,Amos Zaharia e shum\u00eb t\u00eb tjer\u00eb.Filmi zgjati 90 min,prodhim i vitit 2014.Kemi d\u00ebshir\u00eb q\u00eb t\u00eb zgjatemi pak m\u00eb tep\u00ebr tek ky film.Me q\u00eb un\u00eb p\u00ebrsonalisht pata rastin ta p\u00ebrcjelli filmin me shum\u00eb v\u00ebmendje,kam\u00eb d\u00ebshir\u00eb ta komentoj\u00eb pak\u00eb m\u00eb gjat\u00eb,p\u00ebr emocion\u00ebt q\u00eb fituem gjat\u00eb vijimit t\u00eb k\u00ebti filmi,s\u00eb bashku me miq\u00ebt.Kur\u00eb flasim nuk bazohemi vet\u00ebm tek skenari,por shofim edhe an\u00ebt tjera t\u00eb filmit si p\u00ebr shembull,aktor\u00ebt q\u00eb luajt\u00ebn n\u00eb rol\u00ebt e tyre me nj\u00eb natyralitet,q\u00eb vet\u00ebm aktor\u00ebt e v\u00ebrtet\u00eb din ta b\u00ebjn\u00eb.Ku na jepnin p\u00ebrshtypjen sikur t\u00eb ishin pjes\u00eb e asaj kohe t\u00eb ndodhur.Aktor\u00ebt si Muzafer Zilfaj,Eva Alikaj dhe Amos Zaharia,shkelqyen si yje holivudiane.Na la shum\u00eb mbresa sidomos roli i t\u00eb riut,Amos Zaharija i si nj\u00eb artist q\u00eb premton shum\u00eb,ku pas filmit n\u00eb nj\u00eb bised t\u00eb lir\u00eb,m\u00ebsuam se ishte djali i aktor\u00ebs s\u00eb madhe Yllka Mujos.<\/p>\n<p>Filmi kishte nj\u00eb kostumografia t\u00eb p\u00ebrshtat\u00ebshme p\u00ebr koh\u00ebn,gjith\u00ebashtu muzika e filmit ishte e p\u00ebrzgjedhur me kujdes.Z\u00ebrimi,fotografija,ishin mjaft n\u00eb nivel me standardet e filmit moderrn.<\/p>\n<p>Pra t\u00eb gjitha k\u00ebto elemente n\u00eb tan\u00ebsi kur bashkoh\u00ebn,p\u00ebrb\u00ebjn\u00eb nj\u00eb film q\u00eb mund edhe t\u00eb krahasoh\u00ebt me filmat amerikan apo bot\u00ebror.Pa hezituar mund t\u00eb themi se ja ka arritur q\u00ebllimit si nj\u00eb film q\u00eb patjet\u00ebr ja vlen\u00eb ta shpenzojm\u00eb koh\u00ebn p\u00ebr ta shikuar me v\u00ebmend\u00ebje.Ky film nuk na turp\u00ebron,dhe mund t\u00eb konkuroj\u00eb n\u00eb shum\u00eb festivale t\u00eb Bot\u00ebs.Mendoj se filma t\u00eb till n\u00eb t\u00eb ardh\u00ebmen do ta tregojn\u00eb historin e popullit ton\u00eb q\u00eb ka vuajtur me shekuj nga okupuesit e ti.<\/p>\n<p><a href=\"http:\/\/www.visit-ulcinj.com\/blog\/wp-content\/uploads\/2014\/10\/Haxhi-Zeneli-filmi-shqiptar.jpg\"><img loading=\"lazy\" class=\"alignleft size-full wp-image-85593\" src=\"http:\/\/www.visit-ulcinj.com\/blog\/wp-content\/uploads\/2014\/10\/Haxhi-Zeneli-filmi-shqiptar.jpg\" alt=\"Haxhi-Zeneli-filmi-shqiptar\" width=\"252\" height=\"459\" srcset=\"https:\/\/www.visit-ulcinj.com\/blog\/wp-content\/uploads\/2014\/10\/Haxhi-Zeneli-filmi-shqiptar.jpg 252w, https:\/\/www.visit-ulcinj.com\/blog\/wp-content\/uploads\/2014\/10\/Haxhi-Zeneli-filmi-shqiptar-164x300.jpg 164w\" sizes=\"(max-width: 252px) 100vw, 252px\" \/><\/a>Filmi &#8220;Amaneti&#8221;i regjisorit Namik Ajazit,pasqyron nj\u00eb tem\u00eb serioze.Jet\u00ebn e atyre q\u00eb menduan se mund t\u00eb b\u00ebnin \u00e7far\u00eb t\u00eb donin,mendoninin se ishin t\u00eb pa preksh\u00ebm,por n\u00eb fund edhe atyre ju l\u00ebkundej jeta.Deri m\u00eb tash nuk jan\u00eb trajtuar me kaq seriozitet k\u00ebto tema.Ky film nuk ishte nga ato filmat shqiptar\u00eb q\u00eb realizoh\u00ebn koh\u00ebt e fundit br\u00ebnda&#8221;nat\u00ebs&#8221;duke portretizuar shqiptar\u00ebt si &#8220;mafija&#8221;apo &#8220;hakmarrje gjaqesh&#8221;.Ishte nj\u00eb tem\u00eb e p\u00ebrz\u00ebgjedhur me mjaft sukses.Ngjar\u00ebja e filmit sipas regjisorit q\u00eb na tha ishte fiksuese,por tregon se kjo ishte ajo q\u00eb ndodhi n\u00eb regjimin komunist,q\u00eb organizonte sigurimi sikret me njer\u00ebzit e ti,dhe n\u00eb fund nuk i shp\u00ebtonte askush nga ato q\u00eb vet\u00eb kishin organizuar k\u00ebto krime.Gjat\u00eb t\u00ebr\u00eb filmit spektatori nuk mund t\u00eb mshehte emocionoh\u00ebt q\u00eb krijonin imazhet e k\u00ebti filmi.Protagonist\u00ebt e v\u00ebrtet\u00eb t\u00eb ngjarj\u00ebs,bile ishin edhe n\u00eb sall\u00ebn e filmit,q\u00eb ishin arratisur prej koh\u00ebsh nga regjimi i asaj\u00eb kohe.<\/p>\n<p>Nuk na mbet\u00ebt gj\u00eb tjet\u00ebr p\u00ebrve\u00e7 ti urojm\u00eb sukses regjisorit dhe krejt\u00eb stafit q\u00eb punuan k\u00ebt film t\u00eb k\u00ebti niveli.Pra n\u00eb fund t\u00eb filmit nuk mund ti dhurojm\u00eb asgj\u00eb m\u00eb tep\u00ebr p\u00ebrve\u00e7 se&#8221;3 yje&#8221;p\u00ebr t\u00eb fituar.<\/p>\n<p>Nat\u00ebn e tret\u00eb,Filmi&#8221;Simon&#8221;n\u00eb regjin dhe skenarin e Xhosli Rama,dhe filmi i regjisorit Dhimiter Anagnostit&#8221;P\u00ebrrall\u00eb nga e kaluara&#8221;.<\/p>\n<p>Nata e kat\u00ebrt\u00eb \u00e7faqet filmi&#8221;Shqiptari&#8221;i regjisorit Johannes Naber,prodhim i vitit 2010.<\/p>\n<p>Nata e pest\u00eb filmi &#8220;Basa&#8221;i regjisorit:Rachel Goslins,prodhim i vitit 2012.<\/p>\n<p>Nata e gjasht\u00eb filmi &#8220;Dashuria e Bjeshk\u00ebve t\u00eb Nemuna&#8221;nga Ekerem Kryeziu,prodhim i vitit 2013.<\/p>\n<p>Kurse p\u00ebr nat\u00ebn e fundit \u00ebsht\u00eb l\u00ebn filmi:&#8221;Femrat&#8221;me regjin e Rudina Vojvoda,prodhim i vitit 2013.<\/p>\n<p>N\u00eb fund urojm\u00eb q\u00eb festival t\u00eb p\u00ebrfundoj\u00eb me sekses.<\/p>\n<p>&nbsp;<\/p>\n<p>(<em>N<\/em><em>\u00eb <\/em><em>mes t<\/em><em>\u00eb <\/em><em>fotos <\/em><em>\u00eb<\/em><em>sht<\/em><em>\u00eb <\/em><em>aktorin e filmit &#8220;Amaneti&#8221; Amos Zaharia,djathtas sponzoruesi kryesor i &#8220;Jav<\/em><em>\u00eb<\/em><em>s s<\/em><em>\u00eb <\/em><em>filmit Shqiptar&#8221;Florim Laj<\/em><em>\u00e7<\/em><em>i dhe majtas Haxhi Zeneli.)<\/em><\/p>\n<p>&nbsp;<\/p>\n<p>&nbsp;<\/p>\n<p>&nbsp;<\/p>\n<p>&nbsp;<\/p>\n<p>&nbsp;<\/p>\n<p>&nbsp;<\/p>\n<p>&nbsp;<\/p>\n<p>&nbsp;<\/p>\n<p>&nbsp;<\/p>\n<p>&nbsp;<\/p>\n<p>&nbsp;<\/p>\n<p>5\/10\/2014<\/p>\n","protected":false},"excerpt":{"rendered":"<p>Shkruan Haxhi Zeneli &nbsp; JAVA E FILMIT SHQIPTAR NE NEW YORK &nbsp; Me dat\u00ebn 2 Tetor 2014,n\u00eb New York filloj\u00eb :Java e Filmit Shqiptar\u00eb,i cili do t\u00eb zgjas\u00eb deri me dat\u00ebn 9 Tetor 2014. Ky aktivitet kulturor,i cili organizoh\u00ebt disa vite me radh\u00eb,q\u00eb tashti pothuajse \u00ebsht\u00eb b\u00ebr\u00eb tradicional.Si her\u00ebt tjera edhe k\u00ebt\u00eb vit i jep\u00ebt [&hellip;]<\/p>\n","protected":false},"author":1,"featured_media":0,"comment_status":"closed","ping_status":"closed","sticky":false,"template":"","format":"standard","meta":{"spay_email":"","jetpack_publicize_message":"","jetpack_is_tweetstorm":false,"jetpack_publicize_feature_enabled":true},"categories":[7],"tags":[],"jetpack_publicize_connections":[],"yoast_head":"<!-- This site is optimized with the Yoast SEO plugin v19.1 - https:\/\/yoast.com\/wordpress\/plugins\/seo\/ -->\n<title>Haxhi Zeneli: Java e filmit shqiptar ne New York - Lajme nga Ulqini<\/title>\n<meta name=\"description\" content=\"Shkruan Haxhi Zeneli &nbsp; JAVA E FILMIT SHQIPTAR NE NEW YORK &nbsp; Me dat\u00ebn 2 Tetor 2014,n\u00eb New York filloj\u00eb :Java e Filmit Shqiptar\u00eb,i cili do t\u00eb\" \/>\n<meta name=\"robots\" content=\"index, follow, max-snippet:-1, max-image-preview:large, max-video-preview:-1\" \/>\n<link rel=\"canonical\" href=\"https:\/\/www.visit-ulcinj.com\/blog\/2014\/10\/05\/haxhi-zeneli-java-e-filmit-shqiptar-ne-new-york\/\" \/>\n<meta property=\"og:locale\" content=\"en_US\" \/>\n<meta property=\"og:type\" content=\"article\" \/>\n<meta property=\"og:title\" content=\"Haxhi Zeneli: Java e filmit shqiptar ne New York - Lajme nga Ulqini\" \/>\n<meta property=\"og:description\" content=\"Shkruan Haxhi Zeneli &nbsp; JAVA E FILMIT SHQIPTAR NE NEW YORK &nbsp; Me dat\u00ebn 2 Tetor 2014,n\u00eb New York filloj\u00eb :Java e Filmit Shqiptar\u00eb,i cili do t\u00eb\" \/>\n<meta property=\"og:url\" content=\"https:\/\/www.visit-ulcinj.com\/blog\/2014\/10\/05\/haxhi-zeneli-java-e-filmit-shqiptar-ne-new-york\/\" \/>\n<meta property=\"og:site_name\" content=\"Lajme nga Ulqini\" \/>\n<meta property=\"article:published_time\" content=\"2014-10-05T20:14:10+00:00\" \/>\n<meta property=\"og:image\" content=\"http:\/\/www.visit-ulcinj.com\/blog\/wp-content\/uploads\/2014\/10\/Filmi-shqiptar.jpg\" \/>\n<meta name=\"twitter:label1\" content=\"Written by\" \/>\n\t<meta name=\"twitter:data1\" content=\"ulqini\" \/>\n\t<meta name=\"twitter:label2\" content=\"Est. reading time\" \/>\n\t<meta name=\"twitter:data2\" content=\"6 minutes\" \/>\n<script type=\"application\/ld+json\" class=\"yoast-schema-graph\">{\"@context\":\"https:\/\/schema.org\",\"@graph\":[{\"@type\":\"WebSite\",\"@id\":\"https:\/\/www.visit-ulcinj.com\/blog\/#website\",\"url\":\"https:\/\/www.visit-ulcinj.com\/blog\/\",\"name\":\"Lajme nga Ulqini\",\"description\":\"Lajme,Vijesti,Ulqini,Ulqin,Crna Gora,Mali i Zi\",\"potentialAction\":[{\"@type\":\"SearchAction\",\"target\":{\"@type\":\"EntryPoint\",\"urlTemplate\":\"https:\/\/www.visit-ulcinj.com\/blog\/?s={search_term_string}\"},\"query-input\":\"required name=search_term_string\"}],\"inLanguage\":\"en-US\"},{\"@type\":\"ImageObject\",\"inLanguage\":\"en-US\",\"@id\":\"https:\/\/www.visit-ulcinj.com\/blog\/2014\/10\/05\/haxhi-zeneli-java-e-filmit-shqiptar-ne-new-york\/#primaryimage\",\"url\":\"http:\/\/www.visit-ulcinj.com\/blog\/wp-content\/uploads\/2014\/10\/Filmi-shqiptar.jpg\",\"contentUrl\":\"http:\/\/www.visit-ulcinj.com\/blog\/wp-content\/uploads\/2014\/10\/Filmi-shqiptar.jpg\"},{\"@type\":\"WebPage\",\"@id\":\"https:\/\/www.visit-ulcinj.com\/blog\/2014\/10\/05\/haxhi-zeneli-java-e-filmit-shqiptar-ne-new-york\/#webpage\",\"url\":\"https:\/\/www.visit-ulcinj.com\/blog\/2014\/10\/05\/haxhi-zeneli-java-e-filmit-shqiptar-ne-new-york\/\",\"name\":\"Haxhi Zeneli: Java e filmit shqiptar ne New York - Lajme nga Ulqini\",\"isPartOf\":{\"@id\":\"https:\/\/www.visit-ulcinj.com\/blog\/#website\"},\"primaryImageOfPage\":{\"@id\":\"https:\/\/www.visit-ulcinj.com\/blog\/2014\/10\/05\/haxhi-zeneli-java-e-filmit-shqiptar-ne-new-york\/#primaryimage\"},\"datePublished\":\"2014-10-05T20:14:10+00:00\",\"dateModified\":\"2014-10-05T20:14:10+00:00\",\"author\":{\"@id\":\"https:\/\/www.visit-ulcinj.com\/blog\/#\/schema\/person\/dcab619c614d3038751c63bc2aadc06d\"},\"description\":\"Shkruan Haxhi Zeneli &nbsp; JAVA E FILMIT SHQIPTAR NE NEW YORK &nbsp; Me dat\u00ebn 2 Tetor 2014,n\u00eb New York filloj\u00eb :Java e Filmit Shqiptar\u00eb,i cili do t\u00eb\",\"breadcrumb\":{\"@id\":\"https:\/\/www.visit-ulcinj.com\/blog\/2014\/10\/05\/haxhi-zeneli-java-e-filmit-shqiptar-ne-new-york\/#breadcrumb\"},\"inLanguage\":\"en-US\",\"potentialAction\":[{\"@type\":\"ReadAction\",\"target\":[\"https:\/\/www.visit-ulcinj.com\/blog\/2014\/10\/05\/haxhi-zeneli-java-e-filmit-shqiptar-ne-new-york\/\"]}]},{\"@type\":\"BreadcrumbList\",\"@id\":\"https:\/\/www.visit-ulcinj.com\/blog\/2014\/10\/05\/haxhi-zeneli-java-e-filmit-shqiptar-ne-new-york\/#breadcrumb\",\"itemListElement\":[{\"@type\":\"ListItem\",\"position\":1,\"name\":\"Haxhi Zeneli: Java e filmit shqiptar ne New York\"}]},{\"@type\":\"Person\",\"@id\":\"https:\/\/www.visit-ulcinj.com\/blog\/#\/schema\/person\/dcab619c614d3038751c63bc2aadc06d\",\"name\":\"ulqini\",\"sameAs\":[\"http:\/\/www.visit-ulcinj.com\"],\"url\":\"https:\/\/www.visit-ulcinj.com\/blog\/author\/admin\/\"}]}<\/script>\n<!-- \/ Yoast SEO plugin. -->","yoast_head_json":{"title":"Haxhi Zeneli: Java e filmit shqiptar ne New York - Lajme nga Ulqini","description":"Shkruan Haxhi Zeneli &nbsp; JAVA E FILMIT SHQIPTAR NE NEW YORK &nbsp; Me dat\u00ebn 2 Tetor 2014,n\u00eb New York filloj\u00eb :Java e Filmit Shqiptar\u00eb,i cili do t\u00eb","robots":{"index":"index","follow":"follow","max-snippet":"max-snippet:-1","max-image-preview":"max-image-preview:large","max-video-preview":"max-video-preview:-1"},"canonical":"https:\/\/www.visit-ulcinj.com\/blog\/2014\/10\/05\/haxhi-zeneli-java-e-filmit-shqiptar-ne-new-york\/","og_locale":"en_US","og_type":"article","og_title":"Haxhi Zeneli: Java e filmit shqiptar ne New York - Lajme nga Ulqini","og_description":"Shkruan Haxhi Zeneli &nbsp; JAVA E FILMIT SHQIPTAR NE NEW YORK &nbsp; Me dat\u00ebn 2 Tetor 2014,n\u00eb New York filloj\u00eb :Java e Filmit Shqiptar\u00eb,i cili do t\u00eb","og_url":"https:\/\/www.visit-ulcinj.com\/blog\/2014\/10\/05\/haxhi-zeneli-java-e-filmit-shqiptar-ne-new-york\/","og_site_name":"Lajme nga Ulqini","article_published_time":"2014-10-05T20:14:10+00:00","og_image":[{"url":"http:\/\/www.visit-ulcinj.com\/blog\/wp-content\/uploads\/2014\/10\/Filmi-shqiptar.jpg"}],"twitter_misc":{"Written by":"ulqini","Est. reading time":"6 minutes"},"schema":{"@context":"https:\/\/schema.org","@graph":[{"@type":"WebSite","@id":"https:\/\/www.visit-ulcinj.com\/blog\/#website","url":"https:\/\/www.visit-ulcinj.com\/blog\/","name":"Lajme nga Ulqini","description":"Lajme,Vijesti,Ulqini,Ulqin,Crna Gora,Mali i Zi","potentialAction":[{"@type":"SearchAction","target":{"@type":"EntryPoint","urlTemplate":"https:\/\/www.visit-ulcinj.com\/blog\/?s={search_term_string}"},"query-input":"required name=search_term_string"}],"inLanguage":"en-US"},{"@type":"ImageObject","inLanguage":"en-US","@id":"https:\/\/www.visit-ulcinj.com\/blog\/2014\/10\/05\/haxhi-zeneli-java-e-filmit-shqiptar-ne-new-york\/#primaryimage","url":"http:\/\/www.visit-ulcinj.com\/blog\/wp-content\/uploads\/2014\/10\/Filmi-shqiptar.jpg","contentUrl":"http:\/\/www.visit-ulcinj.com\/blog\/wp-content\/uploads\/2014\/10\/Filmi-shqiptar.jpg"},{"@type":"WebPage","@id":"https:\/\/www.visit-ulcinj.com\/blog\/2014\/10\/05\/haxhi-zeneli-java-e-filmit-shqiptar-ne-new-york\/#webpage","url":"https:\/\/www.visit-ulcinj.com\/blog\/2014\/10\/05\/haxhi-zeneli-java-e-filmit-shqiptar-ne-new-york\/","name":"Haxhi Zeneli: Java e filmit shqiptar ne New York - Lajme nga Ulqini","isPartOf":{"@id":"https:\/\/www.visit-ulcinj.com\/blog\/#website"},"primaryImageOfPage":{"@id":"https:\/\/www.visit-ulcinj.com\/blog\/2014\/10\/05\/haxhi-zeneli-java-e-filmit-shqiptar-ne-new-york\/#primaryimage"},"datePublished":"2014-10-05T20:14:10+00:00","dateModified":"2014-10-05T20:14:10+00:00","author":{"@id":"https:\/\/www.visit-ulcinj.com\/blog\/#\/schema\/person\/dcab619c614d3038751c63bc2aadc06d"},"description":"Shkruan Haxhi Zeneli &nbsp; JAVA E FILMIT SHQIPTAR NE NEW YORK &nbsp; Me dat\u00ebn 2 Tetor 2014,n\u00eb New York filloj\u00eb :Java e Filmit Shqiptar\u00eb,i cili do t\u00eb","breadcrumb":{"@id":"https:\/\/www.visit-ulcinj.com\/blog\/2014\/10\/05\/haxhi-zeneli-java-e-filmit-shqiptar-ne-new-york\/#breadcrumb"},"inLanguage":"en-US","potentialAction":[{"@type":"ReadAction","target":["https:\/\/www.visit-ulcinj.com\/blog\/2014\/10\/05\/haxhi-zeneli-java-e-filmit-shqiptar-ne-new-york\/"]}]},{"@type":"BreadcrumbList","@id":"https:\/\/www.visit-ulcinj.com\/blog\/2014\/10\/05\/haxhi-zeneli-java-e-filmit-shqiptar-ne-new-york\/#breadcrumb","itemListElement":[{"@type":"ListItem","position":1,"name":"Haxhi Zeneli: Java e filmit shqiptar ne New York"}]},{"@type":"Person","@id":"https:\/\/www.visit-ulcinj.com\/blog\/#\/schema\/person\/dcab619c614d3038751c63bc2aadc06d","name":"ulqini","sameAs":["http:\/\/www.visit-ulcinj.com"],"url":"https:\/\/www.visit-ulcinj.com\/blog\/author\/admin\/"}]}},"jetpack_featured_media_url":"","jetpack_sharing_enabled":true,"jetpack_shortlink":"https:\/\/wp.me\/pe6lTn-mgu","_links":{"self":[{"href":"https:\/\/www.visit-ulcinj.com\/blog\/wp-json\/wp\/v2\/posts\/85590"}],"collection":[{"href":"https:\/\/www.visit-ulcinj.com\/blog\/wp-json\/wp\/v2\/posts"}],"about":[{"href":"https:\/\/www.visit-ulcinj.com\/blog\/wp-json\/wp\/v2\/types\/post"}],"author":[{"embeddable":true,"href":"https:\/\/www.visit-ulcinj.com\/blog\/wp-json\/wp\/v2\/users\/1"}],"replies":[{"embeddable":true,"href":"https:\/\/www.visit-ulcinj.com\/blog\/wp-json\/wp\/v2\/comments?post=85590"}],"version-history":[{"count":1,"href":"https:\/\/www.visit-ulcinj.com\/blog\/wp-json\/wp\/v2\/posts\/85590\/revisions"}],"predecessor-version":[{"id":85594,"href":"https:\/\/www.visit-ulcinj.com\/blog\/wp-json\/wp\/v2\/posts\/85590\/revisions\/85594"}],"wp:attachment":[{"href":"https:\/\/www.visit-ulcinj.com\/blog\/wp-json\/wp\/v2\/media?parent=85590"}],"wp:term":[{"taxonomy":"category","embeddable":true,"href":"https:\/\/www.visit-ulcinj.com\/blog\/wp-json\/wp\/v2\/categories?post=85590"},{"taxonomy":"post_tag","embeddable":true,"href":"https:\/\/www.visit-ulcinj.com\/blog\/wp-json\/wp\/v2\/tags?post=85590"}],"curies":[{"name":"wp","href":"https:\/\/api.w.org\/{rel}","templated":true}]}}