{"id":85598,"date":"2014-10-07T06:59:38","date_gmt":"2014-10-07T05:59:38","guid":{"rendered":"http:\/\/www.visit-ulcinj.com\/blog\/?p=85598"},"modified":"2014-10-08T19:19:08","modified_gmt":"2014-10-08T18:19:08","slug":"sabri-salaj-diplomacia-e-perandorise-osmane-ceshtja-e-ulqinit-5","status":"publish","type":"post","link":"https:\/\/www.visit-ulcinj.com\/blog\/2014\/10\/07\/sabri-salaj-diplomacia-e-perandorise-osmane-ceshtja-e-ulqinit-5\/","title":{"rendered":"SABRI SALAJ: Diplomacia e Perandoris\u00eb Osmane &#8211; \u00c7\u00cbSHTJA E ULQINIT (5)"},"content":{"rendered":"<p><a href=\"http:\/\/www.visit-ulcinj.com\/blog\/wp-content\/uploads\/2014\/09\/SABRI-SALAJ.jpg\"><img loading=\"lazy\" class=\"alignleft wp-image-84991\" src=\"http:\/\/www.visit-ulcinj.com\/blog\/wp-content\/uploads\/2014\/09\/SABRI-SALAJ.jpg\" alt=\"SABRI SALAJ\" width=\"508\" height=\"381\" srcset=\"https:\/\/www.visit-ulcinj.com\/blog\/wp-content\/uploads\/2014\/09\/SABRI-SALAJ.jpg 640w, https:\/\/www.visit-ulcinj.com\/blog\/wp-content\/uploads\/2014\/09\/SABRI-SALAJ-300x225.jpg 300w\" sizes=\"(max-width: 508px) 100vw, 508px\" \/><\/a>Duke dashur m\u00eb \u00e7do kushte zbatimin e vendimeve t\u00eb Kongresit t\u00eb Berlinit t\u00eb cilat p\u00ebr shkak t\u00eb q\u00ebndres\u00ebs s\u00eb shqiptar\u00ebve nuk u realizuan Porta e Lart\u00eb duke qen\u00eb e shtr\u00ebnguar edhe nga Fuqit\u00eb e M\u00ebdha, p\u00ebrdori forc\u00ebn ushtarake p\u00ebr zbatimin e k\u00ebtij vendimi dhe s\u00eb bashku me forcat e fuqive t\u00eb m\u00ebdha e forcat e Malit t\u00eb Zi b\u00ebri t\u00eb mundur dor\u00ebzimin e Ulqinit, Malit t\u00eb Zi.<\/p>\n<p>Presioni i Fuqive t\u00eb M\u00ebdha b\u00ebri q\u00eb Dervish Pasha t\u00eb nisej p\u00ebr sulm drejt Ulqinin. Pasi vendosi q\u00eb t\u00eb prish\u00ebn urat q\u00eb lidhin Shkodr\u00ebn m\u00eb Ulqinin, nga t\u00eb cilat rrug\u00eb furnizohej Ulqini m\u00eb vullnetar\u00eb p\u00ebr luft\u00eb, filloi betejat m\u00eb shqiptar\u00ebt t\u00eb cil\u00ebt ishin n\u00eb mbrojtje t\u00eb Ulqinit. Pas shp\u00ebrndarjes s\u00eb forcave vullnetare shqiptare, Dervish Pasha me ushtrin\u00eb e tij m\u00eb 23 n\u00ebntor hyri n\u00eb Ulqin.<\/p>\n<p>Dor\u00ebzimi i Ulqinit Malit t\u00eb Zi nga ana e Port\u00ebs s\u00eb Lart\u00eb, sh\u00ebrbeu si sinjal p\u00ebr rrym\u00ebn autonomiste q\u00eb t\u00eb kalonte n\u00eb aksion t\u00eb p\u00ebrgjithsh\u00ebm p\u00ebr realizimin e autonomis\u00eb s\u00eb Shqip\u00ebris\u00eb. Pas dor\u00ebzimit t\u00eb Ulqinit m\u00eb 26 n\u00ebntor 1880 l\u00ebvizja autonomiste deklaronte se ishte momenti m\u00eb i p\u00ebrshtatsh\u00ebm p\u00ebr marrjen e pushtetit.<\/p>\n<p>M\u00eb 15 korrik 1880 Porta e Lart\u00eb i dha p\u00ebrgjigje not\u00ebs q\u00eb Fuqit\u00eb e M\u00ebdha i kishin d\u00ebrguar asaj m\u00eb 26 qershor 1880, me t\u00eb cil\u00ebn e vinin n\u00eb dijeni se kishin vendosur q\u00eb Mali i Zi t\u00eb merrte Ulqinin me rrethin e tij n\u00eb vend t\u00eb Hotit dhe t\u00eb Grud\u00ebs. Porta e Lart\u00eb iu p\u00ebrgjigj duke njoftuar Fuqit\u00eb e M\u00ebdha se Porta e Lart\u00eb \u00ebsht\u00eb e gatshme t\u00eb zbatonte Protokollin e 18 prillit 1880 dhe nuk ishte nevoja p\u00ebr z\u00ebvend\u00ebsimin e k\u00ebtyre trevave m\u00eb qytetin dhe rrethin e Ulqinit.<\/p>\n<p>Fuqit\u00eb e M\u00ebdha e refuzuan kategorikisht propozimin mbasi e konsideruan si nj\u00eb manov\u00ebr t\u00eb Port\u00ebs p\u00ebr ta zvarritur m\u00eb tej \u00e7\u00ebshtjen. Porta e Lart\u00eb luan\u00eb kart\u00eb t\u00eb dyfisht\u00eb me faktorin shqiptar ku nj\u00ebr\u00ebn an\u00eb k\u00ebrkonte q\u00eb n\u00ebp\u00ebrmjet shqiptareve t\u00eb ruante sovranitetin e vet territorial kurse n\u00eb an\u00ebn tjet\u00ebr shqiptar\u00ebt i p\u00ebrdorte edhe si k\u00ebrc\u00ebnues t\u00eb realizimit t\u00eb vendimeve t\u00eb Fuqive t\u00eb M\u00ebdha.<\/p>\n<p>Ambasadori gjerman n\u00eb Stamboll Hasfield pareshtur thekson \u00e7\u00ebshtjen e \u201cndihm\u00ebs turke\u201d p\u00ebr shqiptar\u00ebt dhe p\u00ebrdorimin e tyre p\u00ebr t\u2019i b\u00ebr\u00eb bisht zbatimit t\u00eb marr\u00ebveshjeve t\u00eb n\u00ebnshkruara n\u00eb Berlin. Thuajse n\u00eb secilin raport do t\u00eb gjej\u00eb di\u00e7ka p\u00ebr t\u2019ia t\u00ebrhequr v\u00ebrejtjen kancelarit, se si \u201cturqve u shkon p\u00ebr shtati rezistenca e shqiptar\u00ebve dhe se ata edhe n\u00eb t\u00eb ardhmen do t\u00eb luajn\u00eb me at\u00eb kart\u00eb\u201d.<\/p>\n<p>Madje edhe me rastin e not\u00ebs q\u00eb Fuqit\u00eb e M\u00ebdha ia drejtuan Turqis\u00eb m\u00eb 26 qershor t\u00eb vitit 1880, kur prej saj u k\u00ebrkua q\u00eb n\u00ebse Cemi nuk do t\u00eb mund t\u2019u dor\u00ebzohet malazezve, at\u00ebher\u00eb t\u00eb b\u00ebhet nj\u00eb propozim tjet\u00ebr q\u00eb do t\u00eb ishte i pranuesh\u00ebm dhe i zbatuesh\u00ebm nj\u00ebher\u00ebsh, ambasadori gjerman n\u00eb Stamboll vler\u00ebson se \u201cPorta q\u00ebllimisht m\u00eb 19 gusht propozoi q\u00eb Ulqini t\u2019i jepej Malit t\u00eb Zi, ani pse dihet q\u00eb ky qytet qind p\u00ebr qind \u00ebsht\u00eb i banuar m\u00eb shqiptar\u00eb, t\u00eb cil\u00ebt assesi nuk do t\u00eb pranojn\u00eb t\u2019i dor\u00ebzohen Malit t\u00eb Zi. Ky \u00ebsht\u00eb nj\u00eb plan djall\u00ebzor, ngase Porta \u00ebsht\u00eb e bindur se shqiptar\u00ebt nuk do ta l\u00ebshojn\u00eb Ulqinin\u201d. Ambasadori gjerman n\u00eb Stamboll, Hasfield, i njohur p\u00ebr q\u00ebndrimet se Porta i p\u00ebrdorte shqiptar\u00ebt dhe Lidhjen e tyre q\u00eb t\u00eb sabotohen vendimet e Berlinit, me rastin e konfliktit t\u00eb drejtp\u00ebrdrejt\u00eb me Port\u00ebn do t\u00eb thot\u00eb: \u201cShqiptar\u00ebt u munduan ta mbajn\u00eb p\u00ebr vete sulltanin dhe ta ken\u00eb sa m\u00eb af\u00ebr nd\u00ebrsa sulltani shqiptar\u00ebt &#8211; deri aty sa lejuan mund\u00ebsit\u00eb. Kur u sos\u00ebn t\u00eb gjitha fjal\u00ebt, at\u00ebher\u00eb konflikti q\u00eb i pashmangsh\u00ebm dhe dihej fare mir\u00eb se kush do ta p\u00ebsonte\u201d.<\/p>\n<p>Porta e Lart\u00eb donte ta p\u00ebrdorte akoma Lidhjen Shqiptare, si nj\u00eb fuqi n\u00eb jug t\u00eb Shqip\u00ebris\u00eb, ku Greqia k\u00ebrkonte nj\u00eb pjes\u00eb t\u00eb territorit t\u00eb Perandoris\u00eb. Veprimtaria diplomatike e Port\u00ebs s\u00eb Lart\u00eb duke p\u00ebrdorur faktorin shqiptar p\u00ebr mos zbatimin e vendimeve t\u00eb Kongresit t\u00eb Berilin, ruante integritetin territorial t\u00eb saj. Porta e Lart\u00eb e dinte mir\u00eb se m\u00eb dor\u00ebzimin e Ulqinit, hapej rruga p\u00ebr t\u00eb nd\u00ebrhyrje t\u00eb tjera n\u00eb pun\u00ebt e brendshme t\u00eb Perandoris\u00eb duke cenuar k\u00ebshtu sovranitetin e integritetit t\u00eb saj territorial.<\/p>\n<p>Q\u00eb nga qershori i vitit 1880, Fuqit\u00eb e M\u00ebdha i k\u00ebrkuan Port\u00ebs s\u00eb Lart\u00eb t\u2019i dor\u00ebzonte Ulqinin Malit t\u00eb Zi, duke p\u00ebrdorur edhe arm\u00ebt kund\u00ebr shqiptar\u00ebve. Madje e k\u00ebrc\u00ebnuan se do t\u00eb zhvillonin nj\u00eb demonstrat\u00eb detare n\u00eb bregdetin shqiptar. Nga ana tjet\u00ebr Lidhja Shqiptare dhe kuvendet e saj i kishin p\u00ebrs\u00ebritur disa her\u00eb Port\u00ebs s\u00eb Lart\u00eb vendosm\u00ebrin\u00eb e shqiptar\u00ebve p\u00ebr t\u00eb mbrojtur Ulqinin. E ndodhur n\u00ebn nj\u00eb presion t\u00eb dyfisht\u00eb, Porta e Lart\u00eb n\u00eb fillim b\u00ebri p\u00ebrpjekje duke p\u00ebrdorur t\u00eb hollat, premtimet dhe k\u00ebrc\u00ebnimet, p\u00ebr t\u2019i bindur shqiptar\u00ebt q\u00eb t\u00eb hiqnin dor\u00eb nga q\u00ebndresa e armatosur por nuk ia arriti q\u00ebllimit.<\/p>\n<p>Perandoria Osmane d\u00ebrgoi Riza Pash\u00ebn p\u00ebr t\u00eb bindur shqiptar\u00ebt t\u00eb dor\u00ebzoheshin, duke p\u00ebrdorur manovrime diplomatike m\u00eb q\u00ebllim t\u00eb krijonte p\u00ebr\u00e7arje nd\u00ebrmjet shqiptar\u00ebve, po ashtu n\u00ebp\u00ebrmjet t\u00eb hollave dhe lirave por pa sukses. Shqiptar\u00ebt ishin t\u00eb vendosur p\u00ebr mbrojtjen e territoreve t\u00eb tyre. Riza Pasha, i z\u00ebn\u00eb ngusht\u00eb prej shqiptar\u00ebve, jo vet\u00ebm q\u00eb s\u2019b\u00ebri gj\u00eb p\u00ebr dor\u00ebzimin e Ulqinit por e shpalli se do t\u2019iu binte malazezeve n\u00eb qoft\u00eb se ato provonin t\u00eb hynin n\u00eb qytet. Kjo sjellje e Riza Pash\u00ebs b\u00ebri buj\u00eb, se dukej sikur Turqia punonte me dy faqe. Shtypi rus u- \u00e7ua kund\u00ebr Shqip\u00ebris\u00eb.<\/p>\n<p>Kur flota e Fuqive t\u00eb M\u00ebdha u fut n\u00eb gjirin e Bok\u00ebs s\u00eb Kotorrit, Porta n\u00ebn presionin e Fuqive t\u00eb M\u00ebdha, u detyrua t\u00eb nd\u00ebrmarr\u00eb masa energjike q\u00eb t\u2019ia dor\u00ebzoj\u00eb Ulqinin Malit t\u00eb Zi. U nd\u00ebrrua Riza Pasha dhe n\u00eb vend t\u00eb tij u em\u00ebrua komandanti turk i njohur p\u00ebr eg\u00ebrsi Dervish Pasha q\u00eb ta zgjidhte definitivisht \u00e7\u00ebshtjen e Ulqinit.<\/p>\n<p>&nbsp;<\/p>\n","protected":false},"excerpt":{"rendered":"<p>Duke dashur m\u00eb \u00e7do kushte zbatimin e vendimeve t\u00eb Kongresit t\u00eb Berlinit t\u00eb cilat p\u00ebr shkak t\u00eb q\u00ebndres\u00ebs s\u00eb shqiptar\u00ebve nuk u realizuan Porta e Lart\u00eb duke qen\u00eb e shtr\u00ebnguar edhe nga Fuqit\u00eb e M\u00ebdha, p\u00ebrdori forc\u00ebn ushtarake p\u00ebr zbatimin e k\u00ebtij vendimi dhe s\u00eb bashku me forcat e fuqive t\u00eb m\u00ebdha e forcat e [&hellip;]<\/p>\n","protected":false},"author":1,"featured_media":0,"comment_status":"closed","ping_status":"closed","sticky":false,"template":"","format":"standard","meta":{"spay_email":"","jetpack_publicize_message":"","jetpack_is_tweetstorm":false,"jetpack_publicize_feature_enabled":true},"categories":[1,14249],"tags":[],"jetpack_publicize_connections":[],"yoast_head":"<!-- This site is optimized with the Yoast SEO plugin v19.1 - https:\/\/yoast.com\/wordpress\/plugins\/seo\/ -->\n<title>SABRI SALAJ: Diplomacia e Perandoris\u00eb Osmane - \u00c7\u00cbSHTJA E ULQINIT (5) - Lajme nga Ulqini<\/title>\n<meta name=\"description\" content=\"Duke dashur m\u00eb \u00e7do kushte zbatimin e vendimeve t\u00eb Kongresit t\u00eb Berlinit t\u00eb cilat p\u00ebr shkak t\u00eb q\u00ebndres\u00ebs s\u00eb shqiptar\u00ebve nuk u realizuan Porta e Lart\u00eb duke\" \/>\n<meta name=\"robots\" content=\"index, follow, max-snippet:-1, max-image-preview:large, max-video-preview:-1\" \/>\n<link rel=\"canonical\" href=\"https:\/\/www.visit-ulcinj.com\/blog\/2014\/10\/07\/sabri-salaj-diplomacia-e-perandorise-osmane-ceshtja-e-ulqinit-5\/\" \/>\n<meta property=\"og:locale\" content=\"en_US\" \/>\n<meta property=\"og:type\" content=\"article\" \/>\n<meta property=\"og:title\" content=\"SABRI SALAJ: Diplomacia e Perandoris\u00eb Osmane - \u00c7\u00cbSHTJA E ULQINIT (5) - Lajme nga Ulqini\" \/>\n<meta property=\"og:description\" content=\"Duke dashur m\u00eb \u00e7do kushte zbatimin e vendimeve t\u00eb Kongresit t\u00eb Berlinit t\u00eb cilat p\u00ebr shkak t\u00eb q\u00ebndres\u00ebs s\u00eb shqiptar\u00ebve nuk u realizuan Porta e Lart\u00eb duke\" \/>\n<meta property=\"og:url\" content=\"https:\/\/www.visit-ulcinj.com\/blog\/2014\/10\/07\/sabri-salaj-diplomacia-e-perandorise-osmane-ceshtja-e-ulqinit-5\/\" \/>\n<meta property=\"og:site_name\" content=\"Lajme nga Ulqini\" \/>\n<meta property=\"article:published_time\" content=\"2014-10-07T05:59:38+00:00\" \/>\n<meta property=\"article:modified_time\" content=\"2014-10-08T18:19:08+00:00\" \/>\n<meta property=\"og:image\" content=\"http:\/\/www.visit-ulcinj.com\/blog\/wp-content\/uploads\/2014\/09\/SABRI-SALAJ.jpg\" \/>\n<meta name=\"twitter:label1\" content=\"Written by\" \/>\n\t<meta name=\"twitter:data1\" content=\"ulqini\" \/>\n\t<meta name=\"twitter:label2\" content=\"Est. reading time\" \/>\n\t<meta name=\"twitter:data2\" content=\"6 minutes\" \/>\n<script type=\"application\/ld+json\" class=\"yoast-schema-graph\">{\"@context\":\"https:\/\/schema.org\",\"@graph\":[{\"@type\":\"WebSite\",\"@id\":\"https:\/\/www.visit-ulcinj.com\/blog\/#website\",\"url\":\"https:\/\/www.visit-ulcinj.com\/blog\/\",\"name\":\"Lajme nga Ulqini\",\"description\":\"Lajme,Vijesti,Ulqini,Ulqin,Crna Gora,Mali i Zi\",\"potentialAction\":[{\"@type\":\"SearchAction\",\"target\":{\"@type\":\"EntryPoint\",\"urlTemplate\":\"https:\/\/www.visit-ulcinj.com\/blog\/?s={search_term_string}\"},\"query-input\":\"required name=search_term_string\"}],\"inLanguage\":\"en-US\"},{\"@type\":\"ImageObject\",\"inLanguage\":\"en-US\",\"@id\":\"https:\/\/www.visit-ulcinj.com\/blog\/2014\/10\/07\/sabri-salaj-diplomacia-e-perandorise-osmane-ceshtja-e-ulqinit-5\/#primaryimage\",\"url\":\"https:\/\/www.visit-ulcinj.com\/blog\/wp-content\/uploads\/2014\/09\/SABRI-SALAJ.jpg\",\"contentUrl\":\"https:\/\/www.visit-ulcinj.com\/blog\/wp-content\/uploads\/2014\/09\/SABRI-SALAJ.jpg\",\"width\":640,\"height\":480},{\"@type\":\"WebPage\",\"@id\":\"https:\/\/www.visit-ulcinj.com\/blog\/2014\/10\/07\/sabri-salaj-diplomacia-e-perandorise-osmane-ceshtja-e-ulqinit-5\/#webpage\",\"url\":\"https:\/\/www.visit-ulcinj.com\/blog\/2014\/10\/07\/sabri-salaj-diplomacia-e-perandorise-osmane-ceshtja-e-ulqinit-5\/\",\"name\":\"SABRI SALAJ: Diplomacia e Perandoris\u00eb Osmane - \u00c7\u00cbSHTJA E ULQINIT (5) - Lajme nga Ulqini\",\"isPartOf\":{\"@id\":\"https:\/\/www.visit-ulcinj.com\/blog\/#website\"},\"primaryImageOfPage\":{\"@id\":\"https:\/\/www.visit-ulcinj.com\/blog\/2014\/10\/07\/sabri-salaj-diplomacia-e-perandorise-osmane-ceshtja-e-ulqinit-5\/#primaryimage\"},\"datePublished\":\"2014-10-07T05:59:38+00:00\",\"dateModified\":\"2014-10-08T18:19:08+00:00\",\"author\":{\"@id\":\"https:\/\/www.visit-ulcinj.com\/blog\/#\/schema\/person\/dcab619c614d3038751c63bc2aadc06d\"},\"description\":\"Duke dashur m\u00eb \u00e7do kushte zbatimin e vendimeve t\u00eb Kongresit t\u00eb Berlinit t\u00eb cilat p\u00ebr shkak t\u00eb q\u00ebndres\u00ebs s\u00eb shqiptar\u00ebve nuk u realizuan Porta e Lart\u00eb duke\",\"breadcrumb\":{\"@id\":\"https:\/\/www.visit-ulcinj.com\/blog\/2014\/10\/07\/sabri-salaj-diplomacia-e-perandorise-osmane-ceshtja-e-ulqinit-5\/#breadcrumb\"},\"inLanguage\":\"en-US\",\"potentialAction\":[{\"@type\":\"ReadAction\",\"target\":[\"https:\/\/www.visit-ulcinj.com\/blog\/2014\/10\/07\/sabri-salaj-diplomacia-e-perandorise-osmane-ceshtja-e-ulqinit-5\/\"]}]},{\"@type\":\"BreadcrumbList\",\"@id\":\"https:\/\/www.visit-ulcinj.com\/blog\/2014\/10\/07\/sabri-salaj-diplomacia-e-perandorise-osmane-ceshtja-e-ulqinit-5\/#breadcrumb\",\"itemListElement\":[{\"@type\":\"ListItem\",\"position\":1,\"name\":\"SABRI SALAJ: Diplomacia e Perandoris\u00eb Osmane &#8211; \u00c7\u00cbSHTJA E ULQINIT (5)\"}]},{\"@type\":\"Person\",\"@id\":\"https:\/\/www.visit-ulcinj.com\/blog\/#\/schema\/person\/dcab619c614d3038751c63bc2aadc06d\",\"name\":\"ulqini\",\"sameAs\":[\"http:\/\/www.visit-ulcinj.com\"],\"url\":\"https:\/\/www.visit-ulcinj.com\/blog\/author\/admin\/\"}]}<\/script>\n<!-- \/ Yoast SEO plugin. -->","yoast_head_json":{"title":"SABRI SALAJ: Diplomacia e Perandoris\u00eb Osmane - \u00c7\u00cbSHTJA E ULQINIT (5) - Lajme nga Ulqini","description":"Duke dashur m\u00eb \u00e7do kushte zbatimin e vendimeve t\u00eb Kongresit t\u00eb Berlinit t\u00eb cilat p\u00ebr shkak t\u00eb q\u00ebndres\u00ebs s\u00eb shqiptar\u00ebve nuk u realizuan Porta e Lart\u00eb duke","robots":{"index":"index","follow":"follow","max-snippet":"max-snippet:-1","max-image-preview":"max-image-preview:large","max-video-preview":"max-video-preview:-1"},"canonical":"https:\/\/www.visit-ulcinj.com\/blog\/2014\/10\/07\/sabri-salaj-diplomacia-e-perandorise-osmane-ceshtja-e-ulqinit-5\/","og_locale":"en_US","og_type":"article","og_title":"SABRI SALAJ: Diplomacia e Perandoris\u00eb Osmane - \u00c7\u00cbSHTJA E ULQINIT (5) - Lajme nga Ulqini","og_description":"Duke dashur m\u00eb \u00e7do kushte zbatimin e vendimeve t\u00eb Kongresit t\u00eb Berlinit t\u00eb cilat p\u00ebr shkak t\u00eb q\u00ebndres\u00ebs s\u00eb shqiptar\u00ebve nuk u realizuan Porta e Lart\u00eb duke","og_url":"https:\/\/www.visit-ulcinj.com\/blog\/2014\/10\/07\/sabri-salaj-diplomacia-e-perandorise-osmane-ceshtja-e-ulqinit-5\/","og_site_name":"Lajme nga Ulqini","article_published_time":"2014-10-07T05:59:38+00:00","article_modified_time":"2014-10-08T18:19:08+00:00","og_image":[{"url":"http:\/\/www.visit-ulcinj.com\/blog\/wp-content\/uploads\/2014\/09\/SABRI-SALAJ.jpg"}],"twitter_misc":{"Written by":"ulqini","Est. reading time":"6 minutes"},"schema":{"@context":"https:\/\/schema.org","@graph":[{"@type":"WebSite","@id":"https:\/\/www.visit-ulcinj.com\/blog\/#website","url":"https:\/\/www.visit-ulcinj.com\/blog\/","name":"Lajme nga Ulqini","description":"Lajme,Vijesti,Ulqini,Ulqin,Crna Gora,Mali i Zi","potentialAction":[{"@type":"SearchAction","target":{"@type":"EntryPoint","urlTemplate":"https:\/\/www.visit-ulcinj.com\/blog\/?s={search_term_string}"},"query-input":"required name=search_term_string"}],"inLanguage":"en-US"},{"@type":"ImageObject","inLanguage":"en-US","@id":"https:\/\/www.visit-ulcinj.com\/blog\/2014\/10\/07\/sabri-salaj-diplomacia-e-perandorise-osmane-ceshtja-e-ulqinit-5\/#primaryimage","url":"https:\/\/www.visit-ulcinj.com\/blog\/wp-content\/uploads\/2014\/09\/SABRI-SALAJ.jpg","contentUrl":"https:\/\/www.visit-ulcinj.com\/blog\/wp-content\/uploads\/2014\/09\/SABRI-SALAJ.jpg","width":640,"height":480},{"@type":"WebPage","@id":"https:\/\/www.visit-ulcinj.com\/blog\/2014\/10\/07\/sabri-salaj-diplomacia-e-perandorise-osmane-ceshtja-e-ulqinit-5\/#webpage","url":"https:\/\/www.visit-ulcinj.com\/blog\/2014\/10\/07\/sabri-salaj-diplomacia-e-perandorise-osmane-ceshtja-e-ulqinit-5\/","name":"SABRI SALAJ: Diplomacia e Perandoris\u00eb Osmane - \u00c7\u00cbSHTJA E ULQINIT (5) - Lajme nga Ulqini","isPartOf":{"@id":"https:\/\/www.visit-ulcinj.com\/blog\/#website"},"primaryImageOfPage":{"@id":"https:\/\/www.visit-ulcinj.com\/blog\/2014\/10\/07\/sabri-salaj-diplomacia-e-perandorise-osmane-ceshtja-e-ulqinit-5\/#primaryimage"},"datePublished":"2014-10-07T05:59:38+00:00","dateModified":"2014-10-08T18:19:08+00:00","author":{"@id":"https:\/\/www.visit-ulcinj.com\/blog\/#\/schema\/person\/dcab619c614d3038751c63bc2aadc06d"},"description":"Duke dashur m\u00eb \u00e7do kushte zbatimin e vendimeve t\u00eb Kongresit t\u00eb Berlinit t\u00eb cilat p\u00ebr shkak t\u00eb q\u00ebndres\u00ebs s\u00eb shqiptar\u00ebve nuk u realizuan Porta e Lart\u00eb duke","breadcrumb":{"@id":"https:\/\/www.visit-ulcinj.com\/blog\/2014\/10\/07\/sabri-salaj-diplomacia-e-perandorise-osmane-ceshtja-e-ulqinit-5\/#breadcrumb"},"inLanguage":"en-US","potentialAction":[{"@type":"ReadAction","target":["https:\/\/www.visit-ulcinj.com\/blog\/2014\/10\/07\/sabri-salaj-diplomacia-e-perandorise-osmane-ceshtja-e-ulqinit-5\/"]}]},{"@type":"BreadcrumbList","@id":"https:\/\/www.visit-ulcinj.com\/blog\/2014\/10\/07\/sabri-salaj-diplomacia-e-perandorise-osmane-ceshtja-e-ulqinit-5\/#breadcrumb","itemListElement":[{"@type":"ListItem","position":1,"name":"SABRI SALAJ: Diplomacia e Perandoris\u00eb Osmane &#8211; \u00c7\u00cbSHTJA E ULQINIT (5)"}]},{"@type":"Person","@id":"https:\/\/www.visit-ulcinj.com\/blog\/#\/schema\/person\/dcab619c614d3038751c63bc2aadc06d","name":"ulqini","sameAs":["http:\/\/www.visit-ulcinj.com"],"url":"https:\/\/www.visit-ulcinj.com\/blog\/author\/admin\/"}]}},"jetpack_featured_media_url":"","jetpack_sharing_enabled":true,"jetpack_shortlink":"https:\/\/wp.me\/pe6lTn-mgC","_links":{"self":[{"href":"https:\/\/www.visit-ulcinj.com\/blog\/wp-json\/wp\/v2\/posts\/85598"}],"collection":[{"href":"https:\/\/www.visit-ulcinj.com\/blog\/wp-json\/wp\/v2\/posts"}],"about":[{"href":"https:\/\/www.visit-ulcinj.com\/blog\/wp-json\/wp\/v2\/types\/post"}],"author":[{"embeddable":true,"href":"https:\/\/www.visit-ulcinj.com\/blog\/wp-json\/wp\/v2\/users\/1"}],"replies":[{"embeddable":true,"href":"https:\/\/www.visit-ulcinj.com\/blog\/wp-json\/wp\/v2\/comments?post=85598"}],"version-history":[{"count":1,"href":"https:\/\/www.visit-ulcinj.com\/blog\/wp-json\/wp\/v2\/posts\/85598\/revisions"}],"predecessor-version":[{"id":85599,"href":"https:\/\/www.visit-ulcinj.com\/blog\/wp-json\/wp\/v2\/posts\/85598\/revisions\/85599"}],"wp:attachment":[{"href":"https:\/\/www.visit-ulcinj.com\/blog\/wp-json\/wp\/v2\/media?parent=85598"}],"wp:term":[{"taxonomy":"category","embeddable":true,"href":"https:\/\/www.visit-ulcinj.com\/blog\/wp-json\/wp\/v2\/categories?post=85598"},{"taxonomy":"post_tag","embeddable":true,"href":"https:\/\/www.visit-ulcinj.com\/blog\/wp-json\/wp\/v2\/tags?post=85598"}],"curies":[{"name":"wp","href":"https:\/\/api.w.org\/{rel}","templated":true}]}}