{"id":85610,"date":"2014-10-08T19:50:33","date_gmt":"2014-10-08T18:50:33","guid":{"rendered":"http:\/\/www.visit-ulcinj.com\/blog\/?p=85610"},"modified":"2014-10-08T19:50:33","modified_gmt":"2014-10-08T18:50:33","slug":"usce-bojane-bageri-ciste-racvu-usce-rijeke","status":"publish","type":"post","link":"https:\/\/www.visit-ulcinj.com\/blog\/2014\/10\/08\/usce-bojane-bageri-ciste-racvu-usce-rijeke\/","title":{"rendered":"U\u0161\u0107e Bojane: Bageri \u010diste ra\u010dvu i u\u0161\u0107e rijeke"},"content":{"rendered":"<p><span class=\"tekstcijeli\"><a href=\"http:\/\/www.visit-ulcinj.com\/blog\/wp-content\/uploads\/2009\/08\/Ada-Bojana-ulqin_ulcinj_montenegro.1.jpg\"><img loading=\"lazy\" class=\"alignleft wp-image-24712 size-medium\" src=\"http:\/\/www.visit-ulcinj.com\/blog\/wp-content\/uploads\/2009\/08\/Ada-Bojana-ulqin_ulcinj_montenegro.1-201x300.jpg\" alt=\"Ada Bojana ulqin_ulcinj_montenegro.1\" width=\"201\" height=\"300\" srcset=\"https:\/\/www.visit-ulcinj.com\/blog\/wp-content\/uploads\/2009\/08\/Ada-Bojana-ulqin_ulcinj_montenegro.1-201x300.jpg 201w, https:\/\/www.visit-ulcinj.com\/blog\/wp-content\/uploads\/2009\/08\/Ada-Bojana-ulqin_ulcinj_montenegro.1.jpg 359w\" sizes=\"(max-width: 201px) 100vw, 201px\" \/><\/a>UL\u00adCINj \u2013 Pred\u00adsjed\u00adnik Op\u00ad\u0161ti\u00adne Ul\u00adcinj Fat\u00admir \u0110e\u00adka i di\u00adrek\u00adtor Upra\u00adve za vo\u00adde Zo\u00adran Jan\u00adko\u00advi\u0107 do\u00adgo\u00advo\u00adri\u00adli su ju\u00ad\u010de set hit\u00adnih mje\u00adra za obez\u00adbje\u00ad\u0111e\u00adnje pro\u00adto\u010d\u00adno\u00adsti ru\u00adkav\u00adca i ra\u00ad\u010dve ri\u00adje\u00adke Bo\u00adja\u00adne. Ka\u00adko je na\u00adkon sa\u00adstan\u00adka sa\u00adop\u00ad\u0161te\u00adno, pla\u00adni\u00adra\u00adno je da se iz\u00advr\u00ad\u0161i ba\u00adge\u00adro\u00adva\u00adnje u zo\u00adni ru\u00adkav\u00adca (na u\u0161\u0107u) i ra\u00ad\u010dve i da se uklo\u00adni vi\u00ad\u0161ak ma\u00adte\u00adri\u00adja\u00adla ko\u00adji je pro\u00adte\u00adklih mje\u00adse\u00adci ozbilj\u00adno ugro\u00adzio plov\u00adnost, po\u00adseb\u00adno na de\u00adsnom u\u0161\u0107u.<br \/>\n\u2013 Za ra\u00addo\u00adve na te\u00adre\u00adnu bi\u00ad\u0107e an\u00adga\u00ad\u017eo\u00adva\u00adne dvi\u00adje lo\u00adkal\u00adne gra\u00ad\u0111e\u00advin\u00adske fir\u00adme sa ope\u00adra\u00adti\u00advom, ko\u00adje \u0107e od\u00admah po\u00ad\u010de\u00adti sa ra\u00addo\u00advi\u00adma. Lo\u00adkal\u00adna sa\u00admo\u00adu\u00adpra\u00adva ime\u00adno\u00adva\u00adla je stru\u010d\u00adnu ko\u00admi\u00adsi\u00adju ko\u00adja \u0107e nad\u00adgle\u00adda\u00adti po\u00adslo\u00adve, od\u00adno\u00adsno utvr\u00addi\u00adti gdje i ko\u00adja ko\u00adli\u00ad\u010di\u00adna ma\u00adte\u00adri\u00adja\u00adla tre\u00adba da se iz\u00adva\u00addi. Cilj nam je da pri\u00adje ve\u00adli\u00adkih ki\u00ad\u0161a ri\u00adje\u00ad\u0161i\u00admo ovaj pro\u00adblem ko\u00adji, osim \u0161to sa\u00adda sko\u00adro da ne do\u00adzvo\u00adlja\u00adva iz\u00adla\u00adzak plo\u00advi\u00adla, mo\u00ad\u017ee u bu\u00addu\u0107\u00adno\u00adsti da vr\u00adlo ne\u00adpo\u00advolj\u00adno uti\u00ad\u010de na iza\u00adzi\u00adva\u00adnje po\u00adpla\u00adva \u2013 sa\u00adop\u00ad\u0161tio je pred\u00adsjed\u00adnik Skup\u00ad\u0161ti\u00adne op\u00ad\u0161ti\u00adne Ul\u00adcinj Fu\u00adad Ha\u00add\u017ei\u00adbe\u00adti, ko\u00adji je pri\u00adsu\u00adstvo\u00advao sa\u00adstan\u00adku.<br \/>\nPre\u00adma nje\u00adgo\u00advim ri\u00adje\u00ad\u010di\u00adma, si\u00adtu\u00ada\u00adci\u00adja na Bo\u00adja\u00adni je tre\u00adnut\u00adno ta\u00adkva da je du\u00adbi\u00adna i \u0161i\u00adri\u00adna de\u00adsnog ru\u00adkav\u00adca na u\u0161\u0107u to\u00adli\u00adko ma\u00adla da vla\u00adsni\u00adci plo\u00advi\u00adla, po\u00adseb\u00adno ri\u00adba\u00adri, mo\u00adra\u00adju da iz ri\u00adje\u00adke iz\u00adla\u00adze na u\u0161\u0107u sa al\u00adban\u00adske stra\u00adne.<br \/>\n\u2013 Zbog to\u00adga smo se ne\u00addav\u00adno obra\u00adti\u00adli Upra\u00advi za vo\u00adde i vr\u00adlo br\u00adzo do\u00adbi\u00adli sa\u00adgla\u00adsnost za iz\u00advo\u00ad\u0111e\u00adnje ra\u00addo\u00adva i svu stru\u010d\u00adnu po\u00admo\u0107 \u2013 ka\u00ad\u017ee Ha\u00add\u017ei\u00adbe\u00adti.<br \/>\nZo\u00adran Jan\u00adko\u00advi\u0107 je na\u00adja\u00advio da \u0107e se pri\u00adje po\u00ad\u010det\u00adka i za\u00advr\u00ad\u0161et\u00adka ra\u00addo\u00adva obi\u00ad\u0107i lo\u00adka\u00adci\u00adja i utvr\u00addi\u00adti ko\u00adli\u00ad\u010di\u00adna iz\u00adva\u00ad\u0111e\u00adnog ma\u00adte\u00adri\u00adja\u00adla.<br \/>\n\u2013 Ma\u00adte\u00adri\u00adjal ko\u00adji je za\u00adsla\u00adnjen i ni\u00adje za gra\u00ad\u0111evin\u00adsku upo\u00adtre\u00adbu bi\u00ad\u0107e na ras\u00adpo\u00adla\u00adga\u00adnju Op\u00ad\u0161ti\u00adni Ul\u00adcinj i mo\u00ad\u017ee se is\u00adko\u00adri\u00adsti\u00adti za na\u00adsi\u00adpa\u00adnje, re\u00adkon\u00adstruk\u00adci\u00adju i odr\u00ad\u017ea\u00adva\u00adnje za\u00ad\u0161tit\u00adnih obje\u00adka\u00adta, a Upra\u00adva za vo\u00adde \u0107e obez\u00adbi\u00adje\u00addi\u00adti ma\u00adte\u00adri\u00adja\u00adlna sred\u00adstva za ovu na\u00admje\u00adnu, a sve u ci\u00adlju re\u00adgu\u00adla\u00adci\u00adje pro\u00adto\u010d\u00adno\u00adsti ri\u00adje\u00adke i za\u00ad\u0161ti\u00adte od po\u00adpla\u00adva \u2013 re\u00adkao je Jan\u00adko\u00advi\u0107.<br \/>\nSa\u00adstan\u00adku u Op\u00ad\u0161ti\u00adni Ul\u00adcinj pri\u00adsus\u00adtvo\u00adva\u00adli su i pred\u00adstav\u00adni\u00adci JP za upra\u00advlja\u00adnje mor\u00adskim do\u00adbrom, NVO sek\u00adto\u00adra i Udru\u00ad\u017ee\u00adnja ri\u00adba\u00adra sa Bo\u00adja\u00adne.M.K. <\/span><\/p>\n<p><strong>Izvor: DAN<\/strong><\/p>\n","protected":false},"excerpt":{"rendered":"<p>UL\u00adCINj \u2013 Pred\u00adsjed\u00adnik Op\u00ad\u0161ti\u00adne Ul\u00adcinj Fat\u00admir \u0110e\u00adka i di\u00adrek\u00adtor Upra\u00adve za vo\u00adde Zo\u00adran Jan\u00adko\u00advi\u0107 do\u00adgo\u00advo\u00adri\u00adli su ju\u00ad\u010de set hit\u00adnih mje\u00adra za obez\u00adbje\u00ad\u0111e\u00adnje pro\u00adto\u010d\u00adno\u00adsti ru\u00adkav\u00adca i ra\u00ad\u010dve ri\u00adje\u00adke Bo\u00adja\u00adne. Ka\u00adko je na\u00adkon sa\u00adstan\u00adka sa\u00adop\u00ad\u0161te\u00adno, pla\u00adni\u00adra\u00adno je da se iz\u00advr\u00ad\u0161i ba\u00adge\u00adro\u00adva\u00adnje u zo\u00adni ru\u00adkav\u00adca (na u\u0161\u0107u) i ra\u00ad\u010dve i da se uklo\u00adni vi\u00ad\u0161ak ma\u00adte\u00adri\u00adja\u00adla ko\u00adji je pro\u00adte\u00adklih [&hellip;]<\/p>\n","protected":false},"author":1,"featured_media":0,"comment_status":"closed","ping_status":"closed","sticky":false,"template":"","format":"standard","meta":{"spay_email":"","jetpack_publicize_message":"","jetpack_is_tweetstorm":false,"jetpack_publicize_feature_enabled":true},"categories":[8337],"tags":[],"jetpack_publicize_connections":[],"yoast_head":"<!-- This site is optimized with the Yoast SEO plugin v19.1 - https:\/\/yoast.com\/wordpress\/plugins\/seo\/ -->\n<title>U\u0161\u0107e Bojane: Bageri \u010diste ra\u010dvu i u\u0161\u0107e rijeke - Lajme nga Ulqini<\/title>\n<meta name=\"description\" content=\"UL\u00adCINj \u2013 Pred\u00adsjed\u00adnik Op\u00ad\u0161ti\u00adne Ul\u00adcinj Fat\u00admir \u0110e\u00adka i di\u00adrek\u00adtor Upra\u00adve za vo\u00adde Zo\u00adran Jan\u00adko\u00advi\u0107 do\u00adgo\u00advo\u00adri\u00adli su ju\u00ad\u010de set hit\u00adnih mje\u00adra za\" \/>\n<meta name=\"robots\" content=\"index, follow, max-snippet:-1, max-image-preview:large, max-video-preview:-1\" \/>\n<link rel=\"canonical\" href=\"https:\/\/www.visit-ulcinj.com\/blog\/2014\/10\/08\/usce-bojane-bageri-ciste-racvu-usce-rijeke\/\" \/>\n<meta property=\"og:locale\" content=\"en_US\" \/>\n<meta property=\"og:type\" content=\"article\" \/>\n<meta property=\"og:title\" content=\"U\u0161\u0107e Bojane: Bageri \u010diste ra\u010dvu i u\u0161\u0107e rijeke - Lajme nga Ulqini\" \/>\n<meta property=\"og:description\" content=\"UL\u00adCINj \u2013 Pred\u00adsjed\u00adnik Op\u00ad\u0161ti\u00adne Ul\u00adcinj Fat\u00admir \u0110e\u00adka i di\u00adrek\u00adtor Upra\u00adve za vo\u00adde Zo\u00adran Jan\u00adko\u00advi\u0107 do\u00adgo\u00advo\u00adri\u00adli su ju\u00ad\u010de set hit\u00adnih mje\u00adra za\" \/>\n<meta property=\"og:url\" content=\"https:\/\/www.visit-ulcinj.com\/blog\/2014\/10\/08\/usce-bojane-bageri-ciste-racvu-usce-rijeke\/\" \/>\n<meta property=\"og:site_name\" content=\"Lajme nga Ulqini\" \/>\n<meta property=\"article:published_time\" content=\"2014-10-08T18:50:33+00:00\" \/>\n<meta property=\"og:image\" content=\"http:\/\/www.visit-ulcinj.com\/blog\/wp-content\/uploads\/2009\/08\/Ada-Bojana-ulqin_ulcinj_montenegro.1-201x300.jpg\" \/>\n<meta name=\"twitter:label1\" content=\"Written by\" \/>\n\t<meta name=\"twitter:data1\" content=\"ulqini\" \/>\n\t<meta name=\"twitter:label2\" content=\"Est. reading time\" \/>\n\t<meta name=\"twitter:data2\" content=\"3 minutes\" \/>\n<script type=\"application\/ld+json\" class=\"yoast-schema-graph\">{\"@context\":\"https:\/\/schema.org\",\"@graph\":[{\"@type\":\"WebSite\",\"@id\":\"https:\/\/www.visit-ulcinj.com\/blog\/#website\",\"url\":\"https:\/\/www.visit-ulcinj.com\/blog\/\",\"name\":\"Lajme nga Ulqini\",\"description\":\"Lajme,Vijesti,Ulqini,Ulqin,Crna Gora,Mali i Zi\",\"potentialAction\":[{\"@type\":\"SearchAction\",\"target\":{\"@type\":\"EntryPoint\",\"urlTemplate\":\"https:\/\/www.visit-ulcinj.com\/blog\/?s={search_term_string}\"},\"query-input\":\"required name=search_term_string\"}],\"inLanguage\":\"en-US\"},{\"@type\":\"ImageObject\",\"inLanguage\":\"en-US\",\"@id\":\"https:\/\/www.visit-ulcinj.com\/blog\/2014\/10\/08\/usce-bojane-bageri-ciste-racvu-usce-rijeke\/#primaryimage\",\"url\":\"https:\/\/www.visit-ulcinj.com\/blog\/wp-content\/uploads\/2009\/08\/Ada-Bojana-ulqin_ulcinj_montenegro.1.jpg\",\"contentUrl\":\"https:\/\/www.visit-ulcinj.com\/blog\/wp-content\/uploads\/2009\/08\/Ada-Bojana-ulqin_ulcinj_montenegro.1.jpg\",\"width\":\"359\",\"height\":\"535\"},{\"@type\":\"WebPage\",\"@id\":\"https:\/\/www.visit-ulcinj.com\/blog\/2014\/10\/08\/usce-bojane-bageri-ciste-racvu-usce-rijeke\/#webpage\",\"url\":\"https:\/\/www.visit-ulcinj.com\/blog\/2014\/10\/08\/usce-bojane-bageri-ciste-racvu-usce-rijeke\/\",\"name\":\"U\u0161\u0107e Bojane: Bageri \u010diste ra\u010dvu i u\u0161\u0107e rijeke - Lajme nga Ulqini\",\"isPartOf\":{\"@id\":\"https:\/\/www.visit-ulcinj.com\/blog\/#website\"},\"primaryImageOfPage\":{\"@id\":\"https:\/\/www.visit-ulcinj.com\/blog\/2014\/10\/08\/usce-bojane-bageri-ciste-racvu-usce-rijeke\/#primaryimage\"},\"datePublished\":\"2014-10-08T18:50:33+00:00\",\"dateModified\":\"2014-10-08T18:50:33+00:00\",\"author\":{\"@id\":\"https:\/\/www.visit-ulcinj.com\/blog\/#\/schema\/person\/dcab619c614d3038751c63bc2aadc06d\"},\"description\":\"UL\u00adCINj \u2013 Pred\u00adsjed\u00adnik Op\u00ad\u0161ti\u00adne Ul\u00adcinj Fat\u00admir \u0110e\u00adka i di\u00adrek\u00adtor Upra\u00adve za vo\u00adde Zo\u00adran Jan\u00adko\u00advi\u0107 do\u00adgo\u00advo\u00adri\u00adli su ju\u00ad\u010de set hit\u00adnih mje\u00adra za\",\"breadcrumb\":{\"@id\":\"https:\/\/www.visit-ulcinj.com\/blog\/2014\/10\/08\/usce-bojane-bageri-ciste-racvu-usce-rijeke\/#breadcrumb\"},\"inLanguage\":\"en-US\",\"potentialAction\":[{\"@type\":\"ReadAction\",\"target\":[\"https:\/\/www.visit-ulcinj.com\/blog\/2014\/10\/08\/usce-bojane-bageri-ciste-racvu-usce-rijeke\/\"]}]},{\"@type\":\"BreadcrumbList\",\"@id\":\"https:\/\/www.visit-ulcinj.com\/blog\/2014\/10\/08\/usce-bojane-bageri-ciste-racvu-usce-rijeke\/#breadcrumb\",\"itemListElement\":[{\"@type\":\"ListItem\",\"position\":1,\"name\":\"U\u0161\u0107e Bojane: Bageri \u010diste ra\u010dvu i u\u0161\u0107e rijeke\"}]},{\"@type\":\"Person\",\"@id\":\"https:\/\/www.visit-ulcinj.com\/blog\/#\/schema\/person\/dcab619c614d3038751c63bc2aadc06d\",\"name\":\"ulqini\",\"sameAs\":[\"http:\/\/www.visit-ulcinj.com\"],\"url\":\"https:\/\/www.visit-ulcinj.com\/blog\/author\/admin\/\"}]}<\/script>\n<!-- \/ Yoast SEO plugin. -->","yoast_head_json":{"title":"U\u0161\u0107e Bojane: Bageri \u010diste ra\u010dvu i u\u0161\u0107e rijeke - Lajme nga Ulqini","description":"UL\u00adCINj \u2013 Pred\u00adsjed\u00adnik Op\u00ad\u0161ti\u00adne Ul\u00adcinj Fat\u00admir \u0110e\u00adka i di\u00adrek\u00adtor Upra\u00adve za vo\u00adde Zo\u00adran Jan\u00adko\u00advi\u0107 do\u00adgo\u00advo\u00adri\u00adli su ju\u00ad\u010de set hit\u00adnih mje\u00adra za","robots":{"index":"index","follow":"follow","max-snippet":"max-snippet:-1","max-image-preview":"max-image-preview:large","max-video-preview":"max-video-preview:-1"},"canonical":"https:\/\/www.visit-ulcinj.com\/blog\/2014\/10\/08\/usce-bojane-bageri-ciste-racvu-usce-rijeke\/","og_locale":"en_US","og_type":"article","og_title":"U\u0161\u0107e Bojane: Bageri \u010diste ra\u010dvu i u\u0161\u0107e rijeke - Lajme nga Ulqini","og_description":"UL\u00adCINj \u2013 Pred\u00adsjed\u00adnik Op\u00ad\u0161ti\u00adne Ul\u00adcinj Fat\u00admir \u0110e\u00adka i di\u00adrek\u00adtor Upra\u00adve za vo\u00adde Zo\u00adran Jan\u00adko\u00advi\u0107 do\u00adgo\u00advo\u00adri\u00adli su ju\u00ad\u010de set hit\u00adnih mje\u00adra za","og_url":"https:\/\/www.visit-ulcinj.com\/blog\/2014\/10\/08\/usce-bojane-bageri-ciste-racvu-usce-rijeke\/","og_site_name":"Lajme nga Ulqini","article_published_time":"2014-10-08T18:50:33+00:00","og_image":[{"url":"http:\/\/www.visit-ulcinj.com\/blog\/wp-content\/uploads\/2009\/08\/Ada-Bojana-ulqin_ulcinj_montenegro.1-201x300.jpg"}],"twitter_misc":{"Written by":"ulqini","Est. reading time":"3 minutes"},"schema":{"@context":"https:\/\/schema.org","@graph":[{"@type":"WebSite","@id":"https:\/\/www.visit-ulcinj.com\/blog\/#website","url":"https:\/\/www.visit-ulcinj.com\/blog\/","name":"Lajme nga Ulqini","description":"Lajme,Vijesti,Ulqini,Ulqin,Crna Gora,Mali i Zi","potentialAction":[{"@type":"SearchAction","target":{"@type":"EntryPoint","urlTemplate":"https:\/\/www.visit-ulcinj.com\/blog\/?s={search_term_string}"},"query-input":"required name=search_term_string"}],"inLanguage":"en-US"},{"@type":"ImageObject","inLanguage":"en-US","@id":"https:\/\/www.visit-ulcinj.com\/blog\/2014\/10\/08\/usce-bojane-bageri-ciste-racvu-usce-rijeke\/#primaryimage","url":"https:\/\/www.visit-ulcinj.com\/blog\/wp-content\/uploads\/2009\/08\/Ada-Bojana-ulqin_ulcinj_montenegro.1.jpg","contentUrl":"https:\/\/www.visit-ulcinj.com\/blog\/wp-content\/uploads\/2009\/08\/Ada-Bojana-ulqin_ulcinj_montenegro.1.jpg","width":"359","height":"535"},{"@type":"WebPage","@id":"https:\/\/www.visit-ulcinj.com\/blog\/2014\/10\/08\/usce-bojane-bageri-ciste-racvu-usce-rijeke\/#webpage","url":"https:\/\/www.visit-ulcinj.com\/blog\/2014\/10\/08\/usce-bojane-bageri-ciste-racvu-usce-rijeke\/","name":"U\u0161\u0107e Bojane: Bageri \u010diste ra\u010dvu i u\u0161\u0107e rijeke - Lajme nga Ulqini","isPartOf":{"@id":"https:\/\/www.visit-ulcinj.com\/blog\/#website"},"primaryImageOfPage":{"@id":"https:\/\/www.visit-ulcinj.com\/blog\/2014\/10\/08\/usce-bojane-bageri-ciste-racvu-usce-rijeke\/#primaryimage"},"datePublished":"2014-10-08T18:50:33+00:00","dateModified":"2014-10-08T18:50:33+00:00","author":{"@id":"https:\/\/www.visit-ulcinj.com\/blog\/#\/schema\/person\/dcab619c614d3038751c63bc2aadc06d"},"description":"UL\u00adCINj \u2013 Pred\u00adsjed\u00adnik Op\u00ad\u0161ti\u00adne Ul\u00adcinj Fat\u00admir \u0110e\u00adka i di\u00adrek\u00adtor Upra\u00adve za vo\u00adde Zo\u00adran Jan\u00adko\u00advi\u0107 do\u00adgo\u00advo\u00adri\u00adli su ju\u00ad\u010de set hit\u00adnih mje\u00adra za","breadcrumb":{"@id":"https:\/\/www.visit-ulcinj.com\/blog\/2014\/10\/08\/usce-bojane-bageri-ciste-racvu-usce-rijeke\/#breadcrumb"},"inLanguage":"en-US","potentialAction":[{"@type":"ReadAction","target":["https:\/\/www.visit-ulcinj.com\/blog\/2014\/10\/08\/usce-bojane-bageri-ciste-racvu-usce-rijeke\/"]}]},{"@type":"BreadcrumbList","@id":"https:\/\/www.visit-ulcinj.com\/blog\/2014\/10\/08\/usce-bojane-bageri-ciste-racvu-usce-rijeke\/#breadcrumb","itemListElement":[{"@type":"ListItem","position":1,"name":"U\u0161\u0107e Bojane: Bageri \u010diste ra\u010dvu i u\u0161\u0107e rijeke"}]},{"@type":"Person","@id":"https:\/\/www.visit-ulcinj.com\/blog\/#\/schema\/person\/dcab619c614d3038751c63bc2aadc06d","name":"ulqini","sameAs":["http:\/\/www.visit-ulcinj.com"],"url":"https:\/\/www.visit-ulcinj.com\/blog\/author\/admin\/"}]}},"jetpack_featured_media_url":"","jetpack_sharing_enabled":true,"jetpack_shortlink":"https:\/\/wp.me\/pe6lTn-mgO","_links":{"self":[{"href":"https:\/\/www.visit-ulcinj.com\/blog\/wp-json\/wp\/v2\/posts\/85610"}],"collection":[{"href":"https:\/\/www.visit-ulcinj.com\/blog\/wp-json\/wp\/v2\/posts"}],"about":[{"href":"https:\/\/www.visit-ulcinj.com\/blog\/wp-json\/wp\/v2\/types\/post"}],"author":[{"embeddable":true,"href":"https:\/\/www.visit-ulcinj.com\/blog\/wp-json\/wp\/v2\/users\/1"}],"replies":[{"embeddable":true,"href":"https:\/\/www.visit-ulcinj.com\/blog\/wp-json\/wp\/v2\/comments?post=85610"}],"version-history":[{"count":1,"href":"https:\/\/www.visit-ulcinj.com\/blog\/wp-json\/wp\/v2\/posts\/85610\/revisions"}],"predecessor-version":[{"id":85611,"href":"https:\/\/www.visit-ulcinj.com\/blog\/wp-json\/wp\/v2\/posts\/85610\/revisions\/85611"}],"wp:attachment":[{"href":"https:\/\/www.visit-ulcinj.com\/blog\/wp-json\/wp\/v2\/media?parent=85610"}],"wp:term":[{"taxonomy":"category","embeddable":true,"href":"https:\/\/www.visit-ulcinj.com\/blog\/wp-json\/wp\/v2\/categories?post=85610"},{"taxonomy":"post_tag","embeddable":true,"href":"https:\/\/www.visit-ulcinj.com\/blog\/wp-json\/wp\/v2\/tags?post=85610"}],"curies":[{"name":"wp","href":"https:\/\/api.w.org\/{rel}","templated":true}]}}