{"id":85612,"date":"2014-10-09T06:58:23","date_gmt":"2014-10-09T05:58:23","guid":{"rendered":"http:\/\/www.visit-ulcinj.com\/blog\/?p=85612"},"modified":"2014-10-09T18:04:52","modified_gmt":"2014-10-09T17:04:52","slug":"ali-salaj-kerkon-te-ruhet-gazeta-koha-javore","status":"publish","type":"post","link":"https:\/\/www.visit-ulcinj.com\/blog\/2014\/10\/09\/ali-salaj-kerkon-te-ruhet-gazeta-koha-javore\/","title":{"rendered":"Ali Salaj k\u00ebrkon t\u00eb ruhet gazeta &#8220;Koha Javore&#8221;"},"content":{"rendered":"<p><strong><a href=\"http:\/\/www.visit-ulcinj.com\/blog\/wp-content\/uploads\/2014\/10\/Grupi-i-pun\u00ebs-s\u00eb-Kuvendit-t\u00eb-Malit-t\u00eb-Zi-Salaj-Nimanbegu-Abazoviq.jpg\"><img loading=\"lazy\" class=\"alignleft wp-image-85613\" src=\"http:\/\/www.visit-ulcinj.com\/blog\/wp-content\/uploads\/2014\/10\/Grupi-i-pun\u00ebs-s\u00eb-Kuvendit-t\u00eb-Malit-t\u00eb-Zi-Salaj-Nimanbegu-Abazoviq.jpg\" alt=\"Grupi i pun\u00ebs s\u00eb Kuvendit t\u00eb Malit t\u00eb Zi -Salaj-Nimanbegu-Abazoviq\" width=\"508\" height=\"325\" srcset=\"https:\/\/www.visit-ulcinj.com\/blog\/wp-content\/uploads\/2014\/10\/Grupi-i-pun\u00ebs-s\u00eb-Kuvendit-t\u00eb-Malit-t\u00eb-Zi-Salaj-Nimanbegu-Abazoviq.jpg 999w, https:\/\/www.visit-ulcinj.com\/blog\/wp-content\/uploads\/2014\/10\/Grupi-i-pun\u00ebs-s\u00eb-Kuvendit-t\u00eb-Malit-t\u00eb-Zi-Salaj-Nimanbegu-Abazoviq-300x191.jpg 300w\" sizes=\"(max-width: 508px) 100vw, 508px\" \/><\/a>T\u00eb gjendet zgjidhje p\u00ebr nj\u00eb t\u00eb ardhme t\u00eb q\u00ebndrueshme<\/strong><\/p>\n<p>&nbsp;<\/p>\n<p><strong>Redaksin\u00eb e gazet\u00ebs \u201cKoha javore\u201d e vizitoi sot Grupi i pun\u00ebs s\u00eb Kuvendit t\u00eb Malit t\u00eb Zi p\u00ebr \u00e7\u00ebshtjen e statusit t\u00eb k\u00ebsaj gazete <\/strong><\/p>\n<p><strong>Podgoric\u00eb<\/strong> \u2013 Grupi i Pun\u00ebs s\u00eb Kuvendit t\u00eb Malit t\u00eb Zi, i kryesuar nga deputeti dhe koordinatori Genci Nimanbegu, deputeti i opozit\u00ebs Dritan Abazoviq (MZP) dhe Sllavica Mirkoviq, sekretare e K\u00ebshillit p\u00ebr sistemin politik n\u00eb Kuvendin e Malit t\u00eb Zi, vizitoi sot redaksin\u00eb e gazet\u00ebs \u201cKoha javore\u201d.<\/p>\n<p>Redaktori p\u00ebrgjegj\u00ebs i gazet\u00ebs, Ali Salaj, i ka njoftuar p\u00ebrfaq\u00ebsuesit e Kuvendit me gjendjen aktuale dhe kriz\u00ebn e k\u00ebsaj gazete si pasoj\u00eb e falimentimit t\u00eb NPG \u201cPobjeda\u201d.<\/p>\n<p>Salaj k\u00ebrkoi q\u00eb gazeta \u201cKoha javore\u201d t\u00eb mos p\u00ebrfshihet n\u00eb procesin e falimentimit, as n\u00eb kuadrin e privatizimit t\u00eb mundsh\u00ebm t\u00eb saj, por si media e pakicave t\u00eb mb\u00ebshtetet nga institucionet p\u00ebrkat\u00ebse shtet\u00ebrore.<\/p>\n<p>Ai paraqiti shembujt e botimit t\u00eb shtypit t\u00eb pakicave n\u00eb rajon, me theks t\u00eb ve\u00e7ant\u00eb n\u00eb Kroaci dhe Serbi, ku shteti mund\u00ebson botimin e dhjet\u00ebra gazetave n\u00eb gjuh\u00ebn e pakicave.<\/p>\n<p>Grupi i pun\u00ebs u pajtua q\u00eb gazeta n\u00eb gjuh\u00ebn shqipe \u201cKoha javore\u201d duhet t\u00eb mbetet n\u00eb sken\u00ebn mediatike n\u00eb Mal t\u00eb Zi, duke gjetur zgjidhje p\u00ebr nj\u00eb t\u00eb ardhme t\u00eb q\u00ebndrueshme.<\/p>\n<p>An\u00ebtar\u00ebt e Grupit t\u00eb pun\u00ebs paralajm\u00ebruan zhvillimin e takimeve me ministrit\u00eb p\u00ebrkat\u00ebse n\u00eb Mal t\u00eb Zi dhe me menaxhmentin e \u201cPobjed\u00ebs\u201d me q\u00ebllim t\u00eb p\u00ebrgatitjes s\u00eb nj\u00eb platforme t\u00eb re p\u00ebr veprimtarin\u00eb e k\u00ebsaj gazete.<\/p>\n<p>Grupi i pun\u00ebs pritet q\u00eb t\u2019i propozoj\u00eb Kuvendit t\u00eb Malit t\u00eb Zi zgjidhjen p\u00ebr statusin e ardhsh\u00ebm t\u00eb gazet\u00ebs s\u00eb vetme n\u00eb gjuh\u00ebn shqipe n\u00eb Mal t\u00eb Zi.<\/p>\n<p>\u201cKoha Javore\u201d \u00ebsht\u00eb themeluar nga Kuvendi i Malit t\u00eb Zi n\u00eb dhjetor t\u00eb vitit 1999, kurse numri i par\u00eb ka dal\u00eb n\u00eb shkurt 2002. Gjat\u00eb k\u00ebtyre 13 vjet\u00ebve jan\u00eb botuar gjithsej 634 numra duke luajtur nj\u00eb rol t\u00eb r\u00ebnd\u00ebsish\u00ebm p\u00ebr lexuesit shqiptar\u00eb jo vet\u00ebm n\u00eb Mal t\u00eb Zi, por edhe m\u00eb gjer\u00eb.<\/p>\n<p>&nbsp;<\/p>\n<p><strong>(Kohapress) <\/strong><\/p>\n<p>&nbsp;<\/p>\n","protected":false},"excerpt":{"rendered":"<p>T\u00eb gjendet zgjidhje p\u00ebr nj\u00eb t\u00eb ardhme t\u00eb q\u00ebndrueshme &nbsp; Redaksin\u00eb e gazet\u00ebs \u201cKoha javore\u201d e vizitoi sot Grupi i pun\u00ebs s\u00eb Kuvendit t\u00eb Malit t\u00eb Zi p\u00ebr \u00e7\u00ebshtjen e statusit t\u00eb k\u00ebsaj gazete Podgoric\u00eb \u2013 Grupi i Pun\u00ebs s\u00eb Kuvendit t\u00eb Malit t\u00eb Zi, i kryesuar nga deputeti dhe koordinatori Genci Nimanbegu, deputeti i [&hellip;]<\/p>\n","protected":false},"author":1,"featured_media":0,"comment_status":"closed","ping_status":"closed","sticky":false,"template":"","format":"standard","meta":{"spay_email":"","jetpack_publicize_message":"","jetpack_is_tweetstorm":false,"jetpack_publicize_feature_enabled":true},"categories":[1,12],"tags":[],"jetpack_publicize_connections":[],"yoast_head":"<!-- This site is optimized with the Yoast SEO plugin v19.1 - https:\/\/yoast.com\/wordpress\/plugins\/seo\/ -->\n<title>Ali Salaj k\u00ebrkon t\u00eb ruhet gazeta &quot;Koha Javore&quot; - Lajme nga Ulqini<\/title>\n<meta name=\"description\" content=\"T\u00eb gjendet zgjidhje p\u00ebr nj\u00eb t\u00eb ardhme t\u00eb q\u00ebndrueshme &nbsp; Redaksin\u00eb e gazet\u00ebs \u201cKoha javore\u201d e vizitoi sot Grupi i pun\u00ebs s\u00eb Kuvendit t\u00eb Malit t\u00eb Zi p\u00ebr\" \/>\n<meta name=\"robots\" content=\"index, follow, max-snippet:-1, max-image-preview:large, max-video-preview:-1\" \/>\n<link rel=\"canonical\" href=\"https:\/\/www.visit-ulcinj.com\/blog\/2014\/10\/09\/ali-salaj-kerkon-te-ruhet-gazeta-koha-javore\/\" \/>\n<meta property=\"og:locale\" content=\"en_US\" \/>\n<meta property=\"og:type\" content=\"article\" \/>\n<meta property=\"og:title\" content=\"Ali Salaj k\u00ebrkon t\u00eb ruhet gazeta &quot;Koha Javore&quot; - Lajme nga Ulqini\" \/>\n<meta property=\"og:description\" content=\"T\u00eb gjendet zgjidhje p\u00ebr nj\u00eb t\u00eb ardhme t\u00eb q\u00ebndrueshme &nbsp; Redaksin\u00eb e gazet\u00ebs \u201cKoha javore\u201d e vizitoi sot Grupi i pun\u00ebs s\u00eb Kuvendit t\u00eb Malit t\u00eb Zi p\u00ebr\" \/>\n<meta property=\"og:url\" content=\"https:\/\/www.visit-ulcinj.com\/blog\/2014\/10\/09\/ali-salaj-kerkon-te-ruhet-gazeta-koha-javore\/\" \/>\n<meta property=\"og:site_name\" content=\"Lajme nga Ulqini\" \/>\n<meta property=\"article:published_time\" content=\"2014-10-09T05:58:23+00:00\" \/>\n<meta property=\"article:modified_time\" content=\"2014-10-09T17:04:52+00:00\" \/>\n<meta name=\"twitter:label1\" content=\"Written by\" \/>\n\t<meta name=\"twitter:data1\" content=\"ulqini\" \/>\n\t<meta name=\"twitter:label2\" content=\"Est. reading time\" \/>\n\t<meta name=\"twitter:data2\" content=\"2 minutes\" \/>\n<script type=\"application\/ld+json\" class=\"yoast-schema-graph\">{\"@context\":\"https:\/\/schema.org\",\"@graph\":[{\"@type\":\"WebSite\",\"@id\":\"https:\/\/www.visit-ulcinj.com\/blog\/#website\",\"url\":\"https:\/\/www.visit-ulcinj.com\/blog\/\",\"name\":\"Lajme nga Ulqini\",\"description\":\"Lajme,Vijesti,Ulqini,Ulqin,Crna Gora,Mali i Zi\",\"potentialAction\":[{\"@type\":\"SearchAction\",\"target\":{\"@type\":\"EntryPoint\",\"urlTemplate\":\"https:\/\/www.visit-ulcinj.com\/blog\/?s={search_term_string}\"},\"query-input\":\"required name=search_term_string\"}],\"inLanguage\":\"en-US\"},{\"@type\":\"WebPage\",\"@id\":\"https:\/\/www.visit-ulcinj.com\/blog\/2014\/10\/09\/ali-salaj-kerkon-te-ruhet-gazeta-koha-javore\/#webpage\",\"url\":\"https:\/\/www.visit-ulcinj.com\/blog\/2014\/10\/09\/ali-salaj-kerkon-te-ruhet-gazeta-koha-javore\/\",\"name\":\"Ali Salaj k\u00ebrkon t\u00eb ruhet gazeta \\\"Koha Javore\\\" - Lajme nga Ulqini\",\"isPartOf\":{\"@id\":\"https:\/\/www.visit-ulcinj.com\/blog\/#website\"},\"datePublished\":\"2014-10-09T05:58:23+00:00\",\"dateModified\":\"2014-10-09T17:04:52+00:00\",\"author\":{\"@id\":\"https:\/\/www.visit-ulcinj.com\/blog\/#\/schema\/person\/dcab619c614d3038751c63bc2aadc06d\"},\"description\":\"T\u00eb gjendet zgjidhje p\u00ebr nj\u00eb t\u00eb ardhme t\u00eb q\u00ebndrueshme &nbsp; Redaksin\u00eb e gazet\u00ebs \u201cKoha javore\u201d e vizitoi sot Grupi i pun\u00ebs s\u00eb Kuvendit t\u00eb Malit t\u00eb Zi p\u00ebr\",\"breadcrumb\":{\"@id\":\"https:\/\/www.visit-ulcinj.com\/blog\/2014\/10\/09\/ali-salaj-kerkon-te-ruhet-gazeta-koha-javore\/#breadcrumb\"},\"inLanguage\":\"en-US\",\"potentialAction\":[{\"@type\":\"ReadAction\",\"target\":[\"https:\/\/www.visit-ulcinj.com\/blog\/2014\/10\/09\/ali-salaj-kerkon-te-ruhet-gazeta-koha-javore\/\"]}]},{\"@type\":\"BreadcrumbList\",\"@id\":\"https:\/\/www.visit-ulcinj.com\/blog\/2014\/10\/09\/ali-salaj-kerkon-te-ruhet-gazeta-koha-javore\/#breadcrumb\",\"itemListElement\":[{\"@type\":\"ListItem\",\"position\":1,\"name\":\"Ali Salaj k\u00ebrkon t\u00eb ruhet gazeta &#8220;Koha Javore&#8221;\"}]},{\"@type\":\"Person\",\"@id\":\"https:\/\/www.visit-ulcinj.com\/blog\/#\/schema\/person\/dcab619c614d3038751c63bc2aadc06d\",\"name\":\"ulqini\",\"sameAs\":[\"http:\/\/www.visit-ulcinj.com\"],\"url\":\"https:\/\/www.visit-ulcinj.com\/blog\/author\/admin\/\"}]}<\/script>\n<!-- \/ Yoast SEO plugin. -->","yoast_head_json":{"title":"Ali Salaj k\u00ebrkon t\u00eb ruhet gazeta \"Koha Javore\" - Lajme nga Ulqini","description":"T\u00eb gjendet zgjidhje p\u00ebr nj\u00eb t\u00eb ardhme t\u00eb q\u00ebndrueshme &nbsp; Redaksin\u00eb e gazet\u00ebs \u201cKoha javore\u201d e vizitoi sot Grupi i pun\u00ebs s\u00eb Kuvendit t\u00eb Malit t\u00eb Zi p\u00ebr","robots":{"index":"index","follow":"follow","max-snippet":"max-snippet:-1","max-image-preview":"max-image-preview:large","max-video-preview":"max-video-preview:-1"},"canonical":"https:\/\/www.visit-ulcinj.com\/blog\/2014\/10\/09\/ali-salaj-kerkon-te-ruhet-gazeta-koha-javore\/","og_locale":"en_US","og_type":"article","og_title":"Ali Salaj k\u00ebrkon t\u00eb ruhet gazeta \"Koha Javore\" - Lajme nga Ulqini","og_description":"T\u00eb gjendet zgjidhje p\u00ebr nj\u00eb t\u00eb ardhme t\u00eb q\u00ebndrueshme &nbsp; Redaksin\u00eb e gazet\u00ebs \u201cKoha javore\u201d e vizitoi sot Grupi i pun\u00ebs s\u00eb Kuvendit t\u00eb Malit t\u00eb Zi p\u00ebr","og_url":"https:\/\/www.visit-ulcinj.com\/blog\/2014\/10\/09\/ali-salaj-kerkon-te-ruhet-gazeta-koha-javore\/","og_site_name":"Lajme nga Ulqini","article_published_time":"2014-10-09T05:58:23+00:00","article_modified_time":"2014-10-09T17:04:52+00:00","twitter_misc":{"Written by":"ulqini","Est. reading time":"2 minutes"},"schema":{"@context":"https:\/\/schema.org","@graph":[{"@type":"WebSite","@id":"https:\/\/www.visit-ulcinj.com\/blog\/#website","url":"https:\/\/www.visit-ulcinj.com\/blog\/","name":"Lajme nga Ulqini","description":"Lajme,Vijesti,Ulqini,Ulqin,Crna Gora,Mali i Zi","potentialAction":[{"@type":"SearchAction","target":{"@type":"EntryPoint","urlTemplate":"https:\/\/www.visit-ulcinj.com\/blog\/?s={search_term_string}"},"query-input":"required name=search_term_string"}],"inLanguage":"en-US"},{"@type":"WebPage","@id":"https:\/\/www.visit-ulcinj.com\/blog\/2014\/10\/09\/ali-salaj-kerkon-te-ruhet-gazeta-koha-javore\/#webpage","url":"https:\/\/www.visit-ulcinj.com\/blog\/2014\/10\/09\/ali-salaj-kerkon-te-ruhet-gazeta-koha-javore\/","name":"Ali Salaj k\u00ebrkon t\u00eb ruhet gazeta \"Koha Javore\" - Lajme nga Ulqini","isPartOf":{"@id":"https:\/\/www.visit-ulcinj.com\/blog\/#website"},"datePublished":"2014-10-09T05:58:23+00:00","dateModified":"2014-10-09T17:04:52+00:00","author":{"@id":"https:\/\/www.visit-ulcinj.com\/blog\/#\/schema\/person\/dcab619c614d3038751c63bc2aadc06d"},"description":"T\u00eb gjendet zgjidhje p\u00ebr nj\u00eb t\u00eb ardhme t\u00eb q\u00ebndrueshme &nbsp; Redaksin\u00eb e gazet\u00ebs \u201cKoha javore\u201d e vizitoi sot Grupi i pun\u00ebs s\u00eb Kuvendit t\u00eb Malit t\u00eb Zi p\u00ebr","breadcrumb":{"@id":"https:\/\/www.visit-ulcinj.com\/blog\/2014\/10\/09\/ali-salaj-kerkon-te-ruhet-gazeta-koha-javore\/#breadcrumb"},"inLanguage":"en-US","potentialAction":[{"@type":"ReadAction","target":["https:\/\/www.visit-ulcinj.com\/blog\/2014\/10\/09\/ali-salaj-kerkon-te-ruhet-gazeta-koha-javore\/"]}]},{"@type":"BreadcrumbList","@id":"https:\/\/www.visit-ulcinj.com\/blog\/2014\/10\/09\/ali-salaj-kerkon-te-ruhet-gazeta-koha-javore\/#breadcrumb","itemListElement":[{"@type":"ListItem","position":1,"name":"Ali Salaj k\u00ebrkon t\u00eb ruhet gazeta &#8220;Koha Javore&#8221;"}]},{"@type":"Person","@id":"https:\/\/www.visit-ulcinj.com\/blog\/#\/schema\/person\/dcab619c614d3038751c63bc2aadc06d","name":"ulqini","sameAs":["http:\/\/www.visit-ulcinj.com"],"url":"https:\/\/www.visit-ulcinj.com\/blog\/author\/admin\/"}]}},"jetpack_featured_media_url":"","jetpack_sharing_enabled":true,"jetpack_shortlink":"https:\/\/wp.me\/pe6lTn-mgQ","_links":{"self":[{"href":"https:\/\/www.visit-ulcinj.com\/blog\/wp-json\/wp\/v2\/posts\/85612"}],"collection":[{"href":"https:\/\/www.visit-ulcinj.com\/blog\/wp-json\/wp\/v2\/posts"}],"about":[{"href":"https:\/\/www.visit-ulcinj.com\/blog\/wp-json\/wp\/v2\/types\/post"}],"author":[{"embeddable":true,"href":"https:\/\/www.visit-ulcinj.com\/blog\/wp-json\/wp\/v2\/users\/1"}],"replies":[{"embeddable":true,"href":"https:\/\/www.visit-ulcinj.com\/blog\/wp-json\/wp\/v2\/comments?post=85612"}],"version-history":[{"count":1,"href":"https:\/\/www.visit-ulcinj.com\/blog\/wp-json\/wp\/v2\/posts\/85612\/revisions"}],"predecessor-version":[{"id":85614,"href":"https:\/\/www.visit-ulcinj.com\/blog\/wp-json\/wp\/v2\/posts\/85612\/revisions\/85614"}],"wp:attachment":[{"href":"https:\/\/www.visit-ulcinj.com\/blog\/wp-json\/wp\/v2\/media?parent=85612"}],"wp:term":[{"taxonomy":"category","embeddable":true,"href":"https:\/\/www.visit-ulcinj.com\/blog\/wp-json\/wp\/v2\/categories?post=85612"},{"taxonomy":"post_tag","embeddable":true,"href":"https:\/\/www.visit-ulcinj.com\/blog\/wp-json\/wp\/v2\/tags?post=85612"}],"curies":[{"name":"wp","href":"https:\/\/api.w.org\/{rel}","templated":true}]}}