{"id":85618,"date":"2014-10-09T18:02:23","date_gmt":"2014-10-09T17:02:23","guid":{"rendered":"http:\/\/www.visit-ulcinj.com\/blog\/?p=85618"},"modified":"2014-10-12T14:08:26","modified_gmt":"2014-10-12T13:08:26","slug":"bka-sha-tradita-organizon-dita-e-sheges-2014","status":"publish","type":"post","link":"https:\/\/www.visit-ulcinj.com\/blog\/2014\/10\/09\/bka-sha-tradita-organizon-dita-e-sheges-2014\/","title":{"rendered":"BKA Ana Malit per here te trete organizon manifestimin \u201cDita e Sheg\u00ebs 2014\u201d"},"content":{"rendered":"<p><a href=\"http:\/\/www.visit-ulcinj.com\/blog\/wp-content\/uploads\/2014\/10\/BKA-SHA-Tradita-organizon-Dita-e-Sheg\u00ebs-2014.jpg\"><img loading=\"lazy\" class=\"alignleft wp-image-85619\" src=\"http:\/\/www.visit-ulcinj.com\/blog\/wp-content\/uploads\/2014\/10\/BKA-SHA-Tradita-organizon-Dita-e-Sheg\u00ebs-2014.jpg\" alt=\"BKA &amp; SHA -Tradita-organizon -Dita e Sheg\u00ebs 2014\" width=\"508\" height=\"508\" srcset=\"https:\/\/www.visit-ulcinj.com\/blog\/wp-content\/uploads\/2014\/10\/BKA-SHA-Tradita-organizon-Dita-e-Sheg\u00ebs-2014.jpg 465w, https:\/\/www.visit-ulcinj.com\/blog\/wp-content\/uploads\/2014\/10\/BKA-SHA-Tradita-organizon-Dita-e-Sheg\u00ebs-2014-150x150.jpg 150w, https:\/\/www.visit-ulcinj.com\/blog\/wp-content\/uploads\/2014\/10\/BKA-SHA-Tradita-organizon-Dita-e-Sheg\u00ebs-2014-300x300.jpg 300w\" sizes=\"(max-width: 508px) 100vw, 508px\" \/><\/a>Biznis Klub Ana e Malit dhe SHA \u201cTradita\u201d p\u00ebr here t\u00eb tret\u00eb organizon manifestimin \u201cDita e Sheg\u00ebs 2014\u201d n\u00eb Kat\u00ebrkoll\u00eb, k\u00ebt\u00eb vit n\u00eb bashk\u00ebpunim me Organizat\u00ebn Turistike \u2013 Ulqin.<\/p>\n<p>Manifestimi mbahet dit\u00ebn <strong>e enjte, 16 tetor 2014 ora 11:00, n\u00eb qend\u00ebr t\u00eb Kat\u00ebrkoll\u00ebs<\/strong>.<\/p>\n<p>Kjo dit\u00eb \u00ebsht\u00eb pjes\u00eb e \u201cDolcinium international festival\u201d I cili do t\u00eb mbahet n\u00eb Ulqin prej dates 16 deri 19 tetor si mbyllje e sezonit turistik 2014.<\/p>\n<p><a href=\"http:\/\/www.visit-ulcinj.com\/blog\/wp-content\/uploads\/2014\/10\/BKA-SHA-Tradita-organizon-Dita-e-Sheg\u00ebs-2014-1.jpg\"><img loading=\"lazy\" class=\"alignleft wp-image-85620\" src=\"http:\/\/www.visit-ulcinj.com\/blog\/wp-content\/uploads\/2014\/10\/BKA-SHA-Tradita-organizon-Dita-e-Sheg\u00ebs-2014-1.jpg\" alt=\"BKA &amp; SHA -Tradita-organizon -Dita e Sheg\u00ebs 2014-1\" width=\"508\" height=\"338\" srcset=\"https:\/\/www.visit-ulcinj.com\/blog\/wp-content\/uploads\/2014\/10\/BKA-SHA-Tradita-organizon-Dita-e-Sheg\u00ebs-2014-1.jpg 699w, https:\/\/www.visit-ulcinj.com\/blog\/wp-content\/uploads\/2014\/10\/BKA-SHA-Tradita-organizon-Dita-e-Sheg\u00ebs-2014-1-300x199.jpg 300w\" sizes=\"(max-width: 508px) 100vw, 508px\" \/><\/a><\/p>\n<p>Kjo dit\u00eb \u00ebsht\u00eb nj\u00eb veprimtari tashm\u00eb tradicionale e BKA-s\u00eb, e cila ka p\u00ebr synim t\u00eb rris\u00eb ndjeshm\u00ebrin\u00eb e popullat\u00ebs dhe vet\u00eb prodhuesve \u00a0Anamalas, t\u00eb institucioneve vendore e m\u00eb gjer\u00eb, poashtu prezantimin e produkteve bujq\u00ebsore vendore si dhe shpalosja e mund\u00ebsive t\u00eb prodhuesve t\u00eb k\u00ebsaj\u00eb zone, ku \u00ebsht\u00eb e pasur me pem\u00eb t\u00eb llojeve t\u00eb ndryshme t\u00eb nj\u00eb cil\u00ebsie t\u00eb lart\u00eb.<br \/>\nKy do jete viti i tret\u00eb qe kjo nisme do mirepritet dhe do festohet n\u00eb m\u00ebnyr\u00eb madh\u00ebshtore nga e gjith\u00eb popullata e An\u00ebs s\u00eb Malit dhe m\u00eb gj\u00ebr\u00eb. Risi k\u00ebt\u00eb vit \u00ebsht\u00eb q\u00eb p\u00ebr her\u00eb t\u00eb par\u00eb do t\u00eb prezantohet nj\u00eb info &#8211; katalog I p\u00ebrbashk\u00ebt I t\u00eb gjith\u00eb prodhuesve bujq\u00ebsor\u00eb Anamalas, I sponzorizuar nga BKA-ja me q\u00ebllimin e vet\u00ebm q\u00eb t\u00eb gjith\u00eb t\u00eb njihen me prodhimet dhe me t\u00eb gjith\u00eb prodhuesit e k\u00ebsaj\u00eb zone.<\/p>\n<p>Madh\u00ebshtin\u00eb dhe ve\u00e7antin\u00eb e k\u00ebtij\u00eb manifestimi do ta rris\u00eb Ansambli Komb\u00ebtar\u00eb I K\u00ebng\u00ebve dhe Valleve \u201cSHOTA\u201d \u2013 Prishtin\u00eb me nj\u00eb program t\u00eb ve\u00e7ant\u00eb p\u00ebr k\u00ebt\u00eb dit\u00eb.<\/p>\n<p>N\u00eb programin arg\u00ebtues do t\u00eb jen\u00eb prezent edhe k\u00ebng\u00ebtar\u00ebt vendas dhe humorist nga Shqip\u00ebria<\/p>\n<p>Si dhe viteve t\u00eb tjera edhe k\u00ebsaj\u00eb here nuk do t\u00eb mungoi ushqimi tradicional i k\u00ebsaj\u00eb zone p\u00ebr t\u00eb gjith\u00eb pjes\u00ebmarr\u00ebsit.<\/p>\n<p>BKA-ja ju fton t\u00eb gjith\u00ebve t\u00eb merrni pjes\u00eb.<\/p>\n","protected":false},"excerpt":{"rendered":"<p>Biznis Klub Ana e Malit dhe SHA \u201cTradita\u201d p\u00ebr here t\u00eb tret\u00eb organizon manifestimin \u201cDita e Sheg\u00ebs 2014\u201d n\u00eb Kat\u00ebrkoll\u00eb, k\u00ebt\u00eb vit n\u00eb bashk\u00ebpunim me Organizat\u00ebn Turistike \u2013 Ulqin. Manifestimi mbahet dit\u00ebn e enjte, 16 tetor 2014 ora 11:00, n\u00eb qend\u00ebr t\u00eb Kat\u00ebrkoll\u00ebs. Kjo dit\u00eb \u00ebsht\u00eb pjes\u00eb e \u201cDolcinium international festival\u201d I cili do t\u00eb [&hellip;]<\/p>\n","protected":false},"author":1,"featured_media":0,"comment_status":"closed","ping_status":"closed","sticky":false,"template":"","format":"standard","meta":{"spay_email":"","jetpack_publicize_message":"","jetpack_is_tweetstorm":false,"jetpack_publicize_feature_enabled":true},"categories":[1,14],"tags":[],"jetpack_publicize_connections":[],"yoast_head":"<!-- This site is optimized with the Yoast SEO plugin v19.1 - https:\/\/yoast.com\/wordpress\/plugins\/seo\/ -->\n<title>BKA Ana Malit per here te trete organizon manifestimin \u201cDita e Sheg\u00ebs 2014\u201d  - Lajme nga Ulqini<\/title>\n<meta name=\"description\" content=\"Biznis Klub Ana e Malit dhe SHA \u201cTradita\u201d p\u00ebr here t\u00eb tret\u00eb organizon manifestimin \u201cDita e Sheg\u00ebs 2014\u201d n\u00eb Kat\u00ebrkoll\u00eb, k\u00ebt\u00eb vit n\u00eb bashk\u00ebpunim me\" \/>\n<meta name=\"robots\" content=\"index, follow, max-snippet:-1, max-image-preview:large, max-video-preview:-1\" \/>\n<link rel=\"canonical\" href=\"https:\/\/www.visit-ulcinj.com\/blog\/2014\/10\/09\/bka-sha-tradita-organizon-dita-e-sheges-2014\/\" \/>\n<meta property=\"og:locale\" content=\"en_US\" \/>\n<meta property=\"og:type\" content=\"article\" \/>\n<meta property=\"og:title\" content=\"BKA Ana Malit per here te trete organizon manifestimin \u201cDita e Sheg\u00ebs 2014\u201d  - Lajme nga Ulqini\" \/>\n<meta property=\"og:description\" content=\"Biznis Klub Ana e Malit dhe SHA \u201cTradita\u201d p\u00ebr here t\u00eb tret\u00eb organizon manifestimin \u201cDita e Sheg\u00ebs 2014\u201d n\u00eb Kat\u00ebrkoll\u00eb, k\u00ebt\u00eb vit n\u00eb bashk\u00ebpunim me\" \/>\n<meta property=\"og:url\" content=\"https:\/\/www.visit-ulcinj.com\/blog\/2014\/10\/09\/bka-sha-tradita-organizon-dita-e-sheges-2014\/\" \/>\n<meta property=\"og:site_name\" content=\"Lajme nga Ulqini\" \/>\n<meta property=\"article:published_time\" content=\"2014-10-09T17:02:23+00:00\" \/>\n<meta property=\"article:modified_time\" content=\"2014-10-12T13:08:26+00:00\" \/>\n<meta name=\"twitter:label1\" content=\"Written by\" \/>\n\t<meta name=\"twitter:data1\" content=\"ulqini\" \/>\n\t<meta name=\"twitter:label2\" content=\"Est. reading time\" \/>\n\t<meta name=\"twitter:data2\" content=\"2 minutes\" \/>\n<script type=\"application\/ld+json\" class=\"yoast-schema-graph\">{\"@context\":\"https:\/\/schema.org\",\"@graph\":[{\"@type\":\"WebSite\",\"@id\":\"https:\/\/www.visit-ulcinj.com\/blog\/#website\",\"url\":\"https:\/\/www.visit-ulcinj.com\/blog\/\",\"name\":\"Lajme nga Ulqini\",\"description\":\"Lajme,Vijesti,Ulqini,Ulqin,Crna Gora,Mali i Zi\",\"potentialAction\":[{\"@type\":\"SearchAction\",\"target\":{\"@type\":\"EntryPoint\",\"urlTemplate\":\"https:\/\/www.visit-ulcinj.com\/blog\/?s={search_term_string}\"},\"query-input\":\"required name=search_term_string\"}],\"inLanguage\":\"en-US\"},{\"@type\":\"WebPage\",\"@id\":\"https:\/\/www.visit-ulcinj.com\/blog\/2014\/10\/09\/bka-sha-tradita-organizon-dita-e-sheges-2014\/#webpage\",\"url\":\"https:\/\/www.visit-ulcinj.com\/blog\/2014\/10\/09\/bka-sha-tradita-organizon-dita-e-sheges-2014\/\",\"name\":\"BKA Ana Malit per here te trete organizon manifestimin \u201cDita e Sheg\u00ebs 2014\u201d - Lajme nga Ulqini\",\"isPartOf\":{\"@id\":\"https:\/\/www.visit-ulcinj.com\/blog\/#website\"},\"datePublished\":\"2014-10-09T17:02:23+00:00\",\"dateModified\":\"2014-10-12T13:08:26+00:00\",\"author\":{\"@id\":\"https:\/\/www.visit-ulcinj.com\/blog\/#\/schema\/person\/dcab619c614d3038751c63bc2aadc06d\"},\"description\":\"Biznis Klub Ana e Malit dhe SHA \u201cTradita\u201d p\u00ebr here t\u00eb tret\u00eb organizon manifestimin \u201cDita e Sheg\u00ebs 2014\u201d n\u00eb Kat\u00ebrkoll\u00eb, k\u00ebt\u00eb vit n\u00eb bashk\u00ebpunim me\",\"breadcrumb\":{\"@id\":\"https:\/\/www.visit-ulcinj.com\/blog\/2014\/10\/09\/bka-sha-tradita-organizon-dita-e-sheges-2014\/#breadcrumb\"},\"inLanguage\":\"en-US\",\"potentialAction\":[{\"@type\":\"ReadAction\",\"target\":[\"https:\/\/www.visit-ulcinj.com\/blog\/2014\/10\/09\/bka-sha-tradita-organizon-dita-e-sheges-2014\/\"]}]},{\"@type\":\"BreadcrumbList\",\"@id\":\"https:\/\/www.visit-ulcinj.com\/blog\/2014\/10\/09\/bka-sha-tradita-organizon-dita-e-sheges-2014\/#breadcrumb\",\"itemListElement\":[{\"@type\":\"ListItem\",\"position\":1,\"name\":\"BKA Ana Malit per here te trete organizon manifestimin \u201cDita e Sheg\u00ebs 2014\u201d\"}]},{\"@type\":\"Person\",\"@id\":\"https:\/\/www.visit-ulcinj.com\/blog\/#\/schema\/person\/dcab619c614d3038751c63bc2aadc06d\",\"name\":\"ulqini\",\"sameAs\":[\"http:\/\/www.visit-ulcinj.com\"],\"url\":\"https:\/\/www.visit-ulcinj.com\/blog\/author\/admin\/\"}]}<\/script>\n<!-- \/ Yoast SEO plugin. -->","yoast_head_json":{"title":"BKA Ana Malit per here te trete organizon manifestimin \u201cDita e Sheg\u00ebs 2014\u201d  - Lajme nga Ulqini","description":"Biznis Klub Ana e Malit dhe SHA \u201cTradita\u201d p\u00ebr here t\u00eb tret\u00eb organizon manifestimin \u201cDita e Sheg\u00ebs 2014\u201d n\u00eb Kat\u00ebrkoll\u00eb, k\u00ebt\u00eb vit n\u00eb bashk\u00ebpunim me","robots":{"index":"index","follow":"follow","max-snippet":"max-snippet:-1","max-image-preview":"max-image-preview:large","max-video-preview":"max-video-preview:-1"},"canonical":"https:\/\/www.visit-ulcinj.com\/blog\/2014\/10\/09\/bka-sha-tradita-organizon-dita-e-sheges-2014\/","og_locale":"en_US","og_type":"article","og_title":"BKA Ana Malit per here te trete organizon manifestimin \u201cDita e Sheg\u00ebs 2014\u201d  - Lajme nga Ulqini","og_description":"Biznis Klub Ana e Malit dhe SHA \u201cTradita\u201d p\u00ebr here t\u00eb tret\u00eb organizon manifestimin \u201cDita e Sheg\u00ebs 2014\u201d n\u00eb Kat\u00ebrkoll\u00eb, k\u00ebt\u00eb vit n\u00eb bashk\u00ebpunim me","og_url":"https:\/\/www.visit-ulcinj.com\/blog\/2014\/10\/09\/bka-sha-tradita-organizon-dita-e-sheges-2014\/","og_site_name":"Lajme nga Ulqini","article_published_time":"2014-10-09T17:02:23+00:00","article_modified_time":"2014-10-12T13:08:26+00:00","twitter_misc":{"Written by":"ulqini","Est. reading time":"2 minutes"},"schema":{"@context":"https:\/\/schema.org","@graph":[{"@type":"WebSite","@id":"https:\/\/www.visit-ulcinj.com\/blog\/#website","url":"https:\/\/www.visit-ulcinj.com\/blog\/","name":"Lajme nga Ulqini","description":"Lajme,Vijesti,Ulqini,Ulqin,Crna Gora,Mali i Zi","potentialAction":[{"@type":"SearchAction","target":{"@type":"EntryPoint","urlTemplate":"https:\/\/www.visit-ulcinj.com\/blog\/?s={search_term_string}"},"query-input":"required name=search_term_string"}],"inLanguage":"en-US"},{"@type":"WebPage","@id":"https:\/\/www.visit-ulcinj.com\/blog\/2014\/10\/09\/bka-sha-tradita-organizon-dita-e-sheges-2014\/#webpage","url":"https:\/\/www.visit-ulcinj.com\/blog\/2014\/10\/09\/bka-sha-tradita-organizon-dita-e-sheges-2014\/","name":"BKA Ana Malit per here te trete organizon manifestimin \u201cDita e Sheg\u00ebs 2014\u201d - Lajme nga Ulqini","isPartOf":{"@id":"https:\/\/www.visit-ulcinj.com\/blog\/#website"},"datePublished":"2014-10-09T17:02:23+00:00","dateModified":"2014-10-12T13:08:26+00:00","author":{"@id":"https:\/\/www.visit-ulcinj.com\/blog\/#\/schema\/person\/dcab619c614d3038751c63bc2aadc06d"},"description":"Biznis Klub Ana e Malit dhe SHA \u201cTradita\u201d p\u00ebr here t\u00eb tret\u00eb organizon manifestimin \u201cDita e Sheg\u00ebs 2014\u201d n\u00eb Kat\u00ebrkoll\u00eb, k\u00ebt\u00eb vit n\u00eb bashk\u00ebpunim me","breadcrumb":{"@id":"https:\/\/www.visit-ulcinj.com\/blog\/2014\/10\/09\/bka-sha-tradita-organizon-dita-e-sheges-2014\/#breadcrumb"},"inLanguage":"en-US","potentialAction":[{"@type":"ReadAction","target":["https:\/\/www.visit-ulcinj.com\/blog\/2014\/10\/09\/bka-sha-tradita-organizon-dita-e-sheges-2014\/"]}]},{"@type":"BreadcrumbList","@id":"https:\/\/www.visit-ulcinj.com\/blog\/2014\/10\/09\/bka-sha-tradita-organizon-dita-e-sheges-2014\/#breadcrumb","itemListElement":[{"@type":"ListItem","position":1,"name":"BKA Ana Malit per here te trete organizon manifestimin \u201cDita e Sheg\u00ebs 2014\u201d"}]},{"@type":"Person","@id":"https:\/\/www.visit-ulcinj.com\/blog\/#\/schema\/person\/dcab619c614d3038751c63bc2aadc06d","name":"ulqini","sameAs":["http:\/\/www.visit-ulcinj.com"],"url":"https:\/\/www.visit-ulcinj.com\/blog\/author\/admin\/"}]}},"jetpack_featured_media_url":"","jetpack_sharing_enabled":true,"jetpack_shortlink":"https:\/\/wp.me\/pe6lTn-mgW","_links":{"self":[{"href":"https:\/\/www.visit-ulcinj.com\/blog\/wp-json\/wp\/v2\/posts\/85618"}],"collection":[{"href":"https:\/\/www.visit-ulcinj.com\/blog\/wp-json\/wp\/v2\/posts"}],"about":[{"href":"https:\/\/www.visit-ulcinj.com\/blog\/wp-json\/wp\/v2\/types\/post"}],"author":[{"embeddable":true,"href":"https:\/\/www.visit-ulcinj.com\/blog\/wp-json\/wp\/v2\/users\/1"}],"replies":[{"embeddable":true,"href":"https:\/\/www.visit-ulcinj.com\/blog\/wp-json\/wp\/v2\/comments?post=85618"}],"version-history":[{"count":2,"href":"https:\/\/www.visit-ulcinj.com\/blog\/wp-json\/wp\/v2\/posts\/85618\/revisions"}],"predecessor-version":[{"id":85624,"href":"https:\/\/www.visit-ulcinj.com\/blog\/wp-json\/wp\/v2\/posts\/85618\/revisions\/85624"}],"wp:attachment":[{"href":"https:\/\/www.visit-ulcinj.com\/blog\/wp-json\/wp\/v2\/media?parent=85618"}],"wp:term":[{"taxonomy":"category","embeddable":true,"href":"https:\/\/www.visit-ulcinj.com\/blog\/wp-json\/wp\/v2\/categories?post=85618"},{"taxonomy":"post_tag","embeddable":true,"href":"https:\/\/www.visit-ulcinj.com\/blog\/wp-json\/wp\/v2\/tags?post=85618"}],"curies":[{"name":"wp","href":"https:\/\/api.w.org\/{rel}","templated":true}]}}