{"id":85631,"date":"2014-10-11T21:13:23","date_gmt":"2014-10-11T20:13:23","guid":{"rendered":"http:\/\/www.visit-ulcinj.com\/blog\/?p=85631"},"modified":"2014-10-12T14:06:51","modified_gmt":"2014-10-12T13:06:51","slug":"clanovi-oo-pcg-ulcinj-traze-ostavku-pajovica","status":"publish","type":"post","link":"https:\/\/www.visit-ulcinj.com\/blog\/2014\/10\/11\/clanovi-oo-pcg-ulcinj-traze-ostavku-pajovica\/","title":{"rendered":"\u010clanovi OO PCG Ulcinj tra\u017ee ostavku Pajovi\u0107a &#8211; Video"},"content":{"rendered":"<p><strong><a href=\"http:\/\/www.visit-ulcinj.com\/blog\/wp-content\/uploads\/2014\/10\/opstinski-odbor-ulcinj.jpg\"><img loading=\"lazy\" class=\"alignleft wp-image-85632\" src=\"http:\/\/www.visit-ulcinj.com\/blog\/wp-content\/uploads\/2014\/10\/opstinski-odbor-ulcinj.jpg\" alt=\"opstinski-odbor-ulcinj\" width=\"508\" height=\"241\" srcset=\"https:\/\/www.visit-ulcinj.com\/blog\/wp-content\/uploads\/2014\/10\/opstinski-odbor-ulcinj.jpg 590w, https:\/\/www.visit-ulcinj.com\/blog\/wp-content\/uploads\/2014\/10\/opstinski-odbor-ulcinj-300x142.jpg 300w\" sizes=\"(max-width: 508px) 100vw, 508px\" \/><\/a>Ulcinjski odbor Pozitivne tra\u017ei ostavku Pajovi\u0107a<\/strong><\/p>\n<p class=\"lead\"><strong>OO PCG osudio je, kako je saop\u0161teno, izjavu predsjednika stranke koja se odnosila na potpredsjednika Mladena Bojani\u0107a, i \u010dlana Predsjedni\u0161tva, Nikolu Ko\u0107ala, u kojoj je \u201cneprimjereno optu\u017eio strana\u010dke saradnike\u201d<\/strong><\/p>\n<p>Op\u0161tinski odbor Pozitivne Crne Gore (OO PCG) Ulcinj zatra\u017eio je ostavku predsjednika stranke, Darka Pajovi\u0107a, i hitno sazivanje kongresa te partije.<\/p>\n<p>Ulcinjski odbor Pozitivne donio je zaklju\u010dke koje je podr\u017eala ve\u0107ina \u010dlanova, a u kojima se tra\u017ei hitno sazivanje kongresa stranke, ostavka Pajovi\u0107a, ali i osu\u0111uju njegove neprimjerene izjave o strana\u010dkim kolegama.<\/p>\n<p>\u201c\u010clanovi OO PCG Ulcinj zatra\u017eili su hitno sazivanje kongresa stranke zbog unutarstrana\u010dke situacije, koja je zabrinjavaju\u0107a i koju treba rije\u0161iti na demokratski na\u010din i u razumnom roku\u201d, navodi se u saop\u0161tenju te partije.<\/p>\n<p>Nakon, kako su kazali, sveobuhvatne diskusije o unutarstrana\u010dkoj situaciji, \u010dlanovi OO PCG Ulcinj, \u201czbog situacije u stranci i naru\u0161enog me\u0111usobnog povjerenja, zatra\u017eili su ostavku njenog predsjednika&#8221;.<\/p>\n<p>OO PCG osudio je, kako je saop\u0161teno, izjavu predsjednika stranke koja se odnosila na potpredsjednika Mladena Bojani\u0107a, i \u010dlana Predsjedni\u0161tva, Nikolu Ko\u0107ala, u kojoj je \u201cneprimjereno optu\u017eio strana\u010dke saradnike\u201d.<\/p>\n<p><strong>Izvor: Mina \/ Vijesti<\/strong><\/p>\n<!--YouTube Error: bad URL entered-->\n<p class=\"lead\">\n","protected":false},"excerpt":{"rendered":"<p>Ulcinjski odbor Pozitivne tra\u017ei ostavku Pajovi\u0107a OO PCG osudio je, kako je saop\u0161teno, izjavu predsjednika stranke koja se odnosila na potpredsjednika Mladena Bojani\u0107a, i \u010dlana Predsjedni\u0161tva, Nikolu Ko\u0107ala, u kojoj je \u201cneprimjereno optu\u017eio strana\u010dke saradnike\u201d Op\u0161tinski odbor Pozitivne Crne Gore (OO PCG) Ulcinj zatra\u017eio je ostavku predsjednika stranke, Darka Pajovi\u0107a, i hitno sazivanje kongresa te [&hellip;]<\/p>\n","protected":false},"author":1,"featured_media":0,"comment_status":"closed","ping_status":"closed","sticky":false,"template":"","format":"standard","meta":{"spay_email":"","jetpack_publicize_message":"","jetpack_is_tweetstorm":false,"jetpack_publicize_feature_enabled":true},"categories":[6950],"tags":[],"jetpack_publicize_connections":[],"yoast_head":"<!-- This site is optimized with the Yoast SEO plugin v19.1 - https:\/\/yoast.com\/wordpress\/plugins\/seo\/ -->\n<title>\u010clanovi OO PCG Ulcinj tra\u017ee ostavku Pajovi\u0107a - Video - Lajme nga Ulqini<\/title>\n<meta name=\"description\" content=\"Ulcinjski odbor Pozitivne tra\u017ei ostavku Pajovi\u0107a OO PCG osudio je, kako je saop\u0161teno, izjavu predsjednika stranke koja se odnosila na potpredsjednika\" \/>\n<meta name=\"robots\" content=\"index, follow, max-snippet:-1, max-image-preview:large, max-video-preview:-1\" \/>\n<link rel=\"canonical\" href=\"https:\/\/www.visit-ulcinj.com\/blog\/2014\/10\/11\/clanovi-oo-pcg-ulcinj-traze-ostavku-pajovica\/\" \/>\n<meta property=\"og:locale\" content=\"en_US\" \/>\n<meta property=\"og:type\" content=\"article\" \/>\n<meta property=\"og:title\" content=\"\u010clanovi OO PCG Ulcinj tra\u017ee ostavku Pajovi\u0107a - Video - Lajme nga Ulqini\" \/>\n<meta property=\"og:description\" content=\"Ulcinjski odbor Pozitivne tra\u017ei ostavku Pajovi\u0107a OO PCG osudio je, kako je saop\u0161teno, izjavu predsjednika stranke koja se odnosila na potpredsjednika\" \/>\n<meta property=\"og:url\" content=\"https:\/\/www.visit-ulcinj.com\/blog\/2014\/10\/11\/clanovi-oo-pcg-ulcinj-traze-ostavku-pajovica\/\" \/>\n<meta property=\"og:site_name\" content=\"Lajme nga Ulqini\" \/>\n<meta property=\"article:published_time\" content=\"2014-10-11T20:13:23+00:00\" \/>\n<meta property=\"article:modified_time\" content=\"2014-10-12T13:06:51+00:00\" \/>\n<meta property=\"og:image\" content=\"http:\/\/www.visit-ulcinj.com\/blog\/wp-content\/uploads\/2014\/10\/opstinski-odbor-ulcinj.jpg\" \/>\n<meta name=\"twitter:label1\" content=\"Written by\" \/>\n\t<meta name=\"twitter:data1\" content=\"ulqini\" \/>\n\t<meta name=\"twitter:label2\" content=\"Est. reading time\" \/>\n\t<meta name=\"twitter:data2\" content=\"1 minute\" \/>\n<script type=\"application\/ld+json\" class=\"yoast-schema-graph\">{\"@context\":\"https:\/\/schema.org\",\"@graph\":[{\"@type\":\"WebSite\",\"@id\":\"https:\/\/www.visit-ulcinj.com\/blog\/#website\",\"url\":\"https:\/\/www.visit-ulcinj.com\/blog\/\",\"name\":\"Lajme nga Ulqini\",\"description\":\"Lajme,Vijesti,Ulqini,Ulqin,Crna Gora,Mali i Zi\",\"potentialAction\":[{\"@type\":\"SearchAction\",\"target\":{\"@type\":\"EntryPoint\",\"urlTemplate\":\"https:\/\/www.visit-ulcinj.com\/blog\/?s={search_term_string}\"},\"query-input\":\"required name=search_term_string\"}],\"inLanguage\":\"en-US\"},{\"@type\":\"ImageObject\",\"inLanguage\":\"en-US\",\"@id\":\"https:\/\/www.visit-ulcinj.com\/blog\/2014\/10\/11\/clanovi-oo-pcg-ulcinj-traze-ostavku-pajovica\/#primaryimage\",\"url\":\"https:\/\/www.visit-ulcinj.com\/blog\/wp-content\/uploads\/2014\/10\/opstinski-odbor-ulcinj.jpg\",\"contentUrl\":\"https:\/\/www.visit-ulcinj.com\/blog\/wp-content\/uploads\/2014\/10\/opstinski-odbor-ulcinj.jpg\",\"width\":590,\"height\":280},{\"@type\":\"WebPage\",\"@id\":\"https:\/\/www.visit-ulcinj.com\/blog\/2014\/10\/11\/clanovi-oo-pcg-ulcinj-traze-ostavku-pajovica\/#webpage\",\"url\":\"https:\/\/www.visit-ulcinj.com\/blog\/2014\/10\/11\/clanovi-oo-pcg-ulcinj-traze-ostavku-pajovica\/\",\"name\":\"\u010clanovi OO PCG Ulcinj tra\u017ee ostavku Pajovi\u0107a - Video - Lajme nga Ulqini\",\"isPartOf\":{\"@id\":\"https:\/\/www.visit-ulcinj.com\/blog\/#website\"},\"primaryImageOfPage\":{\"@id\":\"https:\/\/www.visit-ulcinj.com\/blog\/2014\/10\/11\/clanovi-oo-pcg-ulcinj-traze-ostavku-pajovica\/#primaryimage\"},\"datePublished\":\"2014-10-11T20:13:23+00:00\",\"dateModified\":\"2014-10-12T13:06:51+00:00\",\"author\":{\"@id\":\"https:\/\/www.visit-ulcinj.com\/blog\/#\/schema\/person\/dcab619c614d3038751c63bc2aadc06d\"},\"description\":\"Ulcinjski odbor Pozitivne tra\u017ei ostavku Pajovi\u0107a OO PCG osudio je, kako je saop\u0161teno, izjavu predsjednika stranke koja se odnosila na potpredsjednika\",\"breadcrumb\":{\"@id\":\"https:\/\/www.visit-ulcinj.com\/blog\/2014\/10\/11\/clanovi-oo-pcg-ulcinj-traze-ostavku-pajovica\/#breadcrumb\"},\"inLanguage\":\"en-US\",\"potentialAction\":[{\"@type\":\"ReadAction\",\"target\":[\"https:\/\/www.visit-ulcinj.com\/blog\/2014\/10\/11\/clanovi-oo-pcg-ulcinj-traze-ostavku-pajovica\/\"]}]},{\"@type\":\"BreadcrumbList\",\"@id\":\"https:\/\/www.visit-ulcinj.com\/blog\/2014\/10\/11\/clanovi-oo-pcg-ulcinj-traze-ostavku-pajovica\/#breadcrumb\",\"itemListElement\":[{\"@type\":\"ListItem\",\"position\":1,\"name\":\"\u010clanovi OO PCG Ulcinj tra\u017ee ostavku Pajovi\u0107a &#8211; Video\"}]},{\"@type\":\"Person\",\"@id\":\"https:\/\/www.visit-ulcinj.com\/blog\/#\/schema\/person\/dcab619c614d3038751c63bc2aadc06d\",\"name\":\"ulqini\",\"sameAs\":[\"http:\/\/www.visit-ulcinj.com\"],\"url\":\"https:\/\/www.visit-ulcinj.com\/blog\/author\/admin\/\"}]}<\/script>\n<!-- \/ Yoast SEO plugin. -->","yoast_head_json":{"title":"\u010clanovi OO PCG Ulcinj tra\u017ee ostavku Pajovi\u0107a - Video - Lajme nga Ulqini","description":"Ulcinjski odbor Pozitivne tra\u017ei ostavku Pajovi\u0107a OO PCG osudio je, kako je saop\u0161teno, izjavu predsjednika stranke koja se odnosila na potpredsjednika","robots":{"index":"index","follow":"follow","max-snippet":"max-snippet:-1","max-image-preview":"max-image-preview:large","max-video-preview":"max-video-preview:-1"},"canonical":"https:\/\/www.visit-ulcinj.com\/blog\/2014\/10\/11\/clanovi-oo-pcg-ulcinj-traze-ostavku-pajovica\/","og_locale":"en_US","og_type":"article","og_title":"\u010clanovi OO PCG Ulcinj tra\u017ee ostavku Pajovi\u0107a - Video - Lajme nga Ulqini","og_description":"Ulcinjski odbor Pozitivne tra\u017ei ostavku Pajovi\u0107a OO PCG osudio je, kako je saop\u0161teno, izjavu predsjednika stranke koja se odnosila na potpredsjednika","og_url":"https:\/\/www.visit-ulcinj.com\/blog\/2014\/10\/11\/clanovi-oo-pcg-ulcinj-traze-ostavku-pajovica\/","og_site_name":"Lajme nga Ulqini","article_published_time":"2014-10-11T20:13:23+00:00","article_modified_time":"2014-10-12T13:06:51+00:00","og_image":[{"url":"http:\/\/www.visit-ulcinj.com\/blog\/wp-content\/uploads\/2014\/10\/opstinski-odbor-ulcinj.jpg"}],"twitter_misc":{"Written by":"ulqini","Est. reading time":"1 minute"},"schema":{"@context":"https:\/\/schema.org","@graph":[{"@type":"WebSite","@id":"https:\/\/www.visit-ulcinj.com\/blog\/#website","url":"https:\/\/www.visit-ulcinj.com\/blog\/","name":"Lajme nga Ulqini","description":"Lajme,Vijesti,Ulqini,Ulqin,Crna Gora,Mali i Zi","potentialAction":[{"@type":"SearchAction","target":{"@type":"EntryPoint","urlTemplate":"https:\/\/www.visit-ulcinj.com\/blog\/?s={search_term_string}"},"query-input":"required name=search_term_string"}],"inLanguage":"en-US"},{"@type":"ImageObject","inLanguage":"en-US","@id":"https:\/\/www.visit-ulcinj.com\/blog\/2014\/10\/11\/clanovi-oo-pcg-ulcinj-traze-ostavku-pajovica\/#primaryimage","url":"https:\/\/www.visit-ulcinj.com\/blog\/wp-content\/uploads\/2014\/10\/opstinski-odbor-ulcinj.jpg","contentUrl":"https:\/\/www.visit-ulcinj.com\/blog\/wp-content\/uploads\/2014\/10\/opstinski-odbor-ulcinj.jpg","width":590,"height":280},{"@type":"WebPage","@id":"https:\/\/www.visit-ulcinj.com\/blog\/2014\/10\/11\/clanovi-oo-pcg-ulcinj-traze-ostavku-pajovica\/#webpage","url":"https:\/\/www.visit-ulcinj.com\/blog\/2014\/10\/11\/clanovi-oo-pcg-ulcinj-traze-ostavku-pajovica\/","name":"\u010clanovi OO PCG Ulcinj tra\u017ee ostavku Pajovi\u0107a - Video - Lajme nga Ulqini","isPartOf":{"@id":"https:\/\/www.visit-ulcinj.com\/blog\/#website"},"primaryImageOfPage":{"@id":"https:\/\/www.visit-ulcinj.com\/blog\/2014\/10\/11\/clanovi-oo-pcg-ulcinj-traze-ostavku-pajovica\/#primaryimage"},"datePublished":"2014-10-11T20:13:23+00:00","dateModified":"2014-10-12T13:06:51+00:00","author":{"@id":"https:\/\/www.visit-ulcinj.com\/blog\/#\/schema\/person\/dcab619c614d3038751c63bc2aadc06d"},"description":"Ulcinjski odbor Pozitivne tra\u017ei ostavku Pajovi\u0107a OO PCG osudio je, kako je saop\u0161teno, izjavu predsjednika stranke koja se odnosila na potpredsjednika","breadcrumb":{"@id":"https:\/\/www.visit-ulcinj.com\/blog\/2014\/10\/11\/clanovi-oo-pcg-ulcinj-traze-ostavku-pajovica\/#breadcrumb"},"inLanguage":"en-US","potentialAction":[{"@type":"ReadAction","target":["https:\/\/www.visit-ulcinj.com\/blog\/2014\/10\/11\/clanovi-oo-pcg-ulcinj-traze-ostavku-pajovica\/"]}]},{"@type":"BreadcrumbList","@id":"https:\/\/www.visit-ulcinj.com\/blog\/2014\/10\/11\/clanovi-oo-pcg-ulcinj-traze-ostavku-pajovica\/#breadcrumb","itemListElement":[{"@type":"ListItem","position":1,"name":"\u010clanovi OO PCG Ulcinj tra\u017ee ostavku Pajovi\u0107a &#8211; Video"}]},{"@type":"Person","@id":"https:\/\/www.visit-ulcinj.com\/blog\/#\/schema\/person\/dcab619c614d3038751c63bc2aadc06d","name":"ulqini","sameAs":["http:\/\/www.visit-ulcinj.com"],"url":"https:\/\/www.visit-ulcinj.com\/blog\/author\/admin\/"}]}},"jetpack_featured_media_url":"","jetpack_sharing_enabled":true,"jetpack_shortlink":"https:\/\/wp.me\/pe6lTn-mh9","_links":{"self":[{"href":"https:\/\/www.visit-ulcinj.com\/blog\/wp-json\/wp\/v2\/posts\/85631"}],"collection":[{"href":"https:\/\/www.visit-ulcinj.com\/blog\/wp-json\/wp\/v2\/posts"}],"about":[{"href":"https:\/\/www.visit-ulcinj.com\/blog\/wp-json\/wp\/v2\/types\/post"}],"author":[{"embeddable":true,"href":"https:\/\/www.visit-ulcinj.com\/blog\/wp-json\/wp\/v2\/users\/1"}],"replies":[{"embeddable":true,"href":"https:\/\/www.visit-ulcinj.com\/blog\/wp-json\/wp\/v2\/comments?post=85631"}],"version-history":[{"count":2,"href":"https:\/\/www.visit-ulcinj.com\/blog\/wp-json\/wp\/v2\/posts\/85631\/revisions"}],"predecessor-version":[{"id":85642,"href":"https:\/\/www.visit-ulcinj.com\/blog\/wp-json\/wp\/v2\/posts\/85631\/revisions\/85642"}],"wp:attachment":[{"href":"https:\/\/www.visit-ulcinj.com\/blog\/wp-json\/wp\/v2\/media?parent=85631"}],"wp:term":[{"taxonomy":"category","embeddable":true,"href":"https:\/\/www.visit-ulcinj.com\/blog\/wp-json\/wp\/v2\/categories?post=85631"},{"taxonomy":"post_tag","embeddable":true,"href":"https:\/\/www.visit-ulcinj.com\/blog\/wp-json\/wp\/v2\/tags?post=85631"}],"curies":[{"name":"wp","href":"https:\/\/api.w.org\/{rel}","templated":true}]}}