{"id":85636,"date":"2014-10-12T13:38:30","date_gmt":"2014-10-12T12:38:30","guid":{"rendered":"http:\/\/www.visit-ulcinj.com\/blog\/?p=85636"},"modified":"2014-10-12T13:41:01","modified_gmt":"2014-10-12T12:41:01","slug":"nevoja-per-themelim-e-teatrit-shqiptar-ne-mal-te-zi","status":"publish","type":"post","link":"https:\/\/www.visit-ulcinj.com\/blog\/2014\/10\/12\/nevoja-per-themelim-e-teatrit-shqiptar-ne-mal-te-zi\/","title":{"rendered":"Nevoja p\u00ebr themelim e Teatrit Shqiptar n\u00eb Mal t\u00eb Zi"},"content":{"rendered":"<p><a href=\"http:\/\/www.visit-ulcinj.com\/blog\/wp-content\/uploads\/2014\/10\/Crnogorsko-narodno-pozoriste.jpg\"><img loading=\"lazy\" class=\"alignleft wp-image-85637\" src=\"http:\/\/www.visit-ulcinj.com\/blog\/wp-content\/uploads\/2014\/10\/Crnogorsko-narodno-pozoriste.jpg\" alt=\"Crnogorsko-narodno-pozoriste\" width=\"508\" height=\"286\" srcset=\"https:\/\/www.visit-ulcinj.com\/blog\/wp-content\/uploads\/2014\/10\/Crnogorsko-narodno-pozoriste.jpg 640w, https:\/\/www.visit-ulcinj.com\/blog\/wp-content\/uploads\/2014\/10\/Crnogorsko-narodno-pozoriste-300x168.jpg 300w\" sizes=\"(max-width: 508px) 100vw, 508px\" \/><\/a>N\u00eb kuad\u00ebr t\u00eb Bienales t\u00eb Teatrit Malazez, n\u00eb Teatrin Popullor t\u00eb Malit t\u00eb Zi (TPM- CNP) u promovua vepra e fundit e akademikut e kritikut teatror malazez, Sreten Peroviq, \u201cMalazez\u00ebt n\u00eb Sken\u00eb\u201d. Kjo vep\u00ebr konsiderohet si vep\u00ebr kapitale e botuar nga ana e Teatrit t\u00eb Malit t\u00eb Zi, ku p\u00ebrve\u00e7 autorit, fol\u00ebn edhe kritikja e njohur e teatrit maqedonas dhe t\u00eb ish Jugosllavis\u00eb, Lilana Mazova dhe Dragana \u00c7oliq Bilanovski, profesoresh\u00eb n\u00eb Fakultetin e Arteve dramaturgjike n\u00eb Beograd. P\u00ebr vepr\u00ebn e Peroviq, e cila u botua n\u00eb p\u00ebrvjetorin e 60-t\u00eb t\u00eb pun\u00ebs s\u00eb Teatrit Popullor Malazez, mbr\u00ebm\u00eb fol\u00ebn edhe redaktori i k\u00ebtij botimi Millovan Radojeviq dhe drejtori i Tetarit Popullor t\u00eb Malit t\u00eb Zi, Janko Lumoviq.\u00a0 Si teatrolog dhe kritik teatral, Sreten Peroviq, prej filleve t\u00eb tetarit p\u00ebrcjell\u00eb zhvillimin e Teatrit malazez dhe Teatrit Popullor (CNP). Ky lib\u00ebr p\u00ebrmban pothuajse t\u00eb gjitha kritikat teatrale t\u00eb veprave t\u00eb autor\u00ebve malazez\u00eb t\u00eb shfaqura n\u00eb Teat\u00ebr nga viti 1957 e deri n\u00eb vitin 2007. Krahas v\u00ebshtrimeve n\u00eb realizimet skenike t\u00eb veprave t\u00eb P. P. Njegosh dhe M. Laliq, k\u00ebtu sh\u00ebnohen edhe nj\u00eb num\u00ebr kritikash n\u00eb veprat skenike t\u00eb shkrimtar\u00ebve dhe dramaturg\u00ebve t\u00eb njohur bashk\u00ebkohor malazez . Duhet cekur k\u00ebtu se shkrimi i tij i fundit p\u00ebr kritik\u00eb teatrore u inspirua nga shfaqja e regjisorit shqiptar, Idriz Gjokaj, \u201cAlegreto Albania\u201d, t\u00eb autorit, Stefan \u00c7apaliku, n\u00eb tetarin malazez, ku, si\u00e7 tha ai, nga ana e disa personave u injorua dhe u vler\u00ebsua si jo profesionale, por \u00a0e cila, si\u00e7 tha Peroviq, nuk ishte m\u00eb e dob\u00ebt se shfaqjet tjera t\u00eb luajtura n\u00eb k\u00ebt\u00eb teat\u00ebr.\u00a0 Ai gjithashtu theksoi nevoj\u00ebn e themelimit t\u00eb teatrove t\u00eb reja dhe rivendosjen e ish teatrove n\u00eb disa qytete t\u00eb Malit t\u00eb Zi, ku theksoi themelimin e teatrit shqiptar profesional n\u00eb Mal t\u00eb Zi, n\u00eb Tuz, pasi q\u00eb tani ka edhe regjisor t\u00eb shkolluar dhe shum\u00eb t\u00eb talentuar t\u00eb shqiptar\u00ebve n\u00eb Mal t\u00eb Zi, ku mori shembull regjisorin e ri shqiptar, Idriz Gjokaj. Libri, \u201cMalazez\u00ebt n\u00eb Sken\u00eb\u201d, n\u00eb botimin e Teatrit Popullor Malazez (CNP), lindi n\u00eb kuad\u00ebr t\u00eb edicionit, \u201cZetski Dom\u201d, e q\u00eb paraqet p\u00ebrmbledhje tematike q\u00eb p\u00ebrfshin tekstet p\u00ebr let\u00ebrsin\u00eb dramatike, shkrimet teatrale dhe kritikat e shkruara nga autori Peroviq p\u00ebr afro gjysm\u00eb shekulli q\u00eb kishin t\u00eb b\u00ebjn\u00eb me dram\u00ebn dhe tetarin malazez.<\/p>\n<p><strong>TVCG<\/strong><\/p>\n","protected":false},"excerpt":{"rendered":"<p>N\u00eb kuad\u00ebr t\u00eb Bienales t\u00eb Teatrit Malazez, n\u00eb Teatrin Popullor t\u00eb Malit t\u00eb Zi (TPM- CNP) u promovua vepra e fundit e akademikut e kritikut teatror malazez, Sreten Peroviq, \u201cMalazez\u00ebt n\u00eb Sken\u00eb\u201d. Kjo vep\u00ebr konsiderohet si vep\u00ebr kapitale e botuar nga ana e Teatrit t\u00eb Malit t\u00eb Zi, ku p\u00ebrve\u00e7 autorit, fol\u00ebn edhe kritikja e [&hellip;]<\/p>\n","protected":false},"author":1,"featured_media":0,"comment_status":"closed","ping_status":"closed","sticky":false,"template":"","format":"standard","meta":{"spay_email":"","jetpack_publicize_message":"","jetpack_is_tweetstorm":false,"jetpack_publicize_feature_enabled":true},"categories":[4],"tags":[],"jetpack_publicize_connections":[],"yoast_head":"<!-- This site is optimized with the Yoast SEO plugin v19.1 - https:\/\/yoast.com\/wordpress\/plugins\/seo\/ -->\n<title>Nevoja p\u00ebr themelim e Teatrit Shqiptar n\u00eb Mal t\u00eb Zi - Lajme nga Ulqini<\/title>\n<meta name=\"description\" content=\"N\u00eb kuad\u00ebr t\u00eb Bienales t\u00eb Teatrit Malazez, n\u00eb Teatrin Popullor t\u00eb Malit t\u00eb Zi (TPM- CNP) u promovua vepra e fundit e akademikut e kritikut teatror malazez,\" \/>\n<meta name=\"robots\" content=\"index, follow, max-snippet:-1, max-image-preview:large, max-video-preview:-1\" \/>\n<link rel=\"canonical\" href=\"https:\/\/www.visit-ulcinj.com\/blog\/2014\/10\/12\/nevoja-per-themelim-e-teatrit-shqiptar-ne-mal-te-zi\/\" \/>\n<meta property=\"og:locale\" content=\"en_US\" \/>\n<meta property=\"og:type\" content=\"article\" \/>\n<meta property=\"og:title\" content=\"Nevoja p\u00ebr themelim e Teatrit Shqiptar n\u00eb Mal t\u00eb Zi - Lajme nga Ulqini\" \/>\n<meta property=\"og:description\" content=\"N\u00eb kuad\u00ebr t\u00eb Bienales t\u00eb Teatrit Malazez, n\u00eb Teatrin Popullor t\u00eb Malit t\u00eb Zi (TPM- CNP) u promovua vepra e fundit e akademikut e kritikut teatror malazez,\" \/>\n<meta property=\"og:url\" content=\"https:\/\/www.visit-ulcinj.com\/blog\/2014\/10\/12\/nevoja-per-themelim-e-teatrit-shqiptar-ne-mal-te-zi\/\" \/>\n<meta property=\"og:site_name\" content=\"Lajme nga Ulqini\" \/>\n<meta property=\"article:published_time\" content=\"2014-10-12T12:38:30+00:00\" \/>\n<meta property=\"article:modified_time\" content=\"2014-10-12T12:41:01+00:00\" \/>\n<meta property=\"og:image\" content=\"http:\/\/www.visit-ulcinj.com\/blog\/wp-content\/uploads\/2014\/10\/Crnogorsko-narodno-pozoriste.jpg\" \/>\n<meta name=\"twitter:label1\" content=\"Written by\" \/>\n\t<meta name=\"twitter:data1\" content=\"ulqini\" \/>\n\t<meta name=\"twitter:label2\" content=\"Est. reading time\" \/>\n\t<meta name=\"twitter:data2\" content=\"2 minutes\" \/>\n<script type=\"application\/ld+json\" class=\"yoast-schema-graph\">{\"@context\":\"https:\/\/schema.org\",\"@graph\":[{\"@type\":\"WebSite\",\"@id\":\"https:\/\/www.visit-ulcinj.com\/blog\/#website\",\"url\":\"https:\/\/www.visit-ulcinj.com\/blog\/\",\"name\":\"Lajme nga Ulqini\",\"description\":\"Lajme,Vijesti,Ulqini,Ulqin,Crna Gora,Mali i Zi\",\"potentialAction\":[{\"@type\":\"SearchAction\",\"target\":{\"@type\":\"EntryPoint\",\"urlTemplate\":\"https:\/\/www.visit-ulcinj.com\/blog\/?s={search_term_string}\"},\"query-input\":\"required name=search_term_string\"}],\"inLanguage\":\"en-US\"},{\"@type\":\"ImageObject\",\"inLanguage\":\"en-US\",\"@id\":\"https:\/\/www.visit-ulcinj.com\/blog\/2014\/10\/12\/nevoja-per-themelim-e-teatrit-shqiptar-ne-mal-te-zi\/#primaryimage\",\"url\":\"https:\/\/www.visit-ulcinj.com\/blog\/wp-content\/uploads\/2014\/10\/Crnogorsko-narodno-pozoriste.jpg\",\"contentUrl\":\"https:\/\/www.visit-ulcinj.com\/blog\/wp-content\/uploads\/2014\/10\/Crnogorsko-narodno-pozoriste.jpg\",\"width\":640,\"height\":360},{\"@type\":\"WebPage\",\"@id\":\"https:\/\/www.visit-ulcinj.com\/blog\/2014\/10\/12\/nevoja-per-themelim-e-teatrit-shqiptar-ne-mal-te-zi\/#webpage\",\"url\":\"https:\/\/www.visit-ulcinj.com\/blog\/2014\/10\/12\/nevoja-per-themelim-e-teatrit-shqiptar-ne-mal-te-zi\/\",\"name\":\"Nevoja p\u00ebr themelim e Teatrit Shqiptar n\u00eb Mal t\u00eb Zi - Lajme nga Ulqini\",\"isPartOf\":{\"@id\":\"https:\/\/www.visit-ulcinj.com\/blog\/#website\"},\"primaryImageOfPage\":{\"@id\":\"https:\/\/www.visit-ulcinj.com\/blog\/2014\/10\/12\/nevoja-per-themelim-e-teatrit-shqiptar-ne-mal-te-zi\/#primaryimage\"},\"datePublished\":\"2014-10-12T12:38:30+00:00\",\"dateModified\":\"2014-10-12T12:41:01+00:00\",\"author\":{\"@id\":\"https:\/\/www.visit-ulcinj.com\/blog\/#\/schema\/person\/dcab619c614d3038751c63bc2aadc06d\"},\"description\":\"N\u00eb kuad\u00ebr t\u00eb Bienales t\u00eb Teatrit Malazez, n\u00eb Teatrin Popullor t\u00eb Malit t\u00eb Zi (TPM- CNP) u promovua vepra e fundit e akademikut e kritikut teatror malazez,\",\"breadcrumb\":{\"@id\":\"https:\/\/www.visit-ulcinj.com\/blog\/2014\/10\/12\/nevoja-per-themelim-e-teatrit-shqiptar-ne-mal-te-zi\/#breadcrumb\"},\"inLanguage\":\"en-US\",\"potentialAction\":[{\"@type\":\"ReadAction\",\"target\":[\"https:\/\/www.visit-ulcinj.com\/blog\/2014\/10\/12\/nevoja-per-themelim-e-teatrit-shqiptar-ne-mal-te-zi\/\"]}]},{\"@type\":\"BreadcrumbList\",\"@id\":\"https:\/\/www.visit-ulcinj.com\/blog\/2014\/10\/12\/nevoja-per-themelim-e-teatrit-shqiptar-ne-mal-te-zi\/#breadcrumb\",\"itemListElement\":[{\"@type\":\"ListItem\",\"position\":1,\"name\":\"Nevoja p\u00ebr themelim e Teatrit Shqiptar n\u00eb Mal t\u00eb Zi\"}]},{\"@type\":\"Person\",\"@id\":\"https:\/\/www.visit-ulcinj.com\/blog\/#\/schema\/person\/dcab619c614d3038751c63bc2aadc06d\",\"name\":\"ulqini\",\"sameAs\":[\"http:\/\/www.visit-ulcinj.com\"],\"url\":\"https:\/\/www.visit-ulcinj.com\/blog\/author\/admin\/\"}]}<\/script>\n<!-- \/ Yoast SEO plugin. -->","yoast_head_json":{"title":"Nevoja p\u00ebr themelim e Teatrit Shqiptar n\u00eb Mal t\u00eb Zi - Lajme nga Ulqini","description":"N\u00eb kuad\u00ebr t\u00eb Bienales t\u00eb Teatrit Malazez, n\u00eb Teatrin Popullor t\u00eb Malit t\u00eb Zi (TPM- CNP) u promovua vepra e fundit e akademikut e kritikut teatror malazez,","robots":{"index":"index","follow":"follow","max-snippet":"max-snippet:-1","max-image-preview":"max-image-preview:large","max-video-preview":"max-video-preview:-1"},"canonical":"https:\/\/www.visit-ulcinj.com\/blog\/2014\/10\/12\/nevoja-per-themelim-e-teatrit-shqiptar-ne-mal-te-zi\/","og_locale":"en_US","og_type":"article","og_title":"Nevoja p\u00ebr themelim e Teatrit Shqiptar n\u00eb Mal t\u00eb Zi - Lajme nga Ulqini","og_description":"N\u00eb kuad\u00ebr t\u00eb Bienales t\u00eb Teatrit Malazez, n\u00eb Teatrin Popullor t\u00eb Malit t\u00eb Zi (TPM- CNP) u promovua vepra e fundit e akademikut e kritikut teatror malazez,","og_url":"https:\/\/www.visit-ulcinj.com\/blog\/2014\/10\/12\/nevoja-per-themelim-e-teatrit-shqiptar-ne-mal-te-zi\/","og_site_name":"Lajme nga Ulqini","article_published_time":"2014-10-12T12:38:30+00:00","article_modified_time":"2014-10-12T12:41:01+00:00","og_image":[{"url":"http:\/\/www.visit-ulcinj.com\/blog\/wp-content\/uploads\/2014\/10\/Crnogorsko-narodno-pozoriste.jpg"}],"twitter_misc":{"Written by":"ulqini","Est. reading time":"2 minutes"},"schema":{"@context":"https:\/\/schema.org","@graph":[{"@type":"WebSite","@id":"https:\/\/www.visit-ulcinj.com\/blog\/#website","url":"https:\/\/www.visit-ulcinj.com\/blog\/","name":"Lajme nga Ulqini","description":"Lajme,Vijesti,Ulqini,Ulqin,Crna Gora,Mali i Zi","potentialAction":[{"@type":"SearchAction","target":{"@type":"EntryPoint","urlTemplate":"https:\/\/www.visit-ulcinj.com\/blog\/?s={search_term_string}"},"query-input":"required name=search_term_string"}],"inLanguage":"en-US"},{"@type":"ImageObject","inLanguage":"en-US","@id":"https:\/\/www.visit-ulcinj.com\/blog\/2014\/10\/12\/nevoja-per-themelim-e-teatrit-shqiptar-ne-mal-te-zi\/#primaryimage","url":"https:\/\/www.visit-ulcinj.com\/blog\/wp-content\/uploads\/2014\/10\/Crnogorsko-narodno-pozoriste.jpg","contentUrl":"https:\/\/www.visit-ulcinj.com\/blog\/wp-content\/uploads\/2014\/10\/Crnogorsko-narodno-pozoriste.jpg","width":640,"height":360},{"@type":"WebPage","@id":"https:\/\/www.visit-ulcinj.com\/blog\/2014\/10\/12\/nevoja-per-themelim-e-teatrit-shqiptar-ne-mal-te-zi\/#webpage","url":"https:\/\/www.visit-ulcinj.com\/blog\/2014\/10\/12\/nevoja-per-themelim-e-teatrit-shqiptar-ne-mal-te-zi\/","name":"Nevoja p\u00ebr themelim e Teatrit Shqiptar n\u00eb Mal t\u00eb Zi - Lajme nga Ulqini","isPartOf":{"@id":"https:\/\/www.visit-ulcinj.com\/blog\/#website"},"primaryImageOfPage":{"@id":"https:\/\/www.visit-ulcinj.com\/blog\/2014\/10\/12\/nevoja-per-themelim-e-teatrit-shqiptar-ne-mal-te-zi\/#primaryimage"},"datePublished":"2014-10-12T12:38:30+00:00","dateModified":"2014-10-12T12:41:01+00:00","author":{"@id":"https:\/\/www.visit-ulcinj.com\/blog\/#\/schema\/person\/dcab619c614d3038751c63bc2aadc06d"},"description":"N\u00eb kuad\u00ebr t\u00eb Bienales t\u00eb Teatrit Malazez, n\u00eb Teatrin Popullor t\u00eb Malit t\u00eb Zi (TPM- CNP) u promovua vepra e fundit e akademikut e kritikut teatror malazez,","breadcrumb":{"@id":"https:\/\/www.visit-ulcinj.com\/blog\/2014\/10\/12\/nevoja-per-themelim-e-teatrit-shqiptar-ne-mal-te-zi\/#breadcrumb"},"inLanguage":"en-US","potentialAction":[{"@type":"ReadAction","target":["https:\/\/www.visit-ulcinj.com\/blog\/2014\/10\/12\/nevoja-per-themelim-e-teatrit-shqiptar-ne-mal-te-zi\/"]}]},{"@type":"BreadcrumbList","@id":"https:\/\/www.visit-ulcinj.com\/blog\/2014\/10\/12\/nevoja-per-themelim-e-teatrit-shqiptar-ne-mal-te-zi\/#breadcrumb","itemListElement":[{"@type":"ListItem","position":1,"name":"Nevoja p\u00ebr themelim e Teatrit Shqiptar n\u00eb Mal t\u00eb Zi"}]},{"@type":"Person","@id":"https:\/\/www.visit-ulcinj.com\/blog\/#\/schema\/person\/dcab619c614d3038751c63bc2aadc06d","name":"ulqini","sameAs":["http:\/\/www.visit-ulcinj.com"],"url":"https:\/\/www.visit-ulcinj.com\/blog\/author\/admin\/"}]}},"jetpack_featured_media_url":"","jetpack_sharing_enabled":true,"jetpack_shortlink":"https:\/\/wp.me\/pe6lTn-mhe","_links":{"self":[{"href":"https:\/\/www.visit-ulcinj.com\/blog\/wp-json\/wp\/v2\/posts\/85636"}],"collection":[{"href":"https:\/\/www.visit-ulcinj.com\/blog\/wp-json\/wp\/v2\/posts"}],"about":[{"href":"https:\/\/www.visit-ulcinj.com\/blog\/wp-json\/wp\/v2\/types\/post"}],"author":[{"embeddable":true,"href":"https:\/\/www.visit-ulcinj.com\/blog\/wp-json\/wp\/v2\/users\/1"}],"replies":[{"embeddable":true,"href":"https:\/\/www.visit-ulcinj.com\/blog\/wp-json\/wp\/v2\/comments?post=85636"}],"version-history":[{"count":2,"href":"https:\/\/www.visit-ulcinj.com\/blog\/wp-json\/wp\/v2\/posts\/85636\/revisions"}],"predecessor-version":[{"id":85639,"href":"https:\/\/www.visit-ulcinj.com\/blog\/wp-json\/wp\/v2\/posts\/85636\/revisions\/85639"}],"wp:attachment":[{"href":"https:\/\/www.visit-ulcinj.com\/blog\/wp-json\/wp\/v2\/media?parent=85636"}],"wp:term":[{"taxonomy":"category","embeddable":true,"href":"https:\/\/www.visit-ulcinj.com\/blog\/wp-json\/wp\/v2\/categories?post=85636"},{"taxonomy":"post_tag","embeddable":true,"href":"https:\/\/www.visit-ulcinj.com\/blog\/wp-json\/wp\/v2\/tags?post=85636"}],"curies":[{"name":"wp","href":"https:\/\/api.w.org\/{rel}","templated":true}]}}