{"id":8564,"date":"2009-01-11T17:03:01","date_gmt":"2009-01-11T16:03:01","guid":{"rendered":"http:\/\/www.visit-ulcinj.com\/blog\/?p=8564"},"modified":"2009-01-11T17:03:06","modified_gmt":"2009-01-11T16:03:06","slug":"viti-2008-dhe-shqiptaret-e-malit-te-zi","status":"publish","type":"post","link":"https:\/\/www.visit-ulcinj.com\/blog\/2009\/01\/11\/viti-2008-dhe-shqiptaret-e-malit-te-zi\/","title":{"rendered":"Viti 2008 dhe shqiptar\u00ebt e Malit t\u00eb Zi"},"content":{"rendered":"<p><!--[if gte mso 9]><xml> <w:WordDocument> <w:View>Normal<\/w:View> <w:Zoom>0<\/w:Zoom> <w:TrackMoves \/> <w:TrackFormatting \/> <w:HyphenationZone>21<\/w:HyphenationZone> <w:PunctuationKerning \/> <w:ValidateAgainstSchemas \/> <w:SaveIfXMLInvalid>false<\/w:SaveIfXMLInvalid> <w:IgnoreMixedContent>false<\/w:IgnoreMixedContent> <w:AlwaysShowPlaceholderText>false<\/w:AlwaysShowPlaceholderText> <w:DoNotPromoteQF \/> <w:LidThemeOther>FR-CH<\/w:LidThemeOther> <w:LidThemeAsian>X-NONE<\/w:LidThemeAsian> <w:LidThemeComplexScript>X-NONE<\/w:LidThemeComplexScript> <w:Compatibility> <w:BreakWrappedTables \/> <w:SnapToGridInCell \/> <w:WrapTextWithPunct \/> <w:UseAsianBreakRules \/> <w:DontGrowAutofit \/> <w:SplitPgBreakAndParaMark \/> <w:DontVertAlignCellWithSp \/> <w:DontBreakConstrainedForcedTables \/> <w:DontVertAlignInTxbx \/> <w:Word11KerningPairs \/> <w:CachedColBalance \/> <\/w:Compatibility> <w:BrowserLevel>MicrosoftInternetExplorer4<\/w:BrowserLevel> <m:mathPr> <m:mathFont m:val=\"Cambria Math\" \/> <m:brkBin m:val=\"before\" \/> <m:brkBinSub m:val=\" \" \/> <m:smallFrac m:val=\"off\" \/> <m:dispDef \/> <m:lMargin m:val=\"0\" \/> <m:rMargin m:val=\"0\" \/> <m:defJc m:val=\"centerGroup\" \/> <m:wrapIndent m:val=\"1440\" \/> <m:intLim m:val=\"subSup\" \/> <m:naryLim m:val=\"undOvr\" \/> <\/m:mathPr><\/w:WordDocument> <\/xml><![endif]--><!--[if gte mso 9]><xml> <w:LatentStyles DefLockedState=\"false\" DefUnhideWhenUsed=\"true\"   DefSemiHidden=\"true\" DefQFormat=\"false\" DefPriority=\"99\"   LatentStyleCount=\"267\"> <w:LsdException Locked=\"false\" Priority=\"0\" SemiHidden=\"false\"    UnhideWhenUsed=\"false\" QFormat=\"true\" Name=\"Normal\" \/> <w:LsdException Locked=\"false\" Priority=\"9\" SemiHidden=\"false\"    UnhideWhenUsed=\"false\" QFormat=\"true\" Name=\"heading 1\" \/> <w:LsdException Locked=\"false\" Priority=\"9\" QFormat=\"true\" Name=\"heading 2\" \/> <w:LsdException Locked=\"false\" Priority=\"9\" QFormat=\"true\" Name=\"heading 3\" \/> <w:LsdException Locked=\"false\" Priority=\"9\" QFormat=\"true\" Name=\"heading 4\" \/> <w:LsdException Locked=\"false\" Priority=\"9\" QFormat=\"true\" Name=\"heading 5\" \/> <w:LsdException Locked=\"false\" Priority=\"9\" QFormat=\"true\" Name=\"heading 6\" \/> <w:LsdException Locked=\"false\" Priority=\"9\" QFormat=\"true\" Name=\"heading 7\" \/> <w:LsdException Locked=\"false\" Priority=\"9\" QFormat=\"true\" Name=\"heading 8\" \/> <w:LsdException Locked=\"false\" Priority=\"9\" QFormat=\"true\" Name=\"heading 9\" \/> <w:LsdException Locked=\"false\" Priority=\"39\" Name=\"toc 1\" \/> <w:LsdException Locked=\"false\" Priority=\"39\" Name=\"toc 2\" \/> <w:LsdException Locked=\"false\" Priority=\"39\" Name=\"toc 3\" \/> <w:LsdException Locked=\"false\" Priority=\"39\" Name=\"toc 4\" \/> <w:LsdException Locked=\"false\" Priority=\"39\" Name=\"toc 5\" \/> <w:LsdException Locked=\"false\" Priority=\"39\" Name=\"toc 6\" \/> <w:LsdException Locked=\"false\" Priority=\"39\" Name=\"toc 7\" \/> <w:LsdException Locked=\"false\" Priority=\"39\" Name=\"toc 8\" \/> <w:LsdException Locked=\"false\" Priority=\"39\" Name=\"toc 9\" \/> <w:LsdException Locked=\"false\" Priority=\"35\" QFormat=\"true\" Name=\"caption\" \/> <w:LsdException Locked=\"false\" Priority=\"10\" SemiHidden=\"false\"    UnhideWhenUsed=\"false\" QFormat=\"true\" Name=\"Title\" \/> <w:LsdException Locked=\"false\" Priority=\"1\" Name=\"Default Paragraph Font\" \/> <w:LsdException Locked=\"false\" Priority=\"11\" SemiHidden=\"false\"    UnhideWhenUsed=\"false\" QFormat=\"true\" Name=\"Subtitle\" \/> <w:LsdException Locked=\"false\" Priority=\"22\" SemiHidden=\"false\"    UnhideWhenUsed=\"false\" QFormat=\"true\" Name=\"Strong\" \/> <w:LsdException Locked=\"false\" Priority=\"20\" SemiHidden=\"false\"    UnhideWhenUsed=\"false\" QFormat=\"true\" Name=\"Emphasis\" \/> <w:LsdException Locked=\"false\" Priority=\"59\" SemiHidden=\"false\"    UnhideWhenUsed=\"false\" Name=\"Table Grid\" \/> <w:LsdException Locked=\"false\" UnhideWhenUsed=\"false\" Name=\"Placeholder Text\" \/> <w:LsdException Locked=\"false\" Priority=\"1\" SemiHidden=\"false\"    UnhideWhenUsed=\"false\" QFormat=\"true\" Name=\"No Spacing\" \/> <w:LsdException Locked=\"false\" Priority=\"60\" SemiHidden=\"false\"    UnhideWhenUsed=\"false\" Name=\"Light Shading\" \/> <w:LsdException Locked=\"false\" Priority=\"61\" SemiHidden=\"false\"    UnhideWhenUsed=\"false\" Name=\"Light List\" \/> <w:LsdException Locked=\"false\" Priority=\"62\" SemiHidden=\"false\"    UnhideWhenUsed=\"false\" Name=\"Light Grid\" \/> <w:LsdException Locked=\"false\" Priority=\"63\" SemiHidden=\"false\"    UnhideWhenUsed=\"false\" Name=\"Medium Shading 1\" \/> <w:LsdException Locked=\"false\" Priority=\"64\" SemiHidden=\"false\"    UnhideWhenUsed=\"false\" Name=\"Medium Shading 2\" \/> <w:LsdException Locked=\"false\" Priority=\"65\" SemiHidden=\"false\"    UnhideWhenUsed=\"false\" Name=\"Medium List 1\" \/> <w:LsdException Locked=\"false\" Priority=\"66\" SemiHidden=\"false\"    UnhideWhenUsed=\"false\" Name=\"Medium List 2\" \/> <w:LsdException Locked=\"false\" Priority=\"67\" SemiHidden=\"false\"    UnhideWhenUsed=\"false\" Name=\"Medium Grid 1\" \/> <w:LsdException Locked=\"false\" Priority=\"68\" SemiHidden=\"false\"    UnhideWhenUsed=\"false\" Name=\"Medium Grid 2\" \/> <w:LsdException Locked=\"false\" Priority=\"69\" SemiHidden=\"false\"    UnhideWhenUsed=\"false\" Name=\"Medium Grid 3\" \/> <w:LsdException Locked=\"false\" Priority=\"70\" SemiHidden=\"false\"    UnhideWhenUsed=\"false\" Name=\"Dark List\" \/> <w:LsdException Locked=\"false\" Priority=\"71\" SemiHidden=\"false\"    UnhideWhenUsed=\"false\" Name=\"Colorful Shading\" \/> <w:LsdException Locked=\"false\" Priority=\"72\" SemiHidden=\"false\"    UnhideWhenUsed=\"false\" Name=\"Colorful List\" \/> <w:LsdException Locked=\"false\" Priority=\"73\" SemiHidden=\"false\"    UnhideWhenUsed=\"false\" Name=\"Colorful Grid\" \/> <w:LsdException Locked=\"false\" Priority=\"60\" SemiHidden=\"false\"    UnhideWhenUsed=\"false\" Name=\"Light Shading Accent 1\" \/> <w:LsdException Locked=\"false\" Priority=\"61\" SemiHidden=\"false\"    UnhideWhenUsed=\"false\" Name=\"Light List Accent 1\" \/> <w:LsdException Locked=\"false\" Priority=\"62\" SemiHidden=\"false\"    UnhideWhenUsed=\"false\" Name=\"Light Grid Accent 1\" \/> <w:LsdException Locked=\"false\" Priority=\"63\" SemiHidden=\"false\"    UnhideWhenUsed=\"false\" Name=\"Medium Shading 1 Accent 1\" \/> <w:LsdException Locked=\"false\" Priority=\"64\" SemiHidden=\"false\"    UnhideWhenUsed=\"false\" Name=\"Medium Shading 2 Accent 1\" \/> <w:LsdException Locked=\"false\" Priority=\"65\" SemiHidden=\"false\"    UnhideWhenUsed=\"false\" Name=\"Medium List 1 Accent 1\" \/> <w:LsdException Locked=\"false\" UnhideWhenUsed=\"false\" Name=\"Revision\" \/> <w:LsdException Locked=\"false\" Priority=\"34\" SemiHidden=\"false\"    UnhideWhenUsed=\"false\" QFormat=\"true\" Name=\"List Paragraph\" \/> <w:LsdException Locked=\"false\" Priority=\"29\" SemiHidden=\"false\"    UnhideWhenUsed=\"false\" QFormat=\"true\" Name=\"Quote\" \/> <w:LsdException Locked=\"false\" Priority=\"30\" SemiHidden=\"false\"    UnhideWhenUsed=\"false\" QFormat=\"true\" Name=\"Intense Quote\" \/> <w:LsdException Locked=\"false\" Priority=\"66\" SemiHidden=\"false\"    UnhideWhenUsed=\"false\" Name=\"Medium List 2 Accent 1\" \/> <w:LsdException Locked=\"false\" Priority=\"67\" SemiHidden=\"false\"    UnhideWhenUsed=\"false\" Name=\"Medium Grid 1 Accent 1\" \/> <w:LsdException Locked=\"false\" Priority=\"68\" SemiHidden=\"false\"    UnhideWhenUsed=\"false\" Name=\"Medium Grid 2 Accent 1\" \/> <w:LsdException Locked=\"false\" Priority=\"69\" SemiHidden=\"false\"    UnhideWhenUsed=\"false\" Name=\"Medium Grid 3 Accent 1\" \/> <w:LsdException Locked=\"false\" Priority=\"70\" SemiHidden=\"false\"    UnhideWhenUsed=\"false\" Name=\"Dark List Accent 1\" \/> <w:LsdException Locked=\"false\" Priority=\"71\" SemiHidden=\"false\"    UnhideWhenUsed=\"false\" Name=\"Colorful Shading Accent 1\" \/> <w:LsdException Locked=\"false\" Priority=\"72\" SemiHidden=\"false\"    UnhideWhenUsed=\"false\" Name=\"Colorful List Accent 1\" \/> <w:LsdException Locked=\"false\" Priority=\"73\" SemiHidden=\"false\"    UnhideWhenUsed=\"false\" Name=\"Colorful Grid Accent 1\" \/> <w:LsdException Locked=\"false\" Priority=\"60\" SemiHidden=\"false\"    UnhideWhenUsed=\"false\" Name=\"Light Shading Accent 2\" \/> <w:LsdException Locked=\"false\" Priority=\"61\" SemiHidden=\"false\"    UnhideWhenUsed=\"false\" Name=\"Light List Accent 2\" \/> <w:LsdException Locked=\"false\" Priority=\"62\" SemiHidden=\"false\"    UnhideWhenUsed=\"false\" Name=\"Light Grid Accent 2\" \/> <w:LsdException Locked=\"false\" Priority=\"63\" SemiHidden=\"false\"    UnhideWhenUsed=\"false\" Name=\"Medium Shading 1 Accent 2\" \/> <w:LsdException Locked=\"false\" Priority=\"64\" SemiHidden=\"false\"    UnhideWhenUsed=\"false\" Name=\"Medium Shading 2 Accent 2\" \/> <w:LsdException Locked=\"false\" Priority=\"65\" SemiHidden=\"false\"    UnhideWhenUsed=\"false\" Name=\"Medium List 1 Accent 2\" \/> <w:LsdException Locked=\"false\" Priority=\"66\" SemiHidden=\"false\"    UnhideWhenUsed=\"false\" Name=\"Medium List 2 Accent 2\" \/> <w:LsdException Locked=\"false\" Priority=\"67\" SemiHidden=\"false\"    UnhideWhenUsed=\"false\" Name=\"Medium Grid 1 Accent 2\" \/> <w:LsdException Locked=\"false\" Priority=\"68\" SemiHidden=\"false\"    UnhideWhenUsed=\"false\" Name=\"Medium Grid 2 Accent 2\" \/> <w:LsdException Locked=\"false\" Priority=\"69\" SemiHidden=\"false\"    UnhideWhenUsed=\"false\" Name=\"Medium Grid 3 Accent 2\" \/> <w:LsdException Locked=\"false\" Priority=\"70\" SemiHidden=\"false\"    UnhideWhenUsed=\"false\" Name=\"Dark List Accent 2\" \/> <w:LsdException Locked=\"false\" Priority=\"71\" SemiHidden=\"false\"    UnhideWhenUsed=\"false\" Name=\"Colorful Shading Accent 2\" \/> <w:LsdException Locked=\"false\" Priority=\"72\" SemiHidden=\"false\"    UnhideWhenUsed=\"false\" Name=\"Colorful List Accent 2\" \/> <w:LsdException Locked=\"false\" Priority=\"73\" SemiHidden=\"false\"    UnhideWhenUsed=\"false\" Name=\"Colorful Grid Accent 2\" \/> <w:LsdException Locked=\"false\" Priority=\"60\" SemiHidden=\"false\"    UnhideWhenUsed=\"false\" Name=\"Light Shading Accent 3\" \/> <w:LsdException Locked=\"false\" Priority=\"61\" SemiHidden=\"false\"    UnhideWhenUsed=\"false\" Name=\"Light List Accent 3\" \/> <w:LsdException Locked=\"false\" Priority=\"62\" SemiHidden=\"false\"    UnhideWhenUsed=\"false\" Name=\"Light Grid Accent 3\" \/> <w:LsdException Locked=\"false\" Priority=\"63\" SemiHidden=\"false\"    UnhideWhenUsed=\"false\" Name=\"Medium Shading 1 Accent 3\" \/> <w:LsdException Locked=\"false\" Priority=\"64\" SemiHidden=\"false\"    UnhideWhenUsed=\"false\" Name=\"Medium Shading 2 Accent 3\" \/> <w:LsdException Locked=\"false\" Priority=\"65\" SemiHidden=\"false\"    UnhideWhenUsed=\"false\" Name=\"Medium List 1 Accent 3\" \/> <w:LsdException Locked=\"false\" Priority=\"66\" SemiHidden=\"false\"    UnhideWhenUsed=\"false\" Name=\"Medium List 2 Accent 3\" \/> <w:LsdException Locked=\"false\" Priority=\"67\" SemiHidden=\"false\"    UnhideWhenUsed=\"false\" Name=\"Medium Grid 1 Accent 3\" \/> <w:LsdException Locked=\"false\" Priority=\"68\" SemiHidden=\"false\"    UnhideWhenUsed=\"false\" Name=\"Medium Grid 2 Accent 3\" \/> <w:LsdException Locked=\"false\" Priority=\"69\" SemiHidden=\"false\"    UnhideWhenUsed=\"false\" Name=\"Medium Grid 3 Accent 3\" \/> <w:LsdException Locked=\"false\" Priority=\"70\" SemiHidden=\"false\"    UnhideWhenUsed=\"false\" Name=\"Dark List Accent 3\" \/> <w:LsdException Locked=\"false\" Priority=\"71\" SemiHidden=\"false\"    UnhideWhenUsed=\"false\" Name=\"Colorful Shading Accent 3\" \/> <w:LsdException Locked=\"false\" Priority=\"72\" SemiHidden=\"false\"    UnhideWhenUsed=\"false\" Name=\"Colorful List Accent 3\" \/> <w:LsdException Locked=\"false\" Priority=\"73\" SemiHidden=\"false\"    UnhideWhenUsed=\"false\" Name=\"Colorful Grid Accent 3\" \/> <w:LsdException Locked=\"false\" Priority=\"60\" SemiHidden=\"false\"    UnhideWhenUsed=\"false\" Name=\"Light Shading Accent 4\" \/> <w:LsdException Locked=\"false\" Priority=\"61\" SemiHidden=\"false\"    UnhideWhenUsed=\"false\" Name=\"Light List Accent 4\" \/> <w:LsdException Locked=\"false\" Priority=\"62\" SemiHidden=\"false\"    UnhideWhenUsed=\"false\" Name=\"Light Grid Accent 4\" \/> <w:LsdException Locked=\"false\" Priority=\"63\" SemiHidden=\"false\"    UnhideWhenUsed=\"false\" Name=\"Medium Shading 1 Accent 4\" \/> <w:LsdException Locked=\"false\" Priority=\"64\" SemiHidden=\"false\"    UnhideWhenUsed=\"false\" Name=\"Medium Shading 2 Accent 4\" \/> <w:LsdException Locked=\"false\" Priority=\"65\" SemiHidden=\"false\"    UnhideWhenUsed=\"false\" Name=\"Medium List 1 Accent 4\" \/> <w:LsdException Locked=\"false\" Priority=\"66\" SemiHidden=\"false\"    UnhideWhenUsed=\"false\" Name=\"Medium List 2 Accent 4\" \/> <w:LsdException Locked=\"false\" Priority=\"67\" SemiHidden=\"false\"    UnhideWhenUsed=\"false\" Name=\"Medium Grid 1 Accent 4\" \/> <w:LsdException Locked=\"false\" Priority=\"68\" SemiHidden=\"false\"    UnhideWhenUsed=\"false\" Name=\"Medium Grid 2 Accent 4\" \/> <w:LsdException Locked=\"false\" Priority=\"69\" SemiHidden=\"false\"    UnhideWhenUsed=\"false\" Name=\"Medium Grid 3 Accent 4\" \/> <w:LsdException Locked=\"false\" Priority=\"70\" SemiHidden=\"false\"    UnhideWhenUsed=\"false\" Name=\"Dark List Accent 4\" \/> <w:LsdException Locked=\"false\" Priority=\"71\" SemiHidden=\"false\"    UnhideWhenUsed=\"false\" Name=\"Colorful Shading Accent 4\" \/> <w:LsdException Locked=\"false\" Priority=\"72\" SemiHidden=\"false\"    UnhideWhenUsed=\"false\" Name=\"Colorful List Accent 4\" \/> <w:LsdException Locked=\"false\" Priority=\"73\" SemiHidden=\"false\"    UnhideWhenUsed=\"false\" Name=\"Colorful Grid Accent 4\" \/> <w:LsdException Locked=\"false\" Priority=\"60\" SemiHidden=\"false\"    UnhideWhenUsed=\"false\" Name=\"Light Shading Accent 5\" \/> <w:LsdException Locked=\"false\" Priority=\"61\" SemiHidden=\"false\"    UnhideWhenUsed=\"false\" Name=\"Light List Accent 5\" \/> <w:LsdException Locked=\"false\" Priority=\"62\" SemiHidden=\"false\"    UnhideWhenUsed=\"false\" Name=\"Light Grid Accent 5\" \/> <w:LsdException Locked=\"false\" Priority=\"63\" SemiHidden=\"false\"    UnhideWhenUsed=\"false\" Name=\"Medium Shading 1 Accent 5\" \/> <w:LsdException Locked=\"false\" Priority=\"64\" SemiHidden=\"false\"    UnhideWhenUsed=\"false\" Name=\"Medium Shading 2 Accent 5\" \/> <w:LsdException Locked=\"false\" Priority=\"65\" SemiHidden=\"false\"    UnhideWhenUsed=\"false\" Name=\"Medium List 1 Accent 5\" \/> <w:LsdException Locked=\"false\" Priority=\"66\" SemiHidden=\"false\"    UnhideWhenUsed=\"false\" Name=\"Medium List 2 Accent 5\" \/> <w:LsdException Locked=\"false\" Priority=\"67\" SemiHidden=\"false\"    UnhideWhenUsed=\"false\" Name=\"Medium Grid 1 Accent 5\" \/> <w:LsdException Locked=\"false\" Priority=\"68\" SemiHidden=\"false\"    UnhideWhenUsed=\"false\" Name=\"Medium Grid 2 Accent 5\" \/> <w:LsdException Locked=\"false\" Priority=\"69\" SemiHidden=\"false\"    UnhideWhenUsed=\"false\" Name=\"Medium Grid 3 Accent 5\" \/> <w:LsdException Locked=\"false\" Priority=\"70\" SemiHidden=\"false\"    UnhideWhenUsed=\"false\" Name=\"Dark List Accent 5\" \/> <w:LsdException Locked=\"false\" Priority=\"71\" SemiHidden=\"false\"    UnhideWhenUsed=\"false\" Name=\"Colorful Shading Accent 5\" \/> <w:LsdException Locked=\"false\" Priority=\"72\" SemiHidden=\"false\"    UnhideWhenUsed=\"false\" Name=\"Colorful List Accent 5\" \/> <w:LsdException Locked=\"false\" Priority=\"73\" SemiHidden=\"false\"    UnhideWhenUsed=\"false\" Name=\"Colorful Grid Accent 5\" \/> <w:LsdException Locked=\"false\" Priority=\"60\" SemiHidden=\"false\"    UnhideWhenUsed=\"false\" Name=\"Light Shading Accent 6\" \/> <w:LsdException Locked=\"false\" Priority=\"61\" SemiHidden=\"false\"    UnhideWhenUsed=\"false\" Name=\"Light List Accent 6\" \/> <w:LsdException Locked=\"false\" Priority=\"62\" SemiHidden=\"false\"    UnhideWhenUsed=\"false\" Name=\"Light Grid Accent 6\" \/> <w:LsdException Locked=\"false\" Priority=\"63\" SemiHidden=\"false\"    UnhideWhenUsed=\"false\" Name=\"Medium Shading 1 Accent 6\" \/> <w:LsdException Locked=\"false\" Priority=\"64\" SemiHidden=\"false\"    UnhideWhenUsed=\"false\" Name=\"Medium Shading 2 Accent 6\" \/> <w:LsdException Locked=\"false\" Priority=\"65\" SemiHidden=\"false\"    UnhideWhenUsed=\"false\" Name=\"Medium List 1 Accent 6\" \/> <w:LsdException Locked=\"false\" Priority=\"66\" SemiHidden=\"false\"    UnhideWhenUsed=\"false\" Name=\"Medium List 2 Accent 6\" \/> <w:LsdException Locked=\"false\" Priority=\"67\" SemiHidden=\"false\"    UnhideWhenUsed=\"false\" Name=\"Medium Grid 1 Accent 6\" \/> <w:LsdException Locked=\"false\" Priority=\"68\" SemiHidden=\"false\"    UnhideWhenUsed=\"false\" Name=\"Medium Grid 2 Accent 6\" \/> <w:LsdException Locked=\"false\" Priority=\"69\" SemiHidden=\"false\"    UnhideWhenUsed=\"false\" Name=\"Medium Grid 3 Accent 6\" \/> <w:LsdException Locked=\"false\" Priority=\"70\" SemiHidden=\"false\"    UnhideWhenUsed=\"false\" Name=\"Dark List Accent 6\" \/> <w:LsdException Locked=\"false\" Priority=\"71\" SemiHidden=\"false\"    UnhideWhenUsed=\"false\" Name=\"Colorful Shading Accent 6\" \/> <w:LsdException Locked=\"false\" Priority=\"72\" SemiHidden=\"false\"    UnhideWhenUsed=\"false\" Name=\"Colorful List Accent 6\" \/> <w:LsdException Locked=\"false\" Priority=\"73\" SemiHidden=\"false\"    UnhideWhenUsed=\"false\" Name=\"Colorful Grid Accent 6\" \/> <w:LsdException Locked=\"false\" Priority=\"19\" SemiHidden=\"false\"    UnhideWhenUsed=\"false\" QFormat=\"true\" Name=\"Subtle Emphasis\" \/> <w:LsdException Locked=\"false\" Priority=\"21\" SemiHidden=\"false\"    UnhideWhenUsed=\"false\" QFormat=\"true\" Name=\"Intense Emphasis\" \/> <w:LsdException Locked=\"false\" Priority=\"31\" SemiHidden=\"false\"    UnhideWhenUsed=\"false\" QFormat=\"true\" Name=\"Subtle Reference\" \/> <w:LsdException Locked=\"false\" Priority=\"32\" SemiHidden=\"false\"    UnhideWhenUsed=\"false\" QFormat=\"true\" Name=\"Intense Reference\" \/> <w:LsdException Locked=\"false\" Priority=\"33\" SemiHidden=\"false\"    UnhideWhenUsed=\"false\" QFormat=\"true\" Name=\"Book Title\" \/> <w:LsdException Locked=\"false\" Priority=\"37\" Name=\"Bibliography\" \/> <w:LsdException Locked=\"false\" Priority=\"39\" QFormat=\"true\" Name=\"TOC Heading\" \/> <\/w:LatentStyles> <\/xml><![endif]--> <!--[if gte mso 10]>\n<mce:style><!   \/* Style Definitions *\/  table.MsoNormalTable \t{mso-style-name:\"Tableau Normal\"; \tmso-tstyle-rowband-size:0; \tmso-tstyle-colband-size:0; \tmso-style-noshow:yes; \tmso-style-priority:99; \tmso-style-qformat:yes; \tmso-style-parent:\"\"; \tmso-padding-alt:0cm 5.4pt 0cm 5.4pt; \tmso-para-margin-top:0cm; \tmso-para-margin-right:0cm; \tmso-para-margin-bottom:10.0pt; \tmso-para-margin-left:0cm; \tline-height:115%; \tmso-pagination:widow-orphan; \tfont-size:11.0pt; \tfont-family:\"Calibri\",\"sans-serif\"; \tmso-ascii-font-family:Calibri; \tmso-ascii-theme-font:minor-latin; \tmso-fareast-font-family:\"Times New Roman\"; \tmso-fareast-theme-font:minor-fareast; \tmso-hansi-font-family:Calibri; \tmso-hansi-theme-font:minor-latin;} --><\/p>\n<p><!--[endif]--><strong><a rel=\"attachment wp-att-8569\" href=\"http:\/\/www.visit-ulcinj.com\/blog\/2009\/01\/11\/viti-2008-dhe-shqiptaret-e-malit-te-zi\/nikolle-camaj\/\"><img loading=\"lazy\" class=\"alignleft size-full wp-image-8569\" title=\"nikolle-camaj\" src=\"http:\/\/www.visit-ulcinj.com\/blog\/wp-content\/uploads\/2009\/01\/nikolle-camaj.jpg\" alt=\"nikolle-camaj\" width=\"297\" height=\"364\" srcset=\"https:\/\/www.visit-ulcinj.com\/blog\/wp-content\/uploads\/2009\/01\/nikolle-camaj.jpg 259w, https:\/\/www.visit-ulcinj.com\/blog\/wp-content\/uploads\/2009\/01\/nikolle-camaj-244x300.jpg 244w\" sizes=\"(max-width: 297px) 100vw, 297px\" \/><\/a>Me Kosov\u00ebn e pavarur dhe Shqip\u00ebrin\u00eb n\u00eb NATO, edhe ne presim dit\u00eb m\u00eb t\u00eb mira<\/strong><strong><\/strong><span style=\"font-size: 10pt; font-family: &quot;Arial&quot;,&quot;sans-serif&quot;;\"> Do t\u00eb isha jo i sinqert\u00eb po t\u00eb thoja se n\u00eb Mal t\u00eb Zi nuk ka asnj\u00eb l\u00ebvizje p\u00ebr t\u00eb mir\u00eb, sidomos sa i p\u00ebrket standardit, por p\u00ebrsa i p\u00ebrket ruajtjes s\u00eb indentitetit komb\u00ebtar dhe pozit\u00ebs s\u00eb shqiptar\u00ebve, kam frik\u00eb se n\u00eb k\u00ebto rrethana ai vet\u00ebm mund t\u00eb zbehet. E pra, kurr\u00eb nuk ka qen\u00eb nevoja m\u00eb e vog\u00ebl, e rreziku m\u00eb i madh se tash, q\u00eb t\u00eb na g\u00eblltis\u00eb asimilimi. Integrimet brenda shtetit t\u00eb Malit t\u00eb Zi, pa integrime gjitheuropiane, ku do t\u00eb ishin edhe t\u00eb gjith\u00eb shqitar\u00ebt e tjer\u00eb, do t\u00eb na \u00e7onin drejt rrug\u00ebs pa kthim, rrug\u00ebs s\u00eb asimilimit.<br \/>\nT\u00eb shkruash p\u00ebr at\u00eb se \u00e7ka ishte viti 2008 p\u00ebr shqiptar\u00ebt, \u00ebsht\u00eb pun\u00eb q\u00eb k\u00ebrkon p\u00ebrkushtim t\u00eb ve\u00e7ant\u00eb n\u00eb m\u00ebnyr\u00eb q\u00eb t\u00eb mos l\u00ebsh pa evidencuar shum\u00eb gj\u00ebra t\u00eb r\u00ebnd\u00ebsishme, t\u00eb cilat, karshi sukseseve evidente n\u00eb rrafshin gjith\u00ebshqiptar, mund t\u00eb duken t\u00eb vogla, prandaj rrezikojn\u00eb t\u00eb humben nd\u00ebr \u00e7\u00ebshtjet e tjera t\u00eb m\u00ebdha, sikur humbet gjilp\u00ebra n\u00eb nj\u00eb mullar sane. Gjith\u00ebsesi, viti q\u00eb po l\u00ebm\u00eb pas, n\u00eb rrafshin gjith\u00ebshqiptar, ishte vit i sukseseve t\u00eb m\u00ebdha. N\u00eb radh\u00eb t\u00eb par\u00eb, ne ishim d\u00ebshmitar\u00eb t\u00eb nj\u00eb ngjarjeje t\u00eb madhe mbar\u00ebkomb\u00ebtare, t\u00eb pritur gjat\u00eb, shpalljes s\u00eb pavar\u00ebsis\u00eb s\u00eb Kosov\u00ebs. Pastaj t\u00eb pranimit t\u00eb Shqip\u00ebris\u00eb n\u00eb NATO, q\u00eb po ashtu ishte nd\u00ebr ngjarjet madhore me p\u00ebrmasa mbar\u00ebshqiptare. Sidomos kur dihet se an\u00ebtar\u00ebsimi n\u00eb k\u00ebt\u00eb organizat\u00eb n\u00ebnkupton, n\u00eb radh\u00eb t\u00eb par\u00eb, an\u00ebtar\u00ebsimin n\u00eb radh\u00ebn e vendeve demokratike me perspektiv\u00eb t\u00eb qart\u00eb dhe t\u00eb sigurt n\u00eb rrug\u00ebn euro-atlantike. Po ashtu, edhe njohja e Kosov\u00ebs nga shteti n\u00eb t\u00eb cilin ne jetojm\u00eb, mund t\u00eb radhitet n\u00eb ngjarje t\u00eb r\u00ebnd\u00ebsishme p\u00ebr shqiptar\u00ebt e k\u00ebtush\u00ebm si edhe p\u00ebr raportet n\u00eb Ballkanin e pasluft\u00ebs.<br \/>\nGjithnj\u00eb duke vler\u00ebsuar se k\u00ebto ngjarje e b\u00ebn\u00eb vitin 2008, vit t\u00eb shqiptar\u00ebve, duhet t\u00eb kemi parasysh se as k\u00ebto ngjarje madhore, as k\u00ebto suksese t\u00eb m\u00ebdha t\u00eb popullit ton\u00eb nuk i zgjidh\u00ebn shum\u00eb \u00e7\u00ebshtje t\u00eb tjera &#8220;t\u00eb vogla&#8221;, q\u00eb krahasuar me k\u00ebto t\u00eb sip\u00ebrp\u00ebrmendurat, ka mund\u00ebsi t\u00eb jen\u00eb n\u00eb pozit\u00eb inferiore, e nuk do t\u00eb duhej t\u00eb ishin t\u00eb tilla. Sidomos jo p\u00ebr ne shqiptar\u00ebt n\u00eb Malit t\u00eb Zi, pasi q\u00eb kemi shum\u00eb \u00e7\u00ebshtje t\u00eb pazgjidhura.<br \/>\nN\u00eb em\u00ebr t\u00eb k\u00ebtyre fitoreve, as ne, e as Shqip\u00ebria e Kosova, nuk do t\u00eb guxonim t\u00eb mbyllnim syt\u00eb para shkeljeve q\u00eb na b\u00ebhen n\u00eb shtetin ku ne jetojm\u00eb. Andaj, vet\u00ebk\u00ebnaqja nuk ka vend!<br \/>\nQ\u00eb n\u00eb fillim dua t\u00eb them se do t\u00eb isha jo i sinqert\u00eb po t\u00eb thoja se as k\u00ebtu nuk ka asnj\u00eb l\u00ebvizje p\u00ebr t\u00eb mir\u00eb, sidomos sa i p\u00ebrket standardit, por p\u00ebrsa i p\u00ebrket ruajtjes s\u00eb indentitetit komb\u00ebtar dhe pozit\u00ebs s\u00eb shqiptar\u00ebve, kam frik\u00eb se n\u00eb k\u00ebto rrethana ai vet\u00ebm mund t\u00eb zbehet. E pra, kurr\u00eb nuk ka qen\u00eb nevoja m\u00eb e vog\u00ebl, e rreziku m\u00eb i madh se tash, q\u00eb t\u00eb na g\u00eblltis\u00eb asimilimi. Integrimet brenda shtetit t\u00eb Malit t\u00eb Zi, pa integrime gjitheuropiane, ku do t\u00eb ishin edhe t\u00eb gjith\u00eb shqitar\u00ebt e tjer\u00eb, do t\u00eb na \u00e7onin drejt rrug\u00ebs pa kthim, rrug\u00ebs s\u00eb asimilimit.<br \/>\nPrivatizimi me tiparet kolonizuese, tentativa e nd\u00ebrrimit t\u00eb planifikuar t\u00eb struktur\u00ebs etnike, si\u00e7 po ndodh\u00eb n\u00eb Mal\u00ebsi dhe shpallja e parqeve nacionale n\u00eb t\u00eb gjith\u00eb hap\u00ebsir\u00ebn ku jetojn\u00eb shqiptar\u00ebt, \u00e7ka rrezikon q\u00eb shqiptar\u00ebt e Malit t\u00eb Zi t`i mbaj\u00eb edhe tutje, fizikisht t\u00eb ndar\u00eb nga pjesa tjet\u00ebr e trungut nacional, jan\u00eb vet\u00ebm disa nga shqet\u00ebsimet tona q\u00eb drua se p\u00ebrcaktojn\u00eb t\u00eb ardhmen ton\u00eb.<br \/>\nT\u00eb p\u00ebrmend k\u00ebtu edhe stagnimin n\u00eb realizimin e k\u00ebrkesave tona politike, si\u00e7 jan\u00eb definimi i statusit t\u00eb shqiptar\u00ebve n\u00eb Mal t\u00eb Zi, realizimi i k\u00ebrkes\u00ebs p\u00ebr vet\u00ebqeverisjen e plot\u00eb lokale n\u00eb trev\u00ebn e Mal\u00ebsis\u00eb, si e drejt\u00eb elementare n\u00eb afirmimin dhe zhvillimin e nj\u00eb pjese t\u00eb popullat\u00ebs n\u00eb shtetin n\u00eb t\u00eb cilin jetojm\u00eb. Pra, viti 2008 mbetet vet\u00ebm vit i pritjeve tona sa u p\u00ebrket k\u00ebtyre \u00e7\u00ebshtjeve t\u00eb cilat presin zgjidhje tashm\u00eb nj\u00eb koh\u00eb t\u00eb gjat\u00eb e t\u00eb cilat jan\u00eb pjesa kryesore n\u00eb angazhimin e LD n\u00eb MZ, subjektit t\u00eb par\u00eb politik t\u00eb shqiptar\u00ebve n\u00eb Mal t\u00eb Zi.<br \/>\nN\u00eb k\u00ebt\u00eb kontekst, nuk mund t\u00eb anashkalohet as fati, ende i panjohur, i t\u00eb burgosurve n\u00eb aksionin fam\u00ebkeq policor &#8220;Fluturimi i shiponj\u00ebs&#8221; dhe vazhdimi i tortur\u00ebs policore, gj\u00eb q\u00eb d\u00ebshmon se n\u00eb k\u00ebt\u00eb shtet ka mbetur edhe shum\u00eb p\u00ebr t`u punuar, p\u00ebr t`u shk\u00ebputur nga recidivat e s\u00eb kaluar\u00ebs, kur politika shtet\u00ebrore ishte antishqiptare. Nj\u00eb shoq\u00ebri q\u00eb arsyeton gabimet e veta, me gabime t\u00eb tjera, e pastaj ato i ndreq n\u00eb kurriz t\u00eb popullit t\u00eb vet, pa d\u00ebnimin e atyre q\u00eb gabuan, v\u00ebrtet jep pak shpres\u00eb t\u00eb gatishm\u00ebris\u00eb p\u00ebr p\u00ebrmir\u00ebsim, p\u00ebr lustracion, p\u00ebr ballafaqim me t\u00eb kaluar\u00ebn dhe p\u00ebr konsekuenca p\u00ebr individ\u00ebt q\u00eb b\u00ebjn\u00eb shkelje t\u00eb atilla q\u00eb madje ndotin shoq\u00ebrin\u00eb t\u00eb cil\u00ebs i takojn\u00eb.<br \/>\nMosgatishm\u00ebria p\u00ebr t\u00eb ndri\u00e7uar tortur\u00ebn policore ndaj t\u00eb arrestuarve, d\u00ebshmon se pushteti aktual as q\u00eb mund t\u00eb shk\u00ebputet nga recidivat e s\u00eb kaluar\u00ebs, nga ajo e kaluar e cila i ka shkaktuar pasoja t\u00eb r\u00ebnda popullat\u00ebs shiptare n\u00eb Mal t\u00eb Zi. Por, a thua edhe n\u00eb dit\u00ebt e sotme dikush duhet t\u00eb vuaj\u00eb pasojat e nj\u00eb idelogjie, t\u00eb cil\u00ebn e d\u00ebshmon edhe aksioni policor i sip\u00ebrp\u00ebrmendur. A thua nj\u00eb brutalitet i till\u00eb mbi shqiptar\u00ebt duhet edhe tutje t\u00eb heshtet gjat\u00eb bisedimeve dypal\u00ebshe me Tiran\u00ebn e Prishtin\u00ebn? A thua organet shtet\u00ebrore q\u00eb mbahen p\u00ebr organe q\u00eb ruajn\u00eb t\u00eb drejtat e njeriut apo t\u00eb pakicve, si ombudspersoni apo Ministria e Pakicave, guxojn\u00eb t\u00eb heshtin p\u00ebr k\u00ebt\u00eb padrejt\u00ebsi? P\u00ebr \u00e7far\u00eb interesash madhore b\u00ebhet kjo? A thua nj\u00eb dit\u00eb dikush do t\u00eb turp\u00ebrohet p\u00ebr k\u00ebt\u00eb? Nj\u00eb dit\u00eb, e cila p\u00ebr shum\u00ebk\u00eb mund t\u00eb jet\u00eb von\u00eb!<br \/>\nPara pak dit\u00ebsh lexojm\u00eb se Mali i Zi do t`u paguaj\u00eb d\u00ebmshp\u00ebrblimin familjeve t\u00eb boshnjak\u00ebve t\u00eb deportuar n\u00eb vitin 1992. Vite m\u00eb par\u00eb u pagoi d\u00ebmshp\u00ebrblimin an\u00ebtar\u00ebve t\u00eb Partis\u00eb s\u00eb Aksionit Demokratik, t\u00eb d\u00ebnuar n\u00eb vitin 1994. Nj\u00eb dit\u00eb, medoemos, do t`ua paguaj\u00eb edhe mal\u00ebsor\u00ebve t\u00eb prangosur n\u00eb shtator t\u00eb vitit 2006. Por, \u00e7\u00ebshtja \u00ebsht\u00eb, kur dhe nga parat\u00eb e kujt?! Nga parat\u00eb e popullit, natyrisht!<br \/>\nShkeljet q\u00eb i b\u00ebn pushteti paguhen me parat\u00eb e popullit, kurse fajtor\u00ebt rrin\u00eb t\u00eb lir\u00eb. E ata nuk do t\u00eb duhej t\u00eb ishin t\u00eb lir\u00eb, as nga fakti se shtetit i kan\u00eb sjell\u00eb damk\u00eb e d\u00ebme materiale, e aq m\u00eb tep\u00ebr p\u00ebr d\u00ebmin dhe damk\u00ebn q\u00eb u kan\u00eb sjell\u00eb viktimave.<br \/>\nSa na p\u00ebrket ne shqiptar\u00ebve q\u00eb jetojm\u00eb n\u00eb Mal t\u00eb Zi, edhe viti 2008 do t\u00eb mbetet vit i mosbashk\u00ebpunimit t\u00eb spektrit politik shqiptar, q\u00eb paraqet problem t\u00eb ve\u00e7ant\u00eb, n\u00eb radh\u00eb t\u00eb par\u00eb p\u00ebr arsye se kjo i leht\u00ebson pun\u00ebn pushtetit. K\u00ebt\u00eb e d\u00ebshmoi edhe themelimi i K\u00ebshillit Nacional t\u00eb Shqiptar\u00ebve, si nj\u00eb e arritur, n\u00eb pajtim me Kushtetut\u00ebn dhe drejt\u00ebsin\u00eb pozitive t\u00eb Mali t\u00eb Zi, por q\u00eb formimin dhe konstituimin e tij e kontestuan pik\u00ebrisht ata q\u00eb e kishin goj\u00ebn plot fjal\u00eb t\u00eb mira p\u00ebr k\u00ebt\u00eb t\u00eb arritur. N\u00eb vend q\u00eb ky K\u00ebshill t\u00eb jet\u00eb vendpjekja e t\u00eb gjith\u00eb shqiptar\u00ebve p\u00ebr t`i dh\u00ebn\u00eb kontribut ruajtjes s\u00eb indit nacional n\u00eb Mal t\u00eb Zi, ai po paraqitet si moll\u00eb sherri, mu nga ata q\u00eb e krijuan k\u00ebt\u00eb mund\u00ebsi.<br \/>\nSido q\u00eb t\u00eb jet\u00eb, me nj\u00eb Kosov\u00eb t\u00eb pavarur dhe me nj\u00eb Shqip\u00ebri n\u00eb NATO, edhe karshi problemeve tona evidente, edhe karshi frik\u00ebs q\u00eb t\u00eb mos p\u00ebrfundojm\u00eb si monedh\u00eb shk\u00ebmbimi, shpresoj se edhe p\u00ebr ne do t\u00eb vijn\u00eb dit\u00eb m\u00eb t\u00eb mira.<\/span><\/p>\n<p><span style=\"font-size: 10pt; font-family: &quot;Arial&quot;,&quot;sans-serif&quot;;\"><br \/>\n<strong>Nikoll\u00eb Camaj<br \/>\nKoha Javore<\/strong><\/span><\/p>\n","protected":false},"excerpt":{"rendered":"<p>Me Kosov\u00ebn e pavarur dhe Shqip\u00ebrin\u00eb n\u00eb NATO, edhe ne presim dit\u00eb m\u00eb t\u00eb mira Do t\u00eb isha jo i sinqert\u00eb po t\u00eb thoja se n\u00eb Mal t\u00eb Zi nuk ka asnj\u00eb l\u00ebvizje p\u00ebr t\u00eb mir\u00eb, sidomos sa i p\u00ebrket standardit, por p\u00ebrsa i p\u00ebrket ruajtjes s\u00eb indentitetit komb\u00ebtar dhe pozit\u00ebs s\u00eb shqiptar\u00ebve, kam frik\u00eb [&hellip;]<\/p>\n","protected":false},"author":1,"featured_media":0,"comment_status":"open","ping_status":"closed","sticky":false,"template":"","format":"standard","meta":{"spay_email":"","jetpack_publicize_message":"","jetpack_is_tweetstorm":false,"jetpack_publicize_feature_enabled":true},"categories":[12],"tags":[95,189,5674,753],"jetpack_publicize_connections":[],"yoast_head":"<!-- This site is optimized with the Yoast SEO plugin v19.1 - https:\/\/yoast.com\/wordpress\/plugins\/seo\/ -->\n<title>Viti 2008 dhe shqiptar\u00ebt e Malit t\u00eb Zi - Lajme nga Ulqini<\/title>\n<meta name=\"description\" content=\"Normal 0 21 false false false FR-CH X-NONE X-NONE MicrosoftInternetExplorer4 Me Kosov\u00ebn e pavarur dhe Shqip\u00ebrin\u00eb n\u00eb NATO, edhe ne presim dit\u00eb m\u00eb t\u00eb mira\" \/>\n<meta name=\"robots\" content=\"index, follow, max-snippet:-1, max-image-preview:large, max-video-preview:-1\" \/>\n<link rel=\"canonical\" href=\"https:\/\/www.visit-ulcinj.com\/blog\/2009\/01\/11\/viti-2008-dhe-shqiptaret-e-malit-te-zi\/\" \/>\n<meta property=\"og:locale\" content=\"en_US\" \/>\n<meta property=\"og:type\" content=\"article\" \/>\n<meta property=\"og:title\" content=\"Viti 2008 dhe shqiptar\u00ebt e Malit t\u00eb Zi - Lajme nga Ulqini\" \/>\n<meta property=\"og:description\" content=\"Normal 0 21 false false false FR-CH X-NONE X-NONE MicrosoftInternetExplorer4 Me Kosov\u00ebn e pavarur dhe Shqip\u00ebrin\u00eb n\u00eb NATO, edhe ne presim dit\u00eb m\u00eb t\u00eb mira\" \/>\n<meta property=\"og:url\" content=\"https:\/\/www.visit-ulcinj.com\/blog\/2009\/01\/11\/viti-2008-dhe-shqiptaret-e-malit-te-zi\/\" \/>\n<meta property=\"og:site_name\" content=\"Lajme nga Ulqini\" \/>\n<meta property=\"article:published_time\" content=\"2009-01-11T16:03:01+00:00\" \/>\n<meta property=\"article:modified_time\" content=\"2009-01-11T16:03:06+00:00\" \/>\n<meta property=\"og:image\" content=\"http:\/\/www.visit-ulcinj.com\/blog\/wp-content\/uploads\/2009\/01\/nikolle-camaj.jpg\" \/>\n<meta name=\"twitter:label1\" content=\"Written by\" \/>\n\t<meta name=\"twitter:data1\" content=\"ulqini\" \/>\n\t<meta name=\"twitter:label2\" content=\"Est. reading time\" \/>\n\t<meta name=\"twitter:data2\" content=\"7 minutes\" \/>\n<script type=\"application\/ld+json\" class=\"yoast-schema-graph\">{\"@context\":\"https:\/\/schema.org\",\"@graph\":[{\"@type\":\"WebSite\",\"@id\":\"https:\/\/www.visit-ulcinj.com\/blog\/#website\",\"url\":\"https:\/\/www.visit-ulcinj.com\/blog\/\",\"name\":\"Lajme nga Ulqini\",\"description\":\"Lajme,Vijesti,Ulqini,Ulqin,Crna Gora,Mali i Zi\",\"potentialAction\":[{\"@type\":\"SearchAction\",\"target\":{\"@type\":\"EntryPoint\",\"urlTemplate\":\"https:\/\/www.visit-ulcinj.com\/blog\/?s={search_term_string}\"},\"query-input\":\"required name=search_term_string\"}],\"inLanguage\":\"en-US\"},{\"@type\":\"ImageObject\",\"inLanguage\":\"en-US\",\"@id\":\"https:\/\/www.visit-ulcinj.com\/blog\/2009\/01\/11\/viti-2008-dhe-shqiptaret-e-malit-te-zi\/#primaryimage\",\"url\":\"https:\/\/www.visit-ulcinj.com\/blog\/wp-content\/uploads\/2009\/01\/nikolle-camaj.jpg\",\"contentUrl\":\"https:\/\/www.visit-ulcinj.com\/blog\/wp-content\/uploads\/2009\/01\/nikolle-camaj.jpg\",\"width\":\"259\",\"height\":\"318\"},{\"@type\":\"WebPage\",\"@id\":\"https:\/\/www.visit-ulcinj.com\/blog\/2009\/01\/11\/viti-2008-dhe-shqiptaret-e-malit-te-zi\/#webpage\",\"url\":\"https:\/\/www.visit-ulcinj.com\/blog\/2009\/01\/11\/viti-2008-dhe-shqiptaret-e-malit-te-zi\/\",\"name\":\"Viti 2008 dhe shqiptar\u00ebt e Malit t\u00eb Zi - Lajme nga Ulqini\",\"isPartOf\":{\"@id\":\"https:\/\/www.visit-ulcinj.com\/blog\/#website\"},\"primaryImageOfPage\":{\"@id\":\"https:\/\/www.visit-ulcinj.com\/blog\/2009\/01\/11\/viti-2008-dhe-shqiptaret-e-malit-te-zi\/#primaryimage\"},\"datePublished\":\"2009-01-11T16:03:01+00:00\",\"dateModified\":\"2009-01-11T16:03:06+00:00\",\"author\":{\"@id\":\"https:\/\/www.visit-ulcinj.com\/blog\/#\/schema\/person\/dcab619c614d3038751c63bc2aadc06d\"},\"description\":\"Normal 0 21 false false false FR-CH X-NONE X-NONE MicrosoftInternetExplorer4 Me Kosov\u00ebn e pavarur dhe Shqip\u00ebrin\u00eb n\u00eb NATO, edhe ne presim dit\u00eb m\u00eb t\u00eb mira\",\"breadcrumb\":{\"@id\":\"https:\/\/www.visit-ulcinj.com\/blog\/2009\/01\/11\/viti-2008-dhe-shqiptaret-e-malit-te-zi\/#breadcrumb\"},\"inLanguage\":\"en-US\",\"potentialAction\":[{\"@type\":\"ReadAction\",\"target\":[\"https:\/\/www.visit-ulcinj.com\/blog\/2009\/01\/11\/viti-2008-dhe-shqiptaret-e-malit-te-zi\/\"]}]},{\"@type\":\"BreadcrumbList\",\"@id\":\"https:\/\/www.visit-ulcinj.com\/blog\/2009\/01\/11\/viti-2008-dhe-shqiptaret-e-malit-te-zi\/#breadcrumb\",\"itemListElement\":[{\"@type\":\"ListItem\",\"position\":1,\"name\":\"Viti 2008 dhe shqiptar\u00ebt e Malit t\u00eb Zi\"}]},{\"@type\":\"Person\",\"@id\":\"https:\/\/www.visit-ulcinj.com\/blog\/#\/schema\/person\/dcab619c614d3038751c63bc2aadc06d\",\"name\":\"ulqini\",\"sameAs\":[\"http:\/\/www.visit-ulcinj.com\"],\"url\":\"https:\/\/www.visit-ulcinj.com\/blog\/author\/admin\/\"}]}<\/script>\n<!-- \/ Yoast SEO plugin. -->","yoast_head_json":{"title":"Viti 2008 dhe shqiptar\u00ebt e Malit t\u00eb Zi - Lajme nga Ulqini","description":"Normal 0 21 false false false FR-CH X-NONE X-NONE MicrosoftInternetExplorer4 Me Kosov\u00ebn e pavarur dhe Shqip\u00ebrin\u00eb n\u00eb NATO, edhe ne presim dit\u00eb m\u00eb t\u00eb mira","robots":{"index":"index","follow":"follow","max-snippet":"max-snippet:-1","max-image-preview":"max-image-preview:large","max-video-preview":"max-video-preview:-1"},"canonical":"https:\/\/www.visit-ulcinj.com\/blog\/2009\/01\/11\/viti-2008-dhe-shqiptaret-e-malit-te-zi\/","og_locale":"en_US","og_type":"article","og_title":"Viti 2008 dhe shqiptar\u00ebt e Malit t\u00eb Zi - Lajme nga Ulqini","og_description":"Normal 0 21 false false false FR-CH X-NONE X-NONE MicrosoftInternetExplorer4 Me Kosov\u00ebn e pavarur dhe Shqip\u00ebrin\u00eb n\u00eb NATO, edhe ne presim dit\u00eb m\u00eb t\u00eb mira","og_url":"https:\/\/www.visit-ulcinj.com\/blog\/2009\/01\/11\/viti-2008-dhe-shqiptaret-e-malit-te-zi\/","og_site_name":"Lajme nga Ulqini","article_published_time":"2009-01-11T16:03:01+00:00","article_modified_time":"2009-01-11T16:03:06+00:00","og_image":[{"url":"http:\/\/www.visit-ulcinj.com\/blog\/wp-content\/uploads\/2009\/01\/nikolle-camaj.jpg"}],"twitter_misc":{"Written by":"ulqini","Est. reading time":"7 minutes"},"schema":{"@context":"https:\/\/schema.org","@graph":[{"@type":"WebSite","@id":"https:\/\/www.visit-ulcinj.com\/blog\/#website","url":"https:\/\/www.visit-ulcinj.com\/blog\/","name":"Lajme nga Ulqini","description":"Lajme,Vijesti,Ulqini,Ulqin,Crna Gora,Mali i Zi","potentialAction":[{"@type":"SearchAction","target":{"@type":"EntryPoint","urlTemplate":"https:\/\/www.visit-ulcinj.com\/blog\/?s={search_term_string}"},"query-input":"required name=search_term_string"}],"inLanguage":"en-US"},{"@type":"ImageObject","inLanguage":"en-US","@id":"https:\/\/www.visit-ulcinj.com\/blog\/2009\/01\/11\/viti-2008-dhe-shqiptaret-e-malit-te-zi\/#primaryimage","url":"https:\/\/www.visit-ulcinj.com\/blog\/wp-content\/uploads\/2009\/01\/nikolle-camaj.jpg","contentUrl":"https:\/\/www.visit-ulcinj.com\/blog\/wp-content\/uploads\/2009\/01\/nikolle-camaj.jpg","width":"259","height":"318"},{"@type":"WebPage","@id":"https:\/\/www.visit-ulcinj.com\/blog\/2009\/01\/11\/viti-2008-dhe-shqiptaret-e-malit-te-zi\/#webpage","url":"https:\/\/www.visit-ulcinj.com\/blog\/2009\/01\/11\/viti-2008-dhe-shqiptaret-e-malit-te-zi\/","name":"Viti 2008 dhe shqiptar\u00ebt e Malit t\u00eb Zi - Lajme nga Ulqini","isPartOf":{"@id":"https:\/\/www.visit-ulcinj.com\/blog\/#website"},"primaryImageOfPage":{"@id":"https:\/\/www.visit-ulcinj.com\/blog\/2009\/01\/11\/viti-2008-dhe-shqiptaret-e-malit-te-zi\/#primaryimage"},"datePublished":"2009-01-11T16:03:01+00:00","dateModified":"2009-01-11T16:03:06+00:00","author":{"@id":"https:\/\/www.visit-ulcinj.com\/blog\/#\/schema\/person\/dcab619c614d3038751c63bc2aadc06d"},"description":"Normal 0 21 false false false FR-CH X-NONE X-NONE MicrosoftInternetExplorer4 Me Kosov\u00ebn e pavarur dhe Shqip\u00ebrin\u00eb n\u00eb NATO, edhe ne presim dit\u00eb m\u00eb t\u00eb mira","breadcrumb":{"@id":"https:\/\/www.visit-ulcinj.com\/blog\/2009\/01\/11\/viti-2008-dhe-shqiptaret-e-malit-te-zi\/#breadcrumb"},"inLanguage":"en-US","potentialAction":[{"@type":"ReadAction","target":["https:\/\/www.visit-ulcinj.com\/blog\/2009\/01\/11\/viti-2008-dhe-shqiptaret-e-malit-te-zi\/"]}]},{"@type":"BreadcrumbList","@id":"https:\/\/www.visit-ulcinj.com\/blog\/2009\/01\/11\/viti-2008-dhe-shqiptaret-e-malit-te-zi\/#breadcrumb","itemListElement":[{"@type":"ListItem","position":1,"name":"Viti 2008 dhe shqiptar\u00ebt e Malit t\u00eb Zi"}]},{"@type":"Person","@id":"https:\/\/www.visit-ulcinj.com\/blog\/#\/schema\/person\/dcab619c614d3038751c63bc2aadc06d","name":"ulqini","sameAs":["http:\/\/www.visit-ulcinj.com"],"url":"https:\/\/www.visit-ulcinj.com\/blog\/author\/admin\/"}]}},"jetpack_featured_media_url":"","jetpack_sharing_enabled":true,"jetpack_shortlink":"https:\/\/wp.me\/pe6lTn-2e8","_links":{"self":[{"href":"https:\/\/www.visit-ulcinj.com\/blog\/wp-json\/wp\/v2\/posts\/8564"}],"collection":[{"href":"https:\/\/www.visit-ulcinj.com\/blog\/wp-json\/wp\/v2\/posts"}],"about":[{"href":"https:\/\/www.visit-ulcinj.com\/blog\/wp-json\/wp\/v2\/types\/post"}],"author":[{"embeddable":true,"href":"https:\/\/www.visit-ulcinj.com\/blog\/wp-json\/wp\/v2\/users\/1"}],"replies":[{"embeddable":true,"href":"https:\/\/www.visit-ulcinj.com\/blog\/wp-json\/wp\/v2\/comments?post=8564"}],"version-history":[{"count":0,"href":"https:\/\/www.visit-ulcinj.com\/blog\/wp-json\/wp\/v2\/posts\/8564\/revisions"}],"wp:attachment":[{"href":"https:\/\/www.visit-ulcinj.com\/blog\/wp-json\/wp\/v2\/media?parent=8564"}],"wp:term":[{"taxonomy":"category","embeddable":true,"href":"https:\/\/www.visit-ulcinj.com\/blog\/wp-json\/wp\/v2\/categories?post=8564"},{"taxonomy":"post_tag","embeddable":true,"href":"https:\/\/www.visit-ulcinj.com\/blog\/wp-json\/wp\/v2\/tags?post=8564"}],"curies":[{"name":"wp","href":"https:\/\/api.w.org\/{rel}","templated":true}]}}