{"id":85640,"date":"2014-10-12T14:02:28","date_gmt":"2014-10-12T13:02:28","guid":{"rendered":"http:\/\/www.visit-ulcinj.com\/blog\/?p=85640"},"modified":"2014-10-12T18:26:25","modified_gmt":"2014-10-12T17:26:25","slug":"hapi-gjelber-betonohet-ulqini-gjelberimi-drejt-zhdukjes","status":"publish","type":"post","link":"https:\/\/www.visit-ulcinj.com\/blog\/2014\/10\/12\/hapi-gjelber-betonohet-ulqini-gjelberimi-drejt-zhdukjes\/","title":{"rendered":"Hapi i gjelb\u00ebr: Betonohet Ulqini, gjelb\u00ebrimi drejt zhdukjes"},"content":{"rendered":"<p><a href=\"http:\/\/www.visit-ulcinj.com\/blog\/wp-content\/uploads\/2009\/12\/dzelal-hodzic_ulcinj.jpg\"><img loading=\"lazy\" class=\"alignleft wp-image-28085 size-medium\" src=\"http:\/\/www.visit-ulcinj.com\/blog\/wp-content\/uploads\/2009\/12\/dzelal-hodzic_ulcinj-170x300.jpg\" alt=\"dzelal-hodzic_ulcinj\" width=\"170\" height=\"300\" srcset=\"https:\/\/www.visit-ulcinj.com\/blog\/wp-content\/uploads\/2009\/12\/dzelal-hodzic_ulcinj-170x300.jpg 170w, https:\/\/www.visit-ulcinj.com\/blog\/wp-content\/uploads\/2009\/12\/dzelal-hodzic_ulcinj.jpg 340w\" sizes=\"(max-width: 170px) 100vw, 170px\" \/><\/a>Drejtori ekzekutiv i Shoqat\u00ebs s\u00eb ekolog\u00ebve \u201cHapi i gjelb\u00ebr\u201d Xhelal Hoxhiq ka deklaruar q\u00eb jan\u00eb t\u00eb gatsh\u00ebm t\u00eb organizojn\u00eb roj\u00ebn n\u00eb m\u00ebnyr\u00eb q\u00eb t\u00eb parandalojn\u00eb q\u00ebllimin e betonimit t\u00eb Parkut t\u00eb qytetit n\u00eb Plazhin e vog\u00ebl.<br \/>\n\u201cAto q\u00eb kan\u00eb paramenduar k\u00ebt\u00eb akt johuman dhe frikacak, n\u00ebse kan\u00eb sado pak njer\u00ebzi, le t\u00eb dalin n\u00eb m\u00ebnyr\u00eb q\u00eb t\u00eb shohin i gjith\u00eb opinioni\u201d, tha ai n\u00eb deklarat\u00ebn e dh\u00ebn\u00eb p\u00ebr Portalin Ul-info.<br \/>\nSipas fjal\u00ebve t\u00eb tija, k\u00ebto jan\u00eb ato q\u00eb fytyr\u00ebn e kan\u00eb humbur prej koh\u00ebsh, nd\u00ebrsa njer\u00ebzimi i ka mbetur n\u00eb kulet\u00eb. \u201cAto sikur t\u00eb kishin mund\u00ebsi prej koh\u00ebsh do ta betononin t\u00eb gjith\u00eb Ulqinit, do t\u00eb b\u00ebnin k\u00ebtu nj\u00eb mega streh\u00eb atomike vet\u00ebm q\u00eb ato ta ken\u00eb m\u00eb mir\u00eb\u201d, theksoi Hoxhiq.<br \/>\n\u201cPor, i paralajm\u00ebroj q\u00eb ekziston nj\u00eb e v\u00ebrtet e cila thot\u00eb q\u00eb derisa prind\u00ebrit qeshen, f\u00ebmij\u00ebve t\u00eb tyre i mpihen dh\u00ebmb\u00ebt. Mjer\u00eb f\u00ebmij\u00ebt e atyre q\u00eb mendojn\u00eb k\u00ebsi lloj gj\u00ebrash t\u00eb neveritshme kund\u00ebr hap\u00ebsir\u00ebs, tradit\u00ebs dhe t\u00eb ardhmes s\u00eb Ulqinit\u201d, p\u00ebrfundoi drejtuesi i \u201cHapit t\u00eb gjelb\u00ebr\u201d.<\/p>\n<p>&nbsp;<\/p>\n<p><a href=\"http:\/\/www.visit-ulcinj.com\/blog\/wp-content\/uploads\/2014\/10\/betonimi-i-parkut-ne-Rane-Ulqin.jpg\"><img loading=\"lazy\" class=\"alignleft wp-image-85644\" src=\"http:\/\/www.visit-ulcinj.com\/blog\/wp-content\/uploads\/2014\/10\/betonimi-i-parkut-ne-Rane-Ulqin.jpg\" alt=\"betonimi-i-parkut-ne-Rane-Ulqin\" width=\"508\" height=\"332\" srcset=\"https:\/\/www.visit-ulcinj.com\/blog\/wp-content\/uploads\/2014\/10\/betonimi-i-parkut-ne-Rane-Ulqin.jpg 992w, https:\/\/www.visit-ulcinj.com\/blog\/wp-content\/uploads\/2014\/10\/betonimi-i-parkut-ne-Rane-Ulqin-300x195.jpg 300w\" sizes=\"(max-width: 508px) 100vw, 508px\" \/><\/a><\/p>\n<div class=\"entry\">\n<p>Banor\u00ebt e Ran\u00ebs kan\u00eb paralajm\u00ebruar q\u00eb do t\u00eb iniciojn\u00eb n\u00ebnshkrimin e peticionit p\u00ebr mbrojtjen e parkut n\u00eb k\u00ebt\u00eb pjes\u00eb t\u00eb qytetit nga betonimi i planifikuar, si\u00e7 \u00ebsht\u00eb parashikuar n\u00eb Draftin e Planit-hap\u00ebsinor urbanistik t\u00eb Ulqinit.<\/p>\n<p>Ato p\u00ebr Portalin Ul-info kan\u00eb njoftuar q\u00eb nuk mund t\u00eb besojn\u00eb se dikujt i ka shkuar nd\u00ebrmend kjo ide e \u00e7mendur, e aq m\u00eb t\u00eb paqart\u00eb e kan\u00eb si \u00ebsht\u00eb gjetur ajo n\u00eb Draftin e PHU-s\u00eb. \u201cMe jav\u00eb qytetar\u00ebt e Stambollit kan\u00eb protestuar p\u00ebr shkak t\u00eb q\u00ebllimit q\u00eb t\u00eb nd\u00ebrtohet n\u00eb Gezi park, k\u00ebshtu q\u00eb edhe ne mundemi p\u00ebr shkak t\u00eb nj\u00eb hap\u00ebsire t\u00eb gjelb\u00ebr n\u00eb Plazhin e vog\u00ebl\u201d, than\u00eb Ranacak\u00ebt.<\/p>\n<p>Organizatat joqeveritare nga Ulqini kan\u00eb paralajm\u00ebruar q\u00eb me k\u00ebt\u00eb rast do t\u00eb organizohet performansi n\u00eb park. \u201cSikur t\u00eb reagonim n\u00eb koh\u00eb ndoshta nuk do t\u00eb ishte nd\u00ebrtuar ai objekti i tmerrsh\u00ebm n\u00eb Kala\u201d, tha drejtori i MOGUL-it Xhemal Peroviq dhe shton q\u00eb kjo OJQ do t\u00eb b\u00ebj \u00e7do gj\u00eb q\u00eb t\u00eb parandalohet betonimi i parkut n\u00eb Plazhin e vog\u00ebl.<\/p>\n<p>Ul.info<\/p>\n<\/div>\n","protected":false},"excerpt":{"rendered":"<p>Drejtori ekzekutiv i Shoqat\u00ebs s\u00eb ekolog\u00ebve \u201cHapi i gjelb\u00ebr\u201d Xhelal Hoxhiq ka deklaruar q\u00eb jan\u00eb t\u00eb gatsh\u00ebm t\u00eb organizojn\u00eb roj\u00ebn n\u00eb m\u00ebnyr\u00eb q\u00eb t\u00eb parandalojn\u00eb q\u00ebllimin e betonimit t\u00eb Parkut t\u00eb qytetit n\u00eb Plazhin e vog\u00ebl. \u201cAto q\u00eb kan\u00eb paramenduar k\u00ebt\u00eb akt johuman dhe frikacak, n\u00ebse kan\u00eb sado pak njer\u00ebzi, le t\u00eb dalin n\u00eb m\u00ebnyr\u00eb [&hellip;]<\/p>\n","protected":false},"author":1,"featured_media":0,"comment_status":"closed","ping_status":"closed","sticky":false,"template":"","format":"standard","meta":{"spay_email":"","jetpack_publicize_message":"","jetpack_is_tweetstorm":false,"jetpack_publicize_feature_enabled":true},"categories":[1,11],"tags":[],"jetpack_publicize_connections":[],"yoast_head":"<!-- This site is optimized with the Yoast SEO plugin v19.1 - https:\/\/yoast.com\/wordpress\/plugins\/seo\/ -->\n<title>Hapi i gjelb\u00ebr: Betonohet Ulqini, gjelb\u00ebrimi drejt zhdukjes - Lajme nga Ulqini<\/title>\n<meta name=\"description\" content=\"Drejtori ekzekutiv i Shoqat\u00ebs s\u00eb ekolog\u00ebve \u201cHapi i gjelb\u00ebr\u201d Xhelal Hoxhiq ka deklaruar q\u00eb jan\u00eb t\u00eb gatsh\u00ebm t\u00eb organizojn\u00eb roj\u00ebn n\u00eb m\u00ebnyr\u00eb q\u00eb t\u00eb\" \/>\n<meta name=\"robots\" content=\"index, follow, max-snippet:-1, max-image-preview:large, max-video-preview:-1\" \/>\n<link rel=\"canonical\" href=\"https:\/\/www.visit-ulcinj.com\/blog\/2014\/10\/12\/hapi-gjelber-betonohet-ulqini-gjelberimi-drejt-zhdukjes\/\" \/>\n<meta property=\"og:locale\" content=\"en_US\" \/>\n<meta property=\"og:type\" content=\"article\" \/>\n<meta property=\"og:title\" content=\"Hapi i gjelb\u00ebr: Betonohet Ulqini, gjelb\u00ebrimi drejt zhdukjes - Lajme nga Ulqini\" \/>\n<meta property=\"og:description\" content=\"Drejtori ekzekutiv i Shoqat\u00ebs s\u00eb ekolog\u00ebve \u201cHapi i gjelb\u00ebr\u201d Xhelal Hoxhiq ka deklaruar q\u00eb jan\u00eb t\u00eb gatsh\u00ebm t\u00eb organizojn\u00eb roj\u00ebn n\u00eb m\u00ebnyr\u00eb q\u00eb t\u00eb\" \/>\n<meta property=\"og:url\" content=\"https:\/\/www.visit-ulcinj.com\/blog\/2014\/10\/12\/hapi-gjelber-betonohet-ulqini-gjelberimi-drejt-zhdukjes\/\" \/>\n<meta property=\"og:site_name\" content=\"Lajme nga Ulqini\" \/>\n<meta property=\"article:published_time\" content=\"2014-10-12T13:02:28+00:00\" \/>\n<meta property=\"article:modified_time\" content=\"2014-10-12T17:26:25+00:00\" \/>\n<meta property=\"og:image\" content=\"http:\/\/www.visit-ulcinj.com\/blog\/wp-content\/uploads\/2009\/12\/dzelal-hodzic_ulcinj-170x300.jpg\" \/>\n<meta name=\"twitter:label1\" content=\"Written by\" \/>\n\t<meta name=\"twitter:data1\" content=\"ulqini\" \/>\n\t<meta name=\"twitter:label2\" content=\"Est. reading time\" \/>\n\t<meta name=\"twitter:data2\" content=\"2 minutes\" \/>\n<script type=\"application\/ld+json\" class=\"yoast-schema-graph\">{\"@context\":\"https:\/\/schema.org\",\"@graph\":[{\"@type\":\"WebSite\",\"@id\":\"https:\/\/www.visit-ulcinj.com\/blog\/#website\",\"url\":\"https:\/\/www.visit-ulcinj.com\/blog\/\",\"name\":\"Lajme nga Ulqini\",\"description\":\"Lajme,Vijesti,Ulqini,Ulqin,Crna Gora,Mali i Zi\",\"potentialAction\":[{\"@type\":\"SearchAction\",\"target\":{\"@type\":\"EntryPoint\",\"urlTemplate\":\"https:\/\/www.visit-ulcinj.com\/blog\/?s={search_term_string}\"},\"query-input\":\"required name=search_term_string\"}],\"inLanguage\":\"en-US\"},{\"@type\":\"ImageObject\",\"inLanguage\":\"en-US\",\"@id\":\"https:\/\/www.visit-ulcinj.com\/blog\/2014\/10\/12\/hapi-gjelber-betonohet-ulqini-gjelberimi-drejt-zhdukjes\/#primaryimage\",\"url\":\"https:\/\/www.visit-ulcinj.com\/blog\/wp-content\/uploads\/2009\/12\/dzelal-hodzic_ulcinj.jpg\",\"contentUrl\":\"https:\/\/www.visit-ulcinj.com\/blog\/wp-content\/uploads\/2009\/12\/dzelal-hodzic_ulcinj.jpg\",\"width\":\"340\",\"height\":\"600\"},{\"@type\":\"WebPage\",\"@id\":\"https:\/\/www.visit-ulcinj.com\/blog\/2014\/10\/12\/hapi-gjelber-betonohet-ulqini-gjelberimi-drejt-zhdukjes\/#webpage\",\"url\":\"https:\/\/www.visit-ulcinj.com\/blog\/2014\/10\/12\/hapi-gjelber-betonohet-ulqini-gjelberimi-drejt-zhdukjes\/\",\"name\":\"Hapi i gjelb\u00ebr: Betonohet Ulqini, gjelb\u00ebrimi drejt zhdukjes - Lajme nga Ulqini\",\"isPartOf\":{\"@id\":\"https:\/\/www.visit-ulcinj.com\/blog\/#website\"},\"primaryImageOfPage\":{\"@id\":\"https:\/\/www.visit-ulcinj.com\/blog\/2014\/10\/12\/hapi-gjelber-betonohet-ulqini-gjelberimi-drejt-zhdukjes\/#primaryimage\"},\"datePublished\":\"2014-10-12T13:02:28+00:00\",\"dateModified\":\"2014-10-12T17:26:25+00:00\",\"author\":{\"@id\":\"https:\/\/www.visit-ulcinj.com\/blog\/#\/schema\/person\/dcab619c614d3038751c63bc2aadc06d\"},\"description\":\"Drejtori ekzekutiv i Shoqat\u00ebs s\u00eb ekolog\u00ebve \u201cHapi i gjelb\u00ebr\u201d Xhelal Hoxhiq ka deklaruar q\u00eb jan\u00eb t\u00eb gatsh\u00ebm t\u00eb organizojn\u00eb roj\u00ebn n\u00eb m\u00ebnyr\u00eb q\u00eb t\u00eb\",\"breadcrumb\":{\"@id\":\"https:\/\/www.visit-ulcinj.com\/blog\/2014\/10\/12\/hapi-gjelber-betonohet-ulqini-gjelberimi-drejt-zhdukjes\/#breadcrumb\"},\"inLanguage\":\"en-US\",\"potentialAction\":[{\"@type\":\"ReadAction\",\"target\":[\"https:\/\/www.visit-ulcinj.com\/blog\/2014\/10\/12\/hapi-gjelber-betonohet-ulqini-gjelberimi-drejt-zhdukjes\/\"]}]},{\"@type\":\"BreadcrumbList\",\"@id\":\"https:\/\/www.visit-ulcinj.com\/blog\/2014\/10\/12\/hapi-gjelber-betonohet-ulqini-gjelberimi-drejt-zhdukjes\/#breadcrumb\",\"itemListElement\":[{\"@type\":\"ListItem\",\"position\":1,\"name\":\"Hapi i gjelb\u00ebr: Betonohet Ulqini, gjelb\u00ebrimi drejt zhdukjes\"}]},{\"@type\":\"Person\",\"@id\":\"https:\/\/www.visit-ulcinj.com\/blog\/#\/schema\/person\/dcab619c614d3038751c63bc2aadc06d\",\"name\":\"ulqini\",\"sameAs\":[\"http:\/\/www.visit-ulcinj.com\"],\"url\":\"https:\/\/www.visit-ulcinj.com\/blog\/author\/admin\/\"}]}<\/script>\n<!-- \/ Yoast SEO plugin. -->","yoast_head_json":{"title":"Hapi i gjelb\u00ebr: Betonohet Ulqini, gjelb\u00ebrimi drejt zhdukjes - Lajme nga Ulqini","description":"Drejtori ekzekutiv i Shoqat\u00ebs s\u00eb ekolog\u00ebve \u201cHapi i gjelb\u00ebr\u201d Xhelal Hoxhiq ka deklaruar q\u00eb jan\u00eb t\u00eb gatsh\u00ebm t\u00eb organizojn\u00eb roj\u00ebn n\u00eb m\u00ebnyr\u00eb q\u00eb t\u00eb","robots":{"index":"index","follow":"follow","max-snippet":"max-snippet:-1","max-image-preview":"max-image-preview:large","max-video-preview":"max-video-preview:-1"},"canonical":"https:\/\/www.visit-ulcinj.com\/blog\/2014\/10\/12\/hapi-gjelber-betonohet-ulqini-gjelberimi-drejt-zhdukjes\/","og_locale":"en_US","og_type":"article","og_title":"Hapi i gjelb\u00ebr: Betonohet Ulqini, gjelb\u00ebrimi drejt zhdukjes - Lajme nga Ulqini","og_description":"Drejtori ekzekutiv i Shoqat\u00ebs s\u00eb ekolog\u00ebve \u201cHapi i gjelb\u00ebr\u201d Xhelal Hoxhiq ka deklaruar q\u00eb jan\u00eb t\u00eb gatsh\u00ebm t\u00eb organizojn\u00eb roj\u00ebn n\u00eb m\u00ebnyr\u00eb q\u00eb t\u00eb","og_url":"https:\/\/www.visit-ulcinj.com\/blog\/2014\/10\/12\/hapi-gjelber-betonohet-ulqini-gjelberimi-drejt-zhdukjes\/","og_site_name":"Lajme nga Ulqini","article_published_time":"2014-10-12T13:02:28+00:00","article_modified_time":"2014-10-12T17:26:25+00:00","og_image":[{"url":"http:\/\/www.visit-ulcinj.com\/blog\/wp-content\/uploads\/2009\/12\/dzelal-hodzic_ulcinj-170x300.jpg"}],"twitter_misc":{"Written by":"ulqini","Est. reading time":"2 minutes"},"schema":{"@context":"https:\/\/schema.org","@graph":[{"@type":"WebSite","@id":"https:\/\/www.visit-ulcinj.com\/blog\/#website","url":"https:\/\/www.visit-ulcinj.com\/blog\/","name":"Lajme nga Ulqini","description":"Lajme,Vijesti,Ulqini,Ulqin,Crna Gora,Mali i Zi","potentialAction":[{"@type":"SearchAction","target":{"@type":"EntryPoint","urlTemplate":"https:\/\/www.visit-ulcinj.com\/blog\/?s={search_term_string}"},"query-input":"required name=search_term_string"}],"inLanguage":"en-US"},{"@type":"ImageObject","inLanguage":"en-US","@id":"https:\/\/www.visit-ulcinj.com\/blog\/2014\/10\/12\/hapi-gjelber-betonohet-ulqini-gjelberimi-drejt-zhdukjes\/#primaryimage","url":"https:\/\/www.visit-ulcinj.com\/blog\/wp-content\/uploads\/2009\/12\/dzelal-hodzic_ulcinj.jpg","contentUrl":"https:\/\/www.visit-ulcinj.com\/blog\/wp-content\/uploads\/2009\/12\/dzelal-hodzic_ulcinj.jpg","width":"340","height":"600"},{"@type":"WebPage","@id":"https:\/\/www.visit-ulcinj.com\/blog\/2014\/10\/12\/hapi-gjelber-betonohet-ulqini-gjelberimi-drejt-zhdukjes\/#webpage","url":"https:\/\/www.visit-ulcinj.com\/blog\/2014\/10\/12\/hapi-gjelber-betonohet-ulqini-gjelberimi-drejt-zhdukjes\/","name":"Hapi i gjelb\u00ebr: Betonohet Ulqini, gjelb\u00ebrimi drejt zhdukjes - Lajme nga Ulqini","isPartOf":{"@id":"https:\/\/www.visit-ulcinj.com\/blog\/#website"},"primaryImageOfPage":{"@id":"https:\/\/www.visit-ulcinj.com\/blog\/2014\/10\/12\/hapi-gjelber-betonohet-ulqini-gjelberimi-drejt-zhdukjes\/#primaryimage"},"datePublished":"2014-10-12T13:02:28+00:00","dateModified":"2014-10-12T17:26:25+00:00","author":{"@id":"https:\/\/www.visit-ulcinj.com\/blog\/#\/schema\/person\/dcab619c614d3038751c63bc2aadc06d"},"description":"Drejtori ekzekutiv i Shoqat\u00ebs s\u00eb ekolog\u00ebve \u201cHapi i gjelb\u00ebr\u201d Xhelal Hoxhiq ka deklaruar q\u00eb jan\u00eb t\u00eb gatsh\u00ebm t\u00eb organizojn\u00eb roj\u00ebn n\u00eb m\u00ebnyr\u00eb q\u00eb t\u00eb","breadcrumb":{"@id":"https:\/\/www.visit-ulcinj.com\/blog\/2014\/10\/12\/hapi-gjelber-betonohet-ulqini-gjelberimi-drejt-zhdukjes\/#breadcrumb"},"inLanguage":"en-US","potentialAction":[{"@type":"ReadAction","target":["https:\/\/www.visit-ulcinj.com\/blog\/2014\/10\/12\/hapi-gjelber-betonohet-ulqini-gjelberimi-drejt-zhdukjes\/"]}]},{"@type":"BreadcrumbList","@id":"https:\/\/www.visit-ulcinj.com\/blog\/2014\/10\/12\/hapi-gjelber-betonohet-ulqini-gjelberimi-drejt-zhdukjes\/#breadcrumb","itemListElement":[{"@type":"ListItem","position":1,"name":"Hapi i gjelb\u00ebr: Betonohet Ulqini, gjelb\u00ebrimi drejt zhdukjes"}]},{"@type":"Person","@id":"https:\/\/www.visit-ulcinj.com\/blog\/#\/schema\/person\/dcab619c614d3038751c63bc2aadc06d","name":"ulqini","sameAs":["http:\/\/www.visit-ulcinj.com"],"url":"https:\/\/www.visit-ulcinj.com\/blog\/author\/admin\/"}]}},"jetpack_featured_media_url":"","jetpack_sharing_enabled":true,"jetpack_shortlink":"https:\/\/wp.me\/pe6lTn-mhi","_links":{"self":[{"href":"https:\/\/www.visit-ulcinj.com\/blog\/wp-json\/wp\/v2\/posts\/85640"}],"collection":[{"href":"https:\/\/www.visit-ulcinj.com\/blog\/wp-json\/wp\/v2\/posts"}],"about":[{"href":"https:\/\/www.visit-ulcinj.com\/blog\/wp-json\/wp\/v2\/types\/post"}],"author":[{"embeddable":true,"href":"https:\/\/www.visit-ulcinj.com\/blog\/wp-json\/wp\/v2\/users\/1"}],"replies":[{"embeddable":true,"href":"https:\/\/www.visit-ulcinj.com\/blog\/wp-json\/wp\/v2\/comments?post=85640"}],"version-history":[{"count":3,"href":"https:\/\/www.visit-ulcinj.com\/blog\/wp-json\/wp\/v2\/posts\/85640\/revisions"}],"predecessor-version":[{"id":85646,"href":"https:\/\/www.visit-ulcinj.com\/blog\/wp-json\/wp\/v2\/posts\/85640\/revisions\/85646"}],"wp:attachment":[{"href":"https:\/\/www.visit-ulcinj.com\/blog\/wp-json\/wp\/v2\/media?parent=85640"}],"wp:term":[{"taxonomy":"category","embeddable":true,"href":"https:\/\/www.visit-ulcinj.com\/blog\/wp-json\/wp\/v2\/categories?post=85640"},{"taxonomy":"post_tag","embeddable":true,"href":"https:\/\/www.visit-ulcinj.com\/blog\/wp-json\/wp\/v2\/tags?post=85640"}],"curies":[{"name":"wp","href":"https:\/\/api.w.org\/{rel}","templated":true}]}}