{"id":85666,"date":"2014-10-13T18:48:34","date_gmt":"2014-10-13T17:48:34","guid":{"rendered":"http:\/\/www.visit-ulcinj.com\/blog\/?p=85666"},"modified":"2014-10-13T18:48:34","modified_gmt":"2014-10-13T17:48:34","slug":"danas-je-u-maloj-sali-ulcinj-odrzana-godisnja-skupstina-ulcinj","status":"publish","type":"post","link":"https:\/\/www.visit-ulcinj.com\/blog\/2014\/10\/13\/danas-je-u-maloj-sali-ulcinj-odrzana-godisnja-skupstina-ulcinj\/","title":{"rendered":"Danas je u Maloj sali SO Ulcinj odr\u017eana, GODI\u0160NJA SKUP\u0160TINA TO ULCINJ"},"content":{"rendered":"<p><a href=\"http:\/\/www.visit-ulcinj.com\/blog\/wp-content\/uploads\/2014\/10\/GODISNJA-SKUPSTINA-TO-ULCINJ.jpg\"><img loading=\"lazy\" class=\"alignleft wp-image-85667\" src=\"http:\/\/www.visit-ulcinj.com\/blog\/wp-content\/uploads\/2014\/10\/GODISNJA-SKUPSTINA-TO-ULCINJ.jpg\" alt=\"GODISNJA SKUPSTINA TO ULCINJ\" width=\"508\" height=\"381\" srcset=\"https:\/\/www.visit-ulcinj.com\/blog\/wp-content\/uploads\/2014\/10\/GODISNJA-SKUPSTINA-TO-ULCINJ.jpg 960w, https:\/\/www.visit-ulcinj.com\/blog\/wp-content\/uploads\/2014\/10\/GODISNJA-SKUPSTINA-TO-ULCINJ-300x225.jpg 300w\" sizes=\"(max-width: 508px) 100vw, 508px\" \/><\/a>I ja sam bio pozvan, \u0161to me je prijatno iznenadilo, obzirom da dugogodi\u0161nje \u0107utanje i nepriznavanje pravih vrijednosti onih koji vode TO, i uop\u0161te na\u0161 grad.. Skup\u0161tinu TO sa\u010dinjavaju 39 \u010dlanova, izme\u0111u kojih se bira sedam \u010dlanova Izvr\u0161nog odbora TO. Naravno, iznena\u0111enje pozivom da budem \u010dlan Skup\u0161tine je samo kratko trajalo, obzirom da je sve bilo pripremljeno po unaprijed pripremanom scenar<span class=\"text_exposed_show\">iju politi\u010dkih partija, koje sa\u010dinjavaju vlast u Ulcinju, dakle i u turizmu. <\/span><\/p>\n<p><a href=\"http:\/\/www.visit-ulcinj.com\/blog\/wp-content\/uploads\/2014\/10\/GODISNJA-SKUPSTINA-TO-ULCINJ-1.jpg\"><img loading=\"lazy\" class=\"alignleft wp-image-85668\" src=\"http:\/\/www.visit-ulcinj.com\/blog\/wp-content\/uploads\/2014\/10\/GODISNJA-SKUPSTINA-TO-ULCINJ-1.jpg\" alt=\"GODISNJA SKUPSTINA TO ULCINJ-1\" width=\"508\" height=\"381\" srcset=\"https:\/\/www.visit-ulcinj.com\/blog\/wp-content\/uploads\/2014\/10\/GODISNJA-SKUPSTINA-TO-ULCINJ-1.jpg 960w, https:\/\/www.visit-ulcinj.com\/blog\/wp-content\/uploads\/2014\/10\/GODISNJA-SKUPSTINA-TO-ULCINJ-1-300x225.jpg 300w\" sizes=\"(max-width: 508px) 100vw, 508px\" \/><\/a><\/p>\n<p><span class=\"text_exposed_show\">Nakon predloga da se glasa za predlo\u017eenih sedam kandidata, neko se sjetio da bi bilo dobro i demokratski da se lista pro\u0161iri, za jo\u0161 tri kandidata. Nakon toga se pristupilo javnom &#8220;glasanju&#8221; tako da se &#8220;glasalo&#8221; svi za svakoga, ali samo do broja sedam. Dakle za ona tri zadnja kandidata se uop\u0161te nije ni glasalo. Dali je to je demokratija, zaista neznam. Zaista sam se na\u0161ao u dilemi, dali sam zaista uspio da shvatim to \u0161to se danas de\u0161avalo na sjednici Skup\u0161tine TO Ulcinja. Mogu\u0107e da nijesam sve dobro razumio, i zato molim da mi se oprosti &#8220;neznanje&#8221; i &#8220;nepoznavanje&#8221; materije &#8221; turizam&#8221;, odnosno nepoznavanje njihovog shvatanja turizma. Me\u0111utim, za \u010ditaoce fcb.ho\u0107u da nabrojim imena \u010dlanova izvr\u0161nog odbora, bez ikakve namjere da bilo koga omalova\u017eavam.<\/span><\/p>\n<p><span class=\"text_exposed_show\"><a href=\"http:\/\/www.visit-ulcinj.com\/blog\/wp-content\/uploads\/2014\/10\/GODISNJA-SKUPSTINA-TO-ULCINJ-2.jpg\"><img loading=\"lazy\" class=\"alignleft wp-image-85669\" src=\"http:\/\/www.visit-ulcinj.com\/blog\/wp-content\/uploads\/2014\/10\/GODISNJA-SKUPSTINA-TO-ULCINJ-2.jpg\" alt=\"GODISNJA SKUPSTINA TO ULCINJ-2\" width=\"508\" height=\"381\" srcset=\"https:\/\/www.visit-ulcinj.com\/blog\/wp-content\/uploads\/2014\/10\/GODISNJA-SKUPSTINA-TO-ULCINJ-2.jpg 960w, https:\/\/www.visit-ulcinj.com\/blog\/wp-content\/uploads\/2014\/10\/GODISNJA-SKUPSTINA-TO-ULCINJ-2-300x225.jpg 300w\" sizes=\"(max-width: 508px) 100vw, 508px\" \/><\/a><br \/>\nPrvi i glavni D\u017eaudet CAKULI, stari i novi predsjednik Izvr\u0161nog Odbora, i dalje redom Muslim LOLA, Dritan GU\u010cI, Simo DEDI\u0106, Zenepa LIKOVI\u0106, Astrit KURTI, i Munib ABAZI. Nijesu pro\u0161li, jer za njih nije ni glasalo, D\u017eavo HOD\u017dI\u0106, stari turisti\u010dki radnik i vlasnik pla\u017ee Majami na kojoj se vijori plava zastavica, D\u017eemal BU\u0160ATI, dugogodi\u0161nji direktor hotela Albatros, i moja malenkost Ismet KARAMANAGA za koga ne\u0107u da napi\u0161em ni\u0161ta&#8230;.<br \/>\nMalo ironije nije na odmet. Me\u0111utim, morao sam u ovom stilu da napi\u0161em ovih par redaka, jer o\u010digledno da poneko od nas, druga\u010dije gleda i shvata turizam. Zaista, nije mi namjera da bilo koga kritikujem. Sve ovo mogu i da razumiju svi oni, koji znaju i poznaju turizam i turisti\u010dka kretanja. Naprotiv, i ovo je pozitivan pomak i pozitivna prekretnica, ako se uzme u obzir da je nekad, Ulcinj, druga &#8220;varo\u0161&#8221; Crne Gore, dobila TO nakon Plu\u017eina, bez namjere da omalova\u017eavam Plu\u017eine.<\/span><\/p>\n<p>&nbsp;<\/p>\n<p id=\"js_0\" class=\"_5pbw\" data-ft=\"{&quot;tn&quot;:&quot;C&quot;}\"><strong><span class=\"fcg\"><span class=\"fwb\"><a id=\"js_u\" class=\"profileLink\" tabindex=\"0\" href=\"https:\/\/www.facebook.com\/ismet.karamanaga\" data-ft=\"{&quot;tn&quot;:&quot;l&quot;}\" data-hovercard=\"\/ajax\/hovercard\/user.php?id=1359492972\">Ismet Karamanaga Facebook<\/a><\/span><\/span><\/strong><\/p>\n","protected":false},"excerpt":{"rendered":"<p>I ja sam bio pozvan, \u0161to me je prijatno iznenadilo, obzirom da dugogodi\u0161nje \u0107utanje i nepriznavanje pravih vrijednosti onih koji vode TO, i uop\u0161te na\u0161 grad.. Skup\u0161tinu TO sa\u010dinjavaju 39 \u010dlanova, izme\u0111u kojih se bira sedam \u010dlanova Izvr\u0161nog odbora TO. Naravno, iznena\u0111enje pozivom da budem \u010dlan Skup\u0161tine je samo kratko trajalo, obzirom da je sve [&hellip;]<\/p>\n","protected":false},"author":1,"featured_media":0,"comment_status":"closed","ping_status":"closed","sticky":false,"template":"","format":"standard","meta":{"spay_email":"","jetpack_publicize_message":"","jetpack_is_tweetstorm":false,"jetpack_publicize_feature_enabled":true},"categories":[8337],"tags":[],"jetpack_publicize_connections":[],"yoast_head":"<!-- This site is optimized with the Yoast SEO plugin v19.1 - https:\/\/yoast.com\/wordpress\/plugins\/seo\/ -->\n<title>Danas je u Maloj sali SO Ulcinj odr\u017eana, GODI\u0160NJA SKUP\u0160TINA TO ULCINJ - Lajme nga Ulqini<\/title>\n<meta name=\"description\" content=\"I ja sam bio pozvan, \u0161to me je prijatno iznenadilo, obzirom da dugogodi\u0161nje \u0107utanje i nepriznavanje pravih vrijednosti onih koji vode TO, i uop\u0161te na\u0161\" \/>\n<meta name=\"robots\" content=\"index, follow, max-snippet:-1, max-image-preview:large, max-video-preview:-1\" \/>\n<link rel=\"canonical\" href=\"https:\/\/www.visit-ulcinj.com\/blog\/2014\/10\/13\/danas-je-u-maloj-sali-ulcinj-odrzana-godisnja-skupstina-ulcinj\/\" \/>\n<meta property=\"og:locale\" content=\"en_US\" \/>\n<meta property=\"og:type\" content=\"article\" \/>\n<meta property=\"og:title\" content=\"Danas je u Maloj sali SO Ulcinj odr\u017eana, GODI\u0160NJA SKUP\u0160TINA TO ULCINJ - Lajme nga Ulqini\" \/>\n<meta property=\"og:description\" content=\"I ja sam bio pozvan, \u0161to me je prijatno iznenadilo, obzirom da dugogodi\u0161nje \u0107utanje i nepriznavanje pravih vrijednosti onih koji vode TO, i uop\u0161te na\u0161\" \/>\n<meta property=\"og:url\" content=\"https:\/\/www.visit-ulcinj.com\/blog\/2014\/10\/13\/danas-je-u-maloj-sali-ulcinj-odrzana-godisnja-skupstina-ulcinj\/\" \/>\n<meta property=\"og:site_name\" content=\"Lajme nga Ulqini\" \/>\n<meta property=\"article:published_time\" content=\"2014-10-13T17:48:34+00:00\" \/>\n<meta property=\"og:image\" content=\"http:\/\/www.visit-ulcinj.com\/blog\/wp-content\/uploads\/2014\/10\/GODISNJA-SKUPSTINA-TO-ULCINJ.jpg\" \/>\n<meta name=\"twitter:label1\" content=\"Written by\" \/>\n\t<meta name=\"twitter:data1\" content=\"ulqini\" \/>\n\t<meta name=\"twitter:label2\" content=\"Est. reading time\" \/>\n\t<meta name=\"twitter:data2\" content=\"2 minutes\" \/>\n<script type=\"application\/ld+json\" class=\"yoast-schema-graph\">{\"@context\":\"https:\/\/schema.org\",\"@graph\":[{\"@type\":\"WebSite\",\"@id\":\"https:\/\/www.visit-ulcinj.com\/blog\/#website\",\"url\":\"https:\/\/www.visit-ulcinj.com\/blog\/\",\"name\":\"Lajme nga Ulqini\",\"description\":\"Lajme,Vijesti,Ulqini,Ulqin,Crna Gora,Mali i Zi\",\"potentialAction\":[{\"@type\":\"SearchAction\",\"target\":{\"@type\":\"EntryPoint\",\"urlTemplate\":\"https:\/\/www.visit-ulcinj.com\/blog\/?s={search_term_string}\"},\"query-input\":\"required name=search_term_string\"}],\"inLanguage\":\"en-US\"},{\"@type\":\"ImageObject\",\"inLanguage\":\"en-US\",\"@id\":\"https:\/\/www.visit-ulcinj.com\/blog\/2014\/10\/13\/danas-je-u-maloj-sali-ulcinj-odrzana-godisnja-skupstina-ulcinj\/#primaryimage\",\"url\":\"https:\/\/www.visit-ulcinj.com\/blog\/wp-content\/uploads\/2014\/10\/GODISNJA-SKUPSTINA-TO-ULCINJ.jpg\",\"contentUrl\":\"https:\/\/www.visit-ulcinj.com\/blog\/wp-content\/uploads\/2014\/10\/GODISNJA-SKUPSTINA-TO-ULCINJ.jpg\",\"width\":960,\"height\":720},{\"@type\":\"WebPage\",\"@id\":\"https:\/\/www.visit-ulcinj.com\/blog\/2014\/10\/13\/danas-je-u-maloj-sali-ulcinj-odrzana-godisnja-skupstina-ulcinj\/#webpage\",\"url\":\"https:\/\/www.visit-ulcinj.com\/blog\/2014\/10\/13\/danas-je-u-maloj-sali-ulcinj-odrzana-godisnja-skupstina-ulcinj\/\",\"name\":\"Danas je u Maloj sali SO Ulcinj odr\u017eana, GODI\u0160NJA SKUP\u0160TINA TO ULCINJ - Lajme nga Ulqini\",\"isPartOf\":{\"@id\":\"https:\/\/www.visit-ulcinj.com\/blog\/#website\"},\"primaryImageOfPage\":{\"@id\":\"https:\/\/www.visit-ulcinj.com\/blog\/2014\/10\/13\/danas-je-u-maloj-sali-ulcinj-odrzana-godisnja-skupstina-ulcinj\/#primaryimage\"},\"datePublished\":\"2014-10-13T17:48:34+00:00\",\"dateModified\":\"2014-10-13T17:48:34+00:00\",\"author\":{\"@id\":\"https:\/\/www.visit-ulcinj.com\/blog\/#\/schema\/person\/dcab619c614d3038751c63bc2aadc06d\"},\"description\":\"I ja sam bio pozvan, \u0161to me je prijatno iznenadilo, obzirom da dugogodi\u0161nje \u0107utanje i nepriznavanje pravih vrijednosti onih koji vode TO, i uop\u0161te na\u0161\",\"breadcrumb\":{\"@id\":\"https:\/\/www.visit-ulcinj.com\/blog\/2014\/10\/13\/danas-je-u-maloj-sali-ulcinj-odrzana-godisnja-skupstina-ulcinj\/#breadcrumb\"},\"inLanguage\":\"en-US\",\"potentialAction\":[{\"@type\":\"ReadAction\",\"target\":[\"https:\/\/www.visit-ulcinj.com\/blog\/2014\/10\/13\/danas-je-u-maloj-sali-ulcinj-odrzana-godisnja-skupstina-ulcinj\/\"]}]},{\"@type\":\"BreadcrumbList\",\"@id\":\"https:\/\/www.visit-ulcinj.com\/blog\/2014\/10\/13\/danas-je-u-maloj-sali-ulcinj-odrzana-godisnja-skupstina-ulcinj\/#breadcrumb\",\"itemListElement\":[{\"@type\":\"ListItem\",\"position\":1,\"name\":\"Danas je u Maloj sali SO Ulcinj odr\u017eana, GODI\u0160NJA SKUP\u0160TINA TO ULCINJ\"}]},{\"@type\":\"Person\",\"@id\":\"https:\/\/www.visit-ulcinj.com\/blog\/#\/schema\/person\/dcab619c614d3038751c63bc2aadc06d\",\"name\":\"ulqini\",\"sameAs\":[\"http:\/\/www.visit-ulcinj.com\"],\"url\":\"https:\/\/www.visit-ulcinj.com\/blog\/author\/admin\/\"}]}<\/script>\n<!-- \/ Yoast SEO plugin. -->","yoast_head_json":{"title":"Danas je u Maloj sali SO Ulcinj odr\u017eana, GODI\u0160NJA SKUP\u0160TINA TO ULCINJ - Lajme nga Ulqini","description":"I ja sam bio pozvan, \u0161to me je prijatno iznenadilo, obzirom da dugogodi\u0161nje \u0107utanje i nepriznavanje pravih vrijednosti onih koji vode TO, i uop\u0161te na\u0161","robots":{"index":"index","follow":"follow","max-snippet":"max-snippet:-1","max-image-preview":"max-image-preview:large","max-video-preview":"max-video-preview:-1"},"canonical":"https:\/\/www.visit-ulcinj.com\/blog\/2014\/10\/13\/danas-je-u-maloj-sali-ulcinj-odrzana-godisnja-skupstina-ulcinj\/","og_locale":"en_US","og_type":"article","og_title":"Danas je u Maloj sali SO Ulcinj odr\u017eana, GODI\u0160NJA SKUP\u0160TINA TO ULCINJ - Lajme nga Ulqini","og_description":"I ja sam bio pozvan, \u0161to me je prijatno iznenadilo, obzirom da dugogodi\u0161nje \u0107utanje i nepriznavanje pravih vrijednosti onih koji vode TO, i uop\u0161te na\u0161","og_url":"https:\/\/www.visit-ulcinj.com\/blog\/2014\/10\/13\/danas-je-u-maloj-sali-ulcinj-odrzana-godisnja-skupstina-ulcinj\/","og_site_name":"Lajme nga Ulqini","article_published_time":"2014-10-13T17:48:34+00:00","og_image":[{"url":"http:\/\/www.visit-ulcinj.com\/blog\/wp-content\/uploads\/2014\/10\/GODISNJA-SKUPSTINA-TO-ULCINJ.jpg"}],"twitter_misc":{"Written by":"ulqini","Est. reading time":"2 minutes"},"schema":{"@context":"https:\/\/schema.org","@graph":[{"@type":"WebSite","@id":"https:\/\/www.visit-ulcinj.com\/blog\/#website","url":"https:\/\/www.visit-ulcinj.com\/blog\/","name":"Lajme nga Ulqini","description":"Lajme,Vijesti,Ulqini,Ulqin,Crna Gora,Mali i Zi","potentialAction":[{"@type":"SearchAction","target":{"@type":"EntryPoint","urlTemplate":"https:\/\/www.visit-ulcinj.com\/blog\/?s={search_term_string}"},"query-input":"required name=search_term_string"}],"inLanguage":"en-US"},{"@type":"ImageObject","inLanguage":"en-US","@id":"https:\/\/www.visit-ulcinj.com\/blog\/2014\/10\/13\/danas-je-u-maloj-sali-ulcinj-odrzana-godisnja-skupstina-ulcinj\/#primaryimage","url":"https:\/\/www.visit-ulcinj.com\/blog\/wp-content\/uploads\/2014\/10\/GODISNJA-SKUPSTINA-TO-ULCINJ.jpg","contentUrl":"https:\/\/www.visit-ulcinj.com\/blog\/wp-content\/uploads\/2014\/10\/GODISNJA-SKUPSTINA-TO-ULCINJ.jpg","width":960,"height":720},{"@type":"WebPage","@id":"https:\/\/www.visit-ulcinj.com\/blog\/2014\/10\/13\/danas-je-u-maloj-sali-ulcinj-odrzana-godisnja-skupstina-ulcinj\/#webpage","url":"https:\/\/www.visit-ulcinj.com\/blog\/2014\/10\/13\/danas-je-u-maloj-sali-ulcinj-odrzana-godisnja-skupstina-ulcinj\/","name":"Danas je u Maloj sali SO Ulcinj odr\u017eana, GODI\u0160NJA SKUP\u0160TINA TO ULCINJ - Lajme nga Ulqini","isPartOf":{"@id":"https:\/\/www.visit-ulcinj.com\/blog\/#website"},"primaryImageOfPage":{"@id":"https:\/\/www.visit-ulcinj.com\/blog\/2014\/10\/13\/danas-je-u-maloj-sali-ulcinj-odrzana-godisnja-skupstina-ulcinj\/#primaryimage"},"datePublished":"2014-10-13T17:48:34+00:00","dateModified":"2014-10-13T17:48:34+00:00","author":{"@id":"https:\/\/www.visit-ulcinj.com\/blog\/#\/schema\/person\/dcab619c614d3038751c63bc2aadc06d"},"description":"I ja sam bio pozvan, \u0161to me je prijatno iznenadilo, obzirom da dugogodi\u0161nje \u0107utanje i nepriznavanje pravih vrijednosti onih koji vode TO, i uop\u0161te na\u0161","breadcrumb":{"@id":"https:\/\/www.visit-ulcinj.com\/blog\/2014\/10\/13\/danas-je-u-maloj-sali-ulcinj-odrzana-godisnja-skupstina-ulcinj\/#breadcrumb"},"inLanguage":"en-US","potentialAction":[{"@type":"ReadAction","target":["https:\/\/www.visit-ulcinj.com\/blog\/2014\/10\/13\/danas-je-u-maloj-sali-ulcinj-odrzana-godisnja-skupstina-ulcinj\/"]}]},{"@type":"BreadcrumbList","@id":"https:\/\/www.visit-ulcinj.com\/blog\/2014\/10\/13\/danas-je-u-maloj-sali-ulcinj-odrzana-godisnja-skupstina-ulcinj\/#breadcrumb","itemListElement":[{"@type":"ListItem","position":1,"name":"Danas je u Maloj sali SO Ulcinj odr\u017eana, GODI\u0160NJA SKUP\u0160TINA TO ULCINJ"}]},{"@type":"Person","@id":"https:\/\/www.visit-ulcinj.com\/blog\/#\/schema\/person\/dcab619c614d3038751c63bc2aadc06d","name":"ulqini","sameAs":["http:\/\/www.visit-ulcinj.com"],"url":"https:\/\/www.visit-ulcinj.com\/blog\/author\/admin\/"}]}},"jetpack_featured_media_url":"","jetpack_sharing_enabled":true,"jetpack_shortlink":"https:\/\/wp.me\/pe6lTn-mhI","_links":{"self":[{"href":"https:\/\/www.visit-ulcinj.com\/blog\/wp-json\/wp\/v2\/posts\/85666"}],"collection":[{"href":"https:\/\/www.visit-ulcinj.com\/blog\/wp-json\/wp\/v2\/posts"}],"about":[{"href":"https:\/\/www.visit-ulcinj.com\/blog\/wp-json\/wp\/v2\/types\/post"}],"author":[{"embeddable":true,"href":"https:\/\/www.visit-ulcinj.com\/blog\/wp-json\/wp\/v2\/users\/1"}],"replies":[{"embeddable":true,"href":"https:\/\/www.visit-ulcinj.com\/blog\/wp-json\/wp\/v2\/comments?post=85666"}],"version-history":[{"count":1,"href":"https:\/\/www.visit-ulcinj.com\/blog\/wp-json\/wp\/v2\/posts\/85666\/revisions"}],"predecessor-version":[{"id":85670,"href":"https:\/\/www.visit-ulcinj.com\/blog\/wp-json\/wp\/v2\/posts\/85666\/revisions\/85670"}],"wp:attachment":[{"href":"https:\/\/www.visit-ulcinj.com\/blog\/wp-json\/wp\/v2\/media?parent=85666"}],"wp:term":[{"taxonomy":"category","embeddable":true,"href":"https:\/\/www.visit-ulcinj.com\/blog\/wp-json\/wp\/v2\/categories?post=85666"},{"taxonomy":"post_tag","embeddable":true,"href":"https:\/\/www.visit-ulcinj.com\/blog\/wp-json\/wp\/v2\/tags?post=85666"}],"curies":[{"name":"wp","href":"https:\/\/api.w.org\/{rel}","templated":true}]}}