{"id":85704,"date":"2014-10-15T18:15:38","date_gmt":"2014-10-15T17:15:38","guid":{"rendered":"http:\/\/www.visit-ulcinj.com\/blog\/?p=85704"},"modified":"2014-10-16T18:57:10","modified_gmt":"2014-10-16T17:57:10","slug":"dritan-abazoviq-jep-doreheqje-nga-mzp","status":"publish","type":"post","link":"https:\/\/www.visit-ulcinj.com\/blog\/2014\/10\/15\/dritan-abazoviq-jep-doreheqje-nga-mzp\/","title":{"rendered":"Dritan Abazoviq jep dor\u00ebheqje nga MZP"},"content":{"rendered":"<p><a href=\"http:\/\/www.visit-ulcinj.com\/blog\/wp-content\/uploads\/2014\/10\/Dritan-Abazovic-Ulqin-Ulcinj.jpg\"><img loading=\"lazy\" class=\"alignleft wp-image-85705\" src=\"http:\/\/www.visit-ulcinj.com\/blog\/wp-content\/uploads\/2014\/10\/Dritan-Abazovic-Ulqin-Ulcinj.jpg\" alt=\"Dritan-Abazovic-Ulqin-Ulcinj\" width=\"508\" height=\"339\" srcset=\"https:\/\/www.visit-ulcinj.com\/blog\/wp-content\/uploads\/2014\/10\/Dritan-Abazovic-Ulqin-Ulcinj.jpg 624w, https:\/\/www.visit-ulcinj.com\/blog\/wp-content\/uploads\/2014\/10\/Dritan-Abazovic-Ulqin-Ulcinj-300x200.jpg 300w\" sizes=\"(max-width: 508px) 100vw, 508px\" \/><\/a>Deputeti i Malit t\u00eb Zi Pozitiv Dritan Abazoviq\u00a0 ka dh\u00ebn\u00eb dor\u00ebheqje n\u00eb k\u00ebt\u00eb parti, por jo edhe n\u00eb postin e deputetit. Shkak\u00a0 p\u00ebr dor\u00ebheqje dhe q\u00ebndrimet p\u00ebr situat\u00ebn n\u00eb k\u00ebt\u00eb parti, Abazoviq i kumtoj\u00eb n\u00eb konferenc\u00ebn p\u00ebr gazetar\u00ebt. Kryetari i Pozitiv\u00ebs, Darko Pajoviq, ka fituar mbr\u00ebm\u00eb shumic\u00ebn e votave t\u00eb k\u00ebshillit kryesor,\u00a0 k\u00ebshtu q\u00eb n\u00eb krye t\u00eb k\u00ebsaj partie me siguri do t\u00eb jet\u00eb deri n\u00eb mbajtjen e kongresit i cili \u00ebsht\u00eb planifikuar t\u00eb mbahet me 26 maj t\u00eb vitit t\u00eb ardhsh\u00ebm. N\u00eb mbledhjen elektronike t\u00eb kryesis\u00eb s\u00eb partis\u00eb \u00ebsht\u00eb vendosur q\u00eb nga partia t\u00eb p\u00ebrjashtohen Mlladen Bojaniq, Millosh Konatar, Goran Gjuroviq, Emin Durakoviq, Nikolla Necko Koqallo dhe Dragan Qiro Cvetkoviq. Abazoviq dhe Lluka Rak\u00e7eviq kan\u00eb p\u00ebrkrahur Bojaniqin dhe kan\u00eb k\u00ebrkuar shkarkimin e Darko Pajoviqit por nuk jan\u00eb p\u00ebrjashtuar nga partia.<\/p>\n<p><strong>TVCG<\/strong><\/p>\n","protected":false},"excerpt":{"rendered":"<p>Deputeti i Malit t\u00eb Zi Pozitiv Dritan Abazoviq\u00a0 ka dh\u00ebn\u00eb dor\u00ebheqje n\u00eb k\u00ebt\u00eb parti, por jo edhe n\u00eb postin e deputetit. Shkak\u00a0 p\u00ebr dor\u00ebheqje dhe q\u00ebndrimet p\u00ebr situat\u00ebn n\u00eb k\u00ebt\u00eb parti, Abazoviq i kumtoj\u00eb n\u00eb konferenc\u00ebn p\u00ebr gazetar\u00ebt. Kryetari i Pozitiv\u00ebs, Darko Pajoviq, ka fituar mbr\u00ebm\u00eb shumic\u00ebn e votave t\u00eb k\u00ebshillit kryesor,\u00a0 k\u00ebshtu q\u00eb n\u00eb [&hellip;]<\/p>\n","protected":false},"author":1,"featured_media":0,"comment_status":"closed","ping_status":"closed","sticky":false,"template":"","format":"standard","meta":{"spay_email":"","jetpack_publicize_message":"","jetpack_is_tweetstorm":false,"jetpack_publicize_feature_enabled":true},"categories":[1,6950,6],"tags":[],"jetpack_publicize_connections":[],"yoast_head":"<!-- This site is optimized with the Yoast SEO plugin v19.1 - https:\/\/yoast.com\/wordpress\/plugins\/seo\/ -->\n<title>Dritan Abazoviq jep dor\u00ebheqje nga MZP - Lajme nga Ulqini<\/title>\n<meta name=\"description\" content=\"Deputeti i Malit t\u00eb Zi Pozitiv Dritan Abazoviq\u00a0 ka dh\u00ebn\u00eb dor\u00ebheqje n\u00eb k\u00ebt\u00eb parti, por jo edhe n\u00eb postin e deputetit. Shkak\u00a0 p\u00ebr dor\u00ebheqje dhe q\u00ebndrimet\" \/>\n<meta name=\"robots\" content=\"index, follow, max-snippet:-1, max-image-preview:large, max-video-preview:-1\" \/>\n<link rel=\"canonical\" href=\"https:\/\/www.visit-ulcinj.com\/blog\/2014\/10\/15\/dritan-abazoviq-jep-doreheqje-nga-mzp\/\" \/>\n<meta property=\"og:locale\" content=\"en_US\" \/>\n<meta property=\"og:type\" content=\"article\" \/>\n<meta property=\"og:title\" content=\"Dritan Abazoviq jep dor\u00ebheqje nga MZP - Lajme nga Ulqini\" \/>\n<meta property=\"og:description\" content=\"Deputeti i Malit t\u00eb Zi Pozitiv Dritan Abazoviq\u00a0 ka dh\u00ebn\u00eb dor\u00ebheqje n\u00eb k\u00ebt\u00eb parti, por jo edhe n\u00eb postin e deputetit. Shkak\u00a0 p\u00ebr dor\u00ebheqje dhe q\u00ebndrimet\" \/>\n<meta property=\"og:url\" content=\"https:\/\/www.visit-ulcinj.com\/blog\/2014\/10\/15\/dritan-abazoviq-jep-doreheqje-nga-mzp\/\" \/>\n<meta property=\"og:site_name\" content=\"Lajme nga Ulqini\" \/>\n<meta property=\"article:published_time\" content=\"2014-10-15T17:15:38+00:00\" \/>\n<meta property=\"article:modified_time\" content=\"2014-10-16T17:57:10+00:00\" \/>\n<meta property=\"og:image\" content=\"http:\/\/www.visit-ulcinj.com\/blog\/wp-content\/uploads\/2014\/10\/Dritan-Abazovic-Ulqin-Ulcinj.jpg\" \/>\n<meta name=\"twitter:label1\" content=\"Written by\" \/>\n\t<meta name=\"twitter:data1\" content=\"ulqini\" \/>\n\t<meta name=\"twitter:label2\" content=\"Est. reading time\" \/>\n\t<meta name=\"twitter:data2\" content=\"1 minute\" \/>\n<script type=\"application\/ld+json\" class=\"yoast-schema-graph\">{\"@context\":\"https:\/\/schema.org\",\"@graph\":[{\"@type\":\"WebSite\",\"@id\":\"https:\/\/www.visit-ulcinj.com\/blog\/#website\",\"url\":\"https:\/\/www.visit-ulcinj.com\/blog\/\",\"name\":\"Lajme nga Ulqini\",\"description\":\"Lajme,Vijesti,Ulqini,Ulqin,Crna Gora,Mali i Zi\",\"potentialAction\":[{\"@type\":\"SearchAction\",\"target\":{\"@type\":\"EntryPoint\",\"urlTemplate\":\"https:\/\/www.visit-ulcinj.com\/blog\/?s={search_term_string}\"},\"query-input\":\"required name=search_term_string\"}],\"inLanguage\":\"en-US\"},{\"@type\":\"ImageObject\",\"inLanguage\":\"en-US\",\"@id\":\"https:\/\/www.visit-ulcinj.com\/blog\/2014\/10\/15\/dritan-abazoviq-jep-doreheqje-nga-mzp\/#primaryimage\",\"url\":\"https:\/\/www.visit-ulcinj.com\/blog\/wp-content\/uploads\/2014\/10\/Dritan-Abazovic-Ulqin-Ulcinj.jpg\",\"contentUrl\":\"https:\/\/www.visit-ulcinj.com\/blog\/wp-content\/uploads\/2014\/10\/Dritan-Abazovic-Ulqin-Ulcinj.jpg\",\"width\":624,\"height\":417},{\"@type\":\"WebPage\",\"@id\":\"https:\/\/www.visit-ulcinj.com\/blog\/2014\/10\/15\/dritan-abazoviq-jep-doreheqje-nga-mzp\/#webpage\",\"url\":\"https:\/\/www.visit-ulcinj.com\/blog\/2014\/10\/15\/dritan-abazoviq-jep-doreheqje-nga-mzp\/\",\"name\":\"Dritan Abazoviq jep dor\u00ebheqje nga MZP - Lajme nga Ulqini\",\"isPartOf\":{\"@id\":\"https:\/\/www.visit-ulcinj.com\/blog\/#website\"},\"primaryImageOfPage\":{\"@id\":\"https:\/\/www.visit-ulcinj.com\/blog\/2014\/10\/15\/dritan-abazoviq-jep-doreheqje-nga-mzp\/#primaryimage\"},\"datePublished\":\"2014-10-15T17:15:38+00:00\",\"dateModified\":\"2014-10-16T17:57:10+00:00\",\"author\":{\"@id\":\"https:\/\/www.visit-ulcinj.com\/blog\/#\/schema\/person\/dcab619c614d3038751c63bc2aadc06d\"},\"description\":\"Deputeti i Malit t\u00eb Zi Pozitiv Dritan Abazoviq\u00a0 ka dh\u00ebn\u00eb dor\u00ebheqje n\u00eb k\u00ebt\u00eb parti, por jo edhe n\u00eb postin e deputetit. Shkak\u00a0 p\u00ebr dor\u00ebheqje dhe q\u00ebndrimet\",\"breadcrumb\":{\"@id\":\"https:\/\/www.visit-ulcinj.com\/blog\/2014\/10\/15\/dritan-abazoviq-jep-doreheqje-nga-mzp\/#breadcrumb\"},\"inLanguage\":\"en-US\",\"potentialAction\":[{\"@type\":\"ReadAction\",\"target\":[\"https:\/\/www.visit-ulcinj.com\/blog\/2014\/10\/15\/dritan-abazoviq-jep-doreheqje-nga-mzp\/\"]}]},{\"@type\":\"BreadcrumbList\",\"@id\":\"https:\/\/www.visit-ulcinj.com\/blog\/2014\/10\/15\/dritan-abazoviq-jep-doreheqje-nga-mzp\/#breadcrumb\",\"itemListElement\":[{\"@type\":\"ListItem\",\"position\":1,\"name\":\"Dritan Abazoviq jep dor\u00ebheqje nga MZP\"}]},{\"@type\":\"Person\",\"@id\":\"https:\/\/www.visit-ulcinj.com\/blog\/#\/schema\/person\/dcab619c614d3038751c63bc2aadc06d\",\"name\":\"ulqini\",\"sameAs\":[\"http:\/\/www.visit-ulcinj.com\"],\"url\":\"https:\/\/www.visit-ulcinj.com\/blog\/author\/admin\/\"}]}<\/script>\n<!-- \/ Yoast SEO plugin. -->","yoast_head_json":{"title":"Dritan Abazoviq jep dor\u00ebheqje nga MZP - Lajme nga Ulqini","description":"Deputeti i Malit t\u00eb Zi Pozitiv Dritan Abazoviq\u00a0 ka dh\u00ebn\u00eb dor\u00ebheqje n\u00eb k\u00ebt\u00eb parti, por jo edhe n\u00eb postin e deputetit. Shkak\u00a0 p\u00ebr dor\u00ebheqje dhe q\u00ebndrimet","robots":{"index":"index","follow":"follow","max-snippet":"max-snippet:-1","max-image-preview":"max-image-preview:large","max-video-preview":"max-video-preview:-1"},"canonical":"https:\/\/www.visit-ulcinj.com\/blog\/2014\/10\/15\/dritan-abazoviq-jep-doreheqje-nga-mzp\/","og_locale":"en_US","og_type":"article","og_title":"Dritan Abazoviq jep dor\u00ebheqje nga MZP - Lajme nga Ulqini","og_description":"Deputeti i Malit t\u00eb Zi Pozitiv Dritan Abazoviq\u00a0 ka dh\u00ebn\u00eb dor\u00ebheqje n\u00eb k\u00ebt\u00eb parti, por jo edhe n\u00eb postin e deputetit. Shkak\u00a0 p\u00ebr dor\u00ebheqje dhe q\u00ebndrimet","og_url":"https:\/\/www.visit-ulcinj.com\/blog\/2014\/10\/15\/dritan-abazoviq-jep-doreheqje-nga-mzp\/","og_site_name":"Lajme nga Ulqini","article_published_time":"2014-10-15T17:15:38+00:00","article_modified_time":"2014-10-16T17:57:10+00:00","og_image":[{"url":"http:\/\/www.visit-ulcinj.com\/blog\/wp-content\/uploads\/2014\/10\/Dritan-Abazovic-Ulqin-Ulcinj.jpg"}],"twitter_misc":{"Written by":"ulqini","Est. reading time":"1 minute"},"schema":{"@context":"https:\/\/schema.org","@graph":[{"@type":"WebSite","@id":"https:\/\/www.visit-ulcinj.com\/blog\/#website","url":"https:\/\/www.visit-ulcinj.com\/blog\/","name":"Lajme nga Ulqini","description":"Lajme,Vijesti,Ulqini,Ulqin,Crna Gora,Mali i Zi","potentialAction":[{"@type":"SearchAction","target":{"@type":"EntryPoint","urlTemplate":"https:\/\/www.visit-ulcinj.com\/blog\/?s={search_term_string}"},"query-input":"required name=search_term_string"}],"inLanguage":"en-US"},{"@type":"ImageObject","inLanguage":"en-US","@id":"https:\/\/www.visit-ulcinj.com\/blog\/2014\/10\/15\/dritan-abazoviq-jep-doreheqje-nga-mzp\/#primaryimage","url":"https:\/\/www.visit-ulcinj.com\/blog\/wp-content\/uploads\/2014\/10\/Dritan-Abazovic-Ulqin-Ulcinj.jpg","contentUrl":"https:\/\/www.visit-ulcinj.com\/blog\/wp-content\/uploads\/2014\/10\/Dritan-Abazovic-Ulqin-Ulcinj.jpg","width":624,"height":417},{"@type":"WebPage","@id":"https:\/\/www.visit-ulcinj.com\/blog\/2014\/10\/15\/dritan-abazoviq-jep-doreheqje-nga-mzp\/#webpage","url":"https:\/\/www.visit-ulcinj.com\/blog\/2014\/10\/15\/dritan-abazoviq-jep-doreheqje-nga-mzp\/","name":"Dritan Abazoviq jep dor\u00ebheqje nga MZP - Lajme nga Ulqini","isPartOf":{"@id":"https:\/\/www.visit-ulcinj.com\/blog\/#website"},"primaryImageOfPage":{"@id":"https:\/\/www.visit-ulcinj.com\/blog\/2014\/10\/15\/dritan-abazoviq-jep-doreheqje-nga-mzp\/#primaryimage"},"datePublished":"2014-10-15T17:15:38+00:00","dateModified":"2014-10-16T17:57:10+00:00","author":{"@id":"https:\/\/www.visit-ulcinj.com\/blog\/#\/schema\/person\/dcab619c614d3038751c63bc2aadc06d"},"description":"Deputeti i Malit t\u00eb Zi Pozitiv Dritan Abazoviq\u00a0 ka dh\u00ebn\u00eb dor\u00ebheqje n\u00eb k\u00ebt\u00eb parti, por jo edhe n\u00eb postin e deputetit. Shkak\u00a0 p\u00ebr dor\u00ebheqje dhe q\u00ebndrimet","breadcrumb":{"@id":"https:\/\/www.visit-ulcinj.com\/blog\/2014\/10\/15\/dritan-abazoviq-jep-doreheqje-nga-mzp\/#breadcrumb"},"inLanguage":"en-US","potentialAction":[{"@type":"ReadAction","target":["https:\/\/www.visit-ulcinj.com\/blog\/2014\/10\/15\/dritan-abazoviq-jep-doreheqje-nga-mzp\/"]}]},{"@type":"BreadcrumbList","@id":"https:\/\/www.visit-ulcinj.com\/blog\/2014\/10\/15\/dritan-abazoviq-jep-doreheqje-nga-mzp\/#breadcrumb","itemListElement":[{"@type":"ListItem","position":1,"name":"Dritan Abazoviq jep dor\u00ebheqje nga MZP"}]},{"@type":"Person","@id":"https:\/\/www.visit-ulcinj.com\/blog\/#\/schema\/person\/dcab619c614d3038751c63bc2aadc06d","name":"ulqini","sameAs":["http:\/\/www.visit-ulcinj.com"],"url":"https:\/\/www.visit-ulcinj.com\/blog\/author\/admin\/"}]}},"jetpack_featured_media_url":"","jetpack_sharing_enabled":true,"jetpack_shortlink":"https:\/\/wp.me\/pe6lTn-mik","_links":{"self":[{"href":"https:\/\/www.visit-ulcinj.com\/blog\/wp-json\/wp\/v2\/posts\/85704"}],"collection":[{"href":"https:\/\/www.visit-ulcinj.com\/blog\/wp-json\/wp\/v2\/posts"}],"about":[{"href":"https:\/\/www.visit-ulcinj.com\/blog\/wp-json\/wp\/v2\/types\/post"}],"author":[{"embeddable":true,"href":"https:\/\/www.visit-ulcinj.com\/blog\/wp-json\/wp\/v2\/users\/1"}],"replies":[{"embeddable":true,"href":"https:\/\/www.visit-ulcinj.com\/blog\/wp-json\/wp\/v2\/comments?post=85704"}],"version-history":[{"count":1,"href":"https:\/\/www.visit-ulcinj.com\/blog\/wp-json\/wp\/v2\/posts\/85704\/revisions"}],"predecessor-version":[{"id":85706,"href":"https:\/\/www.visit-ulcinj.com\/blog\/wp-json\/wp\/v2\/posts\/85704\/revisions\/85706"}],"wp:attachment":[{"href":"https:\/\/www.visit-ulcinj.com\/blog\/wp-json\/wp\/v2\/media?parent=85704"}],"wp:term":[{"taxonomy":"category","embeddable":true,"href":"https:\/\/www.visit-ulcinj.com\/blog\/wp-json\/wp\/v2\/categories?post=85704"},{"taxonomy":"post_tag","embeddable":true,"href":"https:\/\/www.visit-ulcinj.com\/blog\/wp-json\/wp\/v2\/tags?post=85704"}],"curies":[{"name":"wp","href":"https:\/\/api.w.org\/{rel}","templated":true}]}}