{"id":85707,"date":"2014-10-15T18:26:39","date_gmt":"2014-10-15T17:26:39","guid":{"rendered":"http:\/\/www.visit-ulcinj.com\/blog\/?p=85707"},"modified":"2014-10-15T18:26:39","modified_gmt":"2014-10-15T17:26:39","slug":"budva-mbledh-ministrat-rajonale-te-mbrojtjes-perfshire-edhe-kosoven","status":"publish","type":"post","link":"https:\/\/www.visit-ulcinj.com\/blog\/2014\/10\/15\/budva-mbledh-ministrat-rajonale-te-mbrojtjes-perfshire-edhe-kosoven\/","title":{"rendered":"Budva mbledh ministrat rajonal\u00eb t\u00eb mbrojtjes, p\u00ebrfshir\u00eb edhe Kosov\u00ebn"},"content":{"rendered":"<p><strong><a href=\"http:\/\/www.visit-ulcinj.com\/blog\/wp-content\/uploads\/2014\/09\/Budva.jpg\"><img loading=\"lazy\" class=\"alignleft wp-image-85038\" src=\"http:\/\/www.visit-ulcinj.com\/blog\/wp-content\/uploads\/2014\/09\/Budva.jpg\" alt=\"Budva\" width=\"508\" height=\"281\" srcset=\"https:\/\/www.visit-ulcinj.com\/blog\/wp-content\/uploads\/2014\/09\/Budva.jpg 1024w, https:\/\/www.visit-ulcinj.com\/blog\/wp-content\/uploads\/2014\/09\/Budva-300x166.jpg 300w\" sizes=\"(max-width: 508px) 100vw, 508px\" \/><\/a>Podgoric\u00eb, 14 tetor &#8211; Ministria e Mbrojtjes s\u00eb Malit t\u00eb Zi \u00ebsht\u00eb organizatori i dyt\u00eb i &#8220;Takimit Rajonal Gjith\u00ebp\u00ebrfshir\u00ebs Ministror\u00eb&#8221;, q\u00eb fillon sot n\u00eb Budva, raporton Anadolu Agency.<\/strong><\/p>\n<div>\n<p>Q\u00ebllimi i takimit \u00ebsht\u00eb q\u00eb t\u00eb koordinoj\u00eb bashk\u00ebpunimin rajonal t\u00eb mbrojtjes dhe siguris\u00eb n\u00eb Ballkanin Per\u00ebndimor dhe Evrop\u00ebn Juglindore, n\u00eb kuad\u00ebr t\u00eb Nismave Rajonale t\u00eb Kart\u00ebs SHBA-Adriatik (A5) dhe bashk\u00ebpunimit t\u00eb ministrave t\u00eb mbrojtjes t\u00eb Evrop\u00ebs Juglindore.<\/p>\n<p>Si\u00e7 njoftohet nga Ministria e Mbrojtjes s\u00eb Malit t\u00eb Zi, do t\u00eb mbahet nj\u00eb takim i drejtor\u00ebve politik\u00eb t\u00eb Ballkanit Per\u00ebndimor, takim i ministrave t\u00eb mbrojtjes t\u00eb shteteve an\u00ebtare t\u00eb A5, takim i ministrave t\u00eb mbrojtjes t\u00eb Evrop\u00ebs Juglindore n\u00eb kuad\u00ebr t\u00eb bashk\u00ebpunimit rajonal, si dhe nj\u00eb takim i p\u00ebrbashk\u00ebt i pjes\u00ebmarr\u00ebsve t\u00eb konferenc\u00ebs.<\/p>\n<p>Takimi gjith\u00ebp\u00ebrfshir\u00ebs rajonal ministror do t\u00eb mbledh\u00eb 22 delegacione nga 16 vende, duke p\u00ebrfshir\u00eb p\u00ebrfaq\u00ebsues t\u00eb organizatave nd\u00ebrkomb\u00ebtare dhe rajonale, me m\u00eb shum\u00eb se 120 pjes\u00ebmarr\u00ebs, duke p\u00ebrfshir\u00eb edhe ministrat e mbrojtjes t\u00eb Shqip\u00ebris\u00eb, Bosnj\u00ebs dhe Hercegovin\u00ebs, Bullgaris\u00eb, Malit t\u00eb Zi, Kroacis\u00eb, Kosov\u00ebs, Maqedonis\u00eb, Moldavis\u00eb, Sllovenis\u00eb, Turqis\u00eb dhe Ukrain\u00ebs.<\/p>\n<p>Takimi rajonal ministror do t\u00eb zgjas\u00eb deri t\u00eb enjten.<\/p>\n<p>Koha Net<\/p>\n<\/div>\n","protected":false},"excerpt":{"rendered":"<p>Podgoric\u00eb, 14 tetor &#8211; Ministria e Mbrojtjes s\u00eb Malit t\u00eb Zi \u00ebsht\u00eb organizatori i dyt\u00eb i &#8220;Takimit Rajonal Gjith\u00ebp\u00ebrfshir\u00ebs Ministror\u00eb&#8221;, q\u00eb fillon sot n\u00eb Budva, raporton Anadolu Agency. Q\u00ebllimi i takimit \u00ebsht\u00eb q\u00eb t\u00eb koordinoj\u00eb bashk\u00ebpunimin rajonal t\u00eb mbrojtjes dhe siguris\u00eb n\u00eb Ballkanin Per\u00ebndimor dhe Evrop\u00ebn Juglindore, n\u00eb kuad\u00ebr t\u00eb Nismave Rajonale t\u00eb Kart\u00ebs SHBA-Adriatik [&hellip;]<\/p>\n","protected":false},"author":1,"featured_media":0,"comment_status":"closed","ping_status":"closed","sticky":false,"template":"","format":"standard","meta":{"spay_email":"","jetpack_publicize_message":"","jetpack_is_tweetstorm":false,"jetpack_publicize_feature_enabled":true},"categories":[14],"tags":[],"jetpack_publicize_connections":[],"yoast_head":"<!-- This site is optimized with the Yoast SEO plugin v19.1 - https:\/\/yoast.com\/wordpress\/plugins\/seo\/ -->\n<title>Budva mbledh ministrat rajonal\u00eb t\u00eb mbrojtjes, p\u00ebrfshir\u00eb edhe Kosov\u00ebn - Lajme nga Ulqini<\/title>\n<meta name=\"description\" content=\"Podgoric\u00eb, 14 tetor - Ministria e Mbrojtjes s\u00eb Malit t\u00eb Zi \u00ebsht\u00eb organizatori i dyt\u00eb i &quot;Takimit Rajonal Gjith\u00ebp\u00ebrfshir\u00ebs Ministror\u00eb&quot;, q\u00eb fillon sot n\u00eb\" \/>\n<meta name=\"robots\" content=\"index, follow, max-snippet:-1, max-image-preview:large, max-video-preview:-1\" \/>\n<link rel=\"canonical\" href=\"https:\/\/www.visit-ulcinj.com\/blog\/2014\/10\/15\/budva-mbledh-ministrat-rajonale-te-mbrojtjes-perfshire-edhe-kosoven\/\" \/>\n<meta property=\"og:locale\" content=\"en_US\" \/>\n<meta property=\"og:type\" content=\"article\" \/>\n<meta property=\"og:title\" content=\"Budva mbledh ministrat rajonal\u00eb t\u00eb mbrojtjes, p\u00ebrfshir\u00eb edhe Kosov\u00ebn - Lajme nga Ulqini\" \/>\n<meta property=\"og:description\" content=\"Podgoric\u00eb, 14 tetor - Ministria e Mbrojtjes s\u00eb Malit t\u00eb Zi \u00ebsht\u00eb organizatori i dyt\u00eb i &quot;Takimit Rajonal Gjith\u00ebp\u00ebrfshir\u00ebs Ministror\u00eb&quot;, q\u00eb fillon sot n\u00eb\" \/>\n<meta property=\"og:url\" content=\"https:\/\/www.visit-ulcinj.com\/blog\/2014\/10\/15\/budva-mbledh-ministrat-rajonale-te-mbrojtjes-perfshire-edhe-kosoven\/\" \/>\n<meta property=\"og:site_name\" content=\"Lajme nga Ulqini\" \/>\n<meta property=\"article:published_time\" content=\"2014-10-15T17:26:39+00:00\" \/>\n<meta property=\"og:image\" content=\"http:\/\/www.visit-ulcinj.com\/blog\/wp-content\/uploads\/2014\/09\/Budva.jpg\" \/>\n<meta name=\"twitter:label1\" content=\"Written by\" \/>\n\t<meta name=\"twitter:data1\" content=\"ulqini\" \/>\n\t<meta name=\"twitter:label2\" content=\"Est. reading time\" \/>\n\t<meta name=\"twitter:data2\" content=\"1 minute\" \/>\n<script type=\"application\/ld+json\" class=\"yoast-schema-graph\">{\"@context\":\"https:\/\/schema.org\",\"@graph\":[{\"@type\":\"WebSite\",\"@id\":\"https:\/\/www.visit-ulcinj.com\/blog\/#website\",\"url\":\"https:\/\/www.visit-ulcinj.com\/blog\/\",\"name\":\"Lajme nga Ulqini\",\"description\":\"Lajme,Vijesti,Ulqini,Ulqin,Crna Gora,Mali i Zi\",\"potentialAction\":[{\"@type\":\"SearchAction\",\"target\":{\"@type\":\"EntryPoint\",\"urlTemplate\":\"https:\/\/www.visit-ulcinj.com\/blog\/?s={search_term_string}\"},\"query-input\":\"required name=search_term_string\"}],\"inLanguage\":\"en-US\"},{\"@type\":\"ImageObject\",\"inLanguage\":\"en-US\",\"@id\":\"https:\/\/www.visit-ulcinj.com\/blog\/2014\/10\/15\/budva-mbledh-ministrat-rajonale-te-mbrojtjes-perfshire-edhe-kosoven\/#primaryimage\",\"url\":\"https:\/\/www.visit-ulcinj.com\/blog\/wp-content\/uploads\/2014\/09\/Budva.jpg\",\"contentUrl\":\"https:\/\/www.visit-ulcinj.com\/blog\/wp-content\/uploads\/2014\/09\/Budva.jpg\",\"width\":1024,\"height\":567},{\"@type\":\"WebPage\",\"@id\":\"https:\/\/www.visit-ulcinj.com\/blog\/2014\/10\/15\/budva-mbledh-ministrat-rajonale-te-mbrojtjes-perfshire-edhe-kosoven\/#webpage\",\"url\":\"https:\/\/www.visit-ulcinj.com\/blog\/2014\/10\/15\/budva-mbledh-ministrat-rajonale-te-mbrojtjes-perfshire-edhe-kosoven\/\",\"name\":\"Budva mbledh ministrat rajonal\u00eb t\u00eb mbrojtjes, p\u00ebrfshir\u00eb edhe Kosov\u00ebn - Lajme nga Ulqini\",\"isPartOf\":{\"@id\":\"https:\/\/www.visit-ulcinj.com\/blog\/#website\"},\"primaryImageOfPage\":{\"@id\":\"https:\/\/www.visit-ulcinj.com\/blog\/2014\/10\/15\/budva-mbledh-ministrat-rajonale-te-mbrojtjes-perfshire-edhe-kosoven\/#primaryimage\"},\"datePublished\":\"2014-10-15T17:26:39+00:00\",\"dateModified\":\"2014-10-15T17:26:39+00:00\",\"author\":{\"@id\":\"https:\/\/www.visit-ulcinj.com\/blog\/#\/schema\/person\/dcab619c614d3038751c63bc2aadc06d\"},\"description\":\"Podgoric\u00eb, 14 tetor - Ministria e Mbrojtjes s\u00eb Malit t\u00eb Zi \u00ebsht\u00eb organizatori i dyt\u00eb i \\\"Takimit Rajonal Gjith\u00ebp\u00ebrfshir\u00ebs Ministror\u00eb\\\", q\u00eb fillon sot n\u00eb\",\"breadcrumb\":{\"@id\":\"https:\/\/www.visit-ulcinj.com\/blog\/2014\/10\/15\/budva-mbledh-ministrat-rajonale-te-mbrojtjes-perfshire-edhe-kosoven\/#breadcrumb\"},\"inLanguage\":\"en-US\",\"potentialAction\":[{\"@type\":\"ReadAction\",\"target\":[\"https:\/\/www.visit-ulcinj.com\/blog\/2014\/10\/15\/budva-mbledh-ministrat-rajonale-te-mbrojtjes-perfshire-edhe-kosoven\/\"]}]},{\"@type\":\"BreadcrumbList\",\"@id\":\"https:\/\/www.visit-ulcinj.com\/blog\/2014\/10\/15\/budva-mbledh-ministrat-rajonale-te-mbrojtjes-perfshire-edhe-kosoven\/#breadcrumb\",\"itemListElement\":[{\"@type\":\"ListItem\",\"position\":1,\"name\":\"Budva mbledh ministrat rajonal\u00eb t\u00eb mbrojtjes, p\u00ebrfshir\u00eb edhe Kosov\u00ebn\"}]},{\"@type\":\"Person\",\"@id\":\"https:\/\/www.visit-ulcinj.com\/blog\/#\/schema\/person\/dcab619c614d3038751c63bc2aadc06d\",\"name\":\"ulqini\",\"sameAs\":[\"http:\/\/www.visit-ulcinj.com\"],\"url\":\"https:\/\/www.visit-ulcinj.com\/blog\/author\/admin\/\"}]}<\/script>\n<!-- \/ Yoast SEO plugin. -->","yoast_head_json":{"title":"Budva mbledh ministrat rajonal\u00eb t\u00eb mbrojtjes, p\u00ebrfshir\u00eb edhe Kosov\u00ebn - Lajme nga Ulqini","description":"Podgoric\u00eb, 14 tetor - Ministria e Mbrojtjes s\u00eb Malit t\u00eb Zi \u00ebsht\u00eb organizatori i dyt\u00eb i \"Takimit Rajonal Gjith\u00ebp\u00ebrfshir\u00ebs Ministror\u00eb\", q\u00eb fillon sot n\u00eb","robots":{"index":"index","follow":"follow","max-snippet":"max-snippet:-1","max-image-preview":"max-image-preview:large","max-video-preview":"max-video-preview:-1"},"canonical":"https:\/\/www.visit-ulcinj.com\/blog\/2014\/10\/15\/budva-mbledh-ministrat-rajonale-te-mbrojtjes-perfshire-edhe-kosoven\/","og_locale":"en_US","og_type":"article","og_title":"Budva mbledh ministrat rajonal\u00eb t\u00eb mbrojtjes, p\u00ebrfshir\u00eb edhe Kosov\u00ebn - Lajme nga Ulqini","og_description":"Podgoric\u00eb, 14 tetor - Ministria e Mbrojtjes s\u00eb Malit t\u00eb Zi \u00ebsht\u00eb organizatori i dyt\u00eb i \"Takimit Rajonal Gjith\u00ebp\u00ebrfshir\u00ebs Ministror\u00eb\", q\u00eb fillon sot n\u00eb","og_url":"https:\/\/www.visit-ulcinj.com\/blog\/2014\/10\/15\/budva-mbledh-ministrat-rajonale-te-mbrojtjes-perfshire-edhe-kosoven\/","og_site_name":"Lajme nga Ulqini","article_published_time":"2014-10-15T17:26:39+00:00","og_image":[{"url":"http:\/\/www.visit-ulcinj.com\/blog\/wp-content\/uploads\/2014\/09\/Budva.jpg"}],"twitter_misc":{"Written by":"ulqini","Est. reading time":"1 minute"},"schema":{"@context":"https:\/\/schema.org","@graph":[{"@type":"WebSite","@id":"https:\/\/www.visit-ulcinj.com\/blog\/#website","url":"https:\/\/www.visit-ulcinj.com\/blog\/","name":"Lajme nga Ulqini","description":"Lajme,Vijesti,Ulqini,Ulqin,Crna Gora,Mali i Zi","potentialAction":[{"@type":"SearchAction","target":{"@type":"EntryPoint","urlTemplate":"https:\/\/www.visit-ulcinj.com\/blog\/?s={search_term_string}"},"query-input":"required name=search_term_string"}],"inLanguage":"en-US"},{"@type":"ImageObject","inLanguage":"en-US","@id":"https:\/\/www.visit-ulcinj.com\/blog\/2014\/10\/15\/budva-mbledh-ministrat-rajonale-te-mbrojtjes-perfshire-edhe-kosoven\/#primaryimage","url":"https:\/\/www.visit-ulcinj.com\/blog\/wp-content\/uploads\/2014\/09\/Budva.jpg","contentUrl":"https:\/\/www.visit-ulcinj.com\/blog\/wp-content\/uploads\/2014\/09\/Budva.jpg","width":1024,"height":567},{"@type":"WebPage","@id":"https:\/\/www.visit-ulcinj.com\/blog\/2014\/10\/15\/budva-mbledh-ministrat-rajonale-te-mbrojtjes-perfshire-edhe-kosoven\/#webpage","url":"https:\/\/www.visit-ulcinj.com\/blog\/2014\/10\/15\/budva-mbledh-ministrat-rajonale-te-mbrojtjes-perfshire-edhe-kosoven\/","name":"Budva mbledh ministrat rajonal\u00eb t\u00eb mbrojtjes, p\u00ebrfshir\u00eb edhe Kosov\u00ebn - Lajme nga Ulqini","isPartOf":{"@id":"https:\/\/www.visit-ulcinj.com\/blog\/#website"},"primaryImageOfPage":{"@id":"https:\/\/www.visit-ulcinj.com\/blog\/2014\/10\/15\/budva-mbledh-ministrat-rajonale-te-mbrojtjes-perfshire-edhe-kosoven\/#primaryimage"},"datePublished":"2014-10-15T17:26:39+00:00","dateModified":"2014-10-15T17:26:39+00:00","author":{"@id":"https:\/\/www.visit-ulcinj.com\/blog\/#\/schema\/person\/dcab619c614d3038751c63bc2aadc06d"},"description":"Podgoric\u00eb, 14 tetor - Ministria e Mbrojtjes s\u00eb Malit t\u00eb Zi \u00ebsht\u00eb organizatori i dyt\u00eb i \"Takimit Rajonal Gjith\u00ebp\u00ebrfshir\u00ebs Ministror\u00eb\", q\u00eb fillon sot n\u00eb","breadcrumb":{"@id":"https:\/\/www.visit-ulcinj.com\/blog\/2014\/10\/15\/budva-mbledh-ministrat-rajonale-te-mbrojtjes-perfshire-edhe-kosoven\/#breadcrumb"},"inLanguage":"en-US","potentialAction":[{"@type":"ReadAction","target":["https:\/\/www.visit-ulcinj.com\/blog\/2014\/10\/15\/budva-mbledh-ministrat-rajonale-te-mbrojtjes-perfshire-edhe-kosoven\/"]}]},{"@type":"BreadcrumbList","@id":"https:\/\/www.visit-ulcinj.com\/blog\/2014\/10\/15\/budva-mbledh-ministrat-rajonale-te-mbrojtjes-perfshire-edhe-kosoven\/#breadcrumb","itemListElement":[{"@type":"ListItem","position":1,"name":"Budva mbledh ministrat rajonal\u00eb t\u00eb mbrojtjes, p\u00ebrfshir\u00eb edhe Kosov\u00ebn"}]},{"@type":"Person","@id":"https:\/\/www.visit-ulcinj.com\/blog\/#\/schema\/person\/dcab619c614d3038751c63bc2aadc06d","name":"ulqini","sameAs":["http:\/\/www.visit-ulcinj.com"],"url":"https:\/\/www.visit-ulcinj.com\/blog\/author\/admin\/"}]}},"jetpack_featured_media_url":"","jetpack_sharing_enabled":true,"jetpack_shortlink":"https:\/\/wp.me\/pe6lTn-min","_links":{"self":[{"href":"https:\/\/www.visit-ulcinj.com\/blog\/wp-json\/wp\/v2\/posts\/85707"}],"collection":[{"href":"https:\/\/www.visit-ulcinj.com\/blog\/wp-json\/wp\/v2\/posts"}],"about":[{"href":"https:\/\/www.visit-ulcinj.com\/blog\/wp-json\/wp\/v2\/types\/post"}],"author":[{"embeddable":true,"href":"https:\/\/www.visit-ulcinj.com\/blog\/wp-json\/wp\/v2\/users\/1"}],"replies":[{"embeddable":true,"href":"https:\/\/www.visit-ulcinj.com\/blog\/wp-json\/wp\/v2\/comments?post=85707"}],"version-history":[{"count":1,"href":"https:\/\/www.visit-ulcinj.com\/blog\/wp-json\/wp\/v2\/posts\/85707\/revisions"}],"predecessor-version":[{"id":85708,"href":"https:\/\/www.visit-ulcinj.com\/blog\/wp-json\/wp\/v2\/posts\/85707\/revisions\/85708"}],"wp:attachment":[{"href":"https:\/\/www.visit-ulcinj.com\/blog\/wp-json\/wp\/v2\/media?parent=85707"}],"wp:term":[{"taxonomy":"category","embeddable":true,"href":"https:\/\/www.visit-ulcinj.com\/blog\/wp-json\/wp\/v2\/categories?post=85707"},{"taxonomy":"post_tag","embeddable":true,"href":"https:\/\/www.visit-ulcinj.com\/blog\/wp-json\/wp\/v2\/tags?post=85707"}],"curies":[{"name":"wp","href":"https:\/\/api.w.org\/{rel}","templated":true}]}}