{"id":85715,"date":"2014-10-16T07:29:13","date_gmt":"2014-10-16T06:29:13","guid":{"rendered":"http:\/\/www.visit-ulcinj.com\/blog\/?p=85715"},"modified":"2014-10-16T07:29:13","modified_gmt":"2014-10-16T06:29:13","slug":"anton-lulgjuraj-ne-lidhje-deklaraten-e-nkryetarit-te-parlamentit-te-malit-te-zi-z-branko-raduloviq","status":"publish","type":"post","link":"https:\/\/www.visit-ulcinj.com\/blog\/2014\/10\/16\/anton-lulgjuraj-ne-lidhje-deklaraten-e-nkryetarit-te-parlamentit-te-malit-te-zi-z-branko-raduloviq\/","title":{"rendered":"Anton Lulgjuraj n\u00eb lidhje me deklarat\u00ebn e n\/kryetarit t\u00eb Parlamentit t\u00eb Malit t\u00eb Zi z. Branko Raduloviq"},"content":{"rendered":"<p><a href=\"http:\/\/www.visit-ulcinj.com\/blog\/wp-content\/uploads\/2011\/12\/Anton-Lulgjuraj.21.jpg\"><img loading=\"lazy\" class=\"alignleft wp-image-54739 size-medium\" src=\"http:\/\/www.visit-ulcinj.com\/blog\/wp-content\/uploads\/2011\/12\/Anton-Lulgjuraj.21-300x240.jpg\" alt=\"Anton-Lulgjuraj.2\" width=\"300\" height=\"240\" srcset=\"https:\/\/www.visit-ulcinj.com\/blog\/wp-content\/uploads\/2011\/12\/Anton-Lulgjuraj.21-300x240.jpg 300w, https:\/\/www.visit-ulcinj.com\/blog\/wp-content\/uploads\/2011\/12\/Anton-Lulgjuraj.21.jpg 450w\" sizes=\"(max-width: 300px) 100vw, 300px\" \/><\/a>Me keqardhje mora lajmin n\u00eb lidhje me deklarat\u00ebn e n\/kryetarit t\u00eb Parlamentit t\u00eb Malit t\u00eb Zi z. Branko Raduloviq dhe deputetit t\u00eb Frontit Demokratik z. Llabudoviq t\u00eb cil\u00ebt k\u00ebrkojn\u00eb q\u00eb organet kompetente t\u00eb fillojn\u00eb hetimet se kush organizoi festimet n\u00eb Mal\u00ebsi, Ulqin dhe Plav\u00eb p\u00ebr komb\u00ebtaren e Shqip\u00ebris\u00eb? Ata shkojn\u00eb edhe m\u00eb larg duke e quajtur &#8220;\u00e7\u00ebshtje serioze e siguris\u00eb&#8221;! Sa turp p\u00ebr k\u00ebto deklarata? Sa pa serioz q\u00eb jeni n\u00eb detyr\u00ebn q\u00eb keni marr\u00eb p\u00ebrsip\u00ebr! Mos mendoni se do i <span class=\"text_exposed_show\">frig\u00ebsoni qytetar\u00ebt me k\u00ebto deklarata. Ju na ndaloni shum\u00eb gj\u00ebra n\u00eb shtetin ton\u00eb q\u00eb quhet Mal i Zi. Ne e kemi t\u00eb nj\u00ebjt\u00ebn shtet\u00ebsi sikurse edhe ju, por kemi komb\u00ebsi t\u00eb ndryshme, kultur\u00eb dhe tradit\u00eb t\u00eb ndryshme. Por, kjo nuk duhet lejuar q\u00eb t\u00eb na ndaj\u00eb, kjo duhet t\u00eb na bashkoj\u00eb n\u00eb rrug\u00ebn ton\u00eb evropiane. <\/span><\/p>\n<p><span class=\"text_exposed_show\">Ju mund t\u00eb na ndaloni identifikimin me simbole komb\u00ebtare, mund t\u00eb na ndaloni p\u00ebrkoh\u00ebsisht t\u00eb drejt\u00ebn n\u00eb vet\u00ebqeverisje lokale, mund t\u00eb na i ndaloni librat nga shteti shqiptar, mund t\u00eb na diskriminoni n\u00eb baza racore, por ju asnj\u00ebher\u00eb dhe p\u00ebr asnj\u00eb moment nuk mund t\u00eb na tregoni se p\u00ebr k\u00ebnd duhet t\u00eb b\u00ebjm\u00eb tifo. Kjo nuk ka t\u00eb b\u00ebj\u00eb fare me sigurin\u00eb komb\u00ebtare dhe aq m\u00eb pak me luajalitetin tuaj politik. Nuk do p\u00ebrfitoni asnj\u00eb t\u00eb mir\u00eb nga k\u00ebto deklarata. Merruni me krimin shtet\u00ebror, me kontraband\u00ebn, me kriminel\u00ebt q\u00eb qarkullojn\u00eb p\u00ebrdit\u00eb n\u00eb Mal t\u00eb Zi. Kjo po q\u00eb \u00ebsht\u00eb \u00e7\u00ebshtje serioze e siguris\u00eb. N\u00eb \u00e7do shtet t\u00eb Evrop\u00ebs qytetar\u00ebt lejohet t\u00eb b\u00ebjn\u00eb tifo p\u00ebr k\u00ebnd t\u00eb duan ata. Zvic\u00ebrra i lejoi shtetasit e saj t\u00eb b\u00ebjn\u00eb tifo p\u00ebr Shqip\u00ebrin\u00eb, at\u00ebher\u00eb me \u00e7&#8217;t\u00eb drejt\u00eb i thoni k\u00ebto deklarata dhe cili \u00ebsht\u00eb q\u00ebllimi juaj t\u00eb nderuar deputet? Ai shtet q\u00eb mbjell frik\u00eb tek qytetar\u00ebt e vet, e mbyt\u00eb \u00e7do pjes\u00eb t\u00eb demokracis\u00eb dhe t\u00eb s\u00eb drejt\u00ebs.<\/span><\/p>\n","protected":false},"excerpt":{"rendered":"<p>Me keqardhje mora lajmin n\u00eb lidhje me deklarat\u00ebn e n\/kryetarit t\u00eb Parlamentit t\u00eb Malit t\u00eb Zi z. Branko Raduloviq dhe deputetit t\u00eb Frontit Demokratik z. Llabudoviq t\u00eb cil\u00ebt k\u00ebrkojn\u00eb q\u00eb organet kompetente t\u00eb fillojn\u00eb hetimet se kush organizoi festimet n\u00eb Mal\u00ebsi, Ulqin dhe Plav\u00eb p\u00ebr komb\u00ebtaren e Shqip\u00ebris\u00eb? Ata shkojn\u00eb edhe m\u00eb larg duke e [&hellip;]<\/p>\n","protected":false},"author":1,"featured_media":0,"comment_status":"closed","ping_status":"closed","sticky":false,"template":"","format":"standard","meta":{"spay_email":"","jetpack_publicize_message":"","jetpack_is_tweetstorm":false,"jetpack_publicize_feature_enabled":true},"categories":[6950],"tags":[],"jetpack_publicize_connections":[],"yoast_head":"<!-- This site is optimized with the Yoast SEO plugin v19.1 - https:\/\/yoast.com\/wordpress\/plugins\/seo\/ -->\n<title>Anton Lulgjuraj n\u00eb lidhje me deklarat\u00ebn e n\/kryetarit t\u00eb Parlamentit t\u00eb Malit t\u00eb Zi z. Branko Raduloviq - Lajme nga Ulqini<\/title>\n<meta name=\"description\" content=\"Me keqardhje mora lajmin n\u00eb lidhje me deklarat\u00ebn e n\/kryetarit t\u00eb Parlamentit t\u00eb Malit t\u00eb Zi z. Branko Raduloviq dhe deputetit t\u00eb Frontit Demokratik z.\" \/>\n<meta name=\"robots\" content=\"index, follow, max-snippet:-1, max-image-preview:large, max-video-preview:-1\" \/>\n<link rel=\"canonical\" href=\"https:\/\/www.visit-ulcinj.com\/blog\/2014\/10\/16\/anton-lulgjuraj-ne-lidhje-deklaraten-e-nkryetarit-te-parlamentit-te-malit-te-zi-z-branko-raduloviq\/\" \/>\n<meta property=\"og:locale\" content=\"en_US\" \/>\n<meta property=\"og:type\" content=\"article\" \/>\n<meta property=\"og:title\" content=\"Anton Lulgjuraj n\u00eb lidhje me deklarat\u00ebn e n\/kryetarit t\u00eb Parlamentit t\u00eb Malit t\u00eb Zi z. Branko Raduloviq - Lajme nga Ulqini\" \/>\n<meta property=\"og:description\" content=\"Me keqardhje mora lajmin n\u00eb lidhje me deklarat\u00ebn e n\/kryetarit t\u00eb Parlamentit t\u00eb Malit t\u00eb Zi z. Branko Raduloviq dhe deputetit t\u00eb Frontit Demokratik z.\" \/>\n<meta property=\"og:url\" content=\"https:\/\/www.visit-ulcinj.com\/blog\/2014\/10\/16\/anton-lulgjuraj-ne-lidhje-deklaraten-e-nkryetarit-te-parlamentit-te-malit-te-zi-z-branko-raduloviq\/\" \/>\n<meta property=\"og:site_name\" content=\"Lajme nga Ulqini\" \/>\n<meta property=\"article:published_time\" content=\"2014-10-16T06:29:13+00:00\" \/>\n<meta property=\"og:image\" content=\"http:\/\/www.visit-ulcinj.com\/blog\/wp-content\/uploads\/2011\/12\/Anton-Lulgjuraj.21-300x240.jpg\" \/>\n<meta name=\"twitter:label1\" content=\"Written by\" \/>\n\t<meta name=\"twitter:data1\" content=\"ulqini\" \/>\n\t<meta name=\"twitter:label2\" content=\"Est. reading time\" \/>\n\t<meta name=\"twitter:data2\" content=\"2 minutes\" \/>\n<script type=\"application\/ld+json\" class=\"yoast-schema-graph\">{\"@context\":\"https:\/\/schema.org\",\"@graph\":[{\"@type\":\"WebSite\",\"@id\":\"https:\/\/www.visit-ulcinj.com\/blog\/#website\",\"url\":\"https:\/\/www.visit-ulcinj.com\/blog\/\",\"name\":\"Lajme nga Ulqini\",\"description\":\"Lajme,Vijesti,Ulqini,Ulqin,Crna Gora,Mali i Zi\",\"potentialAction\":[{\"@type\":\"SearchAction\",\"target\":{\"@type\":\"EntryPoint\",\"urlTemplate\":\"https:\/\/www.visit-ulcinj.com\/blog\/?s={search_term_string}\"},\"query-input\":\"required name=search_term_string\"}],\"inLanguage\":\"en-US\"},{\"@type\":\"ImageObject\",\"inLanguage\":\"en-US\",\"@id\":\"https:\/\/www.visit-ulcinj.com\/blog\/2014\/10\/16\/anton-lulgjuraj-ne-lidhje-deklaraten-e-nkryetarit-te-parlamentit-te-malit-te-zi-z-branko-raduloviq\/#primaryimage\",\"url\":\"https:\/\/www.visit-ulcinj.com\/blog\/wp-content\/uploads\/2011\/12\/Anton-Lulgjuraj.21.jpg\",\"contentUrl\":\"https:\/\/www.visit-ulcinj.com\/blog\/wp-content\/uploads\/2011\/12\/Anton-Lulgjuraj.21.jpg\",\"width\":\"450\",\"height\":\"360\"},{\"@type\":\"WebPage\",\"@id\":\"https:\/\/www.visit-ulcinj.com\/blog\/2014\/10\/16\/anton-lulgjuraj-ne-lidhje-deklaraten-e-nkryetarit-te-parlamentit-te-malit-te-zi-z-branko-raduloviq\/#webpage\",\"url\":\"https:\/\/www.visit-ulcinj.com\/blog\/2014\/10\/16\/anton-lulgjuraj-ne-lidhje-deklaraten-e-nkryetarit-te-parlamentit-te-malit-te-zi-z-branko-raduloviq\/\",\"name\":\"Anton Lulgjuraj n\u00eb lidhje me deklarat\u00ebn e n\/kryetarit t\u00eb Parlamentit t\u00eb Malit t\u00eb Zi z. Branko Raduloviq - Lajme nga Ulqini\",\"isPartOf\":{\"@id\":\"https:\/\/www.visit-ulcinj.com\/blog\/#website\"},\"primaryImageOfPage\":{\"@id\":\"https:\/\/www.visit-ulcinj.com\/blog\/2014\/10\/16\/anton-lulgjuraj-ne-lidhje-deklaraten-e-nkryetarit-te-parlamentit-te-malit-te-zi-z-branko-raduloviq\/#primaryimage\"},\"datePublished\":\"2014-10-16T06:29:13+00:00\",\"dateModified\":\"2014-10-16T06:29:13+00:00\",\"author\":{\"@id\":\"https:\/\/www.visit-ulcinj.com\/blog\/#\/schema\/person\/dcab619c614d3038751c63bc2aadc06d\"},\"description\":\"Me keqardhje mora lajmin n\u00eb lidhje me deklarat\u00ebn e n\/kryetarit t\u00eb Parlamentit t\u00eb Malit t\u00eb Zi z. Branko Raduloviq dhe deputetit t\u00eb Frontit Demokratik z.\",\"breadcrumb\":{\"@id\":\"https:\/\/www.visit-ulcinj.com\/blog\/2014\/10\/16\/anton-lulgjuraj-ne-lidhje-deklaraten-e-nkryetarit-te-parlamentit-te-malit-te-zi-z-branko-raduloviq\/#breadcrumb\"},\"inLanguage\":\"en-US\",\"potentialAction\":[{\"@type\":\"ReadAction\",\"target\":[\"https:\/\/www.visit-ulcinj.com\/blog\/2014\/10\/16\/anton-lulgjuraj-ne-lidhje-deklaraten-e-nkryetarit-te-parlamentit-te-malit-te-zi-z-branko-raduloviq\/\"]}]},{\"@type\":\"BreadcrumbList\",\"@id\":\"https:\/\/www.visit-ulcinj.com\/blog\/2014\/10\/16\/anton-lulgjuraj-ne-lidhje-deklaraten-e-nkryetarit-te-parlamentit-te-malit-te-zi-z-branko-raduloviq\/#breadcrumb\",\"itemListElement\":[{\"@type\":\"ListItem\",\"position\":1,\"name\":\"Anton Lulgjuraj n\u00eb lidhje me deklarat\u00ebn e n\/kryetarit t\u00eb Parlamentit t\u00eb Malit t\u00eb Zi z. Branko Raduloviq\"}]},{\"@type\":\"Person\",\"@id\":\"https:\/\/www.visit-ulcinj.com\/blog\/#\/schema\/person\/dcab619c614d3038751c63bc2aadc06d\",\"name\":\"ulqini\",\"sameAs\":[\"http:\/\/www.visit-ulcinj.com\"],\"url\":\"https:\/\/www.visit-ulcinj.com\/blog\/author\/admin\/\"}]}<\/script>\n<!-- \/ Yoast SEO plugin. -->","yoast_head_json":{"title":"Anton Lulgjuraj n\u00eb lidhje me deklarat\u00ebn e n\/kryetarit t\u00eb Parlamentit t\u00eb Malit t\u00eb Zi z. Branko Raduloviq - Lajme nga Ulqini","description":"Me keqardhje mora lajmin n\u00eb lidhje me deklarat\u00ebn e n\/kryetarit t\u00eb Parlamentit t\u00eb Malit t\u00eb Zi z. Branko Raduloviq dhe deputetit t\u00eb Frontit Demokratik z.","robots":{"index":"index","follow":"follow","max-snippet":"max-snippet:-1","max-image-preview":"max-image-preview:large","max-video-preview":"max-video-preview:-1"},"canonical":"https:\/\/www.visit-ulcinj.com\/blog\/2014\/10\/16\/anton-lulgjuraj-ne-lidhje-deklaraten-e-nkryetarit-te-parlamentit-te-malit-te-zi-z-branko-raduloviq\/","og_locale":"en_US","og_type":"article","og_title":"Anton Lulgjuraj n\u00eb lidhje me deklarat\u00ebn e n\/kryetarit t\u00eb Parlamentit t\u00eb Malit t\u00eb Zi z. Branko Raduloviq - Lajme nga Ulqini","og_description":"Me keqardhje mora lajmin n\u00eb lidhje me deklarat\u00ebn e n\/kryetarit t\u00eb Parlamentit t\u00eb Malit t\u00eb Zi z. Branko Raduloviq dhe deputetit t\u00eb Frontit Demokratik z.","og_url":"https:\/\/www.visit-ulcinj.com\/blog\/2014\/10\/16\/anton-lulgjuraj-ne-lidhje-deklaraten-e-nkryetarit-te-parlamentit-te-malit-te-zi-z-branko-raduloviq\/","og_site_name":"Lajme nga Ulqini","article_published_time":"2014-10-16T06:29:13+00:00","og_image":[{"url":"http:\/\/www.visit-ulcinj.com\/blog\/wp-content\/uploads\/2011\/12\/Anton-Lulgjuraj.21-300x240.jpg"}],"twitter_misc":{"Written by":"ulqini","Est. reading time":"2 minutes"},"schema":{"@context":"https:\/\/schema.org","@graph":[{"@type":"WebSite","@id":"https:\/\/www.visit-ulcinj.com\/blog\/#website","url":"https:\/\/www.visit-ulcinj.com\/blog\/","name":"Lajme nga Ulqini","description":"Lajme,Vijesti,Ulqini,Ulqin,Crna Gora,Mali i Zi","potentialAction":[{"@type":"SearchAction","target":{"@type":"EntryPoint","urlTemplate":"https:\/\/www.visit-ulcinj.com\/blog\/?s={search_term_string}"},"query-input":"required name=search_term_string"}],"inLanguage":"en-US"},{"@type":"ImageObject","inLanguage":"en-US","@id":"https:\/\/www.visit-ulcinj.com\/blog\/2014\/10\/16\/anton-lulgjuraj-ne-lidhje-deklaraten-e-nkryetarit-te-parlamentit-te-malit-te-zi-z-branko-raduloviq\/#primaryimage","url":"https:\/\/www.visit-ulcinj.com\/blog\/wp-content\/uploads\/2011\/12\/Anton-Lulgjuraj.21.jpg","contentUrl":"https:\/\/www.visit-ulcinj.com\/blog\/wp-content\/uploads\/2011\/12\/Anton-Lulgjuraj.21.jpg","width":"450","height":"360"},{"@type":"WebPage","@id":"https:\/\/www.visit-ulcinj.com\/blog\/2014\/10\/16\/anton-lulgjuraj-ne-lidhje-deklaraten-e-nkryetarit-te-parlamentit-te-malit-te-zi-z-branko-raduloviq\/#webpage","url":"https:\/\/www.visit-ulcinj.com\/blog\/2014\/10\/16\/anton-lulgjuraj-ne-lidhje-deklaraten-e-nkryetarit-te-parlamentit-te-malit-te-zi-z-branko-raduloviq\/","name":"Anton Lulgjuraj n\u00eb lidhje me deklarat\u00ebn e n\/kryetarit t\u00eb Parlamentit t\u00eb Malit t\u00eb Zi z. Branko Raduloviq - Lajme nga Ulqini","isPartOf":{"@id":"https:\/\/www.visit-ulcinj.com\/blog\/#website"},"primaryImageOfPage":{"@id":"https:\/\/www.visit-ulcinj.com\/blog\/2014\/10\/16\/anton-lulgjuraj-ne-lidhje-deklaraten-e-nkryetarit-te-parlamentit-te-malit-te-zi-z-branko-raduloviq\/#primaryimage"},"datePublished":"2014-10-16T06:29:13+00:00","dateModified":"2014-10-16T06:29:13+00:00","author":{"@id":"https:\/\/www.visit-ulcinj.com\/blog\/#\/schema\/person\/dcab619c614d3038751c63bc2aadc06d"},"description":"Me keqardhje mora lajmin n\u00eb lidhje me deklarat\u00ebn e n\/kryetarit t\u00eb Parlamentit t\u00eb Malit t\u00eb Zi z. Branko Raduloviq dhe deputetit t\u00eb Frontit Demokratik z.","breadcrumb":{"@id":"https:\/\/www.visit-ulcinj.com\/blog\/2014\/10\/16\/anton-lulgjuraj-ne-lidhje-deklaraten-e-nkryetarit-te-parlamentit-te-malit-te-zi-z-branko-raduloviq\/#breadcrumb"},"inLanguage":"en-US","potentialAction":[{"@type":"ReadAction","target":["https:\/\/www.visit-ulcinj.com\/blog\/2014\/10\/16\/anton-lulgjuraj-ne-lidhje-deklaraten-e-nkryetarit-te-parlamentit-te-malit-te-zi-z-branko-raduloviq\/"]}]},{"@type":"BreadcrumbList","@id":"https:\/\/www.visit-ulcinj.com\/blog\/2014\/10\/16\/anton-lulgjuraj-ne-lidhje-deklaraten-e-nkryetarit-te-parlamentit-te-malit-te-zi-z-branko-raduloviq\/#breadcrumb","itemListElement":[{"@type":"ListItem","position":1,"name":"Anton Lulgjuraj n\u00eb lidhje me deklarat\u00ebn e n\/kryetarit t\u00eb Parlamentit t\u00eb Malit t\u00eb Zi z. Branko Raduloviq"}]},{"@type":"Person","@id":"https:\/\/www.visit-ulcinj.com\/blog\/#\/schema\/person\/dcab619c614d3038751c63bc2aadc06d","name":"ulqini","sameAs":["http:\/\/www.visit-ulcinj.com"],"url":"https:\/\/www.visit-ulcinj.com\/blog\/author\/admin\/"}]}},"jetpack_featured_media_url":"","jetpack_sharing_enabled":true,"jetpack_shortlink":"https:\/\/wp.me\/pe6lTn-miv","_links":{"self":[{"href":"https:\/\/www.visit-ulcinj.com\/blog\/wp-json\/wp\/v2\/posts\/85715"}],"collection":[{"href":"https:\/\/www.visit-ulcinj.com\/blog\/wp-json\/wp\/v2\/posts"}],"about":[{"href":"https:\/\/www.visit-ulcinj.com\/blog\/wp-json\/wp\/v2\/types\/post"}],"author":[{"embeddable":true,"href":"https:\/\/www.visit-ulcinj.com\/blog\/wp-json\/wp\/v2\/users\/1"}],"replies":[{"embeddable":true,"href":"https:\/\/www.visit-ulcinj.com\/blog\/wp-json\/wp\/v2\/comments?post=85715"}],"version-history":[{"count":1,"href":"https:\/\/www.visit-ulcinj.com\/blog\/wp-json\/wp\/v2\/posts\/85715\/revisions"}],"predecessor-version":[{"id":85716,"href":"https:\/\/www.visit-ulcinj.com\/blog\/wp-json\/wp\/v2\/posts\/85715\/revisions\/85716"}],"wp:attachment":[{"href":"https:\/\/www.visit-ulcinj.com\/blog\/wp-json\/wp\/v2\/media?parent=85715"}],"wp:term":[{"taxonomy":"category","embeddable":true,"href":"https:\/\/www.visit-ulcinj.com\/blog\/wp-json\/wp\/v2\/categories?post=85715"},{"taxonomy":"post_tag","embeddable":true,"href":"https:\/\/www.visit-ulcinj.com\/blog\/wp-json\/wp\/v2\/tags?post=85715"}],"curies":[{"name":"wp","href":"https:\/\/api.w.org\/{rel}","templated":true}]}}