{"id":8575,"date":"2009-01-11T17:18:40","date_gmt":"2009-01-11T16:18:40","guid":{"rendered":"http:\/\/www.visit-ulcinj.com\/blog\/?p=8575"},"modified":"2009-01-11T17:22:50","modified_gmt":"2009-01-11T16:22:50","slug":"gjeloshaj-reagimm-prifti-i-pa-pune-i-pagezon-edhe-edhat","status":"publish","type":"post","link":"https:\/\/www.visit-ulcinj.com\/blog\/2009\/01\/11\/gjeloshaj-reagimm-prifti-i-pa-pune-i-pagezon-edhe-edhat\/","title":{"rendered":"Gjeloshaj reagim: &#8220;&#8230;prifti i pa pun\u00eb i pag\u00ebzon edhe edhat&#8230;&#8221;"},"content":{"rendered":"<p><!--[endif]--><a rel=\"attachment wp-att-8576\" href=\"http:\/\/www.visit-ulcinj.com\/blog\/2009\/01\/11\/gjeloshaj-reagimm-prifti-i-pa-pune-i-pagezon-edhe-edhat\/nike-gjeloshaj\/\"><img loading=\"lazy\" class=\"alignleft size-full wp-image-8576\" title=\"nike-gjeloshaj\" src=\"http:\/\/www.visit-ulcinj.com\/blog\/wp-content\/uploads\/2009\/01\/nike-gjeloshaj.jpg\" alt=\"nike-gjeloshaj\" width=\"339\" height=\"325\" \/><\/a>Mungesa e nj\u00ebkoh\u00ebsisht rrudhja deri n\u00eb pakuptueshm\u00ebri e artikulimit t\u00eb interesit komb\u00ebtar\u00eb q\u00eb \u00ebsht\u00eb konstant e partis\u00eb UDSH n\u00eb Mal t\u00eb Zi e n\u00eb ve\u00e7anti \u201cliderit\u201d t\u00eb saj\u00eb, i cili \u00ebsht\u00eb i opsesionuar me personin tim, duke b\u00ebr\u00eb me gisht, n\u00eb m\u00ebnyr\u00eb indirekte duke me quajtur dh\u00ebnd\u00ebr sllav, e k\u00ebshtu duke fut, pa pyetje n\u00eb jet\u00ebn time private. Sa p\u00ebr fillim d\u00ebshiroj t\u00eb sqaroj lexuesit, e jo assesi ti rr\u00ebfehem\u00a0 Dinosh\u00ebs; se,\u00a0 un\u00eb kam vu kuror\u00eb t\u00eb shenjt\u00eb n\u00eb Mal\u00ebsi, n\u00eb kish\u00ebn shqiptare Tuz, dhe kurora e shenjt\u00eb nuk \u00ebsht\u00eb b\u00ebr\u00eb n\u00eb m\u00ebnyr\u00eb t\u00eb fsheht\u00eb, apo n\u00eb gjuh\u00eb t\u00eb huaj, por me bekim familjar\u00eb dhe n\u00eb gjuh\u00eb shqipe ashtu si\u00e7 jan\u00eb kuror\u00ebzua shqiptar\u00ebt n\u00eb m\u00ebnyr\u00eb tradicionale.<\/p>\n<p>Edukata ime familjare nuk m\u00eb lejon t\u00eb merrem me jet\u00ebn private te k\u00ebtij \u201clideri\u201d sepse kam aq moral, mir\u00ebpo,\u00a0 d\u00ebshiroj t\u00eb shpaloj p\u00ebrshkallimin e opsesionit t\u00eb\u00a0 k\u00ebtij \u201clideri\u201d q\u00eb ka ndaj meje. <span lang=\"EN-US\">Ai opsesion\u00a0 nuk \u00ebsht\u00eb i sot\u00ebm, dhe as i djesh\u00ebm, por kjo daton q\u00eb koh\u00eb. Daton q\u00eb at\u00ebher\u00eb kur Mal\u00ebsia p\u00ebrfundimisht ia kthej shpin\u00ebn atij dhe partis\u00eb t\u00eb cil\u00ebn e drejton ai, duke u drejtua ka rinia shqiptare nga ASH, u kthye nga ne q\u00eb nuk e tradhtuam dhe nuk do t\u00eb tradhtojm\u00eb kurr\u00eb, p\u00ebr dallim nga ai i cili askund dhe asnj\u00ebher\u00eb nuk b\u00ebri ndonj\u00eb gj\u00eb p\u00ebr \u201cmashalla\u201d p\u00ebr kombin shqiptar, filluar nga koha q\u00eb ishte si dor\u00eb e djatht\u00eb e Zhivorad Igiqit n\u00eb Kosov\u00eb, bashk\u00ebpun\u00ebtorit m\u00eb t\u00eb devotsh\u00ebm t\u00eb kasapit t\u00eb Ballkanit Slloboda Millosheviqit, e deri sot q\u00eb po na \u201cvajton me za\u201d p\u00ebr fatin e degradimit t\u00eb tij p\u00ebrmasa shqiptare.<\/p>\n<p>P\u00ebr mua e as p\u00ebr ASH nuk munde dikush te b\u00ebj\u00eb gisht se kemi bere ndonj\u00eb vep\u00ebr qe e d\u00ebmtoj\u00eb popullin ton\u00eb; ne ishim p\u00ebr at\u00eb q\u00eb fakulteti i m\u00ebsuesis\u00eb t\u00eb jen\u00eb n\u00eb Ulqin apo n\u00eb Mal\u00ebsi e kurr\u00ebsesi n\u00eb Podgoric\u00eb; ne, Mal\u00ebsin\u00eb nuk e kemi l\u00ebn\u00eb pa komun\u00eb te plote, por at\u00eb e ka l\u00ebn\u00eb Dinosha me ndih\u00ebm t\u00eb partis\u00eb n\u00eb psuhtet; ne nuk ja kemi l\u00ebshuar\u00a0 partis\u00eb ne pushtet hyrjen ne Ulqin dhe si po e shohim shitjen e tij, dhe shume te tjera \u201cvepra\u201d, por k\u00ebto vepra i mban p\u00ebrmbi supe te veta \u201clideri\u201d ne fjale.<\/span><\/p>\n<p>Un\u00eb dhe shok\u00ebt e mij\u00eb ishim \u201cfajtor\u00eb\u201d q\u00eb nga at\u00eb bot\u00eb kur e udh\u00ebheqnim shoqat\u00ebn studentore e deri n\u00eb formim t\u00eb subjektit t\u00eb ri politik. K\u00ebto jan\u00eb disa nga faktet pse \u00ebsht\u00eb\u00a0 kryetari I UDSH Ferhat Dinosha i opsesionuar me mua personalisht dhe subjektin ne te cil\u00ebn jam, sepse \u00e7do tradh\u00ebti q\u00eb e b\u00ebri ai ne ishim ata q\u00eb ia kemi qit ne pah, dhe do t\u00eb ia qesim n\u00eb pah. Si rezultat i rrug\u00ebs son\u00eb t\u00eb drejt\u00eb n\u00eb zgjedhjet e fundit, populli i Mal\u00ebsis\u00eb me vot\u00ebn e vet i mbyll\u00eb p\u00ebrfundimisht der\u00ebn, duke i d\u00ebrguar mesazh t\u00eb qart\u00eb se politika q\u00eb ka udh\u00ebheq dhe t\u00eb cil\u00ebn e udh\u00ebheq edhe sot ky \u201clider\u201d nuk ka vend ne Malesi.<\/p>\n<p>Prandaj, sjellja e tij me nervoziz\u00ebm, n\u00eb prag t\u00eb k\u00ebrkimit t\u00eb nj\u00eb oferte t\u00eb re p\u00ebr votues, shpalon mllefin e tij jo ma ndaj ASH, dhe meje, por edhe ndaj votuesit mal\u00ebsor\u00eb q\u00eb nuk mund\u00eb ti shes m\u00eb \u201cdushk p\u00ebr gogla\u201d .<\/p>\n<p>Pjesa tjeter edhe me interesante dhe me shume dometh\u00ebn\u00ebse per mua\u00a0 \u00ebsht\u00eb pranimi i kryetarit te UDSH se un\u00eb jam i p\u00ebrkrahur nga profesor universiteti. Po, jam dhe do te jam\u00a0 p\u00ebrkrahur dhe k\u00ebta profesora, por edhe ministra aktual t\u00eb shtetit t\u00eb Kosov\u00ebs dhe t\u00eb Shqip\u00ebris\u00eb, p\u00ebr fat t\u00eb keq t\u00eb tij,\u00a0 do te vazhdojn\u00eb te me p\u00ebrkrahin personalisht dhe subjektin qe I takoje ASH, mir\u00ebpo k\u00ebta profesor\u00eb dhe ministra, do te vazhdojn\u00eb te e tregojn\u00eb te v\u00ebrtet\u00ebn edhe p\u00ebr ju edhe p\u00ebr mua ne simpoziume, konferenca dhe takime te ndryshme te niveleve me te larta. Pra, ASH dhe un\u00eb do te vazhdojm\u00eb te jemi af\u00ebr me elit\u00ebn intelektuale p\u00ebr te drejtuar Mal\u00ebsin\u00eb ashtu si\u00e7 e meriton ajo, dhe si\u00e7 ka vendosur populli ne zgjedhjet e fundit drejt komun\u00ebs se plote, e m\u00eb von\u00eb drejt regjionalizmit si model q\u00eb ka treguar rezultat politk n\u00eb Evrop\u00eb.<\/p>\n<p>Se sa dyfytyr\u00ebsi \u00ebsht\u00eb n\u00eb gjendje t\u00eb gjeneroj, shifet qart\u00eb n\u00eb po at\u00eb tekst lidhur me pun\u00ebn e komunes urbane duke kerkuare qe ajo te beje at\u00eb qe aj vete aj ia ka ndaluar(!), pra duke mos punuar p\u00ebr komune te plote qe te ken\u00eb kompetenca t\u00eb plota p\u00ebr t\u00eb marr\u00eb p\u00ebrgjegj\u00ebsin\u00eb n\u00eb dor\u00eb, ai me partin\u00eb n\u00eb pushtet, duke e tradhtuar Mal\u00ebsin\u00eb edhe nj\u00eb her\u00eb duke na\u00a0 lan pa ato kompetenca, e tani dhe duke tentuar te manipuloje shtron pyetje se ku jan\u00eb paret e buxhetit?, duke ditur mire aj vete qe ne marrveshje me partin ne pushtet (lexo me injoranc: nuk di si ka munde te beje marr\u00ebveshje per Mal\u00ebsi me sllav), Mal\u00ebsin\u00eb e ka l\u00ebn\u00eb pa buxhet, pa te ardhura direkte ne buxhet por me plane financiare qe nuk sjellin te ardhura ne menyr\u00eb direkte por indirikte, sikur u deklarua ish kryetari i Zetes \u201cte\u00a0 varur nga m\u00ebshira e Mugoshes\u201d.<\/p>\n<p>P\u00ebr t\u00eb dal\u00eb nga anomiziteti, dhe p\u00ebr t\u00eb hedhur pluhur Malesis\u00eb n\u00eb sy,\u00a0 ai b\u00ebn\u00eb me gisht n\u00eb buxhetin 4 milion\u00ebsh i cili \u00ebsht\u00eb realizuar vet\u00ebm 1 milion dhe duke vure paralele me komun\u00eb e cila ka kompetenca t\u00eb plota, prap duke vazhduare te arsyetoje ate qe an\u00ebtaret e partis\u00eb ne pushtet e quajn\u00eb \u201cte varur nga meshira e Mugoshes\u201d, ku si m\u00eb tragjikja e k\u00ebsaj del fakti kur personi n\u00eb fjal\u00eb tjirret n\u00eb moral !?<\/p>\n<p>P\u00ebr t\u00eb shp\u00ebtuar \u00e7ka mund\u00eb t\u00eb shp\u00ebtohet nga fytyra e zhytur e tij, Dinosha tash k\u00ebrkon dhe fton p\u00ebr dialog\u00eb, n\u00eb m\u00ebnyr\u00eb identike dhe t\u00eb nj\u00ebjt\u00eb sikur u fute ne trenin e fundit nj\u00eb muaj para p\u00ebrfundimit te gjyqit nga aksioni fam\u00ebkeq\u201cFluturimi i shqiponj\u00ebs\u201d.<\/p>\n<p>Personalisht ne forume partiake do te jam p\u00ebr dialog, madje subjekti politike qe i takoje ASH tashm\u00eb i \u00ebsht\u00eb p\u00ebrgjigjur UDSH ne nj\u00eb apel tjet\u00ebr publik nga kuvendi i tyre i fundit, mir\u00ebpo edhe gati mbas nj\u00eb viti ne nuk kemi pergjigje a por bela keto apele publike jane forma manipulimi para dikuj tjeter, mirepo per keto ceshtja ASH eshte I qart dhe gjithmon\u00eb do te jete dhe eshte per dialog mbrenda shqiptare, mirepo per ne dialog per Komune te plot te Malesis me ata shqiptare qe kan ketu dileme, une mendoj se veshtir munde te bejme.<\/p>\n<p>Mir\u00ebpo te presim, se ndoshta edhe p\u00ebr kete do te na dalin ndonj\u00eb \u201czbulim\u201d I ri nga kryetari I UDSH, sikur disa jave me pare ku na \u201czbuloj\u201d se me shume ka Boshnjak se sa shqiptare te fes\u00eb Islame ne Mal te Zi dhe u \u201c\u00e7udit\u201d se me shume ka nx\u00ebn\u00ebs Boshnjak se sa Shqiptare ne Medresen\u00eb ne Milesh, p\u00ebr te cil\u00ebn personalisht si objekt i m\u00ebsimit fetare te nj\u00eb bashk\u00ebsia fetare autonome as qe me shkon nd\u00ebrmend te polemizoje, sepse mendoj se \u00ebsht\u00eb e drejte qe i takon secilit. Por per lokacion te saj ne p\u00ebrgjith\u00ebsi vendosin politikanet apo pushtetmbajt\u00ebsit ne te cil\u00ebt bene pjese edhe ky \u201clider\u201d q\u00eb na qenka\u00a0 \u201czgjuar nga gjumi\u201d.<\/p>\n<p>Eksperienca nga\u00a0 vendet tjera lidhur me vet\u00ebqeverisje lokale eshte e mir\u00ebseardhur, e posa\u00e7\u00ebrisht nga Shkupi, se do te binte ne uje edhe nje tez e juaja, qe komunat shqiptare ne Shkup jan\u00eb shkrir\u00eb ne urbane p\u00ebr te qene pjese Shkupit, do te dilte ne drite pse \u00ebsht\u00eb be k\u00ebshtu, sepse me marr\u00ebveshjen e Ohrit, 20% e popullsis\u00eb ne nje komune ka qene limit qe te jete gjuha e k\u00ebtij 20% -it zyrtare ne ate komune, pra k\u00ebto komuna jan\u00eb shkri nga e plote ne urbane per interesa me te m\u00ebdha\u00a0 nacionale.<\/p>\n<p><strong>Nik Gjeloshaj<\/strong><strong><span style=\"font-size: 10pt; font-family: &quot;Arial&quot;,&quot;sans-serif&quot;;\"><\/p>\n<p>Koha Javore<\/span><\/strong><\/p>\n","protected":false},"excerpt":{"rendered":"<p>Mungesa e nj\u00ebkoh\u00ebsisht rrudhja deri n\u00eb pakuptueshm\u00ebri e artikulimit t\u00eb interesit komb\u00ebtar\u00eb q\u00eb \u00ebsht\u00eb konstant e partis\u00eb UDSH n\u00eb Mal t\u00eb Zi e n\u00eb ve\u00e7anti \u201cliderit\u201d t\u00eb saj\u00eb, i cili \u00ebsht\u00eb i opsesionuar me personin tim, duke b\u00ebr\u00eb me gisht, n\u00eb m\u00ebnyr\u00eb indirekte duke me quajtur dh\u00ebnd\u00ebr sllav, e k\u00ebshtu duke fut, pa pyetje n\u00eb [&hellip;]<\/p>\n","protected":false},"author":1,"featured_media":0,"comment_status":"open","ping_status":"closed","sticky":false,"template":"","format":"standard","meta":{"spay_email":"","jetpack_publicize_message":"","jetpack_is_tweetstorm":false,"jetpack_publicize_feature_enabled":true},"categories":[12],"tags":[97,95,5675,201,5676],"jetpack_publicize_connections":[],"yoast_head":"<!-- This site is optimized with the Yoast SEO plugin v19.1 - https:\/\/yoast.com\/wordpress\/plugins\/seo\/ -->\n<title>Gjeloshaj reagim: &quot;...prifti i pa pun\u00eb i pag\u00ebzon edhe edhat...&quot; - Lajme nga Ulqini<\/title>\n<meta name=\"description\" content=\"Mungesa e nj\u00ebkoh\u00ebsisht rrudhja deri n\u00eb pakuptueshm\u00ebri e artikulimit t\u00eb interesit komb\u00ebtar\u00eb q\u00eb \u00ebsht\u00eb konstant e partis\u00eb UDSH n\u00eb Mal t\u00eb Zi e n\u00eb ve\u00e7anti\" \/>\n<meta name=\"robots\" content=\"index, follow, max-snippet:-1, max-image-preview:large, max-video-preview:-1\" \/>\n<link rel=\"canonical\" href=\"https:\/\/www.visit-ulcinj.com\/blog\/2009\/01\/11\/gjeloshaj-reagimm-prifti-i-pa-pune-i-pagezon-edhe-edhat\/\" \/>\n<meta property=\"og:locale\" content=\"en_US\" \/>\n<meta property=\"og:type\" content=\"article\" \/>\n<meta property=\"og:title\" content=\"Gjeloshaj reagim: &quot;...prifti i pa pun\u00eb i pag\u00ebzon edhe edhat...&quot; - Lajme nga Ulqini\" \/>\n<meta property=\"og:description\" content=\"Mungesa e nj\u00ebkoh\u00ebsisht rrudhja deri n\u00eb pakuptueshm\u00ebri e artikulimit t\u00eb interesit komb\u00ebtar\u00eb q\u00eb \u00ebsht\u00eb konstant e partis\u00eb UDSH n\u00eb Mal t\u00eb Zi e n\u00eb ve\u00e7anti\" \/>\n<meta property=\"og:url\" content=\"https:\/\/www.visit-ulcinj.com\/blog\/2009\/01\/11\/gjeloshaj-reagimm-prifti-i-pa-pune-i-pagezon-edhe-edhat\/\" \/>\n<meta property=\"og:site_name\" content=\"Lajme nga Ulqini\" \/>\n<meta property=\"article:published_time\" content=\"2009-01-11T16:18:40+00:00\" \/>\n<meta property=\"article:modified_time\" content=\"2009-01-11T16:22:50+00:00\" \/>\n<meta property=\"og:image\" content=\"http:\/\/www.visit-ulcinj.com\/blog\/wp-content\/uploads\/2009\/01\/nike-gjeloshaj.jpg\" \/>\n<meta name=\"twitter:label1\" content=\"Written by\" \/>\n\t<meta name=\"twitter:data1\" content=\"ulqini\" \/>\n\t<meta name=\"twitter:label2\" content=\"Est. reading time\" \/>\n\t<meta name=\"twitter:data2\" content=\"7 minutes\" \/>\n<script type=\"application\/ld+json\" class=\"yoast-schema-graph\">{\"@context\":\"https:\/\/schema.org\",\"@graph\":[{\"@type\":\"WebSite\",\"@id\":\"https:\/\/www.visit-ulcinj.com\/blog\/#website\",\"url\":\"https:\/\/www.visit-ulcinj.com\/blog\/\",\"name\":\"Lajme nga Ulqini\",\"description\":\"Lajme,Vijesti,Ulqini,Ulqin,Crna Gora,Mali i Zi\",\"potentialAction\":[{\"@type\":\"SearchAction\",\"target\":{\"@type\":\"EntryPoint\",\"urlTemplate\":\"https:\/\/www.visit-ulcinj.com\/blog\/?s={search_term_string}\"},\"query-input\":\"required name=search_term_string\"}],\"inLanguage\":\"en-US\"},{\"@type\":\"ImageObject\",\"inLanguage\":\"en-US\",\"@id\":\"https:\/\/www.visit-ulcinj.com\/blog\/2009\/01\/11\/gjeloshaj-reagimm-prifti-i-pa-pune-i-pagezon-edhe-edhat\/#primaryimage\",\"url\":\"https:\/\/www.visit-ulcinj.com\/blog\/wp-content\/uploads\/2009\/01\/nike-gjeloshaj.jpg\",\"contentUrl\":\"https:\/\/www.visit-ulcinj.com\/blog\/wp-content\/uploads\/2009\/01\/nike-gjeloshaj.jpg\",\"width\":\"318\",\"height\":\"304\"},{\"@type\":\"WebPage\",\"@id\":\"https:\/\/www.visit-ulcinj.com\/blog\/2009\/01\/11\/gjeloshaj-reagimm-prifti-i-pa-pune-i-pagezon-edhe-edhat\/#webpage\",\"url\":\"https:\/\/www.visit-ulcinj.com\/blog\/2009\/01\/11\/gjeloshaj-reagimm-prifti-i-pa-pune-i-pagezon-edhe-edhat\/\",\"name\":\"Gjeloshaj reagim: \\\"...prifti i pa pun\u00eb i pag\u00ebzon edhe edhat...\\\" - Lajme nga Ulqini\",\"isPartOf\":{\"@id\":\"https:\/\/www.visit-ulcinj.com\/blog\/#website\"},\"primaryImageOfPage\":{\"@id\":\"https:\/\/www.visit-ulcinj.com\/blog\/2009\/01\/11\/gjeloshaj-reagimm-prifti-i-pa-pune-i-pagezon-edhe-edhat\/#primaryimage\"},\"datePublished\":\"2009-01-11T16:18:40+00:00\",\"dateModified\":\"2009-01-11T16:22:50+00:00\",\"author\":{\"@id\":\"https:\/\/www.visit-ulcinj.com\/blog\/#\/schema\/person\/dcab619c614d3038751c63bc2aadc06d\"},\"description\":\"Mungesa e nj\u00ebkoh\u00ebsisht rrudhja deri n\u00eb pakuptueshm\u00ebri e artikulimit t\u00eb interesit komb\u00ebtar\u00eb q\u00eb \u00ebsht\u00eb konstant e partis\u00eb UDSH n\u00eb Mal t\u00eb Zi e n\u00eb ve\u00e7anti\",\"breadcrumb\":{\"@id\":\"https:\/\/www.visit-ulcinj.com\/blog\/2009\/01\/11\/gjeloshaj-reagimm-prifti-i-pa-pune-i-pagezon-edhe-edhat\/#breadcrumb\"},\"inLanguage\":\"en-US\",\"potentialAction\":[{\"@type\":\"ReadAction\",\"target\":[\"https:\/\/www.visit-ulcinj.com\/blog\/2009\/01\/11\/gjeloshaj-reagimm-prifti-i-pa-pune-i-pagezon-edhe-edhat\/\"]}]},{\"@type\":\"BreadcrumbList\",\"@id\":\"https:\/\/www.visit-ulcinj.com\/blog\/2009\/01\/11\/gjeloshaj-reagimm-prifti-i-pa-pune-i-pagezon-edhe-edhat\/#breadcrumb\",\"itemListElement\":[{\"@type\":\"ListItem\",\"position\":1,\"name\":\"Gjeloshaj reagim: &#8220;&#8230;prifti i pa pun\u00eb i pag\u00ebzon edhe edhat&#8230;&#8221;\"}]},{\"@type\":\"Person\",\"@id\":\"https:\/\/www.visit-ulcinj.com\/blog\/#\/schema\/person\/dcab619c614d3038751c63bc2aadc06d\",\"name\":\"ulqini\",\"sameAs\":[\"http:\/\/www.visit-ulcinj.com\"],\"url\":\"https:\/\/www.visit-ulcinj.com\/blog\/author\/admin\/\"}]}<\/script>\n<!-- \/ Yoast SEO plugin. -->","yoast_head_json":{"title":"Gjeloshaj reagim: \"...prifti i pa pun\u00eb i pag\u00ebzon edhe edhat...\" - Lajme nga Ulqini","description":"Mungesa e nj\u00ebkoh\u00ebsisht rrudhja deri n\u00eb pakuptueshm\u00ebri e artikulimit t\u00eb interesit komb\u00ebtar\u00eb q\u00eb \u00ebsht\u00eb konstant e partis\u00eb UDSH n\u00eb Mal t\u00eb Zi e n\u00eb ve\u00e7anti","robots":{"index":"index","follow":"follow","max-snippet":"max-snippet:-1","max-image-preview":"max-image-preview:large","max-video-preview":"max-video-preview:-1"},"canonical":"https:\/\/www.visit-ulcinj.com\/blog\/2009\/01\/11\/gjeloshaj-reagimm-prifti-i-pa-pune-i-pagezon-edhe-edhat\/","og_locale":"en_US","og_type":"article","og_title":"Gjeloshaj reagim: \"...prifti i pa pun\u00eb i pag\u00ebzon edhe edhat...\" - Lajme nga Ulqini","og_description":"Mungesa e nj\u00ebkoh\u00ebsisht rrudhja deri n\u00eb pakuptueshm\u00ebri e artikulimit t\u00eb interesit komb\u00ebtar\u00eb q\u00eb \u00ebsht\u00eb konstant e partis\u00eb UDSH n\u00eb Mal t\u00eb Zi e n\u00eb ve\u00e7anti","og_url":"https:\/\/www.visit-ulcinj.com\/blog\/2009\/01\/11\/gjeloshaj-reagimm-prifti-i-pa-pune-i-pagezon-edhe-edhat\/","og_site_name":"Lajme nga Ulqini","article_published_time":"2009-01-11T16:18:40+00:00","article_modified_time":"2009-01-11T16:22:50+00:00","og_image":[{"url":"http:\/\/www.visit-ulcinj.com\/blog\/wp-content\/uploads\/2009\/01\/nike-gjeloshaj.jpg"}],"twitter_misc":{"Written by":"ulqini","Est. reading time":"7 minutes"},"schema":{"@context":"https:\/\/schema.org","@graph":[{"@type":"WebSite","@id":"https:\/\/www.visit-ulcinj.com\/blog\/#website","url":"https:\/\/www.visit-ulcinj.com\/blog\/","name":"Lajme nga Ulqini","description":"Lajme,Vijesti,Ulqini,Ulqin,Crna Gora,Mali i Zi","potentialAction":[{"@type":"SearchAction","target":{"@type":"EntryPoint","urlTemplate":"https:\/\/www.visit-ulcinj.com\/blog\/?s={search_term_string}"},"query-input":"required name=search_term_string"}],"inLanguage":"en-US"},{"@type":"ImageObject","inLanguage":"en-US","@id":"https:\/\/www.visit-ulcinj.com\/blog\/2009\/01\/11\/gjeloshaj-reagimm-prifti-i-pa-pune-i-pagezon-edhe-edhat\/#primaryimage","url":"https:\/\/www.visit-ulcinj.com\/blog\/wp-content\/uploads\/2009\/01\/nike-gjeloshaj.jpg","contentUrl":"https:\/\/www.visit-ulcinj.com\/blog\/wp-content\/uploads\/2009\/01\/nike-gjeloshaj.jpg","width":"318","height":"304"},{"@type":"WebPage","@id":"https:\/\/www.visit-ulcinj.com\/blog\/2009\/01\/11\/gjeloshaj-reagimm-prifti-i-pa-pune-i-pagezon-edhe-edhat\/#webpage","url":"https:\/\/www.visit-ulcinj.com\/blog\/2009\/01\/11\/gjeloshaj-reagimm-prifti-i-pa-pune-i-pagezon-edhe-edhat\/","name":"Gjeloshaj reagim: \"...prifti i pa pun\u00eb i pag\u00ebzon edhe edhat...\" - Lajme nga Ulqini","isPartOf":{"@id":"https:\/\/www.visit-ulcinj.com\/blog\/#website"},"primaryImageOfPage":{"@id":"https:\/\/www.visit-ulcinj.com\/blog\/2009\/01\/11\/gjeloshaj-reagimm-prifti-i-pa-pune-i-pagezon-edhe-edhat\/#primaryimage"},"datePublished":"2009-01-11T16:18:40+00:00","dateModified":"2009-01-11T16:22:50+00:00","author":{"@id":"https:\/\/www.visit-ulcinj.com\/blog\/#\/schema\/person\/dcab619c614d3038751c63bc2aadc06d"},"description":"Mungesa e nj\u00ebkoh\u00ebsisht rrudhja deri n\u00eb pakuptueshm\u00ebri e artikulimit t\u00eb interesit komb\u00ebtar\u00eb q\u00eb \u00ebsht\u00eb konstant e partis\u00eb UDSH n\u00eb Mal t\u00eb Zi e n\u00eb ve\u00e7anti","breadcrumb":{"@id":"https:\/\/www.visit-ulcinj.com\/blog\/2009\/01\/11\/gjeloshaj-reagimm-prifti-i-pa-pune-i-pagezon-edhe-edhat\/#breadcrumb"},"inLanguage":"en-US","potentialAction":[{"@type":"ReadAction","target":["https:\/\/www.visit-ulcinj.com\/blog\/2009\/01\/11\/gjeloshaj-reagimm-prifti-i-pa-pune-i-pagezon-edhe-edhat\/"]}]},{"@type":"BreadcrumbList","@id":"https:\/\/www.visit-ulcinj.com\/blog\/2009\/01\/11\/gjeloshaj-reagimm-prifti-i-pa-pune-i-pagezon-edhe-edhat\/#breadcrumb","itemListElement":[{"@type":"ListItem","position":1,"name":"Gjeloshaj reagim: &#8220;&#8230;prifti i pa pun\u00eb i pag\u00ebzon edhe edhat&#8230;&#8221;"}]},{"@type":"Person","@id":"https:\/\/www.visit-ulcinj.com\/blog\/#\/schema\/person\/dcab619c614d3038751c63bc2aadc06d","name":"ulqini","sameAs":["http:\/\/www.visit-ulcinj.com"],"url":"https:\/\/www.visit-ulcinj.com\/blog\/author\/admin\/"}]}},"jetpack_featured_media_url":"","jetpack_sharing_enabled":true,"jetpack_shortlink":"https:\/\/wp.me\/pe6lTn-2ej","_links":{"self":[{"href":"https:\/\/www.visit-ulcinj.com\/blog\/wp-json\/wp\/v2\/posts\/8575"}],"collection":[{"href":"https:\/\/www.visit-ulcinj.com\/blog\/wp-json\/wp\/v2\/posts"}],"about":[{"href":"https:\/\/www.visit-ulcinj.com\/blog\/wp-json\/wp\/v2\/types\/post"}],"author":[{"embeddable":true,"href":"https:\/\/www.visit-ulcinj.com\/blog\/wp-json\/wp\/v2\/users\/1"}],"replies":[{"embeddable":true,"href":"https:\/\/www.visit-ulcinj.com\/blog\/wp-json\/wp\/v2\/comments?post=8575"}],"version-history":[{"count":0,"href":"https:\/\/www.visit-ulcinj.com\/blog\/wp-json\/wp\/v2\/posts\/8575\/revisions"}],"wp:attachment":[{"href":"https:\/\/www.visit-ulcinj.com\/blog\/wp-json\/wp\/v2\/media?parent=8575"}],"wp:term":[{"taxonomy":"category","embeddable":true,"href":"https:\/\/www.visit-ulcinj.com\/blog\/wp-json\/wp\/v2\/categories?post=8575"},{"taxonomy":"post_tag","embeddable":true,"href":"https:\/\/www.visit-ulcinj.com\/blog\/wp-json\/wp\/v2\/tags?post=8575"}],"curies":[{"name":"wp","href":"https:\/\/api.w.org\/{rel}","templated":true}]}}