{"id":85750,"date":"2014-10-17T08:31:48","date_gmt":"2014-10-17T07:31:48","guid":{"rendered":"http:\/\/www.visit-ulcinj.com\/blog\/?p=85750"},"modified":"2014-10-17T08:31:48","modified_gmt":"2014-10-17T07:31:48","slug":"zeneli-serbet-duan-te-perfitojne-nga-rasti-qe-te-manipulojne-shqiptaret","status":"publish","type":"post","link":"https:\/\/www.visit-ulcinj.com\/blog\/2014\/10\/17\/zeneli-serbet-duan-te-perfitojne-nga-rasti-qe-te-manipulojne-shqiptaret\/","title":{"rendered":"Zeneli: Serbet duan t\u00eb p\u00ebrfitojn\u00eb nga rasti, q\u00eb t\u00eb manipulojn\u00eb me shqiptar\u00ebt"},"content":{"rendered":"<p><strong><a href=\"http:\/\/www.visit-ulcinj.com\/blog\/wp-content\/uploads\/2014\/01\/Haxhi-Zeneli-1.jpg\"><img loading=\"lazy\" class=\"alignleft wp-image-77885 size-thumbnail\" src=\"http:\/\/www.visit-ulcinj.com\/blog\/wp-content\/uploads\/2014\/01\/Haxhi-Zeneli-1-150x150.jpg\" alt=\"Haxhi-Zeneli-1\" width=\"150\" height=\"150\" \/><\/a>Shkruan Haxhi Zeneli<\/strong><\/p>\n<p>A \u00ebsht\u00eb ky manipulimi politik\u00eb i rredh\u00ebs nga e Serbet?t\u00eb cil\u00ebt po faj\u00ebsojn\u00eb shqiptar\u00ebt p\u00ebr provokime,ndaj popullit t\u00eb tyre,duke injoruar emocionet e shqiptar\u00ebve.<\/p>\n<p>Po ju rikujtojm\u00eb ngjarj\u00ebt,atyre q\u00eb kan\u00eb harruar,q\u00eb para disa muaj\u00ebve u ftua n\u00eb mes t\u00eb Tiran\u00ebs,kryeshkopi i Kishes Ortodokse Serbe,ku ky Serb,jo q\u00eb nuk i rrespektoj\u00eb shqiptar\u00ebt por edhe i ofendoj\u00eb mu n\u00eb sht\u00ebpin e tyre,ku s\u00eb bashku me disa rruga\u00e7 serb dol\u00ebn para kish\u00ebs me flamurin serb duke brohoritur&#8221;Rroft Serbia&#8221;,Kosova \u00ebsht\u00eb Serbi&#8221;etj.<\/p>\n<p>Shqiptar\u00ebt u treguan mjaft\u00eb tolerant dhe nuk reaguan.<\/p>\n<p>Shqiptari \u00ebsht\u00eb paq\u00ebruajt\u00ebs,dhe ushtron th\u00ebnj\u00ebn biblike:&#8221;Ai q\u00eb t\u00eb gjuen me gur,ti gjueje me pambuk&#8221;,dhe k\u00ebshtu ndodhi n\u00eb mes t\u00eb Tiran\u00ebs.Askush nuk e b\u00ebri t\u00eb madhe k\u00ebt\u00eb ngjar\u00ebje.<\/p>\n<p>Kurse me dat\u00ebn14 Tetor,serbet gati sa nuk u \u00e7mend\u00ebn!kur\u00eb n\u00eb stadium,u shfaq\u00eb flamuri Shqiptar deri sa po zhvilloh\u00ebj ndeshja:Shqip\u00ebri-Serbi,ku ende s&#8217;po kuptoh\u00ebt se nga erdhi ky flamur,se prej ku telekomandoh\u00ebj,br\u00ebnda n\u00eb stadiumit,mu n\u00eb mes t\u00eb fush\u00ebs.<\/p>\n<p>Ne shqiptar\u00ebt jemi m\u00ebsuar me lojrat e k\u00ebti popull dinak,dhe nuk habitemi.Ata vet\u00ebm k\u00ebshtu din t\u00eb veprojn\u00eb,sepse nuk din\u00eb tjet\u00ebr&#8221;loj\u00eb&#8221;,p\u00ebrve\u00e7 urrejtjes dhe luftrave me t\u00eb tjer\u00ebt.Ku gjat\u00eb t\u00ebr historis,prej q\u00eb kan\u00eb zbritur n\u00eb troj\u00ebt ilire,ne kemi patur vet\u00ebm ngat\u00ebrresa.<\/p>\n<p>Gati sa nuk filloj\u00eb &#8220;lufta e III&#8221;!sepse lojtar\u00ebt shqiptar duanin ta mbronin flamurin e tyre.<\/p>\n<p>P\u00ebr k\u00ebte ata u godit\u00ebn edhe nga publiku q\u00eb hyri br\u00ebnda n\u00eb fush\u00eb.<\/p>\n<p>Po ku ishte gjith\u00eb ai sigurim i policis,q\u00eb paralajm\u00ebruan.<\/p>\n<p>Jo vet\u00ebm kaq!ata u godit\u00ebn edhe br\u00ebnda nga polic\u00ebt dhe roj\u00ebt civil\u00eb,p\u00ebr k\u00ebte tregojn\u00eb lojtar\u00ebt.<\/p>\n<p><a href=\"http:\/\/www.visit-ulcinj.com\/blog\/wp-content\/uploads\/2014\/10\/Serbia-and-Albania-clash-007.jpg\"><img loading=\"lazy\" class=\"alignleft wp-image-85724\" src=\"http:\/\/www.visit-ulcinj.com\/blog\/wp-content\/uploads\/2014\/10\/Serbia-and-Albania-clash-007.jpg\" alt=\"Serbia and Albania clash in Euro 2016 qualifiers\" width=\"508\" height=\"305\" \/><\/a><\/p>\n<p>Djem\u00ebt tan\u00eb i treguan Serbis se kudo q\u00eb t\u00eb jemi,ne do ta mbrojm\u00eb k\u00ebt\u00eb flamur,edhe pse gjind\u00ebmi n\u00eb zemren e Serbis.Djem\u00ebt tan\u00eb b\u00ebn\u00eb,n\u00eb at\u00eb moment,ate q\u00eb duh\u00ebt t\u00eb b\u00ebnin.Ata as\u00eb vet\u00eb nuk dinin se kush e b\u00ebri k\u00ebt\u00eb,por kur n\u00eb syt e tyre u \u00e7faq flamuri kuq e zi,ata u nis\u00ebn p\u00ebr ta hjekur nga duart e serb\u00ebve,sepse nuk duanin q\u00eb ata ta b\u00ebjn\u00eb ndonj\u00eb marr\u00ebzi me flamurin e tyre!.Ata sakrifikuan me jet\u00ebn e tyre,edhe pse kishin shkuar atje p\u00ebr t\u00eb zhvilluar ndeshj\u00ebn e fudbollit.Turpi i mbet\u00ebt Serbis,q\u00eb nuk e njohim mikpritj\u00ebn,dhe nuk i mbrojt\u00ebn ata,edhe pse nuk i lejuan tifoz\u00ebt shqiptar t\u00eb hynin br\u00ebnda p\u00ebr t\u00eb par\u00eb ndeshjen,ata p\u00ebrs\u00ebri nuk ishin t\u00eb knaqur,por vazhduan me fyerje dhe sharje,ndaj shqiptar\u00ebve,&#8221;bash n\u00eb sht\u00ebpin e tyre&#8221;.<\/p>\n<p>Por ata nuk i njofin k\u00ebto norma njer\u00ebzore.<\/p>\n<p>Kryepeshkopi i tyre erdhi n\u00eb mes t\u00eb Shqip\u00ebris dhe i fyejti shqiptar\u00ebt,kurse shqiptar\u00ebt treguan kultur\u00eb:treguan k\u00ebt\u00eb,sepse ishin n\u00eb &#8220;sht\u00ebpin tyre&#8221;,k\u00ebshtu q\u00eb mikut i fal\u00ebt,sepse e ke mik.<\/p>\n<p>Serbet nuk po ndryshojn\u00eb!Ky popull ende po jeton me historin e rrejsh\u00ebme t\u00eb s\u00eb kaluar\u00ebs s\u00eb tyre,q\u00eb akademia e tyre kan\u00eb mitizuar at\u00eb,p\u00ebr tokat shqiptare.Ata p\u00ebrs\u00ebri andrrojn\u00eb p\u00ebr ta ripushtuar Kosov\u00ebn dhe shqiptar\u00ebt kudo q\u00eb jan\u00eb.Ata i vret fakti,n\u00ebse shqiptar\u00ebt do ecin para tyre n\u00eb Europ\u00eb.Me serbet nuk \u00ebsht\u00eb kurgj\u00eb e rast\u00ebsishme!nuk izoloh\u00ebt fakti q\u00eb ata ndoshta edhe e kan\u00eb planifikuar dhe orkestruar k\u00ebt\u00eb skenar,sepse nuk \u00ebsht\u00eb hera e par\u00eb q\u00eb ne p\u00ebrballemi me lojrat e tyre dinake.N\u00eb dit\u00ebt q\u00eb vijojn\u00eb,do t\u00eb kuptojm\u00eb se \u00e7far ndodhi aty!Sipas shkrimeve t\u00eb gazetave t\u00eb tyre,ka filluar t\u00eb vreh\u00ebt di\u00e7ka e zakont\u00eb e natyr\u00ebs s\u00eb tyre,q\u00eb ata gjithmon kan\u00eb akuzuar shqiptar\u00ebt,q\u00eb \u00ebsht\u00eb:&#8221;terrorizmi&#8221;.Bile edhe e shpreh\u00ebn at\u00eb duke th\u00ebn\u00eb:&#8221;merre me mend q\u00eb n\u00eb vend t\u00eb flamurit t\u00eb kishte ndonj\u00eb bomb\u00eb&#8221;,qesharake,por e pritur nga ata.<\/p>\n<p>Ku n\u00ebp\u00ebrmes t\u00eb sportit mundoh\u00ebn t\u00eb p\u00ebrfitojn\u00eb &#8220;pik\u00eb&#8221;n\u00eb politik\u00eb.Por p\u00ebr vet\u00ebn dhe sjell\u00ebt e tyre injorojn\u00eb faktin q\u00eb provokuan prej momentit q\u00eb nuk lejuan shqiptar\u00ebt t\u00eb shkojn\u00eb n\u00eb Serbi,p\u00ebr t\u00eb ndjekur loj\u00ebn.Kur u pa fare mir\u00eb,se ende pa filluar ndesh\u00ebja,gj\u00ebr sa k\u00ebndoh\u00ebj himni Shqiptar,ata me &#8220;ulurimat&#8221; e tyre nuk lejuan t\u00eb d\u00ebgjoh\u00ebt himni i shtetit ton\u00eb nga,35000 tifoz\u00ebve n\u00eb stadium,dhe me parruallat&#8221;vrisni,mbyteni shqiptar\u00ebt&#8221;etj,k\u00ebto nuk na qenkan ofendime!Urgjentisht shteti Shqiptar,duh\u00ebt t\u00eb mbledhi faktet,dhe ti shpalos para Europes,k\u00ebto gjeste t\u00eb sh\u00ebmtuara,dhe raciste,q\u00eb jan\u00eb t\u00eb rrezik\u00ebshme p\u00ebr shoq\u00ebrin,rajonin,dhe n\u00eb ve\u00e7anti ndaj Popullit Shqiptar.Dhe mos t\u00eb lejoh\u00ebt denimi i shqiptar\u00ebve,q\u00eb u mu duan ta hjekin flamurin nga duart e lojtar\u00ebve serb.<\/p>\n<p>Deri kur\u00eb k\u00ebshtu?<\/p>\n<p>Ata s&#8217;po ndryshojn\u00eb!<\/p>\n<p>A \u00ebsht\u00eb kjo e ardh\u00ebmja e Europ\u00ebs s\u00eb Bashkuar?<\/p>\n<p>Edhe n\u00eb sport nuk e p\u00ebrmbajn\u00eb vet\u00ebn dot k\u00ebto njer\u00ebz!<\/p>\n<p>N\u00eb p\u00ebr mes t\u00eb kultur\u00ebs fizike thuh\u00ebt se njeriu mund t\u00eb njih\u00ebt,se a esht\u00eb &#8220;fer&#8221;,sportdash\u00ebs,apo &#8220;hilexhi&#8221;sepse aty sprovoh\u00ebn emocion\u00ebt e kultur\u00ebs sportive.<\/p>\n<p>Pra Serbet jan &#8220;hilexhi&#8221;dhe aspak &#8220;fer&#8221;.<\/p>\n<p>Serb\u00ebt gjat\u00eb t\u00ebr\u00eb historis,vet\u00ebm urrejtje,kan\u00eb mbjellur,dhe mbjellin tek gjeneratet e tyre,t\u00eb cil\u00eb po i helmojn\u00eb vazhdimisht.Dhe k\u00ebt\u00eb urrejt\u00ebje po e shfaqin ndaj shqiptar\u00ebve,n\u00eb \u00e7do skaj t\u00eb fush\u00ebs.<\/p>\n<p>Ata n\u00eb agjend\u00ebn e tyre,nuk kan\u00eb pasur,nuk kan\u00eb dhe nuk do ta ken\u00eb ndonj\u00ebher\u00eb,paq\u00ebn me shqiptar\u00ebt,s\u00eb paku jo me d\u00ebshir\u00ebn e tyre.<\/p>\n<p>Ata duan vet\u00ebm ti mbajn\u00eb shqiptar\u00ebn n\u00ebn thundrat e tyre,vet\u00ebm at\u00ebher\u00eb ata jan\u00eb t\u00eb knaqur.<\/p>\n<p>Ne ende besojm\u00eb se me sjellje t\u00eb mira ndaj tyre,mund ti zbusim(domestikojm\u00eb) k\u00ebto njr\u00ebz barbar.Populli Shqiptar,ndon\u00ebse na del pak\u00eb edhe naiv!duke menduar se edhe t\u00eb tjer\u00ebt jan\u00eb si ne:zem\u00ebr-bardh\u00eb,mikprit\u00ebs,tolerant etj.<\/p>\n<p>Kuptoh\u00ebt le ti rrespektojm\u00eb ata q\u00eb na rrespektojn\u00eb,dhe q\u00eb na duan t\u00eb mir\u00ebn.<\/p>\n<p>Ka ardhur koha,q\u00eb ne t\u00eb bashkojm\u00eb idet dhe energjit tona p\u00ebr konsulidimin forc\u00ebn komb\u00ebtare,se p\u00ebr ndryshe t\u00eb ndar\u00eb do t\u00eb rrezikohemi nga k\u00ebto eg\u00ebrsira q\u00eb as\u00eb Europa ka pun\u00eb ti zbusin.<\/p>\n<p>Prandaj ju themi serbo\/sllav\u00ebve:Rrespekti \u00ebsht\u00eb rrug\u00eb me dy kahje,prandaj m\u00eb rrespekto n\u00ebse d\u00ebshiron rrespkt nga un\u00eb,p\u00ebr ndryshe:&#8221;<strong><em>Qenit duh<\/em><\/strong><strong><em>\u00ebt ti tregoh<\/em><\/strong><strong><em>\u00ebt shkopi<\/em><\/strong>&#8221;<\/p>\n<p>&nbsp;<\/p>\n","protected":false},"excerpt":{"rendered":"<p>Shkruan Haxhi Zeneli A \u00ebsht\u00eb ky manipulimi politik\u00eb i rredh\u00ebs nga e Serbet?t\u00eb cil\u00ebt po faj\u00ebsojn\u00eb shqiptar\u00ebt p\u00ebr provokime,ndaj popullit t\u00eb tyre,duke injoruar emocionet e shqiptar\u00ebve. Po ju rikujtojm\u00eb ngjarj\u00ebt,atyre q\u00eb kan\u00eb harruar,q\u00eb para disa muaj\u00ebve u ftua n\u00eb mes t\u00eb Tiran\u00ebs,kryeshkopi i Kishes Ortodokse Serbe,ku ky Serb,jo q\u00eb nuk i rrespektoj\u00eb shqiptar\u00ebt por edhe [&hellip;]<\/p>\n","protected":false},"author":1,"featured_media":0,"comment_status":"closed","ping_status":"closed","sticky":false,"template":"","format":"standard","meta":{"spay_email":"","jetpack_publicize_message":"","jetpack_is_tweetstorm":false,"jetpack_publicize_feature_enabled":true},"categories":[5],"tags":[],"jetpack_publicize_connections":[],"yoast_head":"<!-- This site is optimized with the Yoast SEO plugin v19.1 - https:\/\/yoast.com\/wordpress\/plugins\/seo\/ -->\n<title>Zeneli: Serbet duan t\u00eb p\u00ebrfitojn\u00eb nga rasti, q\u00eb t\u00eb manipulojn\u00eb me shqiptar\u00ebt - Lajme nga Ulqini<\/title>\n<meta name=\"description\" content=\"Shkruan Haxhi Zeneli A \u00ebsht\u00eb ky manipulimi politik\u00eb i rredh\u00ebs nga e Serbet?t\u00eb cil\u00ebt po faj\u00ebsojn\u00eb shqiptar\u00ebt p\u00ebr provokime,ndaj popullit t\u00eb tyre,duke\" \/>\n<meta name=\"robots\" content=\"index, follow, max-snippet:-1, max-image-preview:large, max-video-preview:-1\" \/>\n<link rel=\"canonical\" href=\"https:\/\/www.visit-ulcinj.com\/blog\/2014\/10\/17\/zeneli-serbet-duan-te-perfitojne-nga-rasti-qe-te-manipulojne-shqiptaret\/\" \/>\n<meta property=\"og:locale\" content=\"en_US\" \/>\n<meta property=\"og:type\" content=\"article\" \/>\n<meta property=\"og:title\" content=\"Zeneli: Serbet duan t\u00eb p\u00ebrfitojn\u00eb nga rasti, q\u00eb t\u00eb manipulojn\u00eb me shqiptar\u00ebt - Lajme nga Ulqini\" \/>\n<meta property=\"og:description\" content=\"Shkruan Haxhi Zeneli A \u00ebsht\u00eb ky manipulimi politik\u00eb i rredh\u00ebs nga e Serbet?t\u00eb cil\u00ebt po faj\u00ebsojn\u00eb shqiptar\u00ebt p\u00ebr provokime,ndaj popullit t\u00eb tyre,duke\" \/>\n<meta property=\"og:url\" content=\"https:\/\/www.visit-ulcinj.com\/blog\/2014\/10\/17\/zeneli-serbet-duan-te-perfitojne-nga-rasti-qe-te-manipulojne-shqiptaret\/\" \/>\n<meta property=\"og:site_name\" content=\"Lajme nga Ulqini\" \/>\n<meta property=\"article:published_time\" content=\"2014-10-17T07:31:48+00:00\" \/>\n<meta property=\"og:image\" content=\"http:\/\/www.visit-ulcinj.com\/blog\/wp-content\/uploads\/2014\/01\/Haxhi-Zeneli-1-150x150.jpg\" \/>\n<meta name=\"twitter:label1\" content=\"Written by\" \/>\n\t<meta name=\"twitter:data1\" content=\"ulqini\" \/>\n\t<meta name=\"twitter:label2\" content=\"Est. reading time\" \/>\n\t<meta name=\"twitter:data2\" content=\"6 minutes\" \/>\n<script type=\"application\/ld+json\" class=\"yoast-schema-graph\">{\"@context\":\"https:\/\/schema.org\",\"@graph\":[{\"@type\":\"WebSite\",\"@id\":\"https:\/\/www.visit-ulcinj.com\/blog\/#website\",\"url\":\"https:\/\/www.visit-ulcinj.com\/blog\/\",\"name\":\"Lajme nga Ulqini\",\"description\":\"Lajme,Vijesti,Ulqini,Ulqin,Crna Gora,Mali i Zi\",\"potentialAction\":[{\"@type\":\"SearchAction\",\"target\":{\"@type\":\"EntryPoint\",\"urlTemplate\":\"https:\/\/www.visit-ulcinj.com\/blog\/?s={search_term_string}\"},\"query-input\":\"required name=search_term_string\"}],\"inLanguage\":\"en-US\"},{\"@type\":\"ImageObject\",\"inLanguage\":\"en-US\",\"@id\":\"https:\/\/www.visit-ulcinj.com\/blog\/2014\/10\/17\/zeneli-serbet-duan-te-perfitojne-nga-rasti-qe-te-manipulojne-shqiptaret\/#primaryimage\",\"url\":\"https:\/\/www.visit-ulcinj.com\/blog\/wp-content\/uploads\/2014\/01\/Haxhi-Zeneli-1.jpg\",\"contentUrl\":\"https:\/\/www.visit-ulcinj.com\/blog\/wp-content\/uploads\/2014\/01\/Haxhi-Zeneli-1.jpg\",\"width\":960,\"height\":636},{\"@type\":\"WebPage\",\"@id\":\"https:\/\/www.visit-ulcinj.com\/blog\/2014\/10\/17\/zeneli-serbet-duan-te-perfitojne-nga-rasti-qe-te-manipulojne-shqiptaret\/#webpage\",\"url\":\"https:\/\/www.visit-ulcinj.com\/blog\/2014\/10\/17\/zeneli-serbet-duan-te-perfitojne-nga-rasti-qe-te-manipulojne-shqiptaret\/\",\"name\":\"Zeneli: Serbet duan t\u00eb p\u00ebrfitojn\u00eb nga rasti, q\u00eb t\u00eb manipulojn\u00eb me shqiptar\u00ebt - Lajme nga Ulqini\",\"isPartOf\":{\"@id\":\"https:\/\/www.visit-ulcinj.com\/blog\/#website\"},\"primaryImageOfPage\":{\"@id\":\"https:\/\/www.visit-ulcinj.com\/blog\/2014\/10\/17\/zeneli-serbet-duan-te-perfitojne-nga-rasti-qe-te-manipulojne-shqiptaret\/#primaryimage\"},\"datePublished\":\"2014-10-17T07:31:48+00:00\",\"dateModified\":\"2014-10-17T07:31:48+00:00\",\"author\":{\"@id\":\"https:\/\/www.visit-ulcinj.com\/blog\/#\/schema\/person\/dcab619c614d3038751c63bc2aadc06d\"},\"description\":\"Shkruan Haxhi Zeneli A \u00ebsht\u00eb ky manipulimi politik\u00eb i rredh\u00ebs nga e Serbet?t\u00eb cil\u00ebt po faj\u00ebsojn\u00eb shqiptar\u00ebt p\u00ebr provokime,ndaj popullit t\u00eb tyre,duke\",\"breadcrumb\":{\"@id\":\"https:\/\/www.visit-ulcinj.com\/blog\/2014\/10\/17\/zeneli-serbet-duan-te-perfitojne-nga-rasti-qe-te-manipulojne-shqiptaret\/#breadcrumb\"},\"inLanguage\":\"en-US\",\"potentialAction\":[{\"@type\":\"ReadAction\",\"target\":[\"https:\/\/www.visit-ulcinj.com\/blog\/2014\/10\/17\/zeneli-serbet-duan-te-perfitojne-nga-rasti-qe-te-manipulojne-shqiptaret\/\"]}]},{\"@type\":\"BreadcrumbList\",\"@id\":\"https:\/\/www.visit-ulcinj.com\/blog\/2014\/10\/17\/zeneli-serbet-duan-te-perfitojne-nga-rasti-qe-te-manipulojne-shqiptaret\/#breadcrumb\",\"itemListElement\":[{\"@type\":\"ListItem\",\"position\":1,\"name\":\"Zeneli: Serbet duan t\u00eb p\u00ebrfitojn\u00eb nga rasti, q\u00eb t\u00eb manipulojn\u00eb me shqiptar\u00ebt\"}]},{\"@type\":\"Person\",\"@id\":\"https:\/\/www.visit-ulcinj.com\/blog\/#\/schema\/person\/dcab619c614d3038751c63bc2aadc06d\",\"name\":\"ulqini\",\"sameAs\":[\"http:\/\/www.visit-ulcinj.com\"],\"url\":\"https:\/\/www.visit-ulcinj.com\/blog\/author\/admin\/\"}]}<\/script>\n<!-- \/ Yoast SEO plugin. -->","yoast_head_json":{"title":"Zeneli: Serbet duan t\u00eb p\u00ebrfitojn\u00eb nga rasti, q\u00eb t\u00eb manipulojn\u00eb me shqiptar\u00ebt - Lajme nga Ulqini","description":"Shkruan Haxhi Zeneli A \u00ebsht\u00eb ky manipulimi politik\u00eb i rredh\u00ebs nga e Serbet?t\u00eb cil\u00ebt po faj\u00ebsojn\u00eb shqiptar\u00ebt p\u00ebr provokime,ndaj popullit t\u00eb tyre,duke","robots":{"index":"index","follow":"follow","max-snippet":"max-snippet:-1","max-image-preview":"max-image-preview:large","max-video-preview":"max-video-preview:-1"},"canonical":"https:\/\/www.visit-ulcinj.com\/blog\/2014\/10\/17\/zeneli-serbet-duan-te-perfitojne-nga-rasti-qe-te-manipulojne-shqiptaret\/","og_locale":"en_US","og_type":"article","og_title":"Zeneli: Serbet duan t\u00eb p\u00ebrfitojn\u00eb nga rasti, q\u00eb t\u00eb manipulojn\u00eb me shqiptar\u00ebt - Lajme nga Ulqini","og_description":"Shkruan Haxhi Zeneli A \u00ebsht\u00eb ky manipulimi politik\u00eb i rredh\u00ebs nga e Serbet?t\u00eb cil\u00ebt po faj\u00ebsojn\u00eb shqiptar\u00ebt p\u00ebr provokime,ndaj popullit t\u00eb tyre,duke","og_url":"https:\/\/www.visit-ulcinj.com\/blog\/2014\/10\/17\/zeneli-serbet-duan-te-perfitojne-nga-rasti-qe-te-manipulojne-shqiptaret\/","og_site_name":"Lajme nga Ulqini","article_published_time":"2014-10-17T07:31:48+00:00","og_image":[{"url":"http:\/\/www.visit-ulcinj.com\/blog\/wp-content\/uploads\/2014\/01\/Haxhi-Zeneli-1-150x150.jpg"}],"twitter_misc":{"Written by":"ulqini","Est. reading time":"6 minutes"},"schema":{"@context":"https:\/\/schema.org","@graph":[{"@type":"WebSite","@id":"https:\/\/www.visit-ulcinj.com\/blog\/#website","url":"https:\/\/www.visit-ulcinj.com\/blog\/","name":"Lajme nga Ulqini","description":"Lajme,Vijesti,Ulqini,Ulqin,Crna Gora,Mali i Zi","potentialAction":[{"@type":"SearchAction","target":{"@type":"EntryPoint","urlTemplate":"https:\/\/www.visit-ulcinj.com\/blog\/?s={search_term_string}"},"query-input":"required name=search_term_string"}],"inLanguage":"en-US"},{"@type":"ImageObject","inLanguage":"en-US","@id":"https:\/\/www.visit-ulcinj.com\/blog\/2014\/10\/17\/zeneli-serbet-duan-te-perfitojne-nga-rasti-qe-te-manipulojne-shqiptaret\/#primaryimage","url":"https:\/\/www.visit-ulcinj.com\/blog\/wp-content\/uploads\/2014\/01\/Haxhi-Zeneli-1.jpg","contentUrl":"https:\/\/www.visit-ulcinj.com\/blog\/wp-content\/uploads\/2014\/01\/Haxhi-Zeneli-1.jpg","width":960,"height":636},{"@type":"WebPage","@id":"https:\/\/www.visit-ulcinj.com\/blog\/2014\/10\/17\/zeneli-serbet-duan-te-perfitojne-nga-rasti-qe-te-manipulojne-shqiptaret\/#webpage","url":"https:\/\/www.visit-ulcinj.com\/blog\/2014\/10\/17\/zeneli-serbet-duan-te-perfitojne-nga-rasti-qe-te-manipulojne-shqiptaret\/","name":"Zeneli: Serbet duan t\u00eb p\u00ebrfitojn\u00eb nga rasti, q\u00eb t\u00eb manipulojn\u00eb me shqiptar\u00ebt - Lajme nga Ulqini","isPartOf":{"@id":"https:\/\/www.visit-ulcinj.com\/blog\/#website"},"primaryImageOfPage":{"@id":"https:\/\/www.visit-ulcinj.com\/blog\/2014\/10\/17\/zeneli-serbet-duan-te-perfitojne-nga-rasti-qe-te-manipulojne-shqiptaret\/#primaryimage"},"datePublished":"2014-10-17T07:31:48+00:00","dateModified":"2014-10-17T07:31:48+00:00","author":{"@id":"https:\/\/www.visit-ulcinj.com\/blog\/#\/schema\/person\/dcab619c614d3038751c63bc2aadc06d"},"description":"Shkruan Haxhi Zeneli A \u00ebsht\u00eb ky manipulimi politik\u00eb i rredh\u00ebs nga e Serbet?t\u00eb cil\u00ebt po faj\u00ebsojn\u00eb shqiptar\u00ebt p\u00ebr provokime,ndaj popullit t\u00eb tyre,duke","breadcrumb":{"@id":"https:\/\/www.visit-ulcinj.com\/blog\/2014\/10\/17\/zeneli-serbet-duan-te-perfitojne-nga-rasti-qe-te-manipulojne-shqiptaret\/#breadcrumb"},"inLanguage":"en-US","potentialAction":[{"@type":"ReadAction","target":["https:\/\/www.visit-ulcinj.com\/blog\/2014\/10\/17\/zeneli-serbet-duan-te-perfitojne-nga-rasti-qe-te-manipulojne-shqiptaret\/"]}]},{"@type":"BreadcrumbList","@id":"https:\/\/www.visit-ulcinj.com\/blog\/2014\/10\/17\/zeneli-serbet-duan-te-perfitojne-nga-rasti-qe-te-manipulojne-shqiptaret\/#breadcrumb","itemListElement":[{"@type":"ListItem","position":1,"name":"Zeneli: Serbet duan t\u00eb p\u00ebrfitojn\u00eb nga rasti, q\u00eb t\u00eb manipulojn\u00eb me shqiptar\u00ebt"}]},{"@type":"Person","@id":"https:\/\/www.visit-ulcinj.com\/blog\/#\/schema\/person\/dcab619c614d3038751c63bc2aadc06d","name":"ulqini","sameAs":["http:\/\/www.visit-ulcinj.com"],"url":"https:\/\/www.visit-ulcinj.com\/blog\/author\/admin\/"}]}},"jetpack_featured_media_url":"","jetpack_sharing_enabled":true,"jetpack_shortlink":"https:\/\/wp.me\/pe6lTn-mj4","_links":{"self":[{"href":"https:\/\/www.visit-ulcinj.com\/blog\/wp-json\/wp\/v2\/posts\/85750"}],"collection":[{"href":"https:\/\/www.visit-ulcinj.com\/blog\/wp-json\/wp\/v2\/posts"}],"about":[{"href":"https:\/\/www.visit-ulcinj.com\/blog\/wp-json\/wp\/v2\/types\/post"}],"author":[{"embeddable":true,"href":"https:\/\/www.visit-ulcinj.com\/blog\/wp-json\/wp\/v2\/users\/1"}],"replies":[{"embeddable":true,"href":"https:\/\/www.visit-ulcinj.com\/blog\/wp-json\/wp\/v2\/comments?post=85750"}],"version-history":[{"count":1,"href":"https:\/\/www.visit-ulcinj.com\/blog\/wp-json\/wp\/v2\/posts\/85750\/revisions"}],"predecessor-version":[{"id":85751,"href":"https:\/\/www.visit-ulcinj.com\/blog\/wp-json\/wp\/v2\/posts\/85750\/revisions\/85751"}],"wp:attachment":[{"href":"https:\/\/www.visit-ulcinj.com\/blog\/wp-json\/wp\/v2\/media?parent=85750"}],"wp:term":[{"taxonomy":"category","embeddable":true,"href":"https:\/\/www.visit-ulcinj.com\/blog\/wp-json\/wp\/v2\/categories?post=85750"},{"taxonomy":"post_tag","embeddable":true,"href":"https:\/\/www.visit-ulcinj.com\/blog\/wp-json\/wp\/v2\/tags?post=85750"}],"curies":[{"name":"wp","href":"https:\/\/api.w.org\/{rel}","templated":true}]}}