{"id":85762,"date":"2014-10-17T10:39:54","date_gmt":"2014-10-17T09:39:54","guid":{"rendered":"http:\/\/www.visit-ulcinj.com\/blog\/?p=85762"},"modified":"2014-10-17T10:39:54","modified_gmt":"2014-10-17T09:39:54","slug":"marketing-brendiranje-u-turizmu-ulcinja","status":"publish","type":"post","link":"https:\/\/www.visit-ulcinj.com\/blog\/2014\/10\/17\/marketing-brendiranje-u-turizmu-ulcinja\/","title":{"rendered":"Marketing i brendiranje u turizmu Ulcinja"},"content":{"rendered":"<p><a href=\"http:\/\/www.visit-ulcinj.com\/blog\/wp-content\/uploads\/2014\/10\/Marketing-i-brendiranje-u-turizmu-Ulcinja-hotel-Mediteran.jpg\"><img loading=\"lazy\" class=\"alignleft wp-image-85763\" src=\"http:\/\/www.visit-ulcinj.com\/blog\/wp-content\/uploads\/2014\/10\/Marketing-i-brendiranje-u-turizmu-Ulcinja-hotel-Mediteran.jpg\" alt=\"Marketing i brendiranje u turizmu Ulcinja - hotel-Mediteran\" width=\"508\" height=\"283\" srcset=\"https:\/\/www.visit-ulcinj.com\/blog\/wp-content\/uploads\/2014\/10\/Marketing-i-brendiranje-u-turizmu-Ulcinja-hotel-Mediteran.jpg 720w, https:\/\/www.visit-ulcinj.com\/blog\/wp-content\/uploads\/2014\/10\/Marketing-i-brendiranje-u-turizmu-Ulcinja-hotel-Mediteran-300x167.jpg 300w\" sizes=\"(max-width: 508px) 100vw, 508px\" \/><\/a>Unija poslodavaca Crne Gore, u saradnji sa Zavodom za zapo\u0161ljavanje Crne Gore i Direkcijom za razvoj malih i srednjih preduze\u0107a Crne Gore, u sklopu projekta \u201ePrekograni\u010dne rute za ja\u010danje turisti\u010dkog sistema i ekonomski razvoj Skadarskog jezera\u201c, odr\u017eala je u hotelu \u201eMediteran\u201c u Ulcinju \u010detvrtu \u00a0edukativnu radionicu pod nazivom \u201a\u201aMarketing i brendiranje u turizmu\u201a\u201a.<\/p>\n<p>Predava\u010d na radionici bila je Ljubica Kosti\u0107 Bukarica, a obuka je organizovana uz pomo\u0107 Op\u0161tine Ulcinj i Ulcinj Biznis Alijanse.<\/p>\n<p>Cilj obuke je ja\u010danje znanja i vje\u0161tina lokalnih proizvo\u0111a\u010da i lokalnog stanovni\u0161tva, nezaposlenih, postoje\u0107ih i potencijalnih preduzetnika u oblasti marketinga u turizmu i promotivnih alata koje krajnji korisnici projekta sa teritorije pograni\u010dne regije, mogu koristiti u cilju ja\u010danja svog poslovanja.<\/p>\n<p>Potpredsjednik Op\u0161tine Ulcinj, Ardijan Mavri\u0107 izrazio je zadovoljstvo i podr\u017eao implementaciju projekta na teritoriji Op\u0161tine Ulcinj napominju\u0107i da ovakvi projekti doprinose pobolj\u0161anju turisti\u010dke ponude Ulcinja ali i Crne Gore. Ocijenio je da postoji odli\u010dna saradnja izme\u0111u lokalne samouprave i UPCG, kao i projektnog tima. Marvi\u0107 je rekao da se edukativnim radionicama unaprje\u0111uju trenutne vje\u0161tine privrednika kako bi se \u0161to bolje ekonomski valorizovalo ovo podru\u010dje, i istakao je da u budu\u0107nosti treba organizovati jo\u0161 vi\u0161e ovakvih doga\u0111aja i raditi na ja\u010danju saradnje lokalnih privrednika u cilju zajedni\u010dkog nastupa na globalnom tr\u017ei\u0161tu.<\/p>\n<p>Projektni tim je jo\u0161 jednom uputio poziv svim zainteresovanim stranama da se aktivno uklju\u010de u realizaciju ovog veoma zna\u010dajnog projekta i da se na taj na\u010din, uz sinergiju svih aktera pobolj\u0161a trenutna ekonomska slika ovog pograni\u010dnog podru\u010dja. U\u010desnici radionice iskazali su veliko interesovanje za budu\u0107e aktivnosti projekta sa naglaskom na mini grantove koji \u0107e biti dodijeljeni u toku druge godine implementacije projekta.<\/p>\n<p>Obuka je obuhvatila slede\u0107e cjeline: osnove marketinga, marketing mix, promotivni mix, instrumente promocije u turizmu, brendiranje, bad and breakfast. Polaznici su imali priliku da kroz kreativnu radionicu kreiraju promotivni materijal (izrada flajera, vizit karti, bro\u0161ura\u2026) koji u budu\u0107nosti mogu koristiti za svoje potrebe u cilju bolje promocije svog preduze\u0107a.<\/p>\n<p>Polaznici obuke bili su: predstavnici op\u0161tine Ulcinj, vlasnici preduze\u0107a, vlasnici pla\u017ea, preduzetnici, potencijalni preduzetnici, predstavnici NVO sektora, studenti, nezaposleni sa teritorije Op\u0161tine Ulcinj.<\/p>\n<p><strong>Izvor: Unija poslodavaca Crne Gore\u00a0<\/strong><\/p>\n<p>&nbsp;<\/p>\n","protected":false},"excerpt":{"rendered":"<p>Unija poslodavaca Crne Gore, u saradnji sa Zavodom za zapo\u0161ljavanje Crne Gore i Direkcijom za razvoj malih i srednjih preduze\u0107a Crne Gore, u sklopu projekta \u201ePrekograni\u010dne rute za ja\u010danje turisti\u010dkog sistema i ekonomski razvoj Skadarskog jezera\u201c, odr\u017eala je u hotelu \u201eMediteran\u201c u Ulcinju \u010detvrtu \u00a0edukativnu radionicu pod nazivom \u201a\u201aMarketing i brendiranje u turizmu\u201a\u201a. Predava\u010d na [&hellip;]<\/p>\n","protected":false},"author":1,"featured_media":0,"comment_status":"closed","ping_status":"closed","sticky":false,"template":"","format":"standard","meta":{"spay_email":"","jetpack_publicize_message":"","jetpack_is_tweetstorm":false,"jetpack_publicize_feature_enabled":true},"categories":[8337],"tags":[],"jetpack_publicize_connections":[],"yoast_head":"<!-- This site is optimized with the Yoast SEO plugin v19.1 - https:\/\/yoast.com\/wordpress\/plugins\/seo\/ -->\n<title>Marketing i brendiranje u turizmu Ulcinja - Lajme nga Ulqini<\/title>\n<meta name=\"description\" content=\"Unija poslodavaca Crne Gore, u saradnji sa Zavodom za zapo\u0161ljavanje Crne Gore i Direkcijom za razvoj malih i srednjih preduze\u0107a Crne Gore, u sklopu\" \/>\n<meta name=\"robots\" content=\"index, follow, max-snippet:-1, max-image-preview:large, max-video-preview:-1\" \/>\n<link rel=\"canonical\" href=\"https:\/\/www.visit-ulcinj.com\/blog\/2014\/10\/17\/marketing-brendiranje-u-turizmu-ulcinja\/\" \/>\n<meta property=\"og:locale\" content=\"en_US\" \/>\n<meta property=\"og:type\" content=\"article\" \/>\n<meta property=\"og:title\" content=\"Marketing i brendiranje u turizmu Ulcinja - Lajme nga Ulqini\" \/>\n<meta property=\"og:description\" content=\"Unija poslodavaca Crne Gore, u saradnji sa Zavodom za zapo\u0161ljavanje Crne Gore i Direkcijom za razvoj malih i srednjih preduze\u0107a Crne Gore, u sklopu\" \/>\n<meta property=\"og:url\" content=\"https:\/\/www.visit-ulcinj.com\/blog\/2014\/10\/17\/marketing-brendiranje-u-turizmu-ulcinja\/\" \/>\n<meta property=\"og:site_name\" content=\"Lajme nga Ulqini\" \/>\n<meta property=\"article:published_time\" content=\"2014-10-17T09:39:54+00:00\" \/>\n<meta property=\"og:image\" content=\"http:\/\/www.visit-ulcinj.com\/blog\/wp-content\/uploads\/2014\/10\/Marketing-i-brendiranje-u-turizmu-Ulcinja-hotel-Mediteran.jpg\" \/>\n<meta name=\"twitter:label1\" content=\"Written by\" \/>\n\t<meta name=\"twitter:data1\" content=\"ulqini\" \/>\n\t<meta name=\"twitter:label2\" content=\"Est. reading time\" \/>\n\t<meta name=\"twitter:data2\" content=\"2 minutes\" \/>\n<script type=\"application\/ld+json\" class=\"yoast-schema-graph\">{\"@context\":\"https:\/\/schema.org\",\"@graph\":[{\"@type\":\"WebSite\",\"@id\":\"https:\/\/www.visit-ulcinj.com\/blog\/#website\",\"url\":\"https:\/\/www.visit-ulcinj.com\/blog\/\",\"name\":\"Lajme nga Ulqini\",\"description\":\"Lajme,Vijesti,Ulqini,Ulqin,Crna Gora,Mali i Zi\",\"potentialAction\":[{\"@type\":\"SearchAction\",\"target\":{\"@type\":\"EntryPoint\",\"urlTemplate\":\"https:\/\/www.visit-ulcinj.com\/blog\/?s={search_term_string}\"},\"query-input\":\"required name=search_term_string\"}],\"inLanguage\":\"en-US\"},{\"@type\":\"ImageObject\",\"inLanguage\":\"en-US\",\"@id\":\"https:\/\/www.visit-ulcinj.com\/blog\/2014\/10\/17\/marketing-brendiranje-u-turizmu-ulcinja\/#primaryimage\",\"url\":\"https:\/\/www.visit-ulcinj.com\/blog\/wp-content\/uploads\/2014\/10\/Marketing-i-brendiranje-u-turizmu-Ulcinja-hotel-Mediteran.jpg\",\"contentUrl\":\"https:\/\/www.visit-ulcinj.com\/blog\/wp-content\/uploads\/2014\/10\/Marketing-i-brendiranje-u-turizmu-Ulcinja-hotel-Mediteran.jpg\",\"width\":720,\"height\":401},{\"@type\":\"WebPage\",\"@id\":\"https:\/\/www.visit-ulcinj.com\/blog\/2014\/10\/17\/marketing-brendiranje-u-turizmu-ulcinja\/#webpage\",\"url\":\"https:\/\/www.visit-ulcinj.com\/blog\/2014\/10\/17\/marketing-brendiranje-u-turizmu-ulcinja\/\",\"name\":\"Marketing i brendiranje u turizmu Ulcinja - Lajme nga Ulqini\",\"isPartOf\":{\"@id\":\"https:\/\/www.visit-ulcinj.com\/blog\/#website\"},\"primaryImageOfPage\":{\"@id\":\"https:\/\/www.visit-ulcinj.com\/blog\/2014\/10\/17\/marketing-brendiranje-u-turizmu-ulcinja\/#primaryimage\"},\"datePublished\":\"2014-10-17T09:39:54+00:00\",\"dateModified\":\"2014-10-17T09:39:54+00:00\",\"author\":{\"@id\":\"https:\/\/www.visit-ulcinj.com\/blog\/#\/schema\/person\/dcab619c614d3038751c63bc2aadc06d\"},\"description\":\"Unija poslodavaca Crne Gore, u saradnji sa Zavodom za zapo\u0161ljavanje Crne Gore i Direkcijom za razvoj malih i srednjih preduze\u0107a Crne Gore, u sklopu\",\"breadcrumb\":{\"@id\":\"https:\/\/www.visit-ulcinj.com\/blog\/2014\/10\/17\/marketing-brendiranje-u-turizmu-ulcinja\/#breadcrumb\"},\"inLanguage\":\"en-US\",\"potentialAction\":[{\"@type\":\"ReadAction\",\"target\":[\"https:\/\/www.visit-ulcinj.com\/blog\/2014\/10\/17\/marketing-brendiranje-u-turizmu-ulcinja\/\"]}]},{\"@type\":\"BreadcrumbList\",\"@id\":\"https:\/\/www.visit-ulcinj.com\/blog\/2014\/10\/17\/marketing-brendiranje-u-turizmu-ulcinja\/#breadcrumb\",\"itemListElement\":[{\"@type\":\"ListItem\",\"position\":1,\"name\":\"Marketing i brendiranje u turizmu Ulcinja\"}]},{\"@type\":\"Person\",\"@id\":\"https:\/\/www.visit-ulcinj.com\/blog\/#\/schema\/person\/dcab619c614d3038751c63bc2aadc06d\",\"name\":\"ulqini\",\"sameAs\":[\"http:\/\/www.visit-ulcinj.com\"],\"url\":\"https:\/\/www.visit-ulcinj.com\/blog\/author\/admin\/\"}]}<\/script>\n<!-- \/ Yoast SEO plugin. -->","yoast_head_json":{"title":"Marketing i brendiranje u turizmu Ulcinja - Lajme nga Ulqini","description":"Unija poslodavaca Crne Gore, u saradnji sa Zavodom za zapo\u0161ljavanje Crne Gore i Direkcijom za razvoj malih i srednjih preduze\u0107a Crne Gore, u sklopu","robots":{"index":"index","follow":"follow","max-snippet":"max-snippet:-1","max-image-preview":"max-image-preview:large","max-video-preview":"max-video-preview:-1"},"canonical":"https:\/\/www.visit-ulcinj.com\/blog\/2014\/10\/17\/marketing-brendiranje-u-turizmu-ulcinja\/","og_locale":"en_US","og_type":"article","og_title":"Marketing i brendiranje u turizmu Ulcinja - Lajme nga Ulqini","og_description":"Unija poslodavaca Crne Gore, u saradnji sa Zavodom za zapo\u0161ljavanje Crne Gore i Direkcijom za razvoj malih i srednjih preduze\u0107a Crne Gore, u sklopu","og_url":"https:\/\/www.visit-ulcinj.com\/blog\/2014\/10\/17\/marketing-brendiranje-u-turizmu-ulcinja\/","og_site_name":"Lajme nga Ulqini","article_published_time":"2014-10-17T09:39:54+00:00","og_image":[{"url":"http:\/\/www.visit-ulcinj.com\/blog\/wp-content\/uploads\/2014\/10\/Marketing-i-brendiranje-u-turizmu-Ulcinja-hotel-Mediteran.jpg"}],"twitter_misc":{"Written by":"ulqini","Est. reading time":"2 minutes"},"schema":{"@context":"https:\/\/schema.org","@graph":[{"@type":"WebSite","@id":"https:\/\/www.visit-ulcinj.com\/blog\/#website","url":"https:\/\/www.visit-ulcinj.com\/blog\/","name":"Lajme nga Ulqini","description":"Lajme,Vijesti,Ulqini,Ulqin,Crna Gora,Mali i Zi","potentialAction":[{"@type":"SearchAction","target":{"@type":"EntryPoint","urlTemplate":"https:\/\/www.visit-ulcinj.com\/blog\/?s={search_term_string}"},"query-input":"required name=search_term_string"}],"inLanguage":"en-US"},{"@type":"ImageObject","inLanguage":"en-US","@id":"https:\/\/www.visit-ulcinj.com\/blog\/2014\/10\/17\/marketing-brendiranje-u-turizmu-ulcinja\/#primaryimage","url":"https:\/\/www.visit-ulcinj.com\/blog\/wp-content\/uploads\/2014\/10\/Marketing-i-brendiranje-u-turizmu-Ulcinja-hotel-Mediteran.jpg","contentUrl":"https:\/\/www.visit-ulcinj.com\/blog\/wp-content\/uploads\/2014\/10\/Marketing-i-brendiranje-u-turizmu-Ulcinja-hotel-Mediteran.jpg","width":720,"height":401},{"@type":"WebPage","@id":"https:\/\/www.visit-ulcinj.com\/blog\/2014\/10\/17\/marketing-brendiranje-u-turizmu-ulcinja\/#webpage","url":"https:\/\/www.visit-ulcinj.com\/blog\/2014\/10\/17\/marketing-brendiranje-u-turizmu-ulcinja\/","name":"Marketing i brendiranje u turizmu Ulcinja - Lajme nga Ulqini","isPartOf":{"@id":"https:\/\/www.visit-ulcinj.com\/blog\/#website"},"primaryImageOfPage":{"@id":"https:\/\/www.visit-ulcinj.com\/blog\/2014\/10\/17\/marketing-brendiranje-u-turizmu-ulcinja\/#primaryimage"},"datePublished":"2014-10-17T09:39:54+00:00","dateModified":"2014-10-17T09:39:54+00:00","author":{"@id":"https:\/\/www.visit-ulcinj.com\/blog\/#\/schema\/person\/dcab619c614d3038751c63bc2aadc06d"},"description":"Unija poslodavaca Crne Gore, u saradnji sa Zavodom za zapo\u0161ljavanje Crne Gore i Direkcijom za razvoj malih i srednjih preduze\u0107a Crne Gore, u sklopu","breadcrumb":{"@id":"https:\/\/www.visit-ulcinj.com\/blog\/2014\/10\/17\/marketing-brendiranje-u-turizmu-ulcinja\/#breadcrumb"},"inLanguage":"en-US","potentialAction":[{"@type":"ReadAction","target":["https:\/\/www.visit-ulcinj.com\/blog\/2014\/10\/17\/marketing-brendiranje-u-turizmu-ulcinja\/"]}]},{"@type":"BreadcrumbList","@id":"https:\/\/www.visit-ulcinj.com\/blog\/2014\/10\/17\/marketing-brendiranje-u-turizmu-ulcinja\/#breadcrumb","itemListElement":[{"@type":"ListItem","position":1,"name":"Marketing i brendiranje u turizmu Ulcinja"}]},{"@type":"Person","@id":"https:\/\/www.visit-ulcinj.com\/blog\/#\/schema\/person\/dcab619c614d3038751c63bc2aadc06d","name":"ulqini","sameAs":["http:\/\/www.visit-ulcinj.com"],"url":"https:\/\/www.visit-ulcinj.com\/blog\/author\/admin\/"}]}},"jetpack_featured_media_url":"","jetpack_sharing_enabled":true,"jetpack_shortlink":"https:\/\/wp.me\/pe6lTn-mjg","_links":{"self":[{"href":"https:\/\/www.visit-ulcinj.com\/blog\/wp-json\/wp\/v2\/posts\/85762"}],"collection":[{"href":"https:\/\/www.visit-ulcinj.com\/blog\/wp-json\/wp\/v2\/posts"}],"about":[{"href":"https:\/\/www.visit-ulcinj.com\/blog\/wp-json\/wp\/v2\/types\/post"}],"author":[{"embeddable":true,"href":"https:\/\/www.visit-ulcinj.com\/blog\/wp-json\/wp\/v2\/users\/1"}],"replies":[{"embeddable":true,"href":"https:\/\/www.visit-ulcinj.com\/blog\/wp-json\/wp\/v2\/comments?post=85762"}],"version-history":[{"count":1,"href":"https:\/\/www.visit-ulcinj.com\/blog\/wp-json\/wp\/v2\/posts\/85762\/revisions"}],"predecessor-version":[{"id":85764,"href":"https:\/\/www.visit-ulcinj.com\/blog\/wp-json\/wp\/v2\/posts\/85762\/revisions\/85764"}],"wp:attachment":[{"href":"https:\/\/www.visit-ulcinj.com\/blog\/wp-json\/wp\/v2\/media?parent=85762"}],"wp:term":[{"taxonomy":"category","embeddable":true,"href":"https:\/\/www.visit-ulcinj.com\/blog\/wp-json\/wp\/v2\/categories?post=85762"},{"taxonomy":"post_tag","embeddable":true,"href":"https:\/\/www.visit-ulcinj.com\/blog\/wp-json\/wp\/v2\/tags?post=85762"}],"curies":[{"name":"wp","href":"https:\/\/api.w.org\/{rel}","templated":true}]}}